{"id":2279,"date":"2024-05-08T17:21:53","date_gmt":"2024-05-08T15:21:53","guid":{"rendered":"https:\/\/wp.kristdemokraterna.se\/regionostergotland\/?p=2279"},"modified":"2024-05-08T17:21:53","modified_gmt":"2024-05-08T15:21:53","slug":"nyhetsbrev-vecka-19-7","status":"publish","type":"post","link":"https:\/\/wp.kristdemokraterna.se\/regionostergotland\/nyhetsbrev-vecka-19-7\/","title":{"rendered":"Nyhetsbrev vecka 19"},"content":{"rendered":"<p>Hej!<\/p>\n<p>Nyhetsbrevet kommer denna vecka redan p\u00e5 onsdagseftermiddagen. Anledningen \u00e4r f\u00f6rst\u00e5s att det \u00e4r en kort arbetsvecka, d\u00e4r Kristi Himmelsf\u00e4rdshelgen v\u00e4ntar med helgdag, kl\u00e4mdag o.s.v. Trots denna korta vecka, har \u00e4nd\u00e5 en hel del hunnits med, och jag ska som vanligt f\u00f6rs\u00f6ka sammanfatta en del av det i veckans nyhetsbrev. Trevlig l\u00e4sning!<!--more--><\/p>\n<p><strong>Inspirerande KD-dagar med bl.a. ansvar f\u00f6r seminarium om regional tillv\u00e4xt<\/strong><br \/>\nDen g\u00e5ngna helgen genomf\u00f6rdes \u00e5rets upplaga av de nationella KD-dagarna. Denna g\u00e5ng i V\u00e4ster\u00e5s och p\u00e5 programmet stod bl.a. tal av partiledare Ebba Busch och partiets tv\u00e5 toppkandidater i det stundande valet till Europaparlamentet; Alice Teodorescu M\u00e5we och Ella Kardemark, f\u00f6redrag i plenum, flera parallella seminarier och m\u00e5nga m\u00f6jligheter till m\u00f6ten och samtal med partiv\u00e4nner fr\u00e5n hela landet. Dessutom firades p\u00e5 fredagskv\u00e4llen att Kristdemokraterna i \u00e5r fyller 60 \u00e5r, med medverkan av bl.a. tidigare partiledarna Alf Svensson och G\u00f6ran H\u00e4gglund, tidigare statsr\u00e5den Inger Davidsson, Mats Odell och Maria Larsson och Norges tidigare statsminister och ledare f\u00f6r de norska kristdemokraterna, Kjell-Magne Bondevik. Sj\u00e4lv hade jag f\u00f6rm\u00e5nen att f\u00e5 leda seminarium om regional tillv\u00e4xt, som genomf\u00f6rdes i tv\u00e5 upplagor under l\u00f6rdagarna. Tillsammans med regionr\u00e5dskollegorna Birgitta Sacr\u00e9deus, Region Dalarna och Carl-Wiktor Svensson, Region Kalmar l\u00e4n, lyfte vi fram vikten av att arbeta med regional tillv\u00e4xt i ekonomiskt sv\u00e5ra tider. Sammantaget tv\u00e5 riktigt bra och givande dagar!<\/p>\n<p><strong>M\u00e5ndagsm\u00f6te med fokus p\u00e5 Tre\u00e5rsbudget 2025-2027<\/strong><br \/>\nVeckans m\u00e5ndagsm\u00f6te hade f\u00f6rst\u00e5s p\u00e5 dagordningen flera aktuella fr\u00e5gor, som det p\u00e5g\u00e5ende omst\u00e4llningsarbetet i h\u00e4lso- och sjukv\u00e5rden och p\u00e5 regionledningskontoret och V\u00e5rdf\u00f6rbundets p\u00e5g\u00e5ende blockad, med informationer fr\u00e5n flera ansvariga direkt\u00f6rer. Men, huvuddelen av m\u00f6tet \u00e4gnades \u00e5t det p\u00e5g\u00e5ende arbetet med Tre\u00e5rsbudget 2025-2027, som nu g\u00e5r in i ett avslutande skede. Innan maj m\u00e5nad \u00e4r slut ska budgetf\u00f6rslaget vara klart, f\u00f6r att sedan kunna beslutas av regionfullm\u00e4ktige i juni. Detta m\u00e5ndagsm\u00f6te var ocks\u00e5 lite ovanligt f\u00f6r mig, d\u00e5 jag fick ansvaret att leda m\u00f6tet, d\u00e5 ordinarie m\u00f6tesordf\u00f6rande Marie Morell (M), deltog p\u00e5 distans p\u00e5 grund av sjukdom.<\/p>\n<p><strong>Avtackning av Anne Heder\u00e9n, strateg inom regional utveckling<\/strong><br \/>\nI m\u00e5ndags eftermiddag samlades flera medarbetare p\u00e5 enheterna som arbetar med regional utveckling f\u00f6r att tacka av en uppskattad medarbetare som g\u00e5r i pension. Anne Heder\u00e9n, som arbetat l\u00e4nge inom regionen med olika arbetsuppgifter, under n\u00e5gra bl.a. kulturchef och se senaste \u00e5ren som strateg med ansvar f\u00f6r s\u00e5v\u00e4l folkbildning och friluftsliv som kultur i \u00e4ldreomsorgen. B\u00e5de jag och Jan Owe-Larsson (M) har under \u00e5ren haft mycket samarbete med Anne, och hade m\u00f6jlighet att vara med p\u00e5 avtackningen. Anne kommer att finnas kvar p\u00e5 timmar i regionen en tid f\u00f6r att slutf\u00f6ra n\u00e5gra uppdrag, vilket vi \u00e4r tacksamma f\u00f6r!<\/p>\n<p><strong>Samr\u00e5dsm\u00f6te mellan Region \u00d6sterg\u00f6tland och L\u00e4nsstyrelsen \u00d6sterg\u00f6tland<\/strong><br \/>\nP\u00e5 m\u00e5ndagseftermiddagen h\u00f6lls ocks\u00e5 \u00e5rets andra samr\u00e5dsm\u00f6te mellan ledningarna f\u00f6r Region \u00d6sterg\u00f6tland och L\u00e4nsstyrelsen \u00d6sterg\u00f6tland. M\u00f6tet skulle egentligen h\u00e5llits i L\u00e4nsstyrelsens lokaler i landstatshuset p\u00e5 \u00d6stg\u00f6tagatan, men blev av olika sk\u00e4l digitalt. Med utg\u00e5ngspunkt f\u00f6r det samarbetsavtal som finns mellan regionen och L\u00e4nsstyrelsen, h\u00e5lls n\u00e5gra g\u00e5nger om \u00e5ret m\u00f6ten f\u00f6r att st\u00e4mma av gemensamma fr\u00e5gor och informera om v\u00e4sentliga \u00e4renden och processer inom respektive organisation. Fr\u00e5n regionen deltar ordf\u00f6randena i regionstyrelsen, regionutvecklingsn\u00e4mnden och trafik- och samh\u00e4llsplaneringsn\u00e4mnden, andre vice ordf\u00f6rande i regionstyrelsen, regiondirekt\u00f6ren och regionutvecklingsdirekt\u00f6ren, och fr\u00e5n L\u00e4nsstyrelsen deltar landsh\u00f6vdingen, l\u00e4nsr\u00e5det och tillv\u00e4xtdirekt\u00f6ren.<\/p>\n<p><strong>Regionutvecklingsn\u00e4mnden p\u00e5 Himmelstalunds Utbildningscentrum<\/strong><br \/>\nI g\u00e5r tisdag sammantr\u00e4dde regionutvecklingsn\u00e4mnden. M\u00f6tet h\u00f6lls inte som vanligt i sessionssalen i regionhuset, utan var denna g\u00e5ng utlokaliserat till Himmelstalunds Utbildningscentrum. Skolan, som \u00e4r en del av Naturbruksgymnasiet i \u00d6sterg\u00f6tland, fungerar n\u00e4mnden som skolstyrelse f\u00f6r. Under f\u00f6rra \u00e5ret sammantr\u00e4dde n\u00e4mnden p\u00e5 Vreta Utbildningscentrum, den andra skolan inom naturbruksgymnaiset, och p\u00e5 Lunnevads folkh\u00f6gskola, som n\u00e4mnden \u00e4r folkh\u00f6gskolestyrelse f\u00f6r. Men, nu var det allts\u00e5 dags f\u00f6r Himmelstalund. Under f\u00f6rmiddagen fick n\u00e4mnden dels information fr\u00e5n skolchef Ingela Appelsved, och dels en intressant rundvandring p\u00e5 skolomr\u00e5det, med bes\u00f6k i bl.a. djurhuset med b\u00e5de exotiska och mindre exotiska djur, i v\u00e4xthus och i byggnad d\u00e4r anl\u00e4ggningsarbete l\u00e4rs ut och \u00f6vas p\u00e5. Rundturen underl\u00e4ttades av str\u00e5lande solsken, och gav hela n\u00e4mnden b\u00e4ttre f\u00f6rst\u00e5else f\u00f6r de olika utbildningar som ges p\u00e5 skolan. Stort tack till skolledning och medarbetare f\u00f6r fint mottagande. Under eftermiddagen genomf\u00f6rdes sj\u00e4lva n\u00e4mndsammantr\u00e4det med informations- och besluts\u00e4renden.<\/p>\n<p><strong>Kompetensf\u00f6rs\u00f6rjning i fokus p\u00e5 m\u00f6te med Regionalt Kompetensforum<\/strong><br \/>\nIdag onsdag h\u00f6lls m\u00f6te med Regionalt Kompetensforum, d\u00e4r Region \u00d6sterg\u00f6tland samlar akt\u00f6rer inom kompetensf\u00f6rs\u00f6rjningsomr\u00e5det i \u00d6sterg\u00f6tland, som exempelvis branschorganisationer, utbildningsanordnare och myndigheter. Vid dagens m\u00f6te \u00e4gnades b\u00e5de \u00e5t utvecklingen av forumets egna arbetsformer, bl.a. hur arbetet p\u00e5b\u00f6rjats med de branschspecifika forum som \u00e4r ett uppdrag i \u00e5rets Tre\u00e5rsbudget i regionen, och hur f\u00f6r\u00e4ndringen av arbetet med planering och dimensionering av s\u00e5v\u00e4l gymnasieskola och vuxenutbildning fortskrider. Dessutom v\u00e4rdefullt att f\u00e5 m\u00f6jlighet att tr\u00e4ffa och samtal med flera av deltagande organisationers representanter.<\/p>\n<p><strong>Extra m\u00f6te med politiska ledningsgruppen om Omst\u00e4llning 2024<\/strong><br \/>\nUnder onsdagseftermiddagen h\u00f6lls ocks\u00e5 ett extrainsatt digitalt m\u00f6te med regionens politiska ledningsgrupp (PLG). Anledningen var att ge hela PLG, och d\u00e4rmed alla partier, en genomg\u00e5ng av aktuellt l\u00e4ge i det p\u00e5g\u00e5ende omst\u00e4llningsarbetet inom h\u00e4lso- och sjukv\u00e5rden. Det f\u00f6rekommer en hel del olika uppgifter i media, och det \u00e4r n\u00f6dv\u00e4ndigt att reda ut vilka f\u00f6rslag som finns och n\u00e4r och av vem beslut ska fattas.<\/p>\n<p>Denna onsdagskv\u00e4ll v\u00e4ntar f\u00f6r mig ytterligare tv\u00e5 sammantr\u00e4den, innan det blir helgdagsafton p\u00e5 riktigt. Ut\u00f6ver lite chans till ledighet under helgen, v\u00e4ntar ocks\u00e5 kristdemokratisk kampanj p\u00e5 Kise Marken p\u00e5 l\u00f6rdag, som alltid brukar vara trevligt! Hoppas att ni, oavsett vad som st\u00e5r p\u00e5 programmet, f\u00e5r en riktigt trevlig Kristi Himmelsf\u00e4rdshelg!<\/p>\n<p>Med v\u00e4nlig h\u00e4lsning<br \/>\nPer Larsson<br \/>\nRegionr\u00e5d \u2022 Ordf\u00f6rande i Regionutvecklingsn\u00e4mnden<br \/>\nGruppledare f\u00f6r Kristdemokraterna i Region \u00d6sterg\u00f6tland<br \/>\ntfn 010-103 72 84 (arb)<br \/>\ntfn 0702-88 21 34 (mobil)<br \/>\nper.larsson@regionostergotland.se<\/p>\n<p>&nbsp;<\/p>\n","protected":false},"excerpt":{"rendered":"<p>Hej! Nyhetsbrevet kommer denna vecka redan p\u00e5 onsdagseftermiddagen. Anledningen \u00e4r f\u00f6rst\u00e5s att det \u00e4r en kort arbetsvecka, d\u00e4r Kristi Himmelsf\u00e4rdshelgen v\u00e4ntar med helgdag, kl\u00e4mdag o.s.v. Trots denna korta vecka, har \u00e4nd\u00e5 en hel del hunnits med, och jag ska som vanligt f\u00f6rs\u00f6ka sammanfatta en del av det i veckans nyhetsbrev. Trevlig l\u00e4sning!<\/p>\n","protected":false},"author":737,"featured_media":0,"comment_status":"closed","ping_status":"closed","sticky":false,"template":"","format":"standard","meta":{"_acf_changed":false,"footnotes":""},"categories":[1],"tags":[],"class_list":["post-2279","post","type-post","status-publish","format-standard","hentry","category-nyheter"],"acf":[],"yoast_head":"<!-- This site is optimized with the Yoast SEO plugin v27.5 - https:\/\/yoast.com\/product\/yoast-seo-wordpress\/ -->\n<title>Nyhetsbrev vecka 19 - i Region \u00d6sterg\u00f6tland<\/title>\n<meta name=\"robots\" content=\"index, follow, max-snippet:-1, max-image-preview:large, max-video-preview:-1\" \/>\n<link rel=\"canonical\" href=\"https:\/\/wp.kristdemokraterna.se\/regionostergotland\/nyhetsbrev-vecka-19-7\/\" \/>\n<meta property=\"og:locale\" content=\"sv_SE\" \/>\n<meta property=\"og:type\" content=\"article\" \/>\n<meta property=\"og:title\" content=\"Nyhetsbrev vecka 19 - i Region \u00d6sterg\u00f6tland\" \/>\n<meta property=\"og:description\" content=\"Hej! Nyhetsbrevet kommer denna vecka redan p\u00e5 onsdagseftermiddagen. Anledningen \u00e4r f\u00f6rst\u00e5s att det \u00e4r en kort arbetsvecka, d\u00e4r Kristi Himmelsf\u00e4rdshelgen v\u00e4ntar med helgdag, kl\u00e4mdag o.s.v. Trots denna korta vecka, har \u00e4nd\u00e5 en hel del hunnits med, och jag ska som vanligt f\u00f6rs\u00f6ka sammanfatta en del av det i veckans nyhetsbrev. Trevlig l\u00e4sning!\" \/>\n<meta property=\"og:url\" content=\"https:\/\/wp.kristdemokraterna.se\/regionostergotland\/nyhetsbrev-vecka-19-7\/\" \/>\n<meta property=\"og:site_name\" content=\"i Region \u00d6sterg\u00f6tland\" \/>\n<meta property=\"article:published_time\" content=\"2024-05-08T15:21:53+00:00\" \/>\n<meta property=\"og:image\" content=\"http:\/\/wp.kristdemokraterna.se\/regionostergotland\/files\/2024\/05\/bild-nyhetsbrev-2024-vecka-19-1024x533.jpg\" \/>\n\t<meta property=\"og:image:width\" content=\"1024\" \/>\n\t<meta property=\"og:image:height\" content=\"533\" \/>\n\t<meta property=\"og:image:type\" content=\"image\/jpeg\" \/>\n<meta name=\"author\" content=\"regionostergotland\" \/>\n<meta name=\"twitter:card\" content=\"summary_large_image\" \/>\n<meta name=\"twitter:label1\" content=\"Skriven av\" \/>\n\t<meta name=\"twitter:data1\" content=\"regionostergotland\" \/>\n\t<meta name=\"twitter:label2\" content=\"Ber\u00e4knad l\u00e4stid\" \/>\n\t<meta name=\"twitter:data2\" content=\"5 minuter\" \/>\n<script type=\"application\/ld+json\" class=\"yoast-schema-graph\">{\"@context\":\"https:\\\/\\\/schema.org\",\"@graph\":[{\"@type\":\"Article\",\"@id\":\"https:\\\/\\\/wp.kristdemokraterna.se\\\/regionostergotland\\\/nyhetsbrev-vecka-19-7\\\/#article\",\"isPartOf\":{\"@id\":\"https:\\\/\\\/wp.kristdemokraterna.se\\\/regionostergotland\\\/nyhetsbrev-vecka-19-7\\\/\"},\"author\":{\"name\":\"regionostergotland\",\"@id\":\"https:\\\/\\\/wp.kristdemokraterna.se\\\/regionostergotland\\\/#\\\/schema\\\/person\\\/74c3c4f502fcc489722a7be0dfe0088c\"},\"headline\":\"Nyhetsbrev vecka 19\",\"datePublished\":\"2024-05-08T15:21:53+00:00\",\"mainEntityOfPage\":{\"@id\":\"https:\\\/\\\/wp.kristdemokraterna.se\\\/regionostergotland\\\/nyhetsbrev-vecka-19-7\\\/\"},\"wordCount\":1146,\"articleSection\":[\"Nyheter\"],\"inLanguage\":\"sv-SE\"},{\"@type\":\"WebPage\",\"@id\":\"https:\\\/\\\/wp.kristdemokraterna.se\\\/regionostergotland\\\/nyhetsbrev-vecka-19-7\\\/\",\"url\":\"https:\\\/\\\/wp.kristdemokraterna.se\\\/regionostergotland\\\/nyhetsbrev-vecka-19-7\\\/\",\"name\":\"Nyhetsbrev vecka 19 - i Region \u00d6sterg\u00f6tland\",\"isPartOf\":{\"@id\":\"https:\\\/\\\/wp.kristdemokraterna.se\\\/regionostergotland\\\/#website\"},\"datePublished\":\"2024-05-08T15:21:53+00:00\",\"author\":{\"@id\":\"https:\\\/\\\/wp.kristdemokraterna.se\\\/regionostergotland\\\/#\\\/schema\\\/person\\\/74c3c4f502fcc489722a7be0dfe0088c\"},\"breadcrumb\":{\"@id\":\"https:\\\/\\\/wp.kristdemokraterna.se\\\/regionostergotland\\\/nyhetsbrev-vecka-19-7\\\/#breadcrumb\"},\"inLanguage\":\"sv-SE\",\"potentialAction\":[{\"@type\":\"ReadAction\",\"target\":[\"https:\\\/\\\/wp.kristdemokraterna.se\\\/regionostergotland\\\/nyhetsbrev-vecka-19-7\\\/\"]}]},{\"@type\":\"BreadcrumbList\",\"@id\":\"https:\\\/\\\/wp.kristdemokraterna.se\\\/regionostergotland\\\/nyhetsbrev-vecka-19-7\\\/#breadcrumb\",\"itemListElement\":[{\"@type\":\"ListItem\",\"position\":1,\"name\":\"Hem\",\"item\":\"https:\\\/\\\/wp.kristdemokraterna.se\\\/regionostergotland\\\/\"},{\"@type\":\"ListItem\",\"position\":2,\"name\":\"Nyhetsbrev vecka 19\"}]},{\"@type\":\"WebSite\",\"@id\":\"https:\\\/\\\/wp.kristdemokraterna.se\\\/regionostergotland\\\/#website\",\"url\":\"https:\\\/\\\/wp.kristdemokraterna.se\\\/regionostergotland\\\/\",\"name\":\"i Region \u00d6sterg\u00f6tland\",\"description\":\"\",\"inLanguage\":\"sv-SE\"},{\"@type\":\"Person\",\"@id\":\"https:\\\/\\\/wp.kristdemokraterna.se\\\/regionostergotland\\\/#\\\/schema\\\/person\\\/74c3c4f502fcc489722a7be0dfe0088c\",\"name\":\"regionostergotland\",\"image\":{\"@type\":\"ImageObject\",\"inLanguage\":\"sv-SE\",\"@id\":\"https:\\\/\\\/secure.gravatar.com\\\/avatar\\\/8fb8f0a216e627554da57506bfaf78d677f45512f24f703e185ec701423b1e92?s=96&d=mm&r=g\",\"url\":\"https:\\\/\\\/secure.gravatar.com\\\/avatar\\\/8fb8f0a216e627554da57506bfaf78d677f45512f24f703e185ec701423b1e92?s=96&d=mm&r=g\",\"contentUrl\":\"https:\\\/\\\/secure.gravatar.com\\\/avatar\\\/8fb8f0a216e627554da57506bfaf78d677f45512f24f703e185ec701423b1e92?s=96&d=mm&r=g\",\"caption\":\"regionostergotland\"},\"url\":\"https:\\\/\\\/wp.kristdemokraterna.se\\\/regionostergotland\\\/author\\\/regionostergotland\\\/\"}]}<\/script>\n<!-- \/ Yoast SEO plugin. -->","yoast_head_json":{"title":"Nyhetsbrev vecka 19 - i Region \u00d6sterg\u00f6tland","robots":{"index":"index","follow":"follow","max-snippet":"max-snippet:-1","max-image-preview":"max-image-preview:large","max-video-preview":"max-video-preview:-1"},"canonical":"https:\/\/wp.kristdemokraterna.se\/regionostergotland\/nyhetsbrev-vecka-19-7\/","og_locale":"sv_SE","og_type":"article","og_title":"Nyhetsbrev vecka 19 - i Region \u00d6sterg\u00f6tland","og_description":"Hej! Nyhetsbrevet kommer denna vecka redan p\u00e5 onsdagseftermiddagen. Anledningen \u00e4r f\u00f6rst\u00e5s att det \u00e4r en kort arbetsvecka, d\u00e4r Kristi Himmelsf\u00e4rdshelgen v\u00e4ntar med helgdag, kl\u00e4mdag o.s.v. Trots denna korta vecka, har \u00e4nd\u00e5 en hel del hunnits med, och jag ska som vanligt f\u00f6rs\u00f6ka sammanfatta en del av det i veckans nyhetsbrev. Trevlig l\u00e4sning!","og_url":"https:\/\/wp.kristdemokraterna.se\/regionostergotland\/nyhetsbrev-vecka-19-7\/","og_site_name":"i Region \u00d6sterg\u00f6tland","article_published_time":"2024-05-08T15:21:53+00:00","og_image":[{"width":1024,"height":533,"url":"http:\/\/wp.kristdemokraterna.se\/regionostergotland\/files\/2024\/05\/bild-nyhetsbrev-2024-vecka-19-1024x533.jpg","type":"image\/jpeg"}],"author":"regionostergotland","twitter_card":"summary_large_image","twitter_misc":{"Skriven av":"regionostergotland","Ber\u00e4knad l\u00e4stid":"5 minuter"},"schema":{"@context":"https:\/\/schema.org","@graph":[{"@type":"Article","@id":"https:\/\/wp.kristdemokraterna.se\/regionostergotland\/nyhetsbrev-vecka-19-7\/#article","isPartOf":{"@id":"https:\/\/wp.kristdemokraterna.se\/regionostergotland\/nyhetsbrev-vecka-19-7\/"},"author":{"name":"regionostergotland","@id":"https:\/\/wp.kristdemokraterna.se\/regionostergotland\/#\/schema\/person\/74c3c4f502fcc489722a7be0dfe0088c"},"headline":"Nyhetsbrev vecka 19","datePublished":"2024-05-08T15:21:53+00:00","mainEntityOfPage":{"@id":"https:\/\/wp.kristdemokraterna.se\/regionostergotland\/nyhetsbrev-vecka-19-7\/"},"wordCount":1146,"articleSection":["Nyheter"],"inLanguage":"sv-SE"},{"@type":"WebPage","@id":"https:\/\/wp.kristdemokraterna.se\/regionostergotland\/nyhetsbrev-vecka-19-7\/","url":"https:\/\/wp.kristdemokraterna.se\/regionostergotland\/nyhetsbrev-vecka-19-7\/","name":"Nyhetsbrev vecka 19 - i Region \u00d6sterg\u00f6tland","isPartOf":{"@id":"https:\/\/wp.kristdemokraterna.se\/regionostergotland\/#website"},"datePublished":"2024-05-08T15:21:53+00:00","author":{"@id":"https:\/\/wp.kristdemokraterna.se\/regionostergotland\/#\/schema\/person\/74c3c4f502fcc489722a7be0dfe0088c"},"breadcrumb":{"@id":"https:\/\/wp.kristdemokraterna.se\/regionostergotland\/nyhetsbrev-vecka-19-7\/#breadcrumb"},"inLanguage":"sv-SE","potentialAction":[{"@type":"ReadAction","target":["https:\/\/wp.kristdemokraterna.se\/regionostergotland\/nyhetsbrev-vecka-19-7\/"]}]},{"@type":"BreadcrumbList","@id":"https:\/\/wp.kristdemokraterna.se\/regionostergotland\/nyhetsbrev-vecka-19-7\/#breadcrumb","itemListElement":[{"@type":"ListItem","position":1,"name":"Hem","item":"https:\/\/wp.kristdemokraterna.se\/regionostergotland\/"},{"@type":"ListItem","position":2,"name":"Nyhetsbrev vecka 19"}]},{"@type":"WebSite","@id":"https:\/\/wp.kristdemokraterna.se\/regionostergotland\/#website","url":"https:\/\/wp.kristdemokraterna.se\/regionostergotland\/","name":"i Region \u00d6sterg\u00f6tland","description":"","inLanguage":"sv-SE"},{"@type":"Person","@id":"https:\/\/wp.kristdemokraterna.se\/regionostergotland\/#\/schema\/person\/74c3c4f502fcc489722a7be0dfe0088c","name":"regionostergotland","image":{"@type":"ImageObject","inLanguage":"sv-SE","@id":"https:\/\/secure.gravatar.com\/avatar\/8fb8f0a216e627554da57506bfaf78d677f45512f24f703e185ec701423b1e92?s=96&d=mm&r=g","url":"https:\/\/secure.gravatar.com\/avatar\/8fb8f0a216e627554da57506bfaf78d677f45512f24f703e185ec701423b1e92?s=96&d=mm&r=g","contentUrl":"https:\/\/secure.gravatar.com\/avatar\/8fb8f0a216e627554da57506bfaf78d677f45512f24f703e185ec701423b1e92?s=96&d=mm&r=g","caption":"regionostergotland"},"url":"https:\/\/wp.kristdemokraterna.se\/regionostergotland\/author\/regionostergotland\/"}]}},"_links":{"self":[{"href":"https:\/\/wp.kristdemokraterna.se\/regionostergotland\/wp-json\/wp\/v2\/posts\/2279","targetHints":{"allow":["GET"]}}],"collection":[{"href":"https:\/\/wp.kristdemokraterna.se\/regionostergotland\/wp-json\/wp\/v2\/posts"}],"about":[{"href":"https:\/\/wp.kristdemokraterna.se\/regionostergotland\/wp-json\/wp\/v2\/types\/post"}],"author":[{"embeddable":true,"href":"https:\/\/wp.kristdemokraterna.se\/regionostergotland\/wp-json\/wp\/v2\/users\/737"}],"replies":[{"embeddable":true,"href":"https:\/\/wp.kristdemokraterna.se\/regionostergotland\/wp-json\/wp\/v2\/comments?post=2279"}],"version-history":[{"count":1,"href":"https:\/\/wp.kristdemokraterna.se\/regionostergotland\/wp-json\/wp\/v2\/posts\/2279\/revisions"}],"predecessor-version":[{"id":2281,"href":"https:\/\/wp.kristdemokraterna.se\/regionostergotland\/wp-json\/wp\/v2\/posts\/2279\/revisions\/2281"}],"wp:attachment":[{"href":"https:\/\/wp.kristdemokraterna.se\/regionostergotland\/wp-json\/wp\/v2\/media?parent=2279"}],"wp:term":[{"taxonomy":"category","embeddable":true,"href":"https:\/\/wp.kristdemokraterna.se\/regionostergotland\/wp-json\/wp\/v2\/categories?post=2279"},{"taxonomy":"post_tag","embeddable":true,"href":"https:\/\/wp.kristdemokraterna.se\/regionostergotland\/wp-json\/wp\/v2\/tags?post=2279"}],"curies":[{"name":"wp","href":"https:\/\/api.w.org\/{rel}","templated":true}]}}