{"id":2282,"date":"2024-05-17T15:54:27","date_gmt":"2024-05-17T13:54:27","guid":{"rendered":"https:\/\/wp.kristdemokraterna.se\/regionostergotland\/?p=2282"},"modified":"2024-05-17T15:54:27","modified_gmt":"2024-05-17T13:54:27","slug":"nyhetsbrev-vecka-20-8","status":"publish","type":"post","link":"https:\/\/wp.kristdemokraterna.se\/regionostergotland\/nyhetsbrev-vecka-20-8\/","title":{"rendered":"Nyhetsbrev vecka 20"},"content":{"rendered":"<p>Hej!<\/p>\n<p>Den h\u00e4r veckan har det p\u00e5 olika s\u00e4tt m\u00e4rkts att valr\u00f6relsen inf\u00f6r valet till Europaparlamentet 9 juni b\u00f6rjat komma i g\u00e5ng p\u00e5 allvar. B\u00e5de fler kampanjtillf\u00e4llen, debatter och medierapportering. Till skillnad fr\u00e5n valr\u00f6relsen inf\u00f6r val till riksdag, region och kommun, d\u00e5 det ordinarie m\u00f6tesschemat \u00e4r lite mer begr\u00e4nsat f\u00f6r att m\u00f6jligg\u00f6ra valr\u00f6relse, \u00e4r det nu fullt upp med ordinarie aktiviteter. Men, valr\u00f6relse \u00e4r till st\u00f6rsta delen v\u00e4ldigt roligt, s\u00e5 det ska nog kunna g\u00e5, \u00e4ven med v\u00e4lfyllda scheman. I veckans nyhetsbrev blir det mestadels ordinarie regionverksamhet, men \u00e4ven lite kampanjrelaterat. Trevlig l\u00e4sning!<!--more--><\/p>\n<p><strong>Kristdemokratisk kampanj p\u00e5 Kise Marken<\/strong><br \/>\nI l\u00f6rdags arrangerades Kise Marken i Kisa i Kinda kommun, och som vanligt hade Kristdemokraterna i Kinda bokat en plats p\u00e5 marknaden. I det kristdemokratiska t\u00e4ltet var det framf\u00f6r allt fokus p\u00e5 det stundande valet till Europaparlamentet, med bes\u00f6k p\u00e5 f\u00f6rmiddagen av \u00f6stg\u00f6tske kandidaten p\u00e5 valsedeln, Staffan Danielsson. Men, det fanns \u00e4ven ett flygblad kring kristdemokratiska valfr\u00e5gor fr\u00e5n senaste regionvalet med koppling till trafik- och kommunikationer som nu finns med i regionens styrande dokument. Roligt att vara med och prata med marknadsbes\u00f6kare och tr\u00e4ffa flera kristdemokrater fr\u00e5n Kinda och \u00e4ven \u00f6vriga \u00d6sterg\u00f6tland!<\/p>\n<p><strong>M\u00e5ndagsm\u00f6te med fokus p\u00e5 Omst\u00e4llning 2024<\/strong><br \/>\nVid veckans m\u00e5ndagsm\u00f6te med \u00d6stg\u00f6tasamverkan var det, liksom vid de flesta andra m\u00f6ten dessa tider, fokus p\u00e5 det p\u00e5g\u00e5ende omfattande arbetet med Omst\u00e4llning 2024, f\u00f6r att komma till r\u00e4tta med det ekonomiska l\u00e4get i h\u00e4lso- och sjukv\u00e5rden. M\u00f6tet g\u00e4stades \u00e4ven denna vecka av regiondirekt\u00f6r Mikael Borin, tillf\u00f6rordnad HR-direkt\u00f6r Anna Cederl\u00f6f, v\u00e5rddirekt\u00f6rerna Jessica Frisk och Ninnie Borendal Wodlin och kommunikationsdirekt\u00f6r Anna Bowall. Vi fick en uppdatering av l\u00e4get, och planeringen f\u00f6r den avslutande delen av processerna att ta fram ny arbetsorganisation och de fackliga f\u00f6rhandlingarna. \u00c4ven om det \u00e4r besv\u00e4rliga fr\u00e5gor och det dyker upp en del hinder p\u00e5 v\u00e4gen, har arbetet fortl\u00f6pt p\u00e5 ett bra s\u00e4tt, med goda insatser fr\u00e5n m\u00e5nga!<\/p>\n<p><strong>Sammantr\u00e4de med regionutvecklingsn\u00e4mndens presidium<\/strong><br \/>\nI tisdags sammantr\u00e4dde regionutvecklingsn\u00e4mndens presidium. Huvuddelen av m\u00f6tet \u00e4gnades \u00e5t beredning av kommande n\u00e4mndsammantr\u00e4de och de \u00e4renden som d\u00e5 ska beslutas eller informeras om. Presidiem\u00f6tet g\u00e4stades ocks\u00e5 av Maria Almes\u00e5ker (M), som tillsammans med n\u00e4mndens andre vice ordf\u00f6rande Eva Andersson (S) \u00e4r regionens representanter i Sveriges Kommuner och Regioners modellregion-projekt f\u00f6r \u00f6kad j\u00e4mst\u00e4lldhet. Vi fick en f\u00f6redragning av hur arbetet \u00e4r upplagt och hittills har fortl\u00f6pt, och hur nu regionens uppdrag till akt\u00f6rer inom kultursamverkansmodellen har blivit ett praktiskt exempel f\u00f6r projektet.<\/p>\n<p><strong>Extra gruppm\u00f6te med Kristdemokraternas regiongrupp<\/strong><br \/>\nP\u00e5 tisdagskv\u00e4llen kallades Kristdemokraternas regiongrupp in till ett extra digitalt gruppm\u00f6te. Anledningen var att ge information om det p\u00e5g\u00e5ende omst\u00e4llningsarbetet i regionen. \u00c4ven om det \u00e4r ordinarie gruppm\u00f6te redan i n\u00e4sta vecka, h\u00e4nder mycket p\u00e5 omst\u00e4llningsomr\u00e5det, och det fanns behov av att redan denna vecka informera om vissa delar av arbetet. Annicki Oscarsson, som i rollen som f\u00f6rste vice ordf\u00f6rande i h\u00e4lso- och sjukv\u00e5rdsn\u00e4mnden, finns med i \u00d6stg\u00f6tasamverkans s\u00e4rskilda mindre omst\u00e4llningsgrupp, gjorde en genomg\u00e5ng av aktuella fr\u00e5gor. Bra fr\u00e5gor och inspel fr\u00e5n gruppen!<\/p>\n<p><strong>M\u00f6te med politiska styrgruppen f\u00f6r \u00d6stra Mellansveriges strukturfonder<\/strong><br \/>\nI onsdags h\u00f6lls ett digitalt m\u00f6te med den politiska styrgruppen f\u00f6r \u00d6stra Mellansverige (\u00d6MS). Huvudfokus f\u00f6r styrgruppen \u00e4r samverkan mellan de fem regionerna i \u00d6MS kring arbetet med EU:s strukturfonder, men \u00e4ven andra fr\u00e5gor inom det regionala utvecklingsomr\u00e5det, som \u00e4r gemensamma f\u00f6r v\u00e5ra fem regioner, t.ex. den p\u00e5g\u00e5ende f\u00f6r\u00e4ndringsprocessen inom Almi, fanns med p\u00e5 agendan.<\/p>\n<p><strong>SKR-dagar &#8211; kristdemokratiskt gruppm\u00f6te och beredningssammantr\u00e4de<\/strong><br \/>\nOnsdag och torsdag var det dags f\u00f6r maj m\u00e5nads SKR-dagar, d.v.s. gruppm\u00f6ten och beredningsm\u00f6ten inom Sveriges Kommuner och Regioner (SKR). P\u00e5 onsdagseftermiddagen och kv\u00e4llen h\u00f6lls gruppm\u00f6te med Kristdemokraternas partigrupp i SKR. M\u00f6tet g\u00e4stades av civilminister Erik Slottner, som redogjorde f\u00f6r aktuella fr\u00e5gor inom sitt ansvarsomr\u00e5de, liksom av de b\u00e5da riksdagsledam\u00f6terna Ingemar Kihlstr\u00f6m (socialf\u00f6rs\u00e4kringsutskottet) och Torsten Elofsson (justitieutskottet) som ber\u00e4ttade fr\u00e5n respektive utskotts arbete. P\u00e5 torsdagsf\u00f6rmiddagen h\u00f6lls ocks\u00e5 gruppm\u00f6te, d\u00e5 med genomg\u00e5ng av n\u00e5gra fr\u00e5gor p\u00e5 dagordningarna i de olika beredningarna och delegationerna inom SKR. Slutligen sammantr\u00e4der p\u00e5 eftermiddagen de olika beredningarna, och f\u00f6r min del handlar det om Beredningen f\u00f6r tillv\u00e4xt och regional utveckling (TRU), d\u00e4r s\u00e5v\u00e4l EU:s sammanh\u00e5llningspolitik som en del aktuella infrastrukturfr\u00e5gor bl.a. stod p\u00e5 dagordningen.<\/p>\n<p><strong>Debattartiklar fr\u00e5n \u00d6stg\u00f6tasamverkan om regionens omst\u00e4llningsarbete<\/strong><br \/>\nI g\u00e5r torsdag och idag fredag har flera av l\u00e4nets tidningar publicerat debattartikel fr\u00e5n \u00d6stg\u00f6tasamverkan, om det p\u00e5g\u00e5ende omst\u00e4llningsarbetet i regionen, d\u00e4r vi redog\u00f6r f\u00f6r utg\u00e5ngspunkter och f\u00f6r processens genomf\u00f6rande. Du kan l\u00e4sa debattartiklarna h\u00e4r:<br \/>\nCorren: (<a href=\"https:\/\/corren.se\/debatt\/artikel\/regionstyret-da-kommer-besked-om-vilka-som-sags-upp\/r2dgz0vj\" target=\"_blank\" rel=\"noopener\">https:\/\/corren.se\/debatt\/artikel\/regionstyret-da-kommer-besked-om-vilka-som-sags-upp\/r2dgz0vj<\/a>)<br \/>\nNorrk\u00f6pings Tidningar: (<a href=\"https:\/\/nt.se\/debatt\/artikel\/tiden-att-stoppa-huvudet-i-sanden-for-regionens-problem-ar-forbi\/r9w7w7zj\" target=\"_blank\" rel=\"noopener\">https:\/\/nt.se\/debatt\/artikel\/tiden-att-stoppa-huvudet-i-sanden-for-regionens-problem-ar-forbi\/r9w7w7zj<\/a>)<br \/>\nFolkbladet: (<a href=\"https:\/\/folkbladet.se\/debatt\/artikel\/tiden-att-stoppa-huvudet-i-sanden-infor-problemen-ar-forbi\/lq4q8odr\" target=\"_blank\" rel=\"noopener\">https:\/\/folkbladet.se\/debatt\/artikel\/tiden-att-stoppa-huvudet-i-sanden-infor-problemen-ar-forbi\/lq4q8odr<\/a>)<\/p>\n<p><strong>Bes\u00f6k p\u00e5 extra \u00e5rsm\u00f6te f\u00f6r Kristdemokraterna i \u00c5tvidaberg<\/strong><br \/>\nP\u00e5 torsdagskv\u00e4llen genomf\u00f6rdes ett extra \u00e5rsm\u00f6te f\u00f6r Kristdemokraterna i \u00c5tvidaberg, som blev en lyckad nystart f\u00f6r partiavdelningen. Ny styrelse valdes och ett ny verksamhetsplan beslutades. Riksdagsledamot Magnus Oscarsson ber\u00e4ttade om riksdagsarbetet och jag fick m\u00f6jlighet att redog\u00f6ra lite f\u00f6r aktuella fr\u00e5gor i regionen, inte minst det p\u00e5g\u00e5ende omst\u00e4llningsarbetet. Tack till alla som var med och bidrog till en trevlig \u00e5rsm\u00f6teskv\u00e4ll!<\/p>\n<p>I helgen genomf\u00f6rs \u00d6stg\u00f6tadagarnas v\u00e5rupplaga. Ta g\u00e4rna chansen att ge dig ut i \u00d6sterg\u00f6tland och bes\u00f6k entrepren\u00f6rer och f\u00f6reningar som verkar p\u00e5 landsbygden. P\u00e5 www.osgotadagarna.se kan du l\u00e4sa mer om vilka som h\u00e5ller \u00f6ppet i helgen. Det verkar kunna bli fortsatt riktigt fint v\u00e4der, s\u00e5 det b\u00f6r kunna finnas goda f\u00f6ruts\u00e4ttningar f\u00f6r ett lyckat arrangemang. I vilket fall som helst hoppas jag att ni alla f\u00e5r en riktigt trevlig helg!<\/p>\n<p>Med v\u00e4nlig h\u00e4lsning<br \/>\nPer Larsson<br \/>\nRegionr\u00e5d &#8211; Ordf\u00f6rande i Regionutvecklingsn\u00e4mnden<br \/>\nGruppledare f\u00f6r Kristdemokraterna i Region \u00d6sterg\u00f6tland<br \/>\ntfn 010-103 72 84 (arb)<br \/>\ntfn 0702-88 21 34 (mobil)<br \/>\nper.larsson@regionostergotland.se<\/p>\n<p>&nbsp;<\/p>\n","protected":false},"excerpt":{"rendered":"<p>Hej! Den h\u00e4r veckan har det p\u00e5 olika s\u00e4tt m\u00e4rkts att valr\u00f6relsen inf\u00f6r valet till Europaparlamentet 9 juni b\u00f6rjat komma i g\u00e5ng p\u00e5 allvar. B\u00e5de fler kampanjtillf\u00e4llen, debatter och medierapportering. Till skillnad fr\u00e5n valr\u00f6relsen inf\u00f6r val till riksdag, region och kommun, d\u00e5 det ordinarie m\u00f6tesschemat \u00e4r lite mer begr\u00e4nsat f\u00f6r att m\u00f6jligg\u00f6ra valr\u00f6relse, \u00e4r det <a class=\"read-more-link\" href=\"https:\/\/wp.kristdemokraterna.se\/regionostergotland\/nyhetsbrev-vecka-20-8\/\">Read More<\/a><\/p>\n","protected":false},"author":737,"featured_media":0,"comment_status":"closed","ping_status":"closed","sticky":false,"template":"","format":"standard","meta":{"_acf_changed":false,"footnotes":""},"categories":[1],"tags":[],"class_list":["post-2282","post","type-post","status-publish","format-standard","hentry","category-nyheter"],"acf":[],"yoast_head":"<!-- This site is optimized with the Yoast SEO plugin v27.5 - https:\/\/yoast.com\/product\/yoast-seo-wordpress\/ -->\n<title>Nyhetsbrev vecka 20 - i Region \u00d6sterg\u00f6tland<\/title>\n<meta name=\"robots\" content=\"index, follow, max-snippet:-1, max-image-preview:large, max-video-preview:-1\" \/>\n<link rel=\"canonical\" href=\"https:\/\/wp.kristdemokraterna.se\/regionostergotland\/nyhetsbrev-vecka-20-8\/\" \/>\n<meta property=\"og:locale\" content=\"sv_SE\" \/>\n<meta property=\"og:type\" content=\"article\" \/>\n<meta property=\"og:title\" content=\"Nyhetsbrev vecka 20 - i Region \u00d6sterg\u00f6tland\" \/>\n<meta property=\"og:description\" content=\"Hej! Den h\u00e4r veckan har det p\u00e5 olika s\u00e4tt m\u00e4rkts att valr\u00f6relsen inf\u00f6r valet till Europaparlamentet 9 juni b\u00f6rjat komma i g\u00e5ng p\u00e5 allvar. B\u00e5de fler kampanjtillf\u00e4llen, debatter och medierapportering. Till skillnad fr\u00e5n valr\u00f6relsen inf\u00f6r val till riksdag, region och kommun, d\u00e5 det ordinarie m\u00f6tesschemat \u00e4r lite mer begr\u00e4nsat f\u00f6r att m\u00f6jligg\u00f6ra valr\u00f6relse, \u00e4r det Read More\" \/>\n<meta property=\"og:url\" content=\"https:\/\/wp.kristdemokraterna.se\/regionostergotland\/nyhetsbrev-vecka-20-8\/\" \/>\n<meta property=\"og:site_name\" content=\"i Region \u00d6sterg\u00f6tland\" \/>\n<meta property=\"article:published_time\" content=\"2024-05-17T13:54:27+00:00\" \/>\n<meta property=\"og:image\" content=\"http:\/\/wp.kristdemokraterna.se\/regionostergotland\/files\/2024\/05\/bild-nyhetsbrev-2024-vecka-20-1024x533.jpg\" \/>\n\t<meta property=\"og:image:width\" content=\"1024\" \/>\n\t<meta property=\"og:image:height\" content=\"533\" \/>\n\t<meta property=\"og:image:type\" content=\"image\/jpeg\" \/>\n<meta name=\"author\" content=\"regionostergotland\" \/>\n<meta name=\"twitter:card\" content=\"summary_large_image\" \/>\n<meta name=\"twitter:label1\" content=\"Skriven av\" \/>\n\t<meta name=\"twitter:data1\" content=\"regionostergotland\" \/>\n\t<meta name=\"twitter:label2\" content=\"Ber\u00e4knad l\u00e4stid\" \/>\n\t<meta name=\"twitter:data2\" content=\"5 minuter\" \/>\n<script type=\"application\/ld+json\" class=\"yoast-schema-graph\">{\"@context\":\"https:\\\/\\\/schema.org\",\"@graph\":[{\"@type\":\"Article\",\"@id\":\"https:\\\/\\\/wp.kristdemokraterna.se\\\/regionostergotland\\\/nyhetsbrev-vecka-20-8\\\/#article\",\"isPartOf\":{\"@id\":\"https:\\\/\\\/wp.kristdemokraterna.se\\\/regionostergotland\\\/nyhetsbrev-vecka-20-8\\\/\"},\"author\":{\"name\":\"regionostergotland\",\"@id\":\"https:\\\/\\\/wp.kristdemokraterna.se\\\/regionostergotland\\\/#\\\/schema\\\/person\\\/74c3c4f502fcc489722a7be0dfe0088c\"},\"headline\":\"Nyhetsbrev vecka 20\",\"datePublished\":\"2024-05-17T13:54:27+00:00\",\"mainEntityOfPage\":{\"@id\":\"https:\\\/\\\/wp.kristdemokraterna.se\\\/regionostergotland\\\/nyhetsbrev-vecka-20-8\\\/\"},\"wordCount\":1134,\"articleSection\":[\"Nyheter\"],\"inLanguage\":\"sv-SE\"},{\"@type\":\"WebPage\",\"@id\":\"https:\\\/\\\/wp.kristdemokraterna.se\\\/regionostergotland\\\/nyhetsbrev-vecka-20-8\\\/\",\"url\":\"https:\\\/\\\/wp.kristdemokraterna.se\\\/regionostergotland\\\/nyhetsbrev-vecka-20-8\\\/\",\"name\":\"Nyhetsbrev vecka 20 - i Region \u00d6sterg\u00f6tland\",\"isPartOf\":{\"@id\":\"https:\\\/\\\/wp.kristdemokraterna.se\\\/regionostergotland\\\/#website\"},\"datePublished\":\"2024-05-17T13:54:27+00:00\",\"author\":{\"@id\":\"https:\\\/\\\/wp.kristdemokraterna.se\\\/regionostergotland\\\/#\\\/schema\\\/person\\\/74c3c4f502fcc489722a7be0dfe0088c\"},\"breadcrumb\":{\"@id\":\"https:\\\/\\\/wp.kristdemokraterna.se\\\/regionostergotland\\\/nyhetsbrev-vecka-20-8\\\/#breadcrumb\"},\"inLanguage\":\"sv-SE\",\"potentialAction\":[{\"@type\":\"ReadAction\",\"target\":[\"https:\\\/\\\/wp.kristdemokraterna.se\\\/regionostergotland\\\/nyhetsbrev-vecka-20-8\\\/\"]}]},{\"@type\":\"BreadcrumbList\",\"@id\":\"https:\\\/\\\/wp.kristdemokraterna.se\\\/regionostergotland\\\/nyhetsbrev-vecka-20-8\\\/#breadcrumb\",\"itemListElement\":[{\"@type\":\"ListItem\",\"position\":1,\"name\":\"Hem\",\"item\":\"https:\\\/\\\/wp.kristdemokraterna.se\\\/regionostergotland\\\/\"},{\"@type\":\"ListItem\",\"position\":2,\"name\":\"Nyhetsbrev vecka 20\"}]},{\"@type\":\"WebSite\",\"@id\":\"https:\\\/\\\/wp.kristdemokraterna.se\\\/regionostergotland\\\/#website\",\"url\":\"https:\\\/\\\/wp.kristdemokraterna.se\\\/regionostergotland\\\/\",\"name\":\"i Region \u00d6sterg\u00f6tland\",\"description\":\"\",\"inLanguage\":\"sv-SE\"},{\"@type\":\"Person\",\"@id\":\"https:\\\/\\\/wp.kristdemokraterna.se\\\/regionostergotland\\\/#\\\/schema\\\/person\\\/74c3c4f502fcc489722a7be0dfe0088c\",\"name\":\"regionostergotland\",\"image\":{\"@type\":\"ImageObject\",\"inLanguage\":\"sv-SE\",\"@id\":\"https:\\\/\\\/secure.gravatar.com\\\/avatar\\\/8fb8f0a216e627554da57506bfaf78d677f45512f24f703e185ec701423b1e92?s=96&d=mm&r=g\",\"url\":\"https:\\\/\\\/secure.gravatar.com\\\/avatar\\\/8fb8f0a216e627554da57506bfaf78d677f45512f24f703e185ec701423b1e92?s=96&d=mm&r=g\",\"contentUrl\":\"https:\\\/\\\/secure.gravatar.com\\\/avatar\\\/8fb8f0a216e627554da57506bfaf78d677f45512f24f703e185ec701423b1e92?s=96&d=mm&r=g\",\"caption\":\"regionostergotland\"},\"url\":\"https:\\\/\\\/wp.kristdemokraterna.se\\\/regionostergotland\\\/author\\\/regionostergotland\\\/\"}]}<\/script>\n<!-- \/ Yoast SEO plugin. -->","yoast_head_json":{"title":"Nyhetsbrev vecka 20 - i Region \u00d6sterg\u00f6tland","robots":{"index":"index","follow":"follow","max-snippet":"max-snippet:-1","max-image-preview":"max-image-preview:large","max-video-preview":"max-video-preview:-1"},"canonical":"https:\/\/wp.kristdemokraterna.se\/regionostergotland\/nyhetsbrev-vecka-20-8\/","og_locale":"sv_SE","og_type":"article","og_title":"Nyhetsbrev vecka 20 - i Region \u00d6sterg\u00f6tland","og_description":"Hej! Den h\u00e4r veckan har det p\u00e5 olika s\u00e4tt m\u00e4rkts att valr\u00f6relsen inf\u00f6r valet till Europaparlamentet 9 juni b\u00f6rjat komma i g\u00e5ng p\u00e5 allvar. B\u00e5de fler kampanjtillf\u00e4llen, debatter och medierapportering. Till skillnad fr\u00e5n valr\u00f6relsen inf\u00f6r val till riksdag, region och kommun, d\u00e5 det ordinarie m\u00f6tesschemat \u00e4r lite mer begr\u00e4nsat f\u00f6r att m\u00f6jligg\u00f6ra valr\u00f6relse, \u00e4r det Read More","og_url":"https:\/\/wp.kristdemokraterna.se\/regionostergotland\/nyhetsbrev-vecka-20-8\/","og_site_name":"i Region \u00d6sterg\u00f6tland","article_published_time":"2024-05-17T13:54:27+00:00","og_image":[{"width":1024,"height":533,"url":"http:\/\/wp.kristdemokraterna.se\/regionostergotland\/files\/2024\/05\/bild-nyhetsbrev-2024-vecka-20-1024x533.jpg","type":"image\/jpeg"}],"author":"regionostergotland","twitter_card":"summary_large_image","twitter_misc":{"Skriven av":"regionostergotland","Ber\u00e4knad l\u00e4stid":"5 minuter"},"schema":{"@context":"https:\/\/schema.org","@graph":[{"@type":"Article","@id":"https:\/\/wp.kristdemokraterna.se\/regionostergotland\/nyhetsbrev-vecka-20-8\/#article","isPartOf":{"@id":"https:\/\/wp.kristdemokraterna.se\/regionostergotland\/nyhetsbrev-vecka-20-8\/"},"author":{"name":"regionostergotland","@id":"https:\/\/wp.kristdemokraterna.se\/regionostergotland\/#\/schema\/person\/74c3c4f502fcc489722a7be0dfe0088c"},"headline":"Nyhetsbrev vecka 20","datePublished":"2024-05-17T13:54:27+00:00","mainEntityOfPage":{"@id":"https:\/\/wp.kristdemokraterna.se\/regionostergotland\/nyhetsbrev-vecka-20-8\/"},"wordCount":1134,"articleSection":["Nyheter"],"inLanguage":"sv-SE"},{"@type":"WebPage","@id":"https:\/\/wp.kristdemokraterna.se\/regionostergotland\/nyhetsbrev-vecka-20-8\/","url":"https:\/\/wp.kristdemokraterna.se\/regionostergotland\/nyhetsbrev-vecka-20-8\/","name":"Nyhetsbrev vecka 20 - i Region \u00d6sterg\u00f6tland","isPartOf":{"@id":"https:\/\/wp.kristdemokraterna.se\/regionostergotland\/#website"},"datePublished":"2024-05-17T13:54:27+00:00","author":{"@id":"https:\/\/wp.kristdemokraterna.se\/regionostergotland\/#\/schema\/person\/74c3c4f502fcc489722a7be0dfe0088c"},"breadcrumb":{"@id":"https:\/\/wp.kristdemokraterna.se\/regionostergotland\/nyhetsbrev-vecka-20-8\/#breadcrumb"},"inLanguage":"sv-SE","potentialAction":[{"@type":"ReadAction","target":["https:\/\/wp.kristdemokraterna.se\/regionostergotland\/nyhetsbrev-vecka-20-8\/"]}]},{"@type":"BreadcrumbList","@id":"https:\/\/wp.kristdemokraterna.se\/regionostergotland\/nyhetsbrev-vecka-20-8\/#breadcrumb","itemListElement":[{"@type":"ListItem","position":1,"name":"Hem","item":"https:\/\/wp.kristdemokraterna.se\/regionostergotland\/"},{"@type":"ListItem","position":2,"name":"Nyhetsbrev vecka 20"}]},{"@type":"WebSite","@id":"https:\/\/wp.kristdemokraterna.se\/regionostergotland\/#website","url":"https:\/\/wp.kristdemokraterna.se\/regionostergotland\/","name":"i Region \u00d6sterg\u00f6tland","description":"","inLanguage":"sv-SE"},{"@type":"Person","@id":"https:\/\/wp.kristdemokraterna.se\/regionostergotland\/#\/schema\/person\/74c3c4f502fcc489722a7be0dfe0088c","name":"regionostergotland","image":{"@type":"ImageObject","inLanguage":"sv-SE","@id":"https:\/\/secure.gravatar.com\/avatar\/8fb8f0a216e627554da57506bfaf78d677f45512f24f703e185ec701423b1e92?s=96&d=mm&r=g","url":"https:\/\/secure.gravatar.com\/avatar\/8fb8f0a216e627554da57506bfaf78d677f45512f24f703e185ec701423b1e92?s=96&d=mm&r=g","contentUrl":"https:\/\/secure.gravatar.com\/avatar\/8fb8f0a216e627554da57506bfaf78d677f45512f24f703e185ec701423b1e92?s=96&d=mm&r=g","caption":"regionostergotland"},"url":"https:\/\/wp.kristdemokraterna.se\/regionostergotland\/author\/regionostergotland\/"}]}},"_links":{"self":[{"href":"https:\/\/wp.kristdemokraterna.se\/regionostergotland\/wp-json\/wp\/v2\/posts\/2282","targetHints":{"allow":["GET"]}}],"collection":[{"href":"https:\/\/wp.kristdemokraterna.se\/regionostergotland\/wp-json\/wp\/v2\/posts"}],"about":[{"href":"https:\/\/wp.kristdemokraterna.se\/regionostergotland\/wp-json\/wp\/v2\/types\/post"}],"author":[{"embeddable":true,"href":"https:\/\/wp.kristdemokraterna.se\/regionostergotland\/wp-json\/wp\/v2\/users\/737"}],"replies":[{"embeddable":true,"href":"https:\/\/wp.kristdemokraterna.se\/regionostergotland\/wp-json\/wp\/v2\/comments?post=2282"}],"version-history":[{"count":1,"href":"https:\/\/wp.kristdemokraterna.se\/regionostergotland\/wp-json\/wp\/v2\/posts\/2282\/revisions"}],"predecessor-version":[{"id":2284,"href":"https:\/\/wp.kristdemokraterna.se\/regionostergotland\/wp-json\/wp\/v2\/posts\/2282\/revisions\/2284"}],"wp:attachment":[{"href":"https:\/\/wp.kristdemokraterna.se\/regionostergotland\/wp-json\/wp\/v2\/media?parent=2282"}],"wp:term":[{"taxonomy":"category","embeddable":true,"href":"https:\/\/wp.kristdemokraterna.se\/regionostergotland\/wp-json\/wp\/v2\/categories?post=2282"},{"taxonomy":"post_tag","embeddable":true,"href":"https:\/\/wp.kristdemokraterna.se\/regionostergotland\/wp-json\/wp\/v2\/tags?post=2282"}],"curies":[{"name":"wp","href":"https:\/\/api.w.org\/{rel}","templated":true}]}}