{"id":2288,"date":"2024-05-31T16:24:49","date_gmt":"2024-05-31T14:24:49","guid":{"rendered":"https:\/\/wp.kristdemokraterna.se\/regionostergotland\/?p=2288"},"modified":"2024-05-31T16:24:49","modified_gmt":"2024-05-31T14:24:49","slug":"nyhetsbrev-vecka-22-7","status":"publish","type":"post","link":"https:\/\/wp.kristdemokraterna.se\/regionostergotland\/nyhetsbrev-vecka-22-7\/","title":{"rendered":"Nyhetsbrev vecka 22"},"content":{"rendered":"<p>Hej!<\/p>\n<p>Veckans nyhetsbrev skrivs p\u00e5 t\u00e5get hem fr\u00e5n Stockholm, d\u00e4r torsdag och fredag har inneh\u00e5llit n\u00e5gra m\u00f6ten kopplade till Politikerforum &#8211; dialogen mellan regeringen och regionerna om regionala utvecklingsfr\u00e5gor. En intensiv regionpolitisk vecka kombinerat med p\u00e5g\u00e5ende valr\u00f6relse inf\u00f6r Europaparlamentsvalet &#8211; allt i varmt sommarv\u00e4der. Opinionsm\u00e4tningarna inf\u00f6r valet visar lite olika resultat, men ig\u00e5r kom en m\u00e4tning som visade p\u00e5 uppg\u00e5ng f\u00f6r Kristdemokraterna. Den trenden hoppas vi mer p\u00e5 den sista spurtveckan! En resum\u00e9 \u00f6ver n\u00e5got av det som h\u00e4nt och skett i veckan kommer h\u00e4r som vanligt i nyhetsbrevet. Trevlig l\u00e4sning!<!--more--><\/p>\n<p><strong>Olika aktiviteter i valr\u00f6relsen inf\u00f6r valet till Europaparlamentet<\/strong><br \/>\nDen h\u00e4r veckan har ut\u00f6ver ett v\u00e4lfyllt schema med ordinarie regionpolitiska aktiviteter, ocks\u00e5 bjudit p\u00e5 n\u00e5gra olika aktiviteter i den p\u00e5g\u00e5ende valr\u00f6relsen inf\u00f6r valet till Europarlamentet. I l\u00f6rdags g\u00e4stades \u00d6sterg\u00f6tland av Kristdemokraternas andranamn p\u00e5 valsedeln, Ella Kardemark, med bl.a. en kampanjaktivitet vid Bergs slussar utanf\u00f6r Link\u00f6ping. Solsken, fika, valmaterial och kristdemokratiska kampanjarbetare syntes utmed slusstrappan. Ett par pass i Kristdemokraternas valstuga p\u00e5 Stora torget i Link\u00f6ping har ocks\u00e5 hunnits med, och en kv\u00e4llsutdelning i brevl\u00e5dor. Roliga inslag i en valr\u00f6relse!<\/p>\n<p><strong>Presstr\u00e4ff om f\u00f6rslag till Tre\u00e5rsbudget 2025-2027<\/strong><br \/>\nI m\u00e5ndags f\u00f6rmiddag hade v\u00e5rens budgetarbete till slut n\u00e5tt fram till ett f\u00e4rdigt f\u00f6rslag till Tre\u00e5rsbudget 2025-2027 att presentera vid en presstr\u00e4ff i regionhuset. Gruppledarna f\u00f6r \u00d6stg\u00f6tasamverkans partier medverkade och journalister fr\u00e5n Corren, P4 \u00d6sterg\u00f6tland och Svt Nyheter \u00d6st deltog i presstr\u00e4ffen. Nyhetsartiklar och inslag har d\u00e4rf\u00f6r i veckan funnits i de flesta av de \u00f6stg\u00f6tska medierna. Bland de hela fyra representanter fr\u00e5n Corren som deltog i presstr\u00e4ffen, fanns redakt\u00f6rer f\u00f6r ledarsidan, Edvard Hollertz, som i tisdagens tidning skrev en intressant ledare utifr\u00e5n budgetf\u00f6rslaget och regionens ekonomiska situation. Du kan l\u00e4sa hela ledarartikeln h\u00e4r: (<a href=\"https:\/\/corren.se\/ledare\/artikel\/hojd-skatt-ar-ingen-losning-det-visar-regionens-kris\/lq4ww51r\" target=\"_blank\" rel=\"noopener\">https:\/\/corren.se\/ledare\/artikel\/hojd-skatt-ar-ingen-losning-det-visar-regionens-kris\/lq4ww51r<\/a>)<\/p>\n<p><strong>M\u00f6te med Bildningsf\u00f6rbundet \u00d6sterg\u00f6tland<\/strong><br \/>\nP\u00e5 m\u00e5ndagseftermiddagen tr\u00e4ffade representanter fr\u00e5n \u00d6stg\u00f6tasamverkans partier Bildningsf\u00f6rbundet \u00d6sterg\u00f6tland genom kanslichef Peter Frejhagen. Han gav en aktuell l\u00e4gesbild f\u00f6r folkbildningen i \u00d6sterg\u00f6tland, och vi fick m\u00f6jlighet att st\u00e4lla fr\u00e5gor och diskutera aktuella fr\u00e5gor.<\/p>\n<p><strong>Verksamhetsdialog med \u00d6sterg\u00f6tlands Arkivf\u00f6rbund<\/strong><br \/>\nI tisdags eftermiddag var det dags f\u00f6r \u00e5rets fj\u00e4rde dialog mellan regionen och kultursamverkansmodellen akt\u00f6rer i \u00d6sterg\u00f6tland. Denna g\u00e5ng med \u00d6sterg\u00f6tlands Arkivf\u00f6rbund, som representerades av l\u00e4nsarkivarie Albin Lindqvist och ordf\u00f6rande Mia Sandell. Eftersom jag sj\u00e4lv \u00e4r ledamot i styrelsen, som representant f\u00f6r en av medlemsorganisationerna; Kristdemokraterna i \u00d6sterg\u00f6tland, finns det m\u00f6jlighet att ha lite mer inblick i verksamheten, \u00e4n vid \u00f6vriga dialoger. Det blev en bra dialog och roligt att p\u00e5minnas om mycket positivt som \u00e4r p\u00e5 g\u00e5ng inom omr\u00e5det!<\/p>\n<p><strong>Sammantr\u00e4de med Regionutvecklingsn\u00e4mnden<\/strong><br \/>\nP\u00e5 onsdagen h\u00f6lls v\u00e5rens sista sammantr\u00e4de med regionutvecklingsn\u00e4mnden. P\u00e5 dagordningen stod flera intressanta informationer och viktiga besluts\u00e4renden. Bland annat togs beslut om Region \u00d6sterg\u00f6tlands remissvar p\u00e5 den statliga utredningen om framtiden f\u00f6r EU:s strukturfonder i Sverige. \u00c4ven del\u00e5rsrapporter f\u00f6r n\u00e4mnden och f\u00f6r regionens skolor f\u00f6r f\u00f6rsta kvartalet, beslutades. Gl\u00e4djande ser b\u00e5de m\u00e5luppfyllnad och ekonomi positiv ut, vilket \u00e4r en bra b\u00f6rjan p\u00e5 \u00e5ret. N\u00e4mnden tog ocks\u00e5 beslut om priset &#8221;\u00c5rets konsthantverkare i \u00d6sterg\u00f6tland&#8221;, som delas ut i samband med \u00d6stg\u00f6tadagarna i b\u00f6rjan av h\u00f6sten. Pristagarna blev i \u00e5r Maja Magnuson Wiklund och Helena H\u00f6glund, som driver Bj\u00f6rke v\u00e4veri (numera i S\u00f6derk\u00f6ping), bland annat f\u00f6r deras nya h\u00e5llbara kylv\u00e4skor i ull. Tidningen Folkbladet rapporterar bl.a. om priset h\u00e4r: (<a href=\"https:\/\/folkbladet.se\/nyheter\/soderkoping\/artikel\/maja-och-helena-arets-konsthantverkare-\/lw4nxv1r\" target=\"_blank\" rel=\"noopener\">https:\/\/folkbladet.se\/nyheter\/soderkoping\/artikel\/maja-och-helena-arets-konsthantverkare-\/lw4nxv1r<\/a>)<\/p>\n<p><strong>Studiebes\u00f6k i Link\u00f6ping Science Park<\/strong><br \/>\nI g\u00e5r torsdag gjorde vi fr\u00e5n \u00d6stg\u00f6tasamverkans partier ett studiebes\u00f6k i Link\u00f6ping Science Park, d\u00e4r VD Lena Miranda tog emot i Dospace co-working-lokaler i Mj\u00e4rdevi Center. Hon gav oss en uppdatering av allt imponerande arbete som sker inom ramen f\u00f6r Link\u00f6ping Science Park, med flera v\u00e4rldsledande f\u00f6retag och innovationer med stor internationell spridning. En v\u00e4sentlig del av regionala tillv\u00e4xten i \u00d6sterg\u00f6tland. Ett av f\u00f6retagen i parken, Sectra, ansl\u00f6t till studiebes\u00f6ket och ber\u00e4ttade framf\u00f6rallt om sin verksamhetsgren r\u00f6rande s\u00e4kerhetsfr\u00e5gor, som f\u00f6redrogs av Magnus Skogberg, vd f\u00f6r Sectra Communications. Tack f\u00f6r att vi fick g\u00e4sta er och f\u00f6r givande f\u00f6redragningar!<\/p>\n<p><strong>Politikerforum &#8211; dialog med regeringen om regionala utvecklingsfr\u00e5gor<\/strong><br \/>\nTorsdag eftermiddag och kv\u00e4ll och idag fredag har det varit tre olika m\u00f6ten kopplat till Politikerforum, som \u00e5r dialogytan mellan regeringen och landets regioner om regionala utvecklingsfr\u00e5gor. F\u00f6rst ut var ett m\u00f6te i SKR:s (Sveriges Kommuner och Regioner) regi om den p\u00e5g\u00e5ende processen om omstrukturering av Almi. Som jag beskrivit i ett par tidigare nyhetsbrev, genomf\u00f6rs under \u00e5ret ett arbete mellan den statliga \u00e4garen (Finansdepartementet), de regionala \u00e4garna (de 21 regionerna) och moderbolaget Almi AB, i syfte att g\u00f6ra om strukturen med de idag 16 regionala dotterbolagen. Efter lite olika turer och diskussioner har processen de senaste veckorna r\u00f6rt sig fram\u00e5t mot en gemensam l\u00f6sning. En del arbete \u00e5terst\u00e5r, men l\u00e4get nu \u00e4r betydligt klarare \u00e4n tidigare under v\u00e5ren. Almi-fr\u00e5gan fanns ocks\u00e5 med i n\u00e4stf\u00f6ljande m\u00f6tet; regionernas f\u00f6rm\u00f6te inf\u00f6r dialogen med regeringen, som h\u00f6lls p\u00e5 torsdagskv\u00e4llen p\u00e5 SKR, liksom i sj\u00e4lva Politikerforum. Bland de \u00f6vriga dialog\u00e4mnena p\u00e5 dagordningen fanns t.ex. energifr\u00e5gorna, d\u00e4r Daniel Liljeberg, statssekreterare hos energi- och n\u00e4ringsminister Ebba Busch, medverkade, liksom transportinfrastruktur, d\u00e4r Johan Davidson, statssekreterare hos infrastruktur- och bostadsminister Andreas Carlson, medverkade. EU:s sammanh\u00e5llningspolitik var som brukligt en punkt, liksom livsmedelsberedskap och den kommande utredningen om regional utvecklingspolitik och landsbygdspolitik. Hela dagen s\u00e4kert lett av statssekreterare Dan Ericsson.<\/p>\n<p>Nu \u00e4r det som sagt bara en dryg vecka kvar till valdagen f\u00f6r valet till Europaparlamentet, och i helgen v\u00e4ntar bl.a. utfr\u00e5gning i SVT av Kristdemokraternas toppkandidat Alice Teodorescu M\u00e5we. Det ger f\u00f6rhoppningsvis fler m\u00f6jlighet att uppt\u00e4cka vilken f\u00f6rn\u00e4mlig kandidat hon \u00e4r! V\u00e4dret ser ocks\u00e5 ut att bli fortsatt fint i helgen, s\u00e5 jag hoppas att ni alla f\u00e5r en riktigt trevlig helg!<\/p>\n<p>Med v\u00e4nlig h\u00e4lsning<br \/>\nPer Larsson<br \/>\nRegionr\u00e5d &#8211; Ordf\u00f6rande i Regionutvecklingsn\u00e4mnden<br \/>\nGruppledare f\u00f6r Kristdemokraterna i Region \u00d6sterg\u00f6tland<br \/>\ntfn 010-103 72 84 (arb)<br \/>\ntfn 0702-88 21 34 (mobil)<br \/>\nper.larsson@regionostergotland.se<\/p>\n<p>&nbsp;<\/p>\n","protected":false},"excerpt":{"rendered":"<p>Hej! Veckans nyhetsbrev skrivs p\u00e5 t\u00e5get hem fr\u00e5n Stockholm, d\u00e4r torsdag och fredag har inneh\u00e5llit n\u00e5gra m\u00f6ten kopplade till Politikerforum &#8211; dialogen mellan regeringen och regionerna om regionala utvecklingsfr\u00e5gor. En intensiv regionpolitisk vecka kombinerat med p\u00e5g\u00e5ende valr\u00f6relse inf\u00f6r Europaparlamentsvalet &#8211; allt i varmt sommarv\u00e4der. Opinionsm\u00e4tningarna inf\u00f6r valet visar lite olika resultat, men ig\u00e5r kom en <a class=\"read-more-link\" href=\"https:\/\/wp.kristdemokraterna.se\/regionostergotland\/nyhetsbrev-vecka-22-7\/\">Read More<\/a><\/p>\n","protected":false},"author":737,"featured_media":0,"comment_status":"closed","ping_status":"closed","sticky":false,"template":"","format":"standard","meta":{"_acf_changed":false,"footnotes":""},"categories":[1],"tags":[],"class_list":["post-2288","post","type-post","status-publish","format-standard","hentry","category-nyheter"],"acf":[],"yoast_head":"<!-- This site is optimized with the Yoast SEO plugin v27.5 - https:\/\/yoast.com\/product\/yoast-seo-wordpress\/ -->\n<title>Nyhetsbrev vecka 22 - i Region \u00d6sterg\u00f6tland<\/title>\n<meta name=\"robots\" content=\"index, follow, max-snippet:-1, max-image-preview:large, max-video-preview:-1\" \/>\n<link rel=\"canonical\" href=\"https:\/\/wp.kristdemokraterna.se\/regionostergotland\/nyhetsbrev-vecka-22-7\/\" \/>\n<meta property=\"og:locale\" content=\"sv_SE\" \/>\n<meta property=\"og:type\" content=\"article\" \/>\n<meta property=\"og:title\" content=\"Nyhetsbrev vecka 22 - i Region \u00d6sterg\u00f6tland\" \/>\n<meta property=\"og:description\" content=\"Hej! Veckans nyhetsbrev skrivs p\u00e5 t\u00e5get hem fr\u00e5n Stockholm, d\u00e4r torsdag och fredag har inneh\u00e5llit n\u00e5gra m\u00f6ten kopplade till Politikerforum &#8211; dialogen mellan regeringen och regionerna om regionala utvecklingsfr\u00e5gor. En intensiv regionpolitisk vecka kombinerat med p\u00e5g\u00e5ende valr\u00f6relse inf\u00f6r Europaparlamentsvalet &#8211; allt i varmt sommarv\u00e4der. Opinionsm\u00e4tningarna inf\u00f6r valet visar lite olika resultat, men ig\u00e5r kom en Read More\" \/>\n<meta property=\"og:url\" content=\"https:\/\/wp.kristdemokraterna.se\/regionostergotland\/nyhetsbrev-vecka-22-7\/\" \/>\n<meta property=\"og:site_name\" content=\"i Region \u00d6sterg\u00f6tland\" \/>\n<meta property=\"article:published_time\" content=\"2024-05-31T14:24:49+00:00\" \/>\n<meta property=\"og:image\" content=\"http:\/\/wp.kristdemokraterna.se\/regionostergotland\/files\/2024\/05\/bild-nyhetsbrev-2024-vecka-22-1024x533.jpg\" \/>\n\t<meta property=\"og:image:width\" content=\"1024\" \/>\n\t<meta property=\"og:image:height\" content=\"533\" \/>\n\t<meta property=\"og:image:type\" content=\"image\/jpeg\" \/>\n<meta name=\"author\" content=\"regionostergotland\" \/>\n<meta name=\"twitter:card\" content=\"summary_large_image\" \/>\n<meta name=\"twitter:label1\" content=\"Skriven av\" \/>\n\t<meta name=\"twitter:data1\" content=\"regionostergotland\" \/>\n\t<meta name=\"twitter:label2\" content=\"Ber\u00e4knad l\u00e4stid\" \/>\n\t<meta name=\"twitter:data2\" content=\"5 minuter\" \/>\n<script type=\"application\/ld+json\" class=\"yoast-schema-graph\">{\"@context\":\"https:\\\/\\\/schema.org\",\"@graph\":[{\"@type\":\"Article\",\"@id\":\"https:\\\/\\\/wp.kristdemokraterna.se\\\/regionostergotland\\\/nyhetsbrev-vecka-22-7\\\/#article\",\"isPartOf\":{\"@id\":\"https:\\\/\\\/wp.kristdemokraterna.se\\\/regionostergotland\\\/nyhetsbrev-vecka-22-7\\\/\"},\"author\":{\"name\":\"regionostergotland\",\"@id\":\"https:\\\/\\\/wp.kristdemokraterna.se\\\/regionostergotland\\\/#\\\/schema\\\/person\\\/74c3c4f502fcc489722a7be0dfe0088c\"},\"headline\":\"Nyhetsbrev vecka 22\",\"datePublished\":\"2024-05-31T14:24:49+00:00\",\"mainEntityOfPage\":{\"@id\":\"https:\\\/\\\/wp.kristdemokraterna.se\\\/regionostergotland\\\/nyhetsbrev-vecka-22-7\\\/\"},\"wordCount\":1164,\"articleSection\":[\"Nyheter\"],\"inLanguage\":\"sv-SE\"},{\"@type\":\"WebPage\",\"@id\":\"https:\\\/\\\/wp.kristdemokraterna.se\\\/regionostergotland\\\/nyhetsbrev-vecka-22-7\\\/\",\"url\":\"https:\\\/\\\/wp.kristdemokraterna.se\\\/regionostergotland\\\/nyhetsbrev-vecka-22-7\\\/\",\"name\":\"Nyhetsbrev vecka 22 - i Region \u00d6sterg\u00f6tland\",\"isPartOf\":{\"@id\":\"https:\\\/\\\/wp.kristdemokraterna.se\\\/regionostergotland\\\/#website\"},\"datePublished\":\"2024-05-31T14:24:49+00:00\",\"author\":{\"@id\":\"https:\\\/\\\/wp.kristdemokraterna.se\\\/regionostergotland\\\/#\\\/schema\\\/person\\\/74c3c4f502fcc489722a7be0dfe0088c\"},\"breadcrumb\":{\"@id\":\"https:\\\/\\\/wp.kristdemokraterna.se\\\/regionostergotland\\\/nyhetsbrev-vecka-22-7\\\/#breadcrumb\"},\"inLanguage\":\"sv-SE\",\"potentialAction\":[{\"@type\":\"ReadAction\",\"target\":[\"https:\\\/\\\/wp.kristdemokraterna.se\\\/regionostergotland\\\/nyhetsbrev-vecka-22-7\\\/\"]}]},{\"@type\":\"BreadcrumbList\",\"@id\":\"https:\\\/\\\/wp.kristdemokraterna.se\\\/regionostergotland\\\/nyhetsbrev-vecka-22-7\\\/#breadcrumb\",\"itemListElement\":[{\"@type\":\"ListItem\",\"position\":1,\"name\":\"Hem\",\"item\":\"https:\\\/\\\/wp.kristdemokraterna.se\\\/regionostergotland\\\/\"},{\"@type\":\"ListItem\",\"position\":2,\"name\":\"Nyhetsbrev vecka 22\"}]},{\"@type\":\"WebSite\",\"@id\":\"https:\\\/\\\/wp.kristdemokraterna.se\\\/regionostergotland\\\/#website\",\"url\":\"https:\\\/\\\/wp.kristdemokraterna.se\\\/regionostergotland\\\/\",\"name\":\"i Region \u00d6sterg\u00f6tland\",\"description\":\"\",\"inLanguage\":\"sv-SE\"},{\"@type\":\"Person\",\"@id\":\"https:\\\/\\\/wp.kristdemokraterna.se\\\/regionostergotland\\\/#\\\/schema\\\/person\\\/74c3c4f502fcc489722a7be0dfe0088c\",\"name\":\"regionostergotland\",\"image\":{\"@type\":\"ImageObject\",\"inLanguage\":\"sv-SE\",\"@id\":\"https:\\\/\\\/secure.gravatar.com\\\/avatar\\\/8fb8f0a216e627554da57506bfaf78d677f45512f24f703e185ec701423b1e92?s=96&d=mm&r=g\",\"url\":\"https:\\\/\\\/secure.gravatar.com\\\/avatar\\\/8fb8f0a216e627554da57506bfaf78d677f45512f24f703e185ec701423b1e92?s=96&d=mm&r=g\",\"contentUrl\":\"https:\\\/\\\/secure.gravatar.com\\\/avatar\\\/8fb8f0a216e627554da57506bfaf78d677f45512f24f703e185ec701423b1e92?s=96&d=mm&r=g\",\"caption\":\"regionostergotland\"},\"url\":\"https:\\\/\\\/wp.kristdemokraterna.se\\\/regionostergotland\\\/author\\\/regionostergotland\\\/\"}]}<\/script>\n<!-- \/ Yoast SEO plugin. -->","yoast_head_json":{"title":"Nyhetsbrev vecka 22 - i Region \u00d6sterg\u00f6tland","robots":{"index":"index","follow":"follow","max-snippet":"max-snippet:-1","max-image-preview":"max-image-preview:large","max-video-preview":"max-video-preview:-1"},"canonical":"https:\/\/wp.kristdemokraterna.se\/regionostergotland\/nyhetsbrev-vecka-22-7\/","og_locale":"sv_SE","og_type":"article","og_title":"Nyhetsbrev vecka 22 - i Region \u00d6sterg\u00f6tland","og_description":"Hej! Veckans nyhetsbrev skrivs p\u00e5 t\u00e5get hem fr\u00e5n Stockholm, d\u00e4r torsdag och fredag har inneh\u00e5llit n\u00e5gra m\u00f6ten kopplade till Politikerforum &#8211; dialogen mellan regeringen och regionerna om regionala utvecklingsfr\u00e5gor. En intensiv regionpolitisk vecka kombinerat med p\u00e5g\u00e5ende valr\u00f6relse inf\u00f6r Europaparlamentsvalet &#8211; allt i varmt sommarv\u00e4der. Opinionsm\u00e4tningarna inf\u00f6r valet visar lite olika resultat, men ig\u00e5r kom en Read More","og_url":"https:\/\/wp.kristdemokraterna.se\/regionostergotland\/nyhetsbrev-vecka-22-7\/","og_site_name":"i Region \u00d6sterg\u00f6tland","article_published_time":"2024-05-31T14:24:49+00:00","og_image":[{"width":1024,"height":533,"url":"http:\/\/wp.kristdemokraterna.se\/regionostergotland\/files\/2024\/05\/bild-nyhetsbrev-2024-vecka-22-1024x533.jpg","type":"image\/jpeg"}],"author":"regionostergotland","twitter_card":"summary_large_image","twitter_misc":{"Skriven av":"regionostergotland","Ber\u00e4knad l\u00e4stid":"5 minuter"},"schema":{"@context":"https:\/\/schema.org","@graph":[{"@type":"Article","@id":"https:\/\/wp.kristdemokraterna.se\/regionostergotland\/nyhetsbrev-vecka-22-7\/#article","isPartOf":{"@id":"https:\/\/wp.kristdemokraterna.se\/regionostergotland\/nyhetsbrev-vecka-22-7\/"},"author":{"name":"regionostergotland","@id":"https:\/\/wp.kristdemokraterna.se\/regionostergotland\/#\/schema\/person\/74c3c4f502fcc489722a7be0dfe0088c"},"headline":"Nyhetsbrev vecka 22","datePublished":"2024-05-31T14:24:49+00:00","mainEntityOfPage":{"@id":"https:\/\/wp.kristdemokraterna.se\/regionostergotland\/nyhetsbrev-vecka-22-7\/"},"wordCount":1164,"articleSection":["Nyheter"],"inLanguage":"sv-SE"},{"@type":"WebPage","@id":"https:\/\/wp.kristdemokraterna.se\/regionostergotland\/nyhetsbrev-vecka-22-7\/","url":"https:\/\/wp.kristdemokraterna.se\/regionostergotland\/nyhetsbrev-vecka-22-7\/","name":"Nyhetsbrev vecka 22 - i Region \u00d6sterg\u00f6tland","isPartOf":{"@id":"https:\/\/wp.kristdemokraterna.se\/regionostergotland\/#website"},"datePublished":"2024-05-31T14:24:49+00:00","author":{"@id":"https:\/\/wp.kristdemokraterna.se\/regionostergotland\/#\/schema\/person\/74c3c4f502fcc489722a7be0dfe0088c"},"breadcrumb":{"@id":"https:\/\/wp.kristdemokraterna.se\/regionostergotland\/nyhetsbrev-vecka-22-7\/#breadcrumb"},"inLanguage":"sv-SE","potentialAction":[{"@type":"ReadAction","target":["https:\/\/wp.kristdemokraterna.se\/regionostergotland\/nyhetsbrev-vecka-22-7\/"]}]},{"@type":"BreadcrumbList","@id":"https:\/\/wp.kristdemokraterna.se\/regionostergotland\/nyhetsbrev-vecka-22-7\/#breadcrumb","itemListElement":[{"@type":"ListItem","position":1,"name":"Hem","item":"https:\/\/wp.kristdemokraterna.se\/regionostergotland\/"},{"@type":"ListItem","position":2,"name":"Nyhetsbrev vecka 22"}]},{"@type":"WebSite","@id":"https:\/\/wp.kristdemokraterna.se\/regionostergotland\/#website","url":"https:\/\/wp.kristdemokraterna.se\/regionostergotland\/","name":"i Region \u00d6sterg\u00f6tland","description":"","inLanguage":"sv-SE"},{"@type":"Person","@id":"https:\/\/wp.kristdemokraterna.se\/regionostergotland\/#\/schema\/person\/74c3c4f502fcc489722a7be0dfe0088c","name":"regionostergotland","image":{"@type":"ImageObject","inLanguage":"sv-SE","@id":"https:\/\/secure.gravatar.com\/avatar\/8fb8f0a216e627554da57506bfaf78d677f45512f24f703e185ec701423b1e92?s=96&d=mm&r=g","url":"https:\/\/secure.gravatar.com\/avatar\/8fb8f0a216e627554da57506bfaf78d677f45512f24f703e185ec701423b1e92?s=96&d=mm&r=g","contentUrl":"https:\/\/secure.gravatar.com\/avatar\/8fb8f0a216e627554da57506bfaf78d677f45512f24f703e185ec701423b1e92?s=96&d=mm&r=g","caption":"regionostergotland"},"url":"https:\/\/wp.kristdemokraterna.se\/regionostergotland\/author\/regionostergotland\/"}]}},"_links":{"self":[{"href":"https:\/\/wp.kristdemokraterna.se\/regionostergotland\/wp-json\/wp\/v2\/posts\/2288","targetHints":{"allow":["GET"]}}],"collection":[{"href":"https:\/\/wp.kristdemokraterna.se\/regionostergotland\/wp-json\/wp\/v2\/posts"}],"about":[{"href":"https:\/\/wp.kristdemokraterna.se\/regionostergotland\/wp-json\/wp\/v2\/types\/post"}],"author":[{"embeddable":true,"href":"https:\/\/wp.kristdemokraterna.se\/regionostergotland\/wp-json\/wp\/v2\/users\/737"}],"replies":[{"embeddable":true,"href":"https:\/\/wp.kristdemokraterna.se\/regionostergotland\/wp-json\/wp\/v2\/comments?post=2288"}],"version-history":[{"count":1,"href":"https:\/\/wp.kristdemokraterna.se\/regionostergotland\/wp-json\/wp\/v2\/posts\/2288\/revisions"}],"predecessor-version":[{"id":2290,"href":"https:\/\/wp.kristdemokraterna.se\/regionostergotland\/wp-json\/wp\/v2\/posts\/2288\/revisions\/2290"}],"wp:attachment":[{"href":"https:\/\/wp.kristdemokraterna.se\/regionostergotland\/wp-json\/wp\/v2\/media?parent=2288"}],"wp:term":[{"taxonomy":"category","embeddable":true,"href":"https:\/\/wp.kristdemokraterna.se\/regionostergotland\/wp-json\/wp\/v2\/categories?post=2288"},{"taxonomy":"post_tag","embeddable":true,"href":"https:\/\/wp.kristdemokraterna.se\/regionostergotland\/wp-json\/wp\/v2\/tags?post=2288"}],"curies":[{"name":"wp","href":"https:\/\/api.w.org\/{rel}","templated":true}]}}