{"id":2291,"date":"2024-06-05T18:18:51","date_gmt":"2024-06-05T16:18:51","guid":{"rendered":"https:\/\/wp.kristdemokraterna.se\/regionostergotland\/?p=2291"},"modified":"2024-06-05T18:18:51","modified_gmt":"2024-06-05T16:18:51","slug":"nyhetsbrev-vecka-23-7","status":"publish","type":"post","link":"https:\/\/wp.kristdemokraterna.se\/regionostergotland\/nyhetsbrev-vecka-23-7\/","title":{"rendered":"Nyhetsbrev vecka 23"},"content":{"rendered":"<p>Hej!<\/p>\n<p>Det \u00e4r onsdag eftermiddag och det \u00e5terst\u00e5r bara n\u00e5gra dagar innan valdagen f\u00f6r Europaparlamentsvalet. Valtemperaturen har helt klart n\u00e5gra gradtal kvar till niv\u00e5n f\u00f6r ett riksdagsval, men har \u00e4nd\u00e5 h\u00f6jts n\u00e5got den sista veckan. Det \u00e4r ocks\u00e5 helgdagsafton inf\u00f6r morgondagens nationaldag, som ocks\u00e5 g\u00f6r att det blir en avkortad arbetsvecka f\u00f6r flera. Med tanke p\u00e5 valr\u00f6relsens spurt, m\u00e4rks det kanske inte lika tydligt f\u00f6r oss som \u00e4r politiskt engagerade, men de ordinarie regionpolitiska aktiviteterna har i huvudsak koncentrerats till veckans inledning. D\u00e4rf\u00f6r kommer ocks\u00e5 nyhetsbrevet redan idag. S\u00e5 en kort sammanfattning av det som h\u00e4nt och skett f\u00f6ljer h\u00e4r &#8211; trevlig l\u00e4sning!<!--more--><\/p>\n<p><strong>Olika aktiviteter i valr\u00f6relsen inf\u00f6r Europaparlamentsvalet<\/strong><br \/>\nValr\u00f6relsen har f\u00f6rst\u00e5s gjort sig p\u00e5mind \u00e4ven denna vecka, med pass i valstuga och andra valr\u00f6relserelaterade aktiviteter. \u00c4ven om \u00f6vriga partier i Link\u00f6ping med oj\u00e4mna mellanrum sl\u00e5r upp t\u00e4lt eller drar fram l\u00e5dcykel p\u00e5 torget, \u00e4r Kristdemokraterna enda parti som dagligen bemannar sin valstuga. Gl\u00e4djande att s\u00e5 m\u00e5nga kristdemokrater i olika \u00e5ldrar st\u00e4ller upp och g\u00f6r insatser i valr\u00f6relsen!<\/p>\n<p><strong>M\u00e5ndagsm\u00f6te om omst\u00e4llningsarbetet och strejkvarsel<\/strong><br \/>\nP\u00e5 veckans m\u00e5ndagsm\u00f6te \u00e4gnades naturligtvis en hel del tid och energi \u00e5t tv\u00e5 av de fr\u00e5gor som pr\u00e4glar regionen just nu; det omfattande arbetet med Omst\u00e4llning 2024 och V\u00e5rdf\u00f6rbundets strejkvarsel. I veckan har b\u00e5de h\u00e4lso- och sjukv\u00e5rdsn\u00e4mnden (i g\u00e5r tisdag) och regionstyrelsen (i dag onsdag) haft informationer och beslut kopplade till omst\u00e4llnings\u00e4rendet. \u00c4ven om tidplanen f\u00f6r upps\u00e4gningar efter \u00f6nskem\u00e5l fr\u00e5n de fackliga organisationerna skjutits fram till efter sommaren, togs beslut kopplade till den f\u00f6r\u00e4ndrade arbetsorganisationen, och idag onsdag hade ocks\u00e5 regionstyrelsens ordf\u00f6rande Marie Morell (M) och regiondirekt\u00f6r Mikael Borin en presstr\u00e4ff om \u00e4rendet.<\/p>\n<p><strong>Verksamhetsdialoger med Scenkonst \u00d6st och \u00d6sterg\u00f6tlands Museum<\/strong><br \/>\nI g\u00e5r tisdag fortsatte dialogerna med akt\u00f6rerna inom kultursamverkansmodellen i \u00d6sterg\u00f6tland. Turen hade denna g\u00e5ng kommit till de tv\u00e5 st\u00f6rsta akt\u00f6rerna. Dels Scenkonst \u00d6st, som best\u00e5r av \u00d6stg\u00f6tateatern med Ung Scen \u00d6st, \u00d6stg\u00f6tamusiken och Norrk\u00f6pings Symfoniorkester, och dels \u00d6sterg\u00f6tlands Museum som ut\u00f6ver sj\u00e4lva museet i Link\u00f6ping ocks\u00e5 omfattar L\u00f6fstad slott, Sancta Birgitta klostermuseum och museig\u00e5rdarna. Vid dessa b\u00e5da dialoger deltar ocks\u00e5, representanter f\u00f6r Link\u00f6pings och Norrk\u00f6pings kommuner, som del\u00e4gare i Scenkonst \u00d6st AB och stiftare respektive bidragsgivare till \u00d6sterg\u00f6tlands Museum respektive L\u00f6fstad slott. B\u00e5da dialogerna bj\u00f6d p\u00e5 mycket att gl\u00e4djas och imponeras \u00f6ver, men ocks\u00e5 exempel p\u00e5 utmaningar fram\u00e5t. I vilket fall som helst verksamheter att vara tacksam \u00f6ver och som bidrar mycket till utvecklingen av \u00d6sterg\u00f6tland!<\/p>\n<p><strong>Sammantr\u00e4de med \u00d6sterg\u00f6tlands Integrationsr\u00e5d<\/strong><br \/>\nIdag onsdag h\u00f6lls \u00e5rets andra sammantr\u00e4de med \u00d6sterg\u00f6tlands Integrationsr\u00e5d. R\u00e5det samlar kommunerna i \u00d6sterg\u00f6tland, regionen, Migrationsverket, Arbetsf\u00f6rmedlingen och L\u00e4nsstyrelsen, som genom landsh\u00f6vdingen \u00e4r sammankallande. P\u00e5 dagordningen stod ut\u00f6ver sedvanliga rapporter fr\u00e5n de tre myndigheterna, ocks\u00e5 en intressant f\u00f6redragning av den nyligen inledda statliga utredningen &#8221;Ett nytt system f\u00f6r bos\u00e4ttning av nyanl\u00e4nda&#8221; fr\u00e5n utredaren Mathias Wahlsten.<\/p>\n<p><strong>Extra sammantr\u00e4de med politiska ledningsgruppen<\/strong><br \/>\nOnsdagen har ocks\u00e5 inneh\u00e5llit ett extra sammantr\u00e4de med regionens politiska ledningsgrupp f\u00f6r information om aktuellt l\u00e4ge r\u00f6rande V\u00e5rdf\u00f6rbundets ig\u00e5r p\u00e5b\u00f6rjade strejk, som ber\u00f6r verksamheter p\u00e5 Universitetssjukhuset i Link\u00f6ping. Delar av strejkvarslet som regionen bed\u00f6mde vara samh\u00e4llsfarlig, har strukits, men trots det kommer s\u00e5 klart strejken, s\u00e4rskilt om den blir l\u00e5ngvarig, framf\u00f6r allt p\u00e5verka tillg\u00e4ngligheten till v\u00e5rd i \u00d6sterg\u00f6tland. Det \u00e5terst\u00e5r att se hur l\u00e4get utvecklar sig den n\u00e4rmaste tiden.<\/p>\n<p>N\u00e4r nu nationaldagshelg och valspurt v\u00e4ntar k\u00e4nns det positivt att ha dagens upp\u00e5tg\u00e5ende opinionsm\u00e4tning f\u00f6r Kristdemokraterna i ryggen. Nu g\u00e4ller det att vi alla hj\u00e4lps \u00e5t s\u00e5 att \u00f6kningen forts\u00e4tter fram till valdagen och ger Kristdemokraterna ett starkt valresultat! Jag hoppas att ni alla f\u00e5r en trevlig nationaldagshelg, och lycka till alla kristdemokrater i valspurten! Kanske ses vi p\u00e5 valvaka p\u00e5 s\u00f6ndag?<\/p>\n<p>Med v\u00e4nlig h\u00e4lsning<br \/>\nPer Larsson<br \/>\nRegionr\u00e5d &#8211; Ordf\u00f6rande i Regionutvecklingsn\u00e4mnden<br \/>\nGruppledare f\u00f6r Kristdemokraterna i Region \u00d6sterg\u00f6tland<br \/>\ntfn 010-103 72 84 (arb)<br \/>\ntfn 0702-88 21 34 (mobil)<br \/>\nper.larsson@regionostergotland.se<\/p>\n<p>&nbsp;<\/p>\n","protected":false},"excerpt":{"rendered":"<p>Hej! Det \u00e4r onsdag eftermiddag och det \u00e5terst\u00e5r bara n\u00e5gra dagar innan valdagen f\u00f6r Europaparlamentsvalet. Valtemperaturen har helt klart n\u00e5gra gradtal kvar till niv\u00e5n f\u00f6r ett riksdagsval, men har \u00e4nd\u00e5 h\u00f6jts n\u00e5got den sista veckan. Det \u00e4r ocks\u00e5 helgdagsafton inf\u00f6r morgondagens nationaldag, som ocks\u00e5 g\u00f6r att det blir en avkortad arbetsvecka f\u00f6r flera. Med tanke <a class=\"read-more-link\" href=\"https:\/\/wp.kristdemokraterna.se\/regionostergotland\/nyhetsbrev-vecka-23-7\/\">Read More<\/a><\/p>\n","protected":false},"author":737,"featured_media":0,"comment_status":"closed","ping_status":"closed","sticky":false,"template":"","format":"standard","meta":{"_acf_changed":false,"footnotes":""},"categories":[1],"tags":[],"class_list":["post-2291","post","type-post","status-publish","format-standard","hentry","category-nyheter"],"acf":[],"yoast_head":"<!-- This site is optimized with the Yoast SEO plugin v27.5 - https:\/\/yoast.com\/product\/yoast-seo-wordpress\/ -->\n<title>Nyhetsbrev vecka 23 - i Region \u00d6sterg\u00f6tland<\/title>\n<meta name=\"robots\" content=\"index, follow, max-snippet:-1, max-image-preview:large, max-video-preview:-1\" \/>\n<link rel=\"canonical\" href=\"https:\/\/wp.kristdemokraterna.se\/regionostergotland\/nyhetsbrev-vecka-23-7\/\" \/>\n<meta property=\"og:locale\" content=\"sv_SE\" \/>\n<meta property=\"og:type\" content=\"article\" \/>\n<meta property=\"og:title\" content=\"Nyhetsbrev vecka 23 - i Region \u00d6sterg\u00f6tland\" \/>\n<meta property=\"og:description\" content=\"Hej! Det \u00e4r onsdag eftermiddag och det \u00e5terst\u00e5r bara n\u00e5gra dagar innan valdagen f\u00f6r Europaparlamentsvalet. Valtemperaturen har helt klart n\u00e5gra gradtal kvar till niv\u00e5n f\u00f6r ett riksdagsval, men har \u00e4nd\u00e5 h\u00f6jts n\u00e5got den sista veckan. Det \u00e4r ocks\u00e5 helgdagsafton inf\u00f6r morgondagens nationaldag, som ocks\u00e5 g\u00f6r att det blir en avkortad arbetsvecka f\u00f6r flera. Med tanke Read More\" \/>\n<meta property=\"og:url\" content=\"https:\/\/wp.kristdemokraterna.se\/regionostergotland\/nyhetsbrev-vecka-23-7\/\" \/>\n<meta property=\"og:site_name\" content=\"i Region \u00d6sterg\u00f6tland\" \/>\n<meta property=\"article:published_time\" content=\"2024-06-05T16:18:51+00:00\" \/>\n<meta property=\"og:image\" content=\"http:\/\/wp.kristdemokraterna.se\/regionostergotland\/files\/2024\/06\/bild-nyhetsbrev-2024-vecka-23-1024x533.jpg\" \/>\n\t<meta property=\"og:image:width\" content=\"1024\" \/>\n\t<meta property=\"og:image:height\" content=\"533\" \/>\n\t<meta property=\"og:image:type\" content=\"image\/jpeg\" \/>\n<meta name=\"author\" content=\"regionostergotland\" \/>\n<meta name=\"twitter:card\" content=\"summary_large_image\" \/>\n<meta name=\"twitter:label1\" content=\"Skriven av\" \/>\n\t<meta name=\"twitter:data1\" content=\"regionostergotland\" \/>\n\t<meta name=\"twitter:label2\" content=\"Ber\u00e4knad l\u00e4stid\" \/>\n\t<meta name=\"twitter:data2\" content=\"4 minuter\" \/>\n<script type=\"application\/ld+json\" class=\"yoast-schema-graph\">{\"@context\":\"https:\\\/\\\/schema.org\",\"@graph\":[{\"@type\":\"Article\",\"@id\":\"https:\\\/\\\/wp.kristdemokraterna.se\\\/regionostergotland\\\/nyhetsbrev-vecka-23-7\\\/#article\",\"isPartOf\":{\"@id\":\"https:\\\/\\\/wp.kristdemokraterna.se\\\/regionostergotland\\\/nyhetsbrev-vecka-23-7\\\/\"},\"author\":{\"name\":\"regionostergotland\",\"@id\":\"https:\\\/\\\/wp.kristdemokraterna.se\\\/regionostergotland\\\/#\\\/schema\\\/person\\\/74c3c4f502fcc489722a7be0dfe0088c\"},\"headline\":\"Nyhetsbrev vecka 23\",\"datePublished\":\"2024-06-05T16:18:51+00:00\",\"mainEntityOfPage\":{\"@id\":\"https:\\\/\\\/wp.kristdemokraterna.se\\\/regionostergotland\\\/nyhetsbrev-vecka-23-7\\\/\"},\"wordCount\":768,\"articleSection\":[\"Nyheter\"],\"inLanguage\":\"sv-SE\"},{\"@type\":\"WebPage\",\"@id\":\"https:\\\/\\\/wp.kristdemokraterna.se\\\/regionostergotland\\\/nyhetsbrev-vecka-23-7\\\/\",\"url\":\"https:\\\/\\\/wp.kristdemokraterna.se\\\/regionostergotland\\\/nyhetsbrev-vecka-23-7\\\/\",\"name\":\"Nyhetsbrev vecka 23 - i Region \u00d6sterg\u00f6tland\",\"isPartOf\":{\"@id\":\"https:\\\/\\\/wp.kristdemokraterna.se\\\/regionostergotland\\\/#website\"},\"datePublished\":\"2024-06-05T16:18:51+00:00\",\"author\":{\"@id\":\"https:\\\/\\\/wp.kristdemokraterna.se\\\/regionostergotland\\\/#\\\/schema\\\/person\\\/74c3c4f502fcc489722a7be0dfe0088c\"},\"breadcrumb\":{\"@id\":\"https:\\\/\\\/wp.kristdemokraterna.se\\\/regionostergotland\\\/nyhetsbrev-vecka-23-7\\\/#breadcrumb\"},\"inLanguage\":\"sv-SE\",\"potentialAction\":[{\"@type\":\"ReadAction\",\"target\":[\"https:\\\/\\\/wp.kristdemokraterna.se\\\/regionostergotland\\\/nyhetsbrev-vecka-23-7\\\/\"]}]},{\"@type\":\"BreadcrumbList\",\"@id\":\"https:\\\/\\\/wp.kristdemokraterna.se\\\/regionostergotland\\\/nyhetsbrev-vecka-23-7\\\/#breadcrumb\",\"itemListElement\":[{\"@type\":\"ListItem\",\"position\":1,\"name\":\"Hem\",\"item\":\"https:\\\/\\\/wp.kristdemokraterna.se\\\/regionostergotland\\\/\"},{\"@type\":\"ListItem\",\"position\":2,\"name\":\"Nyhetsbrev vecka 23\"}]},{\"@type\":\"WebSite\",\"@id\":\"https:\\\/\\\/wp.kristdemokraterna.se\\\/regionostergotland\\\/#website\",\"url\":\"https:\\\/\\\/wp.kristdemokraterna.se\\\/regionostergotland\\\/\",\"name\":\"i Region \u00d6sterg\u00f6tland\",\"description\":\"\",\"inLanguage\":\"sv-SE\"},{\"@type\":\"Person\",\"@id\":\"https:\\\/\\\/wp.kristdemokraterna.se\\\/regionostergotland\\\/#\\\/schema\\\/person\\\/74c3c4f502fcc489722a7be0dfe0088c\",\"name\":\"regionostergotland\",\"image\":{\"@type\":\"ImageObject\",\"inLanguage\":\"sv-SE\",\"@id\":\"https:\\\/\\\/secure.gravatar.com\\\/avatar\\\/8fb8f0a216e627554da57506bfaf78d677f45512f24f703e185ec701423b1e92?s=96&d=mm&r=g\",\"url\":\"https:\\\/\\\/secure.gravatar.com\\\/avatar\\\/8fb8f0a216e627554da57506bfaf78d677f45512f24f703e185ec701423b1e92?s=96&d=mm&r=g\",\"contentUrl\":\"https:\\\/\\\/secure.gravatar.com\\\/avatar\\\/8fb8f0a216e627554da57506bfaf78d677f45512f24f703e185ec701423b1e92?s=96&d=mm&r=g\",\"caption\":\"regionostergotland\"},\"url\":\"https:\\\/\\\/wp.kristdemokraterna.se\\\/regionostergotland\\\/author\\\/regionostergotland\\\/\"}]}<\/script>\n<!-- \/ Yoast SEO plugin. -->","yoast_head_json":{"title":"Nyhetsbrev vecka 23 - i Region \u00d6sterg\u00f6tland","robots":{"index":"index","follow":"follow","max-snippet":"max-snippet:-1","max-image-preview":"max-image-preview:large","max-video-preview":"max-video-preview:-1"},"canonical":"https:\/\/wp.kristdemokraterna.se\/regionostergotland\/nyhetsbrev-vecka-23-7\/","og_locale":"sv_SE","og_type":"article","og_title":"Nyhetsbrev vecka 23 - i Region \u00d6sterg\u00f6tland","og_description":"Hej! Det \u00e4r onsdag eftermiddag och det \u00e5terst\u00e5r bara n\u00e5gra dagar innan valdagen f\u00f6r Europaparlamentsvalet. Valtemperaturen har helt klart n\u00e5gra gradtal kvar till niv\u00e5n f\u00f6r ett riksdagsval, men har \u00e4nd\u00e5 h\u00f6jts n\u00e5got den sista veckan. Det \u00e4r ocks\u00e5 helgdagsafton inf\u00f6r morgondagens nationaldag, som ocks\u00e5 g\u00f6r att det blir en avkortad arbetsvecka f\u00f6r flera. Med tanke Read More","og_url":"https:\/\/wp.kristdemokraterna.se\/regionostergotland\/nyhetsbrev-vecka-23-7\/","og_site_name":"i Region \u00d6sterg\u00f6tland","article_published_time":"2024-06-05T16:18:51+00:00","og_image":[{"width":1024,"height":533,"url":"http:\/\/wp.kristdemokraterna.se\/regionostergotland\/files\/2024\/06\/bild-nyhetsbrev-2024-vecka-23-1024x533.jpg","type":"image\/jpeg"}],"author":"regionostergotland","twitter_card":"summary_large_image","twitter_misc":{"Skriven av":"regionostergotland","Ber\u00e4knad l\u00e4stid":"4 minuter"},"schema":{"@context":"https:\/\/schema.org","@graph":[{"@type":"Article","@id":"https:\/\/wp.kristdemokraterna.se\/regionostergotland\/nyhetsbrev-vecka-23-7\/#article","isPartOf":{"@id":"https:\/\/wp.kristdemokraterna.se\/regionostergotland\/nyhetsbrev-vecka-23-7\/"},"author":{"name":"regionostergotland","@id":"https:\/\/wp.kristdemokraterna.se\/regionostergotland\/#\/schema\/person\/74c3c4f502fcc489722a7be0dfe0088c"},"headline":"Nyhetsbrev vecka 23","datePublished":"2024-06-05T16:18:51+00:00","mainEntityOfPage":{"@id":"https:\/\/wp.kristdemokraterna.se\/regionostergotland\/nyhetsbrev-vecka-23-7\/"},"wordCount":768,"articleSection":["Nyheter"],"inLanguage":"sv-SE"},{"@type":"WebPage","@id":"https:\/\/wp.kristdemokraterna.se\/regionostergotland\/nyhetsbrev-vecka-23-7\/","url":"https:\/\/wp.kristdemokraterna.se\/regionostergotland\/nyhetsbrev-vecka-23-7\/","name":"Nyhetsbrev vecka 23 - i Region \u00d6sterg\u00f6tland","isPartOf":{"@id":"https:\/\/wp.kristdemokraterna.se\/regionostergotland\/#website"},"datePublished":"2024-06-05T16:18:51+00:00","author":{"@id":"https:\/\/wp.kristdemokraterna.se\/regionostergotland\/#\/schema\/person\/74c3c4f502fcc489722a7be0dfe0088c"},"breadcrumb":{"@id":"https:\/\/wp.kristdemokraterna.se\/regionostergotland\/nyhetsbrev-vecka-23-7\/#breadcrumb"},"inLanguage":"sv-SE","potentialAction":[{"@type":"ReadAction","target":["https:\/\/wp.kristdemokraterna.se\/regionostergotland\/nyhetsbrev-vecka-23-7\/"]}]},{"@type":"BreadcrumbList","@id":"https:\/\/wp.kristdemokraterna.se\/regionostergotland\/nyhetsbrev-vecka-23-7\/#breadcrumb","itemListElement":[{"@type":"ListItem","position":1,"name":"Hem","item":"https:\/\/wp.kristdemokraterna.se\/regionostergotland\/"},{"@type":"ListItem","position":2,"name":"Nyhetsbrev vecka 23"}]},{"@type":"WebSite","@id":"https:\/\/wp.kristdemokraterna.se\/regionostergotland\/#website","url":"https:\/\/wp.kristdemokraterna.se\/regionostergotland\/","name":"i Region \u00d6sterg\u00f6tland","description":"","inLanguage":"sv-SE"},{"@type":"Person","@id":"https:\/\/wp.kristdemokraterna.se\/regionostergotland\/#\/schema\/person\/74c3c4f502fcc489722a7be0dfe0088c","name":"regionostergotland","image":{"@type":"ImageObject","inLanguage":"sv-SE","@id":"https:\/\/secure.gravatar.com\/avatar\/8fb8f0a216e627554da57506bfaf78d677f45512f24f703e185ec701423b1e92?s=96&d=mm&r=g","url":"https:\/\/secure.gravatar.com\/avatar\/8fb8f0a216e627554da57506bfaf78d677f45512f24f703e185ec701423b1e92?s=96&d=mm&r=g","contentUrl":"https:\/\/secure.gravatar.com\/avatar\/8fb8f0a216e627554da57506bfaf78d677f45512f24f703e185ec701423b1e92?s=96&d=mm&r=g","caption":"regionostergotland"},"url":"https:\/\/wp.kristdemokraterna.se\/regionostergotland\/author\/regionostergotland\/"}]}},"_links":{"self":[{"href":"https:\/\/wp.kristdemokraterna.se\/regionostergotland\/wp-json\/wp\/v2\/posts\/2291","targetHints":{"allow":["GET"]}}],"collection":[{"href":"https:\/\/wp.kristdemokraterna.se\/regionostergotland\/wp-json\/wp\/v2\/posts"}],"about":[{"href":"https:\/\/wp.kristdemokraterna.se\/regionostergotland\/wp-json\/wp\/v2\/types\/post"}],"author":[{"embeddable":true,"href":"https:\/\/wp.kristdemokraterna.se\/regionostergotland\/wp-json\/wp\/v2\/users\/737"}],"replies":[{"embeddable":true,"href":"https:\/\/wp.kristdemokraterna.se\/regionostergotland\/wp-json\/wp\/v2\/comments?post=2291"}],"version-history":[{"count":1,"href":"https:\/\/wp.kristdemokraterna.se\/regionostergotland\/wp-json\/wp\/v2\/posts\/2291\/revisions"}],"predecessor-version":[{"id":2293,"href":"https:\/\/wp.kristdemokraterna.se\/regionostergotland\/wp-json\/wp\/v2\/posts\/2291\/revisions\/2293"}],"wp:attachment":[{"href":"https:\/\/wp.kristdemokraterna.se\/regionostergotland\/wp-json\/wp\/v2\/media?parent=2291"}],"wp:term":[{"taxonomy":"category","embeddable":true,"href":"https:\/\/wp.kristdemokraterna.se\/regionostergotland\/wp-json\/wp\/v2\/categories?post=2291"},{"taxonomy":"post_tag","embeddable":true,"href":"https:\/\/wp.kristdemokraterna.se\/regionostergotland\/wp-json\/wp\/v2\/tags?post=2291"}],"curies":[{"name":"wp","href":"https:\/\/api.w.org\/{rel}","templated":true}]}}