{"id":2294,"date":"2024-06-14T17:55:58","date_gmt":"2024-06-14T15:55:58","guid":{"rendered":"https:\/\/wp.kristdemokraterna.se\/regionostergotland\/?p=2294"},"modified":"2024-06-14T17:55:58","modified_gmt":"2024-06-14T15:55:58","slug":"nyhetsbrev-vecka-24-7","status":"publish","type":"post","link":"https:\/\/wp.kristdemokraterna.se\/regionostergotland\/nyhetsbrev-vecka-24-7\/","title":{"rendered":"Nyhetsbrev vecka 24"},"content":{"rendered":"<p>Hej!<\/p>\n<p>I dag har m\u00e5nga gymnasister med studentm\u00f6ssor sprungit ut p\u00e5 trapporna framf\u00f6r sina gymnasieskolor och m\u00f6tts av familj, sl\u00e4kt och v\u00e4nner. Den senaste veckan har m\u00e5nga skolavslutningar g\u00e5tt av stapeln runt om i \u00d6sterg\u00f6tland. Ocks\u00e5 inom politiken m\u00e4rks det att vi n\u00e4rmar oss lite lugnare sommartider, \u00e4ven om det \u00e4nnu \u00e5terst\u00e5r en del viktiga h\u00e4ndelser, som t.ex. n\u00e4sta veckas regionfullm\u00e4ktige. Men nu blir det som vanligt fokus p\u00e5 den g\u00e5ngna veckans aktiviteter i veckans nyhetsbrev. Trevlig l\u00e4sning!<!--more--><\/p>\n<p><strong>Studiebes\u00f6k p\u00e5 S\u00e4rtsh\u00f6ga Ving\u00e5rd<\/strong><br \/>\nI fredags gjorde vi fr\u00e5n Kristdemokraterna i \u00d6sterg\u00f6tland ett studiebes\u00f6k p\u00e5 S\u00e4rtsh\u00f6ga Ving\u00e5rd utanf\u00f6r \u00d6desh\u00f6g. P\u00e5 S\u00e4rtsh\u00f6ga odlas vindruvor och tillverkas vin, erbjuds vinprovningar och finns \u00f6vernattningsm\u00f6jligheter. En intressant och framg\u00e5ngsrik akt\u00f6r i den \u00f6stg\u00f6tska bes\u00f6ksn\u00e4ringen. Tidigare i f\u00f6rra veckan kom besked fr\u00e5n regeringen att man l\u00e4gger fram f\u00f6rslag som m\u00f6jligg\u00f6r en viss form av g\u00e5rdsf\u00f6rs\u00e4ljning i samband med en bes\u00f6ksupplevelse p\u00e5 anl\u00e4ggningar p\u00e5 landsbygden av S\u00e4rtsh\u00f6gas karakt\u00e4r. Familjen Albinsson, som driver S\u00e4rstsh\u00f6ga, var positiva till regeringens besked, och ser fram emot att forts\u00e4tta utveckla sin verksamhet. Vi hade ocks\u00e5 bjudit in representanter fr\u00e5n media till v\u00e5rt bes\u00f6k, och n\u00e5gra d\u00f6k upp, bl.a. \u00d6stg\u00f6tatidningen, vars artikel fr\u00e5n bes\u00f6ket du kan l\u00e4sa h\u00e4r: (<a href=\"https:\/\/e-tidning.ostgotatidningen.se\/p\/ostgotatidningen\/2024-06-11\/r\/4\/6-7\/2739\/1480815\" target=\"_blank\" rel=\"noopener\">https:\/\/e-tidning.ostgotatidningen.se\/p\/ostgotatidningen\/2024-06-11\/r\/4\/6-7\/2739\/1480815<\/a>).<\/p>\n<p><strong>Slutspurt och valdag f\u00f6r valet till Europaparlamentet<\/strong><br \/>\nSlutet p\u00e5 f\u00f6rra veckan dominerades av s\u00f6ndagens val till Europaparlamentet. Det blev olika kampanjaktiviteter i slutet av veckan, bl.a. ett bes\u00f6k i Vadstena f\u00f6r torgkampanj tillsammans med partiavdelningen i Vadstena. P\u00e5 sj\u00e4lva valdagen bj\u00f6d Kristdemokraterna i Link\u00f6ping in till valvaka och personer fr\u00e5n flera andra partiavdelningar i \u00d6sterg\u00f6tland deltog. Efter att Kristdemokraterna i valr\u00f6relsens b\u00f6rjan inte l\u00e5g mycket h\u00f6gre \u00e4n 2 procent i opinionsm\u00e4tningarna, innebar valr\u00f6relsens slutskede en ordentlig upph\u00e4mtning, och slutresultatet p\u00e5 5,7 procent k\u00e4ndes d\u00e4rmed som en framg\u00e5ng, och d\u00e4rf\u00f6r blev st\u00e4mningen p\u00e5 valvakan god! Stort tack till alla som gjorde insatser i valr\u00f6relsen och till arrang\u00f6rerna av valvakan f\u00f6r en trevlig kv\u00e4ll!<\/p>\n<p><strong>M\u00e5ndagsm\u00f6te med f\u00f6rberedelser inf\u00f6r regionfullm\u00e4ktige<\/strong><br \/>\nVid veckans m\u00e5ndagsm\u00f6te med \u00d6stg\u00f6tasamverkan var fokus fr\u00e4mst p\u00e5 n\u00e4sta veckas regionfullm\u00e4ktigesammantr\u00e4de. Regionfullm\u00e4ktiges ordf\u00f6rande Nils Babtist (L) och f\u00f6rste vice ordf\u00f6rande Elvira Wibeck (KD) g\u00e4stade m\u00e5ndagsm\u00f6tet, f\u00f6r gemensamma f\u00f6rberedelser. Ut\u00f6ver beslut om Tre\u00e5rsbudget 2025-2027, har en hel del interpellationer l\u00e4mnats in, vilket kr\u00e4ver f\u00f6rberedelser under veckan.<\/p>\n<p><strong>Strategim\u00f6te och styrelsem\u00f6te med Almi \u00d6sterg\u00f6tland<\/strong><br \/>\nI tisdags samlades styrelsen f\u00f6r Almi F\u00f6retagspartner \u00d6sterg\u00f6tland AB till sammantr\u00e4de. Ut\u00f6ver sedvanligt styrelsem\u00f6te med traditionella styrelse\u00e4renden, inleddes med ett strategim\u00f6te, d\u00e4r vi bl.a. fick utbildning kring hur Almi arbetar med risk och rating n\u00e4r det g\u00e4ller f\u00f6retagen som ans\u00f6ker om l\u00e5n, liksom f\u00f6rde diskussioner om strategi f\u00f6r \u00f6kad l\u00e5nevolym bl.a. \u00f6stg\u00f6tska f\u00f6retag. Alltid v\u00e4rdefullt att f\u00e5 lite mer tid till samtal och diskussion om strategiska fr\u00e5gor!<\/p>\n<p><strong>Sammantr\u00e4desdagar p\u00e5 Sveriges Kommuner och Regioner (SKR)<\/strong><br \/>\nUnder onsdagen och torsdagen var det dags f\u00f6r v\u00e5rens sista omg\u00e5ng av sammantr\u00e4desdagar p\u00e5 Sveriges Kommuner och Regioner (SKR). Gruppm\u00f6ten onsdag och torsdag med Kristdemokraternas partigrupp i SKR, med diskussioner kring aktuella fr\u00e5gor i de olika beredningarna och delegationerna, och p\u00e5 torsdagen beredningssammantr\u00e4de med beredningen f\u00f6r tillv\u00e4xt och regional utveckling, d\u00e4r vi bl.a. behandlade SKR:s yttrande p\u00e5 den statliga utredningen om f\u00f6rvaltningen av EU-medel, d\u00e4r det finns viss f\u00f6rb\u00e4ttringspotential n\u00e4r det g\u00e4ller f\u00f6rslagen kopplat till regionernas lagstadgade ansvar f\u00f6r regional utveckling!<\/p>\n<p><strong>Tr\u00e4ff med kristdemokratiska gruppledare och ordf\u00f6rande i \u00d6sterg\u00f6tland<\/strong><br \/>\nI g\u00e5r kv\u00e4ll bj\u00f6d Kristdemokraterna i \u00d6sterg\u00f6tland in till en tr\u00e4ff f\u00f6r gruppledare och ordf\u00f6rande i partiavdelningarna runt om i l\u00e4net. P\u00e5 dagordningen stod bl.a. utv\u00e4rdering av valr\u00f6relsen inf\u00f6r Europaparlamentsvalet och samtal kring fr\u00e5gest\u00e4llande r\u00f6rande en p\u00e5g\u00e5ende organisationsutredning inom Kristdemokraterna. Bra diskussioner som blev gemensamma medskick fr\u00e5n \u00d6stg\u00f6tadistriktet!<\/p>\n<p><strong>Prioriteringsm\u00f6te med strukturfondspartnerskapet \u00d6stra Mellansverige<\/strong><br \/>\nIdag fredag h\u00f6lls \u00e5rets andra prioriteringsm\u00f6te med Strukturfondspartnerskapet \u00d6stra Mellansverige. Denna g\u00e5ng hade turen kommit till Region \u00d6rebro l\u00e4n att vara v\u00e4rd f\u00f6r m\u00f6tet, och vi samlades i en konferensanl\u00e4ggning i centrala \u00d6rebro. P\u00e5 dagordningen stod prioriteringar av medel fr\u00e5n b\u00e5de Europeiska regionalfonden (ERUF) och Europeiska socialfonden (ESF). Flera bra projekt kunde prioriteras, varav ett antal \u00f6stg\u00f6tska. Dessutom beslutade \u00e4ven partnerskapet om ett remissvar p\u00e5 den statliga utredningen om f\u00f6rvaltningen av EU-medel &#8211; till st\u00f6rsta delen helt i samklang med remissvar fr\u00e5n b\u00e5de Region \u00d6sterg\u00f6tland och SKR.<\/p>\n<p>Nu n\u00e4rmar vi oss fredagskv\u00e4llen och helgen. Efter flera helger med EU-valr\u00f6relseaktiviteter \u00e4r det den stundande helgen lugnare p\u00e5 politikfronten. Hoppas att du f\u00e5r en riktigt trevlig helg!<\/p>\n<p>Med v\u00e4nlig h\u00e4lsning<br \/>\nPer Larsson<br \/>\nRegionr\u00e5d &#8211; Ordf\u00f6rande i Regionutvecklingsn\u00e4mnden<br \/>\nGruppledare f\u00f6r Kristdemokraterna i Region \u00d6sterg\u00f6tland<br \/>\ntfn 010-103 72 84 (arb)<br \/>\ntfn 0702-88 21 34 (mobil)<br \/>\nper.larsson@regionostergotland.se<\/p>\n<p>&nbsp;<\/p>\n","protected":false},"excerpt":{"rendered":"<p>Hej! I dag har m\u00e5nga gymnasister med studentm\u00f6ssor sprungit ut p\u00e5 trapporna framf\u00f6r sina gymnasieskolor och m\u00f6tts av familj, sl\u00e4kt och v\u00e4nner. Den senaste veckan har m\u00e5nga skolavslutningar g\u00e5tt av stapeln runt om i \u00d6sterg\u00f6tland. Ocks\u00e5 inom politiken m\u00e4rks det att vi n\u00e4rmar oss lite lugnare sommartider, \u00e4ven om det \u00e4nnu \u00e5terst\u00e5r en del viktiga <a class=\"read-more-link\" href=\"https:\/\/wp.kristdemokraterna.se\/regionostergotland\/nyhetsbrev-vecka-24-7\/\">Read More<\/a><\/p>\n","protected":false},"author":737,"featured_media":0,"comment_status":"closed","ping_status":"closed","sticky":false,"template":"","format":"standard","meta":{"_acf_changed":false,"footnotes":""},"categories":[1],"tags":[],"class_list":["post-2294","post","type-post","status-publish","format-standard","hentry","category-nyheter"],"acf":[],"yoast_head":"<!-- This site is optimized with the Yoast SEO plugin v27.5 - https:\/\/yoast.com\/product\/yoast-seo-wordpress\/ -->\n<title>Nyhetsbrev vecka 24 - i Region \u00d6sterg\u00f6tland<\/title>\n<meta name=\"robots\" content=\"index, follow, max-snippet:-1, max-image-preview:large, max-video-preview:-1\" \/>\n<link rel=\"canonical\" href=\"https:\/\/wp.kristdemokraterna.se\/regionostergotland\/nyhetsbrev-vecka-24-7\/\" \/>\n<meta property=\"og:locale\" content=\"sv_SE\" \/>\n<meta property=\"og:type\" content=\"article\" \/>\n<meta property=\"og:title\" content=\"Nyhetsbrev vecka 24 - i Region \u00d6sterg\u00f6tland\" \/>\n<meta property=\"og:description\" content=\"Hej! I dag har m\u00e5nga gymnasister med studentm\u00f6ssor sprungit ut p\u00e5 trapporna framf\u00f6r sina gymnasieskolor och m\u00f6tts av familj, sl\u00e4kt och v\u00e4nner. Den senaste veckan har m\u00e5nga skolavslutningar g\u00e5tt av stapeln runt om i \u00d6sterg\u00f6tland. Ocks\u00e5 inom politiken m\u00e4rks det att vi n\u00e4rmar oss lite lugnare sommartider, \u00e4ven om det \u00e4nnu \u00e5terst\u00e5r en del viktiga Read More\" \/>\n<meta property=\"og:url\" content=\"https:\/\/wp.kristdemokraterna.se\/regionostergotland\/nyhetsbrev-vecka-24-7\/\" \/>\n<meta property=\"og:site_name\" content=\"i Region \u00d6sterg\u00f6tland\" \/>\n<meta property=\"article:published_time\" content=\"2024-06-14T15:55:58+00:00\" \/>\n<meta property=\"og:image\" content=\"http:\/\/wp.kristdemokraterna.se\/regionostergotland\/files\/2024\/06\/bild-nyhetsbrev-2024-vecka-24-1024x533.jpg\" \/>\n\t<meta property=\"og:image:width\" content=\"1024\" \/>\n\t<meta property=\"og:image:height\" content=\"533\" \/>\n\t<meta property=\"og:image:type\" content=\"image\/jpeg\" \/>\n<meta name=\"author\" content=\"regionostergotland\" \/>\n<meta name=\"twitter:card\" content=\"summary_large_image\" \/>\n<meta name=\"twitter:label1\" content=\"Skriven av\" \/>\n\t<meta name=\"twitter:data1\" content=\"regionostergotland\" \/>\n\t<meta name=\"twitter:label2\" content=\"Ber\u00e4knad l\u00e4stid\" \/>\n\t<meta name=\"twitter:data2\" content=\"4 minuter\" \/>\n<script type=\"application\/ld+json\" class=\"yoast-schema-graph\">{\"@context\":\"https:\\\/\\\/schema.org\",\"@graph\":[{\"@type\":\"Article\",\"@id\":\"https:\\\/\\\/wp.kristdemokraterna.se\\\/regionostergotland\\\/nyhetsbrev-vecka-24-7\\\/#article\",\"isPartOf\":{\"@id\":\"https:\\\/\\\/wp.kristdemokraterna.se\\\/regionostergotland\\\/nyhetsbrev-vecka-24-7\\\/\"},\"author\":{\"name\":\"regionostergotland\",\"@id\":\"https:\\\/\\\/wp.kristdemokraterna.se\\\/regionostergotland\\\/#\\\/schema\\\/person\\\/74c3c4f502fcc489722a7be0dfe0088c\"},\"headline\":\"Nyhetsbrev vecka 24\",\"datePublished\":\"2024-06-14T15:55:58+00:00\",\"mainEntityOfPage\":{\"@id\":\"https:\\\/\\\/wp.kristdemokraterna.se\\\/regionostergotland\\\/nyhetsbrev-vecka-24-7\\\/\"},\"wordCount\":948,\"articleSection\":[\"Nyheter\"],\"inLanguage\":\"sv-SE\"},{\"@type\":\"WebPage\",\"@id\":\"https:\\\/\\\/wp.kristdemokraterna.se\\\/regionostergotland\\\/nyhetsbrev-vecka-24-7\\\/\",\"url\":\"https:\\\/\\\/wp.kristdemokraterna.se\\\/regionostergotland\\\/nyhetsbrev-vecka-24-7\\\/\",\"name\":\"Nyhetsbrev vecka 24 - i Region \u00d6sterg\u00f6tland\",\"isPartOf\":{\"@id\":\"https:\\\/\\\/wp.kristdemokraterna.se\\\/regionostergotland\\\/#website\"},\"datePublished\":\"2024-06-14T15:55:58+00:00\",\"author\":{\"@id\":\"https:\\\/\\\/wp.kristdemokraterna.se\\\/regionostergotland\\\/#\\\/schema\\\/person\\\/74c3c4f502fcc489722a7be0dfe0088c\"},\"breadcrumb\":{\"@id\":\"https:\\\/\\\/wp.kristdemokraterna.se\\\/regionostergotland\\\/nyhetsbrev-vecka-24-7\\\/#breadcrumb\"},\"inLanguage\":\"sv-SE\",\"potentialAction\":[{\"@type\":\"ReadAction\",\"target\":[\"https:\\\/\\\/wp.kristdemokraterna.se\\\/regionostergotland\\\/nyhetsbrev-vecka-24-7\\\/\"]}]},{\"@type\":\"BreadcrumbList\",\"@id\":\"https:\\\/\\\/wp.kristdemokraterna.se\\\/regionostergotland\\\/nyhetsbrev-vecka-24-7\\\/#breadcrumb\",\"itemListElement\":[{\"@type\":\"ListItem\",\"position\":1,\"name\":\"Hem\",\"item\":\"https:\\\/\\\/wp.kristdemokraterna.se\\\/regionostergotland\\\/\"},{\"@type\":\"ListItem\",\"position\":2,\"name\":\"Nyhetsbrev vecka 24\"}]},{\"@type\":\"WebSite\",\"@id\":\"https:\\\/\\\/wp.kristdemokraterna.se\\\/regionostergotland\\\/#website\",\"url\":\"https:\\\/\\\/wp.kristdemokraterna.se\\\/regionostergotland\\\/\",\"name\":\"i Region \u00d6sterg\u00f6tland\",\"description\":\"\",\"inLanguage\":\"sv-SE\"},{\"@type\":\"Person\",\"@id\":\"https:\\\/\\\/wp.kristdemokraterna.se\\\/regionostergotland\\\/#\\\/schema\\\/person\\\/74c3c4f502fcc489722a7be0dfe0088c\",\"name\":\"regionostergotland\",\"image\":{\"@type\":\"ImageObject\",\"inLanguage\":\"sv-SE\",\"@id\":\"https:\\\/\\\/secure.gravatar.com\\\/avatar\\\/8fb8f0a216e627554da57506bfaf78d677f45512f24f703e185ec701423b1e92?s=96&d=mm&r=g\",\"url\":\"https:\\\/\\\/secure.gravatar.com\\\/avatar\\\/8fb8f0a216e627554da57506bfaf78d677f45512f24f703e185ec701423b1e92?s=96&d=mm&r=g\",\"contentUrl\":\"https:\\\/\\\/secure.gravatar.com\\\/avatar\\\/8fb8f0a216e627554da57506bfaf78d677f45512f24f703e185ec701423b1e92?s=96&d=mm&r=g\",\"caption\":\"regionostergotland\"},\"url\":\"https:\\\/\\\/wp.kristdemokraterna.se\\\/regionostergotland\\\/author\\\/regionostergotland\\\/\"}]}<\/script>\n<!-- \/ Yoast SEO plugin. -->","yoast_head_json":{"title":"Nyhetsbrev vecka 24 - i Region \u00d6sterg\u00f6tland","robots":{"index":"index","follow":"follow","max-snippet":"max-snippet:-1","max-image-preview":"max-image-preview:large","max-video-preview":"max-video-preview:-1"},"canonical":"https:\/\/wp.kristdemokraterna.se\/regionostergotland\/nyhetsbrev-vecka-24-7\/","og_locale":"sv_SE","og_type":"article","og_title":"Nyhetsbrev vecka 24 - i Region \u00d6sterg\u00f6tland","og_description":"Hej! I dag har m\u00e5nga gymnasister med studentm\u00f6ssor sprungit ut p\u00e5 trapporna framf\u00f6r sina gymnasieskolor och m\u00f6tts av familj, sl\u00e4kt och v\u00e4nner. Den senaste veckan har m\u00e5nga skolavslutningar g\u00e5tt av stapeln runt om i \u00d6sterg\u00f6tland. Ocks\u00e5 inom politiken m\u00e4rks det att vi n\u00e4rmar oss lite lugnare sommartider, \u00e4ven om det \u00e4nnu \u00e5terst\u00e5r en del viktiga Read More","og_url":"https:\/\/wp.kristdemokraterna.se\/regionostergotland\/nyhetsbrev-vecka-24-7\/","og_site_name":"i Region \u00d6sterg\u00f6tland","article_published_time":"2024-06-14T15:55:58+00:00","og_image":[{"width":1024,"height":533,"url":"http:\/\/wp.kristdemokraterna.se\/regionostergotland\/files\/2024\/06\/bild-nyhetsbrev-2024-vecka-24-1024x533.jpg","type":"image\/jpeg"}],"author":"regionostergotland","twitter_card":"summary_large_image","twitter_misc":{"Skriven av":"regionostergotland","Ber\u00e4knad l\u00e4stid":"4 minuter"},"schema":{"@context":"https:\/\/schema.org","@graph":[{"@type":"Article","@id":"https:\/\/wp.kristdemokraterna.se\/regionostergotland\/nyhetsbrev-vecka-24-7\/#article","isPartOf":{"@id":"https:\/\/wp.kristdemokraterna.se\/regionostergotland\/nyhetsbrev-vecka-24-7\/"},"author":{"name":"regionostergotland","@id":"https:\/\/wp.kristdemokraterna.se\/regionostergotland\/#\/schema\/person\/74c3c4f502fcc489722a7be0dfe0088c"},"headline":"Nyhetsbrev vecka 24","datePublished":"2024-06-14T15:55:58+00:00","mainEntityOfPage":{"@id":"https:\/\/wp.kristdemokraterna.se\/regionostergotland\/nyhetsbrev-vecka-24-7\/"},"wordCount":948,"articleSection":["Nyheter"],"inLanguage":"sv-SE"},{"@type":"WebPage","@id":"https:\/\/wp.kristdemokraterna.se\/regionostergotland\/nyhetsbrev-vecka-24-7\/","url":"https:\/\/wp.kristdemokraterna.se\/regionostergotland\/nyhetsbrev-vecka-24-7\/","name":"Nyhetsbrev vecka 24 - i Region \u00d6sterg\u00f6tland","isPartOf":{"@id":"https:\/\/wp.kristdemokraterna.se\/regionostergotland\/#website"},"datePublished":"2024-06-14T15:55:58+00:00","author":{"@id":"https:\/\/wp.kristdemokraterna.se\/regionostergotland\/#\/schema\/person\/74c3c4f502fcc489722a7be0dfe0088c"},"breadcrumb":{"@id":"https:\/\/wp.kristdemokraterna.se\/regionostergotland\/nyhetsbrev-vecka-24-7\/#breadcrumb"},"inLanguage":"sv-SE","potentialAction":[{"@type":"ReadAction","target":["https:\/\/wp.kristdemokraterna.se\/regionostergotland\/nyhetsbrev-vecka-24-7\/"]}]},{"@type":"BreadcrumbList","@id":"https:\/\/wp.kristdemokraterna.se\/regionostergotland\/nyhetsbrev-vecka-24-7\/#breadcrumb","itemListElement":[{"@type":"ListItem","position":1,"name":"Hem","item":"https:\/\/wp.kristdemokraterna.se\/regionostergotland\/"},{"@type":"ListItem","position":2,"name":"Nyhetsbrev vecka 24"}]},{"@type":"WebSite","@id":"https:\/\/wp.kristdemokraterna.se\/regionostergotland\/#website","url":"https:\/\/wp.kristdemokraterna.se\/regionostergotland\/","name":"i Region \u00d6sterg\u00f6tland","description":"","inLanguage":"sv-SE"},{"@type":"Person","@id":"https:\/\/wp.kristdemokraterna.se\/regionostergotland\/#\/schema\/person\/74c3c4f502fcc489722a7be0dfe0088c","name":"regionostergotland","image":{"@type":"ImageObject","inLanguage":"sv-SE","@id":"https:\/\/secure.gravatar.com\/avatar\/8fb8f0a216e627554da57506bfaf78d677f45512f24f703e185ec701423b1e92?s=96&d=mm&r=g","url":"https:\/\/secure.gravatar.com\/avatar\/8fb8f0a216e627554da57506bfaf78d677f45512f24f703e185ec701423b1e92?s=96&d=mm&r=g","contentUrl":"https:\/\/secure.gravatar.com\/avatar\/8fb8f0a216e627554da57506bfaf78d677f45512f24f703e185ec701423b1e92?s=96&d=mm&r=g","caption":"regionostergotland"},"url":"https:\/\/wp.kristdemokraterna.se\/regionostergotland\/author\/regionostergotland\/"}]}},"_links":{"self":[{"href":"https:\/\/wp.kristdemokraterna.se\/regionostergotland\/wp-json\/wp\/v2\/posts\/2294","targetHints":{"allow":["GET"]}}],"collection":[{"href":"https:\/\/wp.kristdemokraterna.se\/regionostergotland\/wp-json\/wp\/v2\/posts"}],"about":[{"href":"https:\/\/wp.kristdemokraterna.se\/regionostergotland\/wp-json\/wp\/v2\/types\/post"}],"author":[{"embeddable":true,"href":"https:\/\/wp.kristdemokraterna.se\/regionostergotland\/wp-json\/wp\/v2\/users\/737"}],"replies":[{"embeddable":true,"href":"https:\/\/wp.kristdemokraterna.se\/regionostergotland\/wp-json\/wp\/v2\/comments?post=2294"}],"version-history":[{"count":1,"href":"https:\/\/wp.kristdemokraterna.se\/regionostergotland\/wp-json\/wp\/v2\/posts\/2294\/revisions"}],"predecessor-version":[{"id":2296,"href":"https:\/\/wp.kristdemokraterna.se\/regionostergotland\/wp-json\/wp\/v2\/posts\/2294\/revisions\/2296"}],"wp:attachment":[{"href":"https:\/\/wp.kristdemokraterna.se\/regionostergotland\/wp-json\/wp\/v2\/media?parent=2294"}],"wp:term":[{"taxonomy":"category","embeddable":true,"href":"https:\/\/wp.kristdemokraterna.se\/regionostergotland\/wp-json\/wp\/v2\/categories?post=2294"},{"taxonomy":"post_tag","embeddable":true,"href":"https:\/\/wp.kristdemokraterna.se\/regionostergotland\/wp-json\/wp\/v2\/tags?post=2294"}],"curies":[{"name":"wp","href":"https:\/\/api.w.org\/{rel}","templated":true}]}}