{"id":2300,"date":"2024-08-16T09:25:01","date_gmt":"2024-08-16T07:25:01","guid":{"rendered":"https:\/\/wp.kristdemokraterna.se\/regionostergotland\/?p=2300"},"modified":"2024-08-16T09:25:01","modified_gmt":"2024-08-16T07:25:01","slug":"nyhetsbrev-vecka-33-5","status":"publish","type":"post","link":"https:\/\/wp.kristdemokraterna.se\/regionostergotland\/nyhetsbrev-vecka-33-5\/","title":{"rendered":"Nyhetsbrev vecka 33"},"content":{"rendered":"<p>Hej!<\/p>\n<p>Den h\u00e4r veckan har det mer regelbundna politiska arbetet i Region \u00d6sterg\u00f6tland kommit i g\u00e5ng igen efter n\u00e5gra veckors sommaruppeh\u00e5ll och lite mjukstart i f\u00f6rra veckan. \u00c4ven m\u00e5nga skolor har satt i g\u00e5ng i veckan, s\u00e5 terminsstart k\u00e4nns verkligen som ordet f\u00f6r veckan. Det inneb\u00e4r ocks\u00e5 \u00e5terkomst f\u00f6r nyhetsbrevet, som haft semester sedan vecka 25. Veckans nyhetsbrev bjuder b\u00e5de p\u00e5 n\u00e5gra \u00e5terblickar p\u00e5 ett par regionpolitiska h\u00e4ndelser under sommaren och n\u00e5gra nedslag i veckan som g\u00e5tt. Trevlig l\u00e4sning!<\/p>\n<p><strong>Debattartikel om Vrinnevisjukhusets framtid<\/strong><br \/>\nI b\u00f6rjan av juli hade vi fr\u00e5n \u00d6stg\u00f6tasamverkan en debattartikel i Norrk\u00f6pings Tidningar, d\u00e4r vi tydligt slog fast att Vrinnevisjukhusets framtid inte n\u00e5 n\u00e5got s\u00e4tt \u00e4r hotad s\u00e5 l\u00e4nge vi styr. Veckorna innan hade det dykt upp ins\u00e4ndare och debattartiklar som uttryckt oro f\u00f6r det, med tanke p\u00e5 en del av de f\u00f6r\u00e4ndringar som genomf\u00f6rs inom ramen f\u00f6r det stora omst\u00e4llningsarbetet f\u00f6r att komma till r\u00e4tta med regionens ekonomi. I artikeln reder vi ut begreppen och avslutar med raderna: &#8221; Med det sagt kommer tiden fram\u00e5t vara tuff, med f\u00f6r\u00e4ndringar som kommer bli k\u00e4nnbara &#8211; b\u00e5de f\u00f6r patienter och medarbetare. Det sticker ingen under stol med. Men alternativet, att forts\u00e4tta l\u00e5ta regionens ekonomi bl\u00f6da fritt, \u00e4r ett scenario nog ingen av oss vill ha. Region \u00d6sterg\u00f6tland kan s\u00e5 mycket b\u00e4ttre och tillsammans kommer vi att ta oss igenom det h\u00e4r.&#8221; Du kan l\u00e4sa hela debattartikeln h\u00e4r: (<a href=\"https:\/\/nt.se\/debatt\/artikel\/sa-lange-vi-styr-regionen-ar-vrinnevisjukhuset-inte-hotat\/jow90gyl\" target=\"_blank\" rel=\"noopener\">https:\/\/nt.se\/debatt\/artikel\/sa-lange-vi-styr-regionen-ar-vrinnevisjukhuset-inte-hotat\/jow90gyl<\/a>)<\/p>\n<p><strong>Radioinslag om regionsamarbete kring cykelled runt V\u00e4ttern<\/strong><br \/>\nEn bit in i juli hade P4 \u00d6sterg\u00f6tland ett nyhetsinslag om att regionerna runt V\u00e4ttern tecknat en avsiktsf\u00f6rklaring kring att utreda m\u00f6jligheten f\u00f6r en nationell cykelled runt V\u00e4ttern. F\u00f6r ett par \u00e5r sedan initierade Region \u00d6sterg\u00f6tland ett arbete tillsammans med olika akt\u00f6rer runt V\u00e4ttern; kommuner, f\u00f6reningar, akt\u00f6rer i bes\u00f6ksn\u00e4ringen o.s.v., i syfte att utveckla V\u00e4ttern som destination. Ett av de \u00f6nskem\u00e5l som var tydligast hos bes\u00f6ksn\u00e4ringens akt\u00f6rer runt V\u00e4ttern var just att f\u00e5 till en mer tillg\u00e4nglig cykelled runt sj\u00f6n. Det finns redan i dag en skyltning f\u00f6r cykling &#8221;Runt V\u00e4ttern&#8221;, men vissa str\u00e4ckor g\u00e5r t.ex. p\u00e5 trafikerade v\u00e4gar och \u00e4r d\u00e4rf\u00f6r mindre tillg\u00e4ngliga. Att bli klassificerad som en nationell cykelled, som t.ex. nyligen cykelleden utmed G\u00f6ta Kanal blivit, skulle inneb\u00e4ra ett lyft f\u00f6r cykelturismen runt V\u00e4ttern. Cykelturism \u00e4r b\u00e5de h\u00e5llbart och bra f\u00f6r folkh\u00e4lsan &#8211; s\u00e5 vinsterna \u00e4r m\u00e5nga. Du kan h\u00f6ra nyhetsinslaget h\u00e4r: (<a href=\"https:\/\/sverigesradio.se\/artikel\/beskedet-arbetet-igang-med-ny-cykelled-runt-hela-vattern\" target=\"_blank\" rel=\"noopener\">https:\/\/sverigesradio.se\/artikel\/beskedet-arbetet-igang-med-ny-cykelled-runt-hela-vattern<\/a>)<\/p>\n<p><strong>Kristdemokratisk kampanj p\u00e5 Sk\u00e4nninge Marken<\/strong><br \/>\nI f\u00f6rra veckan smygstartade det regionpolitiska arbetet, med n\u00e5got m\u00f6te i regionhuset, men framf\u00f6rallt tv\u00e5 kampanjdagar med Kristdemokraterna p\u00e5 Sk\u00e4nninge Marken. En av landets st\u00f6rsta marknader som samlar bes\u00f6kare fr\u00e5n inte bara hela \u00d6sterg\u00f6tland, utan \u00e4ven fr\u00e5n angr\u00e4nsande l\u00e4n. Sj\u00e4lvklart ska Kristdemokraterna vara p\u00e5 plats, och rustade med bl.a. flygblad om kristdemokratiska valfr\u00e5gor fr\u00e5n 2022 som nu genomf\u00f6rs i regionen, och en hel del annat popul\u00e4rt kampanjmaterial, m\u00f6tte flera kristdemokrater fr\u00e5n olika delar av \u00d6sterg\u00f6tland, marknadsbes\u00f6karna. Det blev tv\u00e5 lyckade dagar &#8211; tack till alla som var med och kampanjade!<\/p>\n<p><strong>M\u00e5ndagsm\u00f6te om viss ljusning i regionens ekonomi<\/strong><br \/>\nI m\u00e5ndags var det s\u00e5 dags f\u00f6r det f\u00f6rsta m\u00e5ndagsm\u00f6tet med \u00d6stg\u00f6tasamverkan, efter n\u00e5gra veckors sommaruppeh\u00e5ll. Vid m\u00f6tet fick vi bl.a. flera intressanta och aktuella informationer fr\u00e5n n\u00e5gra av regionens direkt\u00f6rer. Ekonomidirekt\u00f6r Josefin Bj\u00e4resten ber\u00e4ttade bl.a. att man tack vare det arbete som p\u00e5g\u00e5r med att komma till r\u00e4tta med regionens ekonomi, nu kan se en viss ljusning. De ekonomiska resultaten efter f\u00f6rsta halv\u00e5ret ser b\u00e4ttre ut i j\u00e4mf\u00f6relse med f\u00f6rra \u00e5ret och kostnaden f\u00f6r bemanningsf\u00f6retag i v\u00e5rden har g\u00e5tt ned. \u00c4n \u00e5terst\u00e5r mycket arbete, men gl\u00e4djande att de senaste \u00e5rens st\u00e4ndiga ned\u00e5tg\u00e5ende trend tycks vara bruten! Vi fick ocks\u00e5 rapport om hur sommaren varit i den \u00f6stg\u00f6tska h\u00e4lso- och sjukv\u00e5rden. Sommarperioden \u00e4r alltid en utmaning med semestrar och d\u00e4rmed sv\u00e5righeter att f\u00e5 ihop bemanning o.s.v. F\u00f6rberedelserna f\u00f6r att klara sommaren har d\u00e4rf\u00f6r varit omfattande, och det \u00e4r positivt att det under omst\u00e4ndigheterna tycks ha fungerat j\u00e4mf\u00f6relsevis bra!<\/p>\n<p><strong>Studiebes\u00f6k i Sturefors aprop\u00e5 budgetuppdrag om t\u00e5gh\u00e5llplats<\/strong><br \/>\nI onsdags gjorde vi fr\u00e5n \u00d6stg\u00f6tasamverkan ett studiebes\u00f6k i Sturefors s\u00f6der om Link\u00f6ping, med anledning av det budgetuppdrag som funnits med i regionens tre\u00e5rsbudget de tv\u00e5 senaste budgeterna om att &#8221;verka f\u00f6r ett t\u00e5gstopp i Sturefors&#8221;. Med utg\u00e5ngspunkt fr\u00e5n olika dokument, bl.a. v\u00e4rdefull information fr\u00e5n Trafikverket, var det ocks\u00e5 positivt att inspektera den fysiska milj\u00f6n p\u00e5 plats i Sturefors. Vi fick ocks\u00e5 m\u00f6jlighet till en liten medborgardialog, som resulterade i positiva vitsord om en \u00e5ter\u00f6ppnad t\u00e5gh\u00e5llplats i Sturefors. Nu f\u00e5r arbetet forts\u00e4tta i syfte att kunna verkst\u00e4lla budgetuppdraget!<\/p>\n<p><strong>M\u00f6te om ny struktur f\u00f6r Almi F\u00f6retagspartner<\/strong><br \/>\nIdag fredag h\u00f6lls p\u00e5 morgonen \u00e4nnu ett digitalt m\u00f6te med f\u00f6retr\u00e4dare f\u00f6r Sveriges alla regioner, om det p\u00e5g\u00e5ende omstruktureringsarbetet inom Almi, som jag ber\u00e4ttat om i tidigare nyhetsbrev. Ett antal dokument och beslutsunderlag inf\u00f6r beslutsprocesserna i regionerna hade tagits fram, gicks igenom och gavs m\u00f6jlighet att st\u00e4lla fr\u00e5gor kring. Som alltid n\u00e4r en f\u00f6r\u00e4ndringsprocess genomf\u00f6rs finns delar som alla inte \u00e4r n\u00f6jda med, det g\u00e4ller \u00e4ven oss i Region \u00d6sterg\u00f6tland. Men, efter en mindre smidig start i vintras, har \u00e4nd\u00e5 processen l\u00f6pt p\u00e5 bra och inte minst har SKR (Sveriges kommuner och regioner) gjort ett bra jobb. Nu \u00e5terst\u00e5r ytterligare n\u00e5gra steg innan den formella beslutsprocessen kommer ig\u00e5ng under h\u00f6sten. Det l\u00e4r bli tillf\u00e4lle att \u00e5terkomma till det\u2026<\/p>\n<p>D\u00e5 v\u00e4ntar s\u00e5 sm\u00e5ningom helgen och inf\u00f6r kommande veckor k\u00e4nns det verkligen som att det ordinarie vardagstempot har \u00e5terfunnit sig, n\u00e4r kalendern inspekteras fram\u00e5t. Men f\u00f6rst \u00e4r det som sagt helg, och jag hoppas att ni alla f\u00e5r en riktig s\u00e5dan!<\/p>\n<p>Med v\u00e4nlig h\u00e4lsning<br \/>\nPer Larsson<br \/>\nRegionr\u00e5d &#8211; Ordf\u00f6rande i Regionutvecklingsn\u00e4mnden<br \/>\nGruppledare f\u00f6r Kristdemokraterna i Region \u00d6sterg\u00f6tland<br \/>\ntfn 010-103 72 84 (arb)<br \/>\ntfn 0702-88 21 34 (mobil)<br \/>\nper.larsson@regionostergotland.se<\/p>\n","protected":false},"excerpt":{"rendered":"<p>Hej! Den h\u00e4r veckan har det mer regelbundna politiska arbetet i Region \u00d6sterg\u00f6tland kommit i g\u00e5ng igen efter n\u00e5gra veckors sommaruppeh\u00e5ll och lite mjukstart i f\u00f6rra veckan. \u00c4ven m\u00e5nga skolor har satt i g\u00e5ng i veckan, s\u00e5 terminsstart k\u00e4nns verkligen som ordet f\u00f6r veckan. Det inneb\u00e4r ocks\u00e5 \u00e5terkomst f\u00f6r nyhetsbrevet, som haft semester sedan vecka <a class=\"read-more-link\" href=\"https:\/\/wp.kristdemokraterna.se\/regionostergotland\/nyhetsbrev-vecka-33-5\/\">Read More<\/a><\/p>\n","protected":false},"author":737,"featured_media":0,"comment_status":"closed","ping_status":"closed","sticky":false,"template":"","format":"standard","meta":{"_acf_changed":false,"footnotes":""},"categories":[1],"tags":[],"class_list":["post-2300","post","type-post","status-publish","format-standard","hentry","category-nyheter"],"acf":[],"yoast_head":"<!-- This site is optimized with the Yoast SEO plugin v27.5 - https:\/\/yoast.com\/product\/yoast-seo-wordpress\/ -->\n<title>Nyhetsbrev vecka 33 - i Region \u00d6sterg\u00f6tland<\/title>\n<meta name=\"robots\" content=\"index, follow, max-snippet:-1, max-image-preview:large, max-video-preview:-1\" \/>\n<link rel=\"canonical\" href=\"https:\/\/wp.kristdemokraterna.se\/regionostergotland\/nyhetsbrev-vecka-33-5\/\" \/>\n<meta property=\"og:locale\" content=\"sv_SE\" \/>\n<meta property=\"og:type\" content=\"article\" \/>\n<meta property=\"og:title\" content=\"Nyhetsbrev vecka 33 - i Region \u00d6sterg\u00f6tland\" \/>\n<meta property=\"og:description\" content=\"Hej! Den h\u00e4r veckan har det mer regelbundna politiska arbetet i Region \u00d6sterg\u00f6tland kommit i g\u00e5ng igen efter n\u00e5gra veckors sommaruppeh\u00e5ll och lite mjukstart i f\u00f6rra veckan. \u00c4ven m\u00e5nga skolor har satt i g\u00e5ng i veckan, s\u00e5 terminsstart k\u00e4nns verkligen som ordet f\u00f6r veckan. Det inneb\u00e4r ocks\u00e5 \u00e5terkomst f\u00f6r nyhetsbrevet, som haft semester sedan vecka Read More\" \/>\n<meta property=\"og:url\" content=\"https:\/\/wp.kristdemokraterna.se\/regionostergotland\/nyhetsbrev-vecka-33-5\/\" \/>\n<meta property=\"og:site_name\" content=\"i Region \u00d6sterg\u00f6tland\" \/>\n<meta property=\"article:published_time\" content=\"2024-08-16T07:25:01+00:00\" \/>\n<meta property=\"og:image\" content=\"http:\/\/wp.kristdemokraterna.se\/regionostergotland\/files\/2024\/08\/bild-nyhetsbrev-2024-vecka-33-1024x533.jpg\" \/>\n\t<meta property=\"og:image:width\" content=\"1024\" \/>\n\t<meta property=\"og:image:height\" content=\"533\" \/>\n\t<meta property=\"og:image:type\" content=\"image\/jpeg\" \/>\n<meta name=\"author\" content=\"regionostergotland\" \/>\n<meta name=\"twitter:card\" content=\"summary_large_image\" \/>\n<meta name=\"twitter:label1\" content=\"Skriven av\" \/>\n\t<meta name=\"twitter:data1\" content=\"regionostergotland\" \/>\n\t<meta name=\"twitter:label2\" content=\"Ber\u00e4knad l\u00e4stid\" \/>\n\t<meta name=\"twitter:data2\" content=\"5 minuter\" \/>\n<script type=\"application\/ld+json\" class=\"yoast-schema-graph\">{\"@context\":\"https:\\\/\\\/schema.org\",\"@graph\":[{\"@type\":\"Article\",\"@id\":\"https:\\\/\\\/wp.kristdemokraterna.se\\\/regionostergotland\\\/nyhetsbrev-vecka-33-5\\\/#article\",\"isPartOf\":{\"@id\":\"https:\\\/\\\/wp.kristdemokraterna.se\\\/regionostergotland\\\/nyhetsbrev-vecka-33-5\\\/\"},\"author\":{\"name\":\"regionostergotland\",\"@id\":\"https:\\\/\\\/wp.kristdemokraterna.se\\\/regionostergotland\\\/#\\\/schema\\\/person\\\/74c3c4f502fcc489722a7be0dfe0088c\"},\"headline\":\"Nyhetsbrev vecka 33\",\"datePublished\":\"2024-08-16T07:25:01+00:00\",\"mainEntityOfPage\":{\"@id\":\"https:\\\/\\\/wp.kristdemokraterna.se\\\/regionostergotland\\\/nyhetsbrev-vecka-33-5\\\/\"},\"wordCount\":1168,\"articleSection\":[\"Nyheter\"],\"inLanguage\":\"sv-SE\"},{\"@type\":\"WebPage\",\"@id\":\"https:\\\/\\\/wp.kristdemokraterna.se\\\/regionostergotland\\\/nyhetsbrev-vecka-33-5\\\/\",\"url\":\"https:\\\/\\\/wp.kristdemokraterna.se\\\/regionostergotland\\\/nyhetsbrev-vecka-33-5\\\/\",\"name\":\"Nyhetsbrev vecka 33 - i Region \u00d6sterg\u00f6tland\",\"isPartOf\":{\"@id\":\"https:\\\/\\\/wp.kristdemokraterna.se\\\/regionostergotland\\\/#website\"},\"datePublished\":\"2024-08-16T07:25:01+00:00\",\"author\":{\"@id\":\"https:\\\/\\\/wp.kristdemokraterna.se\\\/regionostergotland\\\/#\\\/schema\\\/person\\\/74c3c4f502fcc489722a7be0dfe0088c\"},\"breadcrumb\":{\"@id\":\"https:\\\/\\\/wp.kristdemokraterna.se\\\/regionostergotland\\\/nyhetsbrev-vecka-33-5\\\/#breadcrumb\"},\"inLanguage\":\"sv-SE\",\"potentialAction\":[{\"@type\":\"ReadAction\",\"target\":[\"https:\\\/\\\/wp.kristdemokraterna.se\\\/regionostergotland\\\/nyhetsbrev-vecka-33-5\\\/\"]}]},{\"@type\":\"BreadcrumbList\",\"@id\":\"https:\\\/\\\/wp.kristdemokraterna.se\\\/regionostergotland\\\/nyhetsbrev-vecka-33-5\\\/#breadcrumb\",\"itemListElement\":[{\"@type\":\"ListItem\",\"position\":1,\"name\":\"Hem\",\"item\":\"https:\\\/\\\/wp.kristdemokraterna.se\\\/regionostergotland\\\/\"},{\"@type\":\"ListItem\",\"position\":2,\"name\":\"Nyhetsbrev vecka 33\"}]},{\"@type\":\"WebSite\",\"@id\":\"https:\\\/\\\/wp.kristdemokraterna.se\\\/regionostergotland\\\/#website\",\"url\":\"https:\\\/\\\/wp.kristdemokraterna.se\\\/regionostergotland\\\/\",\"name\":\"i Region \u00d6sterg\u00f6tland\",\"description\":\"\",\"inLanguage\":\"sv-SE\"},{\"@type\":\"Person\",\"@id\":\"https:\\\/\\\/wp.kristdemokraterna.se\\\/regionostergotland\\\/#\\\/schema\\\/person\\\/74c3c4f502fcc489722a7be0dfe0088c\",\"name\":\"regionostergotland\",\"image\":{\"@type\":\"ImageObject\",\"inLanguage\":\"sv-SE\",\"@id\":\"https:\\\/\\\/secure.gravatar.com\\\/avatar\\\/8fb8f0a216e627554da57506bfaf78d677f45512f24f703e185ec701423b1e92?s=96&d=mm&r=g\",\"url\":\"https:\\\/\\\/secure.gravatar.com\\\/avatar\\\/8fb8f0a216e627554da57506bfaf78d677f45512f24f703e185ec701423b1e92?s=96&d=mm&r=g\",\"contentUrl\":\"https:\\\/\\\/secure.gravatar.com\\\/avatar\\\/8fb8f0a216e627554da57506bfaf78d677f45512f24f703e185ec701423b1e92?s=96&d=mm&r=g\",\"caption\":\"regionostergotland\"},\"url\":\"https:\\\/\\\/wp.kristdemokraterna.se\\\/regionostergotland\\\/author\\\/regionostergotland\\\/\"}]}<\/script>\n<!-- \/ Yoast SEO plugin. -->","yoast_head_json":{"title":"Nyhetsbrev vecka 33 - i Region \u00d6sterg\u00f6tland","robots":{"index":"index","follow":"follow","max-snippet":"max-snippet:-1","max-image-preview":"max-image-preview:large","max-video-preview":"max-video-preview:-1"},"canonical":"https:\/\/wp.kristdemokraterna.se\/regionostergotland\/nyhetsbrev-vecka-33-5\/","og_locale":"sv_SE","og_type":"article","og_title":"Nyhetsbrev vecka 33 - i Region \u00d6sterg\u00f6tland","og_description":"Hej! Den h\u00e4r veckan har det mer regelbundna politiska arbetet i Region \u00d6sterg\u00f6tland kommit i g\u00e5ng igen efter n\u00e5gra veckors sommaruppeh\u00e5ll och lite mjukstart i f\u00f6rra veckan. \u00c4ven m\u00e5nga skolor har satt i g\u00e5ng i veckan, s\u00e5 terminsstart k\u00e4nns verkligen som ordet f\u00f6r veckan. Det inneb\u00e4r ocks\u00e5 \u00e5terkomst f\u00f6r nyhetsbrevet, som haft semester sedan vecka Read More","og_url":"https:\/\/wp.kristdemokraterna.se\/regionostergotland\/nyhetsbrev-vecka-33-5\/","og_site_name":"i Region \u00d6sterg\u00f6tland","article_published_time":"2024-08-16T07:25:01+00:00","og_image":[{"width":1024,"height":533,"url":"http:\/\/wp.kristdemokraterna.se\/regionostergotland\/files\/2024\/08\/bild-nyhetsbrev-2024-vecka-33-1024x533.jpg","type":"image\/jpeg"}],"author":"regionostergotland","twitter_card":"summary_large_image","twitter_misc":{"Skriven av":"regionostergotland","Ber\u00e4knad l\u00e4stid":"5 minuter"},"schema":{"@context":"https:\/\/schema.org","@graph":[{"@type":"Article","@id":"https:\/\/wp.kristdemokraterna.se\/regionostergotland\/nyhetsbrev-vecka-33-5\/#article","isPartOf":{"@id":"https:\/\/wp.kristdemokraterna.se\/regionostergotland\/nyhetsbrev-vecka-33-5\/"},"author":{"name":"regionostergotland","@id":"https:\/\/wp.kristdemokraterna.se\/regionostergotland\/#\/schema\/person\/74c3c4f502fcc489722a7be0dfe0088c"},"headline":"Nyhetsbrev vecka 33","datePublished":"2024-08-16T07:25:01+00:00","mainEntityOfPage":{"@id":"https:\/\/wp.kristdemokraterna.se\/regionostergotland\/nyhetsbrev-vecka-33-5\/"},"wordCount":1168,"articleSection":["Nyheter"],"inLanguage":"sv-SE"},{"@type":"WebPage","@id":"https:\/\/wp.kristdemokraterna.se\/regionostergotland\/nyhetsbrev-vecka-33-5\/","url":"https:\/\/wp.kristdemokraterna.se\/regionostergotland\/nyhetsbrev-vecka-33-5\/","name":"Nyhetsbrev vecka 33 - i Region \u00d6sterg\u00f6tland","isPartOf":{"@id":"https:\/\/wp.kristdemokraterna.se\/regionostergotland\/#website"},"datePublished":"2024-08-16T07:25:01+00:00","author":{"@id":"https:\/\/wp.kristdemokraterna.se\/regionostergotland\/#\/schema\/person\/74c3c4f502fcc489722a7be0dfe0088c"},"breadcrumb":{"@id":"https:\/\/wp.kristdemokraterna.se\/regionostergotland\/nyhetsbrev-vecka-33-5\/#breadcrumb"},"inLanguage":"sv-SE","potentialAction":[{"@type":"ReadAction","target":["https:\/\/wp.kristdemokraterna.se\/regionostergotland\/nyhetsbrev-vecka-33-5\/"]}]},{"@type":"BreadcrumbList","@id":"https:\/\/wp.kristdemokraterna.se\/regionostergotland\/nyhetsbrev-vecka-33-5\/#breadcrumb","itemListElement":[{"@type":"ListItem","position":1,"name":"Hem","item":"https:\/\/wp.kristdemokraterna.se\/regionostergotland\/"},{"@type":"ListItem","position":2,"name":"Nyhetsbrev vecka 33"}]},{"@type":"WebSite","@id":"https:\/\/wp.kristdemokraterna.se\/regionostergotland\/#website","url":"https:\/\/wp.kristdemokraterna.se\/regionostergotland\/","name":"i Region \u00d6sterg\u00f6tland","description":"","inLanguage":"sv-SE"},{"@type":"Person","@id":"https:\/\/wp.kristdemokraterna.se\/regionostergotland\/#\/schema\/person\/74c3c4f502fcc489722a7be0dfe0088c","name":"regionostergotland","image":{"@type":"ImageObject","inLanguage":"sv-SE","@id":"https:\/\/secure.gravatar.com\/avatar\/8fb8f0a216e627554da57506bfaf78d677f45512f24f703e185ec701423b1e92?s=96&d=mm&r=g","url":"https:\/\/secure.gravatar.com\/avatar\/8fb8f0a216e627554da57506bfaf78d677f45512f24f703e185ec701423b1e92?s=96&d=mm&r=g","contentUrl":"https:\/\/secure.gravatar.com\/avatar\/8fb8f0a216e627554da57506bfaf78d677f45512f24f703e185ec701423b1e92?s=96&d=mm&r=g","caption":"regionostergotland"},"url":"https:\/\/wp.kristdemokraterna.se\/regionostergotland\/author\/regionostergotland\/"}]}},"_links":{"self":[{"href":"https:\/\/wp.kristdemokraterna.se\/regionostergotland\/wp-json\/wp\/v2\/posts\/2300","targetHints":{"allow":["GET"]}}],"collection":[{"href":"https:\/\/wp.kristdemokraterna.se\/regionostergotland\/wp-json\/wp\/v2\/posts"}],"about":[{"href":"https:\/\/wp.kristdemokraterna.se\/regionostergotland\/wp-json\/wp\/v2\/types\/post"}],"author":[{"embeddable":true,"href":"https:\/\/wp.kristdemokraterna.se\/regionostergotland\/wp-json\/wp\/v2\/users\/737"}],"replies":[{"embeddable":true,"href":"https:\/\/wp.kristdemokraterna.se\/regionostergotland\/wp-json\/wp\/v2\/comments?post=2300"}],"version-history":[{"count":1,"href":"https:\/\/wp.kristdemokraterna.se\/regionostergotland\/wp-json\/wp\/v2\/posts\/2300\/revisions"}],"predecessor-version":[{"id":2302,"href":"https:\/\/wp.kristdemokraterna.se\/regionostergotland\/wp-json\/wp\/v2\/posts\/2300\/revisions\/2302"}],"wp:attachment":[{"href":"https:\/\/wp.kristdemokraterna.se\/regionostergotland\/wp-json\/wp\/v2\/media?parent=2300"}],"wp:term":[{"taxonomy":"category","embeddable":true,"href":"https:\/\/wp.kristdemokraterna.se\/regionostergotland\/wp-json\/wp\/v2\/categories?post=2300"},{"taxonomy":"post_tag","embeddable":true,"href":"https:\/\/wp.kristdemokraterna.se\/regionostergotland\/wp-json\/wp\/v2\/tags?post=2300"}],"curies":[{"name":"wp","href":"https:\/\/api.w.org\/{rel}","templated":true}]}}