{"id":2306,"date":"2024-08-30T14:06:34","date_gmt":"2024-08-30T12:06:34","guid":{"rendered":"https:\/\/wp.kristdemokraterna.se\/regionostergotland\/?p=2306"},"modified":"2024-08-30T14:06:34","modified_gmt":"2024-08-30T12:06:34","slug":"nyhetsbrev-vecka-35-6","status":"publish","type":"post","link":"https:\/\/wp.kristdemokraterna.se\/regionostergotland\/nyhetsbrev-vecka-35-6\/","title":{"rendered":"Nyhetsbrev vecka 35"},"content":{"rendered":"<p>Hej!<\/p>\n<p>Sommarv\u00e4rmen gjorde helt klart en comeback denna vecka, vilket passade en av veckans aktiviteter mycket bra, \u00e5rets f\u00e4ltbes\u00f6k med beredningen f\u00f6r kultur och friluftsliv. Inte bara vackert v\u00e4der, utan \u00e4ven positiva nyheter i arbetet att f\u00e5 regionens ekonomi p\u00e5 r\u00e4tt k\u00f6l, har kommit i veckan. Om detta och en del annat kommer h\u00e4r n\u00e5gra rader i veckans nyhetsbrev. Trevlig l\u00e4sning!<!--more--><\/p>\n<p><strong>M\u00e5ndagsm\u00f6te med fokus p\u00e5 kollektivtrafik<\/strong><br \/>\nVid veckans m\u00e5ndagsm\u00f6te g\u00e4stades vi av Johan Kind\u00e9n som \u00e4r vd f\u00f6r \u00d6stg\u00f6tatrafiken AB, men ocks\u00e5 innehar funktionen som trafikdirekt\u00f6r inom Region \u00d6sterg\u00f6tland. Huvudfokus f\u00f6r bes\u00f6ket var den p\u00e5g\u00e5ende processen att ta fram ett nytt regionalt trafikf\u00f6rs\u00f6rjningsprogram f\u00f6r \u00d6sterg\u00f6tland. En remissversion av programmet beslutades av Trafik- och samh\u00e4llsplaneringsn\u00e4mnden innan sommaren, och remisstiden p\u00e5g\u00e5r in i oktober. Slutligt fastst\u00e4lls programmet av regionfullm\u00e4ktige i februari 2025. F\u00f6rra veckans m\u00e5ndagsm\u00f6te p\u00e5b\u00f6rjade vi ett inslag d\u00e4r varje vecka n\u00e5gon av oss regionr\u00e5d presenterar n\u00e5got av v\u00e5ra mindre externa uppdrag, d\u00e4r vi f\u00f6retr\u00e4der regionen. Oftast hamnar inte de uppdragen p\u00e5 dagordningen f\u00f6r m\u00e5ndagsm\u00f6tena, och f\u00f6r att ge varandra mer inblick i vad uppdragen inneb\u00e4r och vilka fr\u00e5gor som \u00e4r aktuella, har n\u00e5gra minuter varje vecka schemalagts f\u00f6r detta. Detta andra tillf\u00e4lle i m\u00e5ndags, hade turen kommit till mig, och jag hade valt ut tv\u00e5 mindre uppdrag; den politiska styrgruppen f\u00f6r \u00d6stra Mellansveriges strukturfonder, samt den politiska styrgruppen f\u00f6r En B\u00e4ttre Matchning inom M\u00e4lardalsr\u00e5det. B\u00e5da uppdragen handlar mycket om kompetensf\u00f6rs\u00f6rjning (inte minst inom industrin) i v\u00e5rt omr\u00e5de, region\u00f6vergripande samarbeten och EU:s roll.<\/p>\n<p><strong>F\u00e4ltbes\u00f6k i \u00d6desh\u00f6g med Beredningen f\u00f6r kultur och friluftsliv<\/strong><br \/>\nI tisdags var det dags f\u00f6r \u00e5rets f\u00e4ltbes\u00f6k f\u00f6r regionutvecklingsn\u00e4mndens beredning f\u00f6r kultur och friluftsliv. I \u00e5r styrdes kosan till \u00d6desh\u00f6gstrakten, d\u00e4r vi inledde med att bes\u00f6ka den nyligen anlagda rundslingan p\u00e5 \u00d6stg\u00f6taleden, Orrn\u00e4sslingan. Mark\u00e4garen f\u00f6r Orrn\u00e4s g\u00e5rd, Stig Widell, liksom ansvariga tj\u00e4nstepersoner fr\u00e5n \u00d6desh\u00f6gs kommun, v\u00e4lkomnade oss, och ber\u00e4ttade om rundslingans tillblivelse och \u00e4ven fortsatta planer f\u00f6r att utveckla bes\u00f6ksn\u00e4ringen runt slingan. Mark\u00e4garna l\u00e4ngs hela \u00d6stg\u00f6taleden \u00e4r v\u00e4sentliga f\u00f6r att vandringsleden ska kunna finnas, och \u00e4r det dessutom personer som \u00e4r engagerade och entusiastiska kring utvecklingen av leden, \u00e4r det f\u00f6rst\u00e5s mycket positivt. N\u00e4sta anhalt p\u00e5 f\u00e4ltbes\u00f6ket var det f\u00f6r ett \u00e5r sedan invigda vindskyddet vid Stora Klint p\u00e5 Omberg, som tillkom som en del av arkitekturfestivalen Arknat som g\u00e4stade Omberg och T\u00e5kern i augusti f\u00f6rra \u00e5ret. Vid Stora Klint ansl\u00f6t Christer Samuelsson, omr\u00e5desansvarig f\u00f6r Omberg p\u00e5 statliga Sveaskog, och Jenny Carlsson, f\u00f6rest\u00e5ndare f\u00f6r Naturum T\u00e5kern, som b\u00e5da var mycket involverade i tillblivelsen av vindskyddet. Sammanfattningsvis ett lyckat f\u00e4ltbes\u00f6k med bra ny kunskap och intressanta samtal om s\u00e5v\u00e4l friluftsliv som bes\u00f6ksn\u00e4ring.<\/p>\n<p><strong>Del\u00e5rsrapport p\u00e5 regionstyrelsen: Ljusning i Region \u00d6sterg\u00f6tlands ekonomi<\/strong><br \/>\nI onsdags sammantr\u00e4dde regionstyrelsen och p\u00e5 dagordningen stod bl.a. beslut om del\u00e5rsrapport f\u00f6r f\u00f6rsta halv\u00e5ret f\u00f6r Region \u00d6sterg\u00f6tland. Efter ett mycket prek\u00e4rt l\u00e4ge f\u00f6r regionens ekonomi i mandatperiodens b\u00f6rjan, med st\u00e4ndigt \u00f6kande kostnader, men dessv\u00e4rre inte mer v\u00e5rd till \u00f6stg\u00f6tarna, utan snarare en l\u00f6pande f\u00f6rs\u00e4mring av tillg\u00e4ngligheten, kan vi nu f\u00f6r f\u00f6rsta g\u00e5ngen p\u00e5 l\u00e4nge se en ljusning i regionens ekonomi. De omfattande \u00e5tg\u00e4rder som p\u00e5b\u00f6rjats under v\u00e5ren, har b\u00f6rjat ge resultat. Det \u00e4r fortfarande ett besv\u00e4rligt l\u00e4ge och mycket arbete \u00e5terst\u00e5r, men det ekonomiska resultatet \u00e4r v\u00e4sentligt b\u00e4ttre \u00e4n motsvarande period f\u00f6rra \u00e5ret. Dessutom har inte tillg\u00e4ngligheten p\u00e5verkats negativt. En ytterligare positiv utveckling \u00e4r att antalet sjuksk\u00f6terskor sedan december 2023 har \u00f6kat med drygt 100 personer, efter flera \u00e5r med brist och minskning. Du kan l\u00e4sa mer om del\u00e5rsrapporten h\u00e4r: (https:\/\/www.regionostergotland.se\/ro\/nyheter\/nyheter\/2024-08-28-trendbrott-i-region-ostergotlands-ekonomi). Flera medier har ocks\u00e5 skrivit om nyheten, bl.a. L\u00e4kartidningen: (https:\/\/lakartidningen.se\/aktuellt\/nyheter\/2024\/08\/underskottet-i-region-ostergotland-minskar-atgarder-borjar-fa-effekt\/).<\/p>\n<p><strong>Kristdemokraterna i \u00d6sterg\u00f6tland hade valutv\u00e4rdering i regionhuset<\/strong><br \/>\nP\u00e5 onsdagskv\u00e4llen bj\u00f6d Kristdemokraterna i \u00d6sterg\u00f6tland in till en kv\u00e4ll med utv\u00e4rdering av de \u00f6stg\u00f6tska insatserna i valr\u00f6relsen inf\u00f6r valet till Europaparlamentet i juni. Regiongruppen hade f\u00f6rm\u00e5n att st\u00e5 v\u00e4rd f\u00f6r kv\u00e4llen i Sessionssalen i regionhuset. Bra deltagande fr\u00e5n de flesta kommuner i \u00d6sterg\u00f6tland, konstruktiva gruppdiskussioner och v\u00e4rdefulla medskick inf\u00f6r kommande valr\u00f6relser. Tack till alla som deltog!<\/p>\n<p><strong>M\u00f6te mellan kristdemokratiska regionpolitiker och socialminister Jakob Forssmed<\/strong><br \/>\nI g\u00e5r torsdag var Kristdemokratiska regiongruppledare och regionr\u00e5d inbjudna till ett digitalt m\u00f6te med socialminister Jakob Forssmed. Vi fick information om flera aktuella fr\u00e5gor, allt fr\u00e5n Mpox och Covid-19 via pyskiatrin till fritidskort och fysisk aktivitet p\u00e5 recept. Det h\u00e4nder mycket positivt p\u00e5 de omr\u00e5den som Jakob Forssmed ansvarar f\u00f6r i regeringen. Och mycket tacksamt att vi f\u00e5r m\u00f6jlighet till denna m\u00f6tesform f\u00f6r att kunna f\u00e5 information direkt fr\u00e5n ministern och ocks\u00e5 st\u00e4lla fr\u00e5gor. Stort tack f\u00f6r det!<\/p>\n<p>Nu stundar snart lite helgledigt och jag ber att f\u00e5 \u00f6nska er alla en riktigt trevlig helg!<\/p>\n<p>Med v\u00e4nlig h\u00e4lsning<br \/>\nPer Larsson<br \/>\nRegionr\u00e5d &#8211; Ordf\u00f6rande i Regionutvecklingsn\u00e4mnden<br \/>\nGruppledare f\u00f6r Kristdemokraterna i Region \u00d6sterg\u00f6tland<br \/>\ntfn 010-103 72 84 (arb)<br \/>\ntfn 0702-88 21 34 (mobil)<br \/>\nper.larsson@regionostergotland.se<\/p>\n<p>&nbsp;<\/p>\n","protected":false},"excerpt":{"rendered":"<p>Hej! Sommarv\u00e4rmen gjorde helt klart en comeback denna vecka, vilket passade en av veckans aktiviteter mycket bra, \u00e5rets f\u00e4ltbes\u00f6k med beredningen f\u00f6r kultur och friluftsliv. Inte bara vackert v\u00e4der, utan \u00e4ven positiva nyheter i arbetet att f\u00e5 regionens ekonomi p\u00e5 r\u00e4tt k\u00f6l, har kommit i veckan. Om detta och en del annat kommer h\u00e4r n\u00e5gra <a class=\"read-more-link\" href=\"https:\/\/wp.kristdemokraterna.se\/regionostergotland\/nyhetsbrev-vecka-35-6\/\">Read More<\/a><\/p>\n","protected":false},"author":737,"featured_media":0,"comment_status":"closed","ping_status":"closed","sticky":false,"template":"","format":"standard","meta":{"_acf_changed":false,"footnotes":""},"categories":[1],"tags":[],"class_list":["post-2306","post","type-post","status-publish","format-standard","hentry","category-nyheter"],"acf":[],"yoast_head":"<!-- This site is optimized with the Yoast SEO plugin v27.5 - https:\/\/yoast.com\/product\/yoast-seo-wordpress\/ -->\n<title>Nyhetsbrev vecka 35 - i Region \u00d6sterg\u00f6tland<\/title>\n<meta name=\"robots\" content=\"index, follow, max-snippet:-1, max-image-preview:large, max-video-preview:-1\" \/>\n<link rel=\"canonical\" href=\"https:\/\/wp.kristdemokraterna.se\/regionostergotland\/nyhetsbrev-vecka-35-6\/\" \/>\n<meta property=\"og:locale\" content=\"sv_SE\" \/>\n<meta property=\"og:type\" content=\"article\" \/>\n<meta property=\"og:title\" content=\"Nyhetsbrev vecka 35 - i Region \u00d6sterg\u00f6tland\" \/>\n<meta property=\"og:description\" content=\"Hej! Sommarv\u00e4rmen gjorde helt klart en comeback denna vecka, vilket passade en av veckans aktiviteter mycket bra, \u00e5rets f\u00e4ltbes\u00f6k med beredningen f\u00f6r kultur och friluftsliv. Inte bara vackert v\u00e4der, utan \u00e4ven positiva nyheter i arbetet att f\u00e5 regionens ekonomi p\u00e5 r\u00e4tt k\u00f6l, har kommit i veckan. Om detta och en del annat kommer h\u00e4r n\u00e5gra Read More\" \/>\n<meta property=\"og:url\" content=\"https:\/\/wp.kristdemokraterna.se\/regionostergotland\/nyhetsbrev-vecka-35-6\/\" \/>\n<meta property=\"og:site_name\" content=\"i Region \u00d6sterg\u00f6tland\" \/>\n<meta property=\"article:published_time\" content=\"2024-08-30T12:06:34+00:00\" \/>\n<meta property=\"og:image\" content=\"http:\/\/wp.kristdemokraterna.se\/regionostergotland\/files\/2024\/08\/bild-nyhetsbrev-2024-vecka-35-1024x533.jpg\" \/>\n\t<meta property=\"og:image:width\" content=\"1024\" \/>\n\t<meta property=\"og:image:height\" content=\"533\" \/>\n\t<meta property=\"og:image:type\" content=\"image\/jpeg\" \/>\n<meta name=\"author\" content=\"regionostergotland\" \/>\n<meta name=\"twitter:card\" content=\"summary_large_image\" \/>\n<meta name=\"twitter:label1\" content=\"Skriven av\" \/>\n\t<meta name=\"twitter:data1\" content=\"regionostergotland\" \/>\n\t<meta name=\"twitter:label2\" content=\"Ber\u00e4knad l\u00e4stid\" \/>\n\t<meta name=\"twitter:data2\" content=\"4 minuter\" \/>\n<script type=\"application\/ld+json\" class=\"yoast-schema-graph\">{\"@context\":\"https:\\\/\\\/schema.org\",\"@graph\":[{\"@type\":\"Article\",\"@id\":\"https:\\\/\\\/wp.kristdemokraterna.se\\\/regionostergotland\\\/nyhetsbrev-vecka-35-6\\\/#article\",\"isPartOf\":{\"@id\":\"https:\\\/\\\/wp.kristdemokraterna.se\\\/regionostergotland\\\/nyhetsbrev-vecka-35-6\\\/\"},\"author\":{\"name\":\"regionostergotland\",\"@id\":\"https:\\\/\\\/wp.kristdemokraterna.se\\\/regionostergotland\\\/#\\\/schema\\\/person\\\/74c3c4f502fcc489722a7be0dfe0088c\"},\"headline\":\"Nyhetsbrev vecka 35\",\"datePublished\":\"2024-08-30T12:06:34+00:00\",\"mainEntityOfPage\":{\"@id\":\"https:\\\/\\\/wp.kristdemokraterna.se\\\/regionostergotland\\\/nyhetsbrev-vecka-35-6\\\/\"},\"wordCount\":993,\"articleSection\":[\"Nyheter\"],\"inLanguage\":\"sv-SE\"},{\"@type\":\"WebPage\",\"@id\":\"https:\\\/\\\/wp.kristdemokraterna.se\\\/regionostergotland\\\/nyhetsbrev-vecka-35-6\\\/\",\"url\":\"https:\\\/\\\/wp.kristdemokraterna.se\\\/regionostergotland\\\/nyhetsbrev-vecka-35-6\\\/\",\"name\":\"Nyhetsbrev vecka 35 - i Region \u00d6sterg\u00f6tland\",\"isPartOf\":{\"@id\":\"https:\\\/\\\/wp.kristdemokraterna.se\\\/regionostergotland\\\/#website\"},\"datePublished\":\"2024-08-30T12:06:34+00:00\",\"author\":{\"@id\":\"https:\\\/\\\/wp.kristdemokraterna.se\\\/regionostergotland\\\/#\\\/schema\\\/person\\\/74c3c4f502fcc489722a7be0dfe0088c\"},\"breadcrumb\":{\"@id\":\"https:\\\/\\\/wp.kristdemokraterna.se\\\/regionostergotland\\\/nyhetsbrev-vecka-35-6\\\/#breadcrumb\"},\"inLanguage\":\"sv-SE\",\"potentialAction\":[{\"@type\":\"ReadAction\",\"target\":[\"https:\\\/\\\/wp.kristdemokraterna.se\\\/regionostergotland\\\/nyhetsbrev-vecka-35-6\\\/\"]}]},{\"@type\":\"BreadcrumbList\",\"@id\":\"https:\\\/\\\/wp.kristdemokraterna.se\\\/regionostergotland\\\/nyhetsbrev-vecka-35-6\\\/#breadcrumb\",\"itemListElement\":[{\"@type\":\"ListItem\",\"position\":1,\"name\":\"Hem\",\"item\":\"https:\\\/\\\/wp.kristdemokraterna.se\\\/regionostergotland\\\/\"},{\"@type\":\"ListItem\",\"position\":2,\"name\":\"Nyhetsbrev vecka 35\"}]},{\"@type\":\"WebSite\",\"@id\":\"https:\\\/\\\/wp.kristdemokraterna.se\\\/regionostergotland\\\/#website\",\"url\":\"https:\\\/\\\/wp.kristdemokraterna.se\\\/regionostergotland\\\/\",\"name\":\"i Region \u00d6sterg\u00f6tland\",\"description\":\"\",\"inLanguage\":\"sv-SE\"},{\"@type\":\"Person\",\"@id\":\"https:\\\/\\\/wp.kristdemokraterna.se\\\/regionostergotland\\\/#\\\/schema\\\/person\\\/74c3c4f502fcc489722a7be0dfe0088c\",\"name\":\"regionostergotland\",\"image\":{\"@type\":\"ImageObject\",\"inLanguage\":\"sv-SE\",\"@id\":\"https:\\\/\\\/secure.gravatar.com\\\/avatar\\\/8fb8f0a216e627554da57506bfaf78d677f45512f24f703e185ec701423b1e92?s=96&d=mm&r=g\",\"url\":\"https:\\\/\\\/secure.gravatar.com\\\/avatar\\\/8fb8f0a216e627554da57506bfaf78d677f45512f24f703e185ec701423b1e92?s=96&d=mm&r=g\",\"contentUrl\":\"https:\\\/\\\/secure.gravatar.com\\\/avatar\\\/8fb8f0a216e627554da57506bfaf78d677f45512f24f703e185ec701423b1e92?s=96&d=mm&r=g\",\"caption\":\"regionostergotland\"},\"url\":\"https:\\\/\\\/wp.kristdemokraterna.se\\\/regionostergotland\\\/author\\\/regionostergotland\\\/\"}]}<\/script>\n<!-- \/ Yoast SEO plugin. -->","yoast_head_json":{"title":"Nyhetsbrev vecka 35 - i Region \u00d6sterg\u00f6tland","robots":{"index":"index","follow":"follow","max-snippet":"max-snippet:-1","max-image-preview":"max-image-preview:large","max-video-preview":"max-video-preview:-1"},"canonical":"https:\/\/wp.kristdemokraterna.se\/regionostergotland\/nyhetsbrev-vecka-35-6\/","og_locale":"sv_SE","og_type":"article","og_title":"Nyhetsbrev vecka 35 - i Region \u00d6sterg\u00f6tland","og_description":"Hej! Sommarv\u00e4rmen gjorde helt klart en comeback denna vecka, vilket passade en av veckans aktiviteter mycket bra, \u00e5rets f\u00e4ltbes\u00f6k med beredningen f\u00f6r kultur och friluftsliv. Inte bara vackert v\u00e4der, utan \u00e4ven positiva nyheter i arbetet att f\u00e5 regionens ekonomi p\u00e5 r\u00e4tt k\u00f6l, har kommit i veckan. Om detta och en del annat kommer h\u00e4r n\u00e5gra Read More","og_url":"https:\/\/wp.kristdemokraterna.se\/regionostergotland\/nyhetsbrev-vecka-35-6\/","og_site_name":"i Region \u00d6sterg\u00f6tland","article_published_time":"2024-08-30T12:06:34+00:00","og_image":[{"width":1024,"height":533,"url":"http:\/\/wp.kristdemokraterna.se\/regionostergotland\/files\/2024\/08\/bild-nyhetsbrev-2024-vecka-35-1024x533.jpg","type":"image\/jpeg"}],"author":"regionostergotland","twitter_card":"summary_large_image","twitter_misc":{"Skriven av":"regionostergotland","Ber\u00e4knad l\u00e4stid":"4 minuter"},"schema":{"@context":"https:\/\/schema.org","@graph":[{"@type":"Article","@id":"https:\/\/wp.kristdemokraterna.se\/regionostergotland\/nyhetsbrev-vecka-35-6\/#article","isPartOf":{"@id":"https:\/\/wp.kristdemokraterna.se\/regionostergotland\/nyhetsbrev-vecka-35-6\/"},"author":{"name":"regionostergotland","@id":"https:\/\/wp.kristdemokraterna.se\/regionostergotland\/#\/schema\/person\/74c3c4f502fcc489722a7be0dfe0088c"},"headline":"Nyhetsbrev vecka 35","datePublished":"2024-08-30T12:06:34+00:00","mainEntityOfPage":{"@id":"https:\/\/wp.kristdemokraterna.se\/regionostergotland\/nyhetsbrev-vecka-35-6\/"},"wordCount":993,"articleSection":["Nyheter"],"inLanguage":"sv-SE"},{"@type":"WebPage","@id":"https:\/\/wp.kristdemokraterna.se\/regionostergotland\/nyhetsbrev-vecka-35-6\/","url":"https:\/\/wp.kristdemokraterna.se\/regionostergotland\/nyhetsbrev-vecka-35-6\/","name":"Nyhetsbrev vecka 35 - i Region \u00d6sterg\u00f6tland","isPartOf":{"@id":"https:\/\/wp.kristdemokraterna.se\/regionostergotland\/#website"},"datePublished":"2024-08-30T12:06:34+00:00","author":{"@id":"https:\/\/wp.kristdemokraterna.se\/regionostergotland\/#\/schema\/person\/74c3c4f502fcc489722a7be0dfe0088c"},"breadcrumb":{"@id":"https:\/\/wp.kristdemokraterna.se\/regionostergotland\/nyhetsbrev-vecka-35-6\/#breadcrumb"},"inLanguage":"sv-SE","potentialAction":[{"@type":"ReadAction","target":["https:\/\/wp.kristdemokraterna.se\/regionostergotland\/nyhetsbrev-vecka-35-6\/"]}]},{"@type":"BreadcrumbList","@id":"https:\/\/wp.kristdemokraterna.se\/regionostergotland\/nyhetsbrev-vecka-35-6\/#breadcrumb","itemListElement":[{"@type":"ListItem","position":1,"name":"Hem","item":"https:\/\/wp.kristdemokraterna.se\/regionostergotland\/"},{"@type":"ListItem","position":2,"name":"Nyhetsbrev vecka 35"}]},{"@type":"WebSite","@id":"https:\/\/wp.kristdemokraterna.se\/regionostergotland\/#website","url":"https:\/\/wp.kristdemokraterna.se\/regionostergotland\/","name":"i Region \u00d6sterg\u00f6tland","description":"","inLanguage":"sv-SE"},{"@type":"Person","@id":"https:\/\/wp.kristdemokraterna.se\/regionostergotland\/#\/schema\/person\/74c3c4f502fcc489722a7be0dfe0088c","name":"regionostergotland","image":{"@type":"ImageObject","inLanguage":"sv-SE","@id":"https:\/\/secure.gravatar.com\/avatar\/8fb8f0a216e627554da57506bfaf78d677f45512f24f703e185ec701423b1e92?s=96&d=mm&r=g","url":"https:\/\/secure.gravatar.com\/avatar\/8fb8f0a216e627554da57506bfaf78d677f45512f24f703e185ec701423b1e92?s=96&d=mm&r=g","contentUrl":"https:\/\/secure.gravatar.com\/avatar\/8fb8f0a216e627554da57506bfaf78d677f45512f24f703e185ec701423b1e92?s=96&d=mm&r=g","caption":"regionostergotland"},"url":"https:\/\/wp.kristdemokraterna.se\/regionostergotland\/author\/regionostergotland\/"}]}},"_links":{"self":[{"href":"https:\/\/wp.kristdemokraterna.se\/regionostergotland\/wp-json\/wp\/v2\/posts\/2306","targetHints":{"allow":["GET"]}}],"collection":[{"href":"https:\/\/wp.kristdemokraterna.se\/regionostergotland\/wp-json\/wp\/v2\/posts"}],"about":[{"href":"https:\/\/wp.kristdemokraterna.se\/regionostergotland\/wp-json\/wp\/v2\/types\/post"}],"author":[{"embeddable":true,"href":"https:\/\/wp.kristdemokraterna.se\/regionostergotland\/wp-json\/wp\/v2\/users\/737"}],"replies":[{"embeddable":true,"href":"https:\/\/wp.kristdemokraterna.se\/regionostergotland\/wp-json\/wp\/v2\/comments?post=2306"}],"version-history":[{"count":1,"href":"https:\/\/wp.kristdemokraterna.se\/regionostergotland\/wp-json\/wp\/v2\/posts\/2306\/revisions"}],"predecessor-version":[{"id":2308,"href":"https:\/\/wp.kristdemokraterna.se\/regionostergotland\/wp-json\/wp\/v2\/posts\/2306\/revisions\/2308"}],"wp:attachment":[{"href":"https:\/\/wp.kristdemokraterna.se\/regionostergotland\/wp-json\/wp\/v2\/media?parent=2306"}],"wp:term":[{"taxonomy":"category","embeddable":true,"href":"https:\/\/wp.kristdemokraterna.se\/regionostergotland\/wp-json\/wp\/v2\/categories?post=2306"},{"taxonomy":"post_tag","embeddable":true,"href":"https:\/\/wp.kristdemokraterna.se\/regionostergotland\/wp-json\/wp\/v2\/tags?post=2306"}],"curies":[{"name":"wp","href":"https:\/\/api.w.org\/{rel}","templated":true}]}}