{"id":2309,"date":"2024-09-06T16:20:59","date_gmt":"2024-09-06T14:20:59","guid":{"rendered":"https:\/\/wp.kristdemokraterna.se\/regionostergotland\/?p=2309"},"modified":"2024-09-06T16:20:59","modified_gmt":"2024-09-06T14:20:59","slug":"nyhetsbrev-vecka-36-6","status":"publish","type":"post","link":"https:\/\/wp.kristdemokraterna.se\/regionostergotland\/nyhetsbrev-vecka-36-6\/","title":{"rendered":"Nyhetsbrev vecka 36"},"content":{"rendered":"<p>Hej!<\/p>\n<p>F\u00f6rra veckans sommark\u00e4nsla har onekligen fortsatt och f\u00f6rst\u00e4rkts denna vecka. En intensiv och m\u00f6test\u00e4t vecka \u00e4r kanske den ideala kombinationen med h\u00f6gsommarv\u00e4rme. Men, det \u00e4r onekligen trevligt med solsken och v\u00e4rme i de pauser som finns. N\u00e5got av allt det som h\u00e4nt och skett i veckan kommer h\u00e4r som vanligt i kortform i veckans nyhetsbrev. Trevlig l\u00e4sning!<!--more--><\/p>\n<p><strong>M\u00e5ndagsm\u00f6te med fokus p\u00e5 rumslig planering och regional utvecklingsstrategi<\/strong><br \/>\nVid veckans m\u00e5ndagsm\u00f6te g\u00e4stades vi av regionutvecklingsdirekt\u00f6r Richard Wid\u00e9n och Anders B\u00e4ckstrand, chef f\u00f6r enheten f\u00f6r samh\u00e4llsplanering. De presenterade de p\u00e5g\u00e5ende arbetena med att ta fram rumslig strategi f\u00f6r Region \u00d6sterg\u00f6tland, samt uppdatering av den regionala utvecklingsstrategin. Tv\u00e5 viktiga dokument, kopplade till regionens ansvar enligt lagen om regionalt utvecklingsansvar. I b\u00e5da fallen \u00e4r det viktigt med samr\u00e5d med och synpunkter fr\u00e5n framf\u00f6r allt kommunerna i \u00d6sterg\u00f6tland, men \u00e4ven andra akt\u00f6rer. Den rumsliga strategin ska slutligt beslutas av regionfullm\u00e4ktige i oktober och den regionala utvecklingsstrategin i juni 2025.<\/p>\n<p><strong>Verksamhetsdialog med Riksteatern \u00d6sterg\u00f6tland<\/strong><br \/>\nI m\u00e5ndags eftermiddag var det dags f\u00f6r \u00e5rets sista verksamhetsdialog med akt\u00f6rerna inom kultursamverkansmodellen. \u00d6vriga klarades av under v\u00e5ren, medan vi i m\u00e5ndags tr\u00e4ffade Riksteatern \u00d6sterg\u00f6tland, genom riksteaterkonsulent Ulf Th\u00f6rn och ordf\u00f6rande i styrelsen Lars Stjernkvist. De ber\u00e4ttade hur de arbetar med sitt regionala uppdrag, om framg\u00e5ngar och utmaningar i arbetet, samt gav ocks\u00e5 regionen medskick inf\u00f6r framtiden. Alltid v\u00e4rdefullt att m\u00f6ta akt\u00f6rerna och f\u00e5 en uppdatering av hur arbetet fortskrider!<\/p>\n<p><strong>Presidiem\u00f6te med regionutvecklingsn\u00e4mndens presidium<\/strong><br \/>\nP\u00e5 tisdagsf\u00f6rmiddagen var det presidiem\u00f6te med regionutvecklingsn\u00e4mndens presidium. M\u00f6tet g\u00e4stades bl.a. av Rebecca Swanson p\u00e5 internationella enheten, som uppdaterade oss p\u00e5 aktuella internationella fr\u00e5gor inom n\u00e4mndens ansvarsomr\u00e5de, men \u00e4ven en uppdatering av nul\u00e4ge efter valet till Europaparlamentet och inf\u00f6r val av ny kommission. Presidiet beredde ocks\u00e5 n\u00e4stkommande sammantr\u00e4de med regionutvecklingsn\u00e4mnden, och ytterligare l\u00e5ngsiktig planering inf\u00f6r h\u00f6sten.<\/p>\n<p><strong>Gemensamt presidiem\u00f6te mellan presidierna i RUN och TSN<\/strong><br \/>\nI tisdags eftermiddag h\u00f6lls gemensamt m\u00f6te mellan presidierna i regionutvecklingsn\u00e4mnden och trafik- och samh\u00e4llsplaneringsn\u00e4mnden. Framf\u00f6r allt tv\u00e5 huvudfr\u00e5gor stod p\u00e5 dagordningen, dels den uppf\u00f6ljning som gjorts av regionens arbete med \u00d6stg\u00f6tadagarna, med bl.a. en hel del intervjuer med olika personer kopplade till arrangemanget. Arrangemanget har funnits sedan \u00e5r 2000, och utvecklats p\u00e5 olika s\u00e4tt sedan dess, t.ex. genom att det de senaste tre \u00e5ren har funnits en v\u00e5rupplaga av dagarna i maj, vid sidan av de traditionella dagarna i b\u00f6rjan av september. Det gemensamma presidiem\u00f6tet fick ocks\u00e5 en f\u00f6redragning av arbetet med att uppdatera det gemensamma dokumentet &#8221;\u00d6MS 2050&#8221; som handlar om samverkan kring planering i \u00f6stra Mellansverige.<\/p>\n<p><strong>Invigning av Link\u00f6ping Comprehensive Cancer Center<\/strong><br \/>\nI onsdags eftermiddag invigdes Link\u00f6ping Comprehensive Cancer Center p\u00e5 Universitetssjukhuset. Region \u00d6sterg\u00f6tland \u00e4r i och med detta den fj\u00e4rde regionen som av Organisation of European Cancer Institutes (OECI) erh\u00e5llit den prestigefyllda ackrediteringen, som visar att cancerv\u00e5rd och forskning h\u00e5ller h\u00f6g internationell klass. Under f\u00f6rra mandatperioden arrangerades under pandemin ett digitalt m\u00f6te med politiker fr\u00e5n olika partier i regionen, p\u00e5 initiativ av v\u00e5r kristdemokratiske kollega, tillika kirurg Stefan Red\u00e9en, d\u00e4r vi fr\u00e5n politiken introducerades till ambitionen fr\u00e5n inte minst kirurgkliniken att f\u00f6rs\u00f6ka erh\u00e5lla ackrediteringen. D\u00e4rf\u00f6r k\u00e4ndes det extra roligt att f\u00e5 vara med p\u00e5 onsdagens invigning!<\/p>\n<p><strong>Samverkansm\u00f6te med L\u00e4nsstyrelsen<\/strong><br \/>\nOnsdagen fortsatte med ett av v\u00e5ra regelbundna samverkansm\u00f6ten mellan Region \u00d6sterg\u00f6tland och L\u00e4nsstyrelsen \u00d6sterg\u00f6tland. Tillf\u00f6rordnade landsh\u00f6vding, l\u00e4nsr\u00e5d Ann Holmlid och tj\u00e4nstef\u00f6rr\u00e4ttande l\u00e4nsr\u00e5d, f\u00f6rsvarsdirekt\u00f6r Jenny Knuthammar, var v\u00e4rdar f\u00f6r m\u00f6tet, och som vanligt representerades regionen av regionstyrelsens ordf\u00f6rande och andre vice ordf\u00f6rande, ordf\u00f6randena f\u00f6r regionutvecklingsn\u00e4mnden och trafik- och samh\u00e4llsplaneringensn\u00e4mnden samt regiondirekt\u00f6r och regionutvecklingsdirekt\u00f6r. Aktuella fr\u00e5gor fr\u00e5n respektive organisation och n\u00e5gra gemensamma samarbeten, rapporterades och diskuterades under m\u00f6tet. V\u00e4rdefullt med ett gott samarbete mellan v\u00e5ra organisationer!<\/p>\n<p><strong>Utdelning av priser kopplade till \u00d6stg\u00f6tadagarna<\/strong><br \/>\nI onsdags hann vi ocks\u00e5 med den h\u00f6gtidliga utdelningen av de tre priser som regionen delar ut i samband med \u00d6stg\u00f6tadagarna. Som vanligt hade vi f\u00f6rm\u00e5nen att ha prisutdelningen p\u00e5 Link\u00f6pings slott och t.f. landsh\u00f6vding Ann Holmlid f\u00f6rr\u00e4ttade prisutdelningen sekunderad av mig som regionutvecklingsn\u00e4mndens ordf\u00f6rande och Jan Owe-Larsson som trafik- och samh\u00e4llsplaneringsn\u00e4mndens ordf\u00f6rande. Roligt att tr\u00e4ffa pristagarna inom \u00c5rets landsbygdsstipendiat, \u00e5rets konsthantverkare och \u00e5rets \u00d6stg\u00f6tadagsbakverk, och h\u00f6ra mer om deras respektive verksamheter. Du kan l\u00e4sa mer om pristagarna h\u00e4r: (<a href=\"https:\/\/utveckling.regionostergotland.se\/ru\/nyheter\/nyheter\/2024-09-05-tre-priser-delades-ut-infor-hostens-ostgotadagar\" target=\"_blank\" rel=\"noopener\">https:\/\/utveckling.regionostergotland.se\/ru\/nyheter\/nyheter\/2024-09-05-tre-priser-delades-ut-infor-hostens-ostgotadagar<\/a>)<\/p>\n<p><strong>M\u00f6te mellan kristdemokratiska regionpolitiker och sjukv\u00e5rdsministern<\/strong><br \/>\nP\u00e5 torsdagsmorgonen var det dags igen f\u00f6r digitalt m\u00f6te mellan kristdemokratiska regionpolitiker och sjukv\u00e5rdsminister Acko Ankarberg Johansson. Vi fick som vanligt en hel del aktuell information fr\u00e5n ministern, inte minst kopplat till h\u00f6stens statsbudget. Liksom m\u00f6jlighet att st\u00e4lla fr\u00e5gor. Det \u00e4r verkligen tacksamt att denna regelbundna m\u00f6jlighet till dialog finns!<\/p>\n<p><strong>M\u00f6te om framtiden f\u00f6r EU:s sammanh\u00e5llningspolitik<\/strong><br \/>\nI torsdags f\u00f6rmiddag hade jag och Eva Andersson (S) fr\u00e5n regionutvecklingsn\u00e4mndens presidium ett avst\u00e4mningsm\u00f6te med internationella enheten, enhetschef Anna Lindberg och kontorsansvarig f\u00f6r regionens Brysselkontor Isabelle Johansson, kring fr\u00e5gor kopplade till framtiden f\u00f6r EU:s sammanh\u00e5llningspolitik, och v\u00e5rt engagemang inom den europeiska regionorganisationen CPMR, genom vilken vi har goda p\u00e5verkansm\u00f6jligheter mot kommission och parlament.<\/p>\n<p><strong>Strategikonferens i Link\u00f6ping med Kristdemokraternas region- och kommunalr\u00e5d<\/strong><br \/>\nTorsdag och fredag har n\u00e4rmare 100 kristdemokratiska region- och kommunalr\u00e5d samlats i Link\u00f6ping f\u00f6r strategikonferens inf\u00f6r valet 2026. Syftet var att p\u00e5b\u00f6rja arbetet med valfr\u00e5gor inf\u00f6r kommun- och regionvalen 2026, genom grupparbeten och gemensamma f\u00f6redragningar. Liselotte Fager, gruppledare i Link\u00f6pings kommun, och jag som gruppledare i Region \u00d6sterg\u00f6tland, hade uppdraget att h\u00e4lsa alla v\u00e4lkomna till v\u00e5r hemstad Link\u00f6ping, vilket vi med gl\u00e4dje gjorde! Det blev tv\u00e5 produktiva dagar med goda m\u00f6jligheter till m\u00f6ten och samtal med kollegor fr\u00e5n hela landet. Tack till alla som varit med och arrangerat dagarna!<\/p>\n<p><strong>M\u00f6te med \u00d6sterg\u00f6tlands st\u00f6rre f\u00f6retag<\/strong><br \/>\nI dag fredag hann jag ocks\u00e5 med \u00e5rets andra m\u00f6te med \u00d6sterg\u00f6tlands st\u00f6rre f\u00f6retag, som t.f. landsh\u00f6vding Ann Holmlid bjudit in till p\u00e5 Link\u00f6pings slott. M\u00f6tena h\u00e5lls 2-3 g\u00e5nger om \u00e5ret, och brukar inneh\u00e5lla intressanta f\u00f6redrag och informationer fr\u00e5n olika myndigheter och organisationer. Jag f\u00e5r ocks\u00e5 m\u00f6jlighet att ge en kort rapport om aktuella fr\u00e5gor inom Region \u00d6sterg\u00f6tland. En bra m\u00f6tesplats att tr\u00e4ffa representanter fr\u00e5n de st\u00f6rre f\u00f6retagen i l\u00e4net!<\/p>\n<p>I helgen \u00e4r det \u00e4ntligen dags f\u00f6r h\u00f6stens \u00d6stg\u00f6tadagar! Ta g\u00e4rna chansen att ge dig ut och bes\u00f6k olika f\u00f6retagare och f\u00f6reningar p\u00e5 landsbygden. Om du inte f\u00e5tt tag p\u00e5 den tryckta kartan, finns den digitala att hitta h\u00e4r: (https:\/\/maps.ostgotadagarna.se\/sv\/karta\/325843\/karta). Sj\u00e4lv har jag f\u00f6rm\u00e5nen att f\u00f6r andra \u00e5ret i rad f\u00e5 delta i den officiella rundturen p\u00e5 dagarna, vilket jag verkligen ser fram emot! Oavsett om det blir \u00d6stg\u00f6tadagar eller andra aktiviteter &#8211; hoppas jag att ni alla f\u00e5r en riktigt trevlig helg!<\/p>\n<p>Med v\u00e4nlig h\u00e4lsning<br \/>\nPer Larsson<br \/>\nRegionr\u00e5d &#8211; Ordf\u00f6rande i Regionutvecklingsn\u00e4mnden<br \/>\nGruppledare f\u00f6r Kristdemokraterna i Region \u00d6sterg\u00f6tland<br \/>\ntfn 010-103 72 84 (arb)<br \/>\ntfn 0702-88 21 34 (mobil)<br \/>\nper.larsson@regionostergotland.se<\/p>\n<p>&nbsp;<\/p>\n","protected":false},"excerpt":{"rendered":"<p>Hej! F\u00f6rra veckans sommark\u00e4nsla har onekligen fortsatt och f\u00f6rst\u00e4rkts denna vecka. En intensiv och m\u00f6test\u00e4t vecka \u00e4r kanske den ideala kombinationen med h\u00f6gsommarv\u00e4rme. Men, det \u00e4r onekligen trevligt med solsken och v\u00e4rme i de pauser som finns. N\u00e5got av allt det som h\u00e4nt och skett i veckan kommer h\u00e4r som vanligt i kortform i veckans <a class=\"read-more-link\" href=\"https:\/\/wp.kristdemokraterna.se\/regionostergotland\/nyhetsbrev-vecka-36-6\/\">Read More<\/a><\/p>\n","protected":false},"author":737,"featured_media":0,"comment_status":"closed","ping_status":"closed","sticky":false,"template":"","format":"standard","meta":{"_acf_changed":false,"footnotes":""},"categories":[1],"tags":[],"class_list":["post-2309","post","type-post","status-publish","format-standard","hentry","category-nyheter"],"acf":[],"yoast_head":"<!-- This site is optimized with the Yoast SEO plugin v27.5 - https:\/\/yoast.com\/product\/yoast-seo-wordpress\/ -->\n<title>Nyhetsbrev vecka 36 - i Region \u00d6sterg\u00f6tland<\/title>\n<meta name=\"robots\" content=\"index, follow, max-snippet:-1, max-image-preview:large, max-video-preview:-1\" \/>\n<link rel=\"canonical\" href=\"https:\/\/wp.kristdemokraterna.se\/regionostergotland\/nyhetsbrev-vecka-36-6\/\" \/>\n<meta property=\"og:locale\" content=\"sv_SE\" \/>\n<meta property=\"og:type\" content=\"article\" \/>\n<meta property=\"og:title\" content=\"Nyhetsbrev vecka 36 - i Region \u00d6sterg\u00f6tland\" \/>\n<meta property=\"og:description\" content=\"Hej! F\u00f6rra veckans sommark\u00e4nsla har onekligen fortsatt och f\u00f6rst\u00e4rkts denna vecka. En intensiv och m\u00f6test\u00e4t vecka \u00e4r kanske den ideala kombinationen med h\u00f6gsommarv\u00e4rme. Men, det \u00e4r onekligen trevligt med solsken och v\u00e4rme i de pauser som finns. N\u00e5got av allt det som h\u00e4nt och skett i veckan kommer h\u00e4r som vanligt i kortform i veckans Read More\" \/>\n<meta property=\"og:url\" content=\"https:\/\/wp.kristdemokraterna.se\/regionostergotland\/nyhetsbrev-vecka-36-6\/\" \/>\n<meta property=\"og:site_name\" content=\"i Region \u00d6sterg\u00f6tland\" \/>\n<meta property=\"article:published_time\" content=\"2024-09-06T14:20:59+00:00\" \/>\n<meta property=\"og:image\" content=\"http:\/\/wp.kristdemokraterna.se\/regionostergotland\/files\/2024\/09\/bild-nyhetsbrev-2024-vecka-36-1024x533.jpg\" \/>\n\t<meta property=\"og:image:width\" content=\"1024\" \/>\n\t<meta property=\"og:image:height\" content=\"533\" \/>\n\t<meta property=\"og:image:type\" content=\"image\/jpeg\" \/>\n<meta name=\"author\" content=\"regionostergotland\" \/>\n<meta name=\"twitter:card\" content=\"summary_large_image\" \/>\n<meta name=\"twitter:label1\" content=\"Skriven av\" \/>\n\t<meta name=\"twitter:data1\" content=\"regionostergotland\" \/>\n\t<meta name=\"twitter:label2\" content=\"Ber\u00e4knad l\u00e4stid\" \/>\n\t<meta name=\"twitter:data2\" content=\"6 minuter\" \/>\n<script type=\"application\/ld+json\" class=\"yoast-schema-graph\">{\"@context\":\"https:\\\/\\\/schema.org\",\"@graph\":[{\"@type\":\"Article\",\"@id\":\"https:\\\/\\\/wp.kristdemokraterna.se\\\/regionostergotland\\\/nyhetsbrev-vecka-36-6\\\/#article\",\"isPartOf\":{\"@id\":\"https:\\\/\\\/wp.kristdemokraterna.se\\\/regionostergotland\\\/nyhetsbrev-vecka-36-6\\\/\"},\"author\":{\"name\":\"regionostergotland\",\"@id\":\"https:\\\/\\\/wp.kristdemokraterna.se\\\/regionostergotland\\\/#\\\/schema\\\/person\\\/74c3c4f502fcc489722a7be0dfe0088c\"},\"headline\":\"Nyhetsbrev vecka 36\",\"datePublished\":\"2024-09-06T14:20:59+00:00\",\"mainEntityOfPage\":{\"@id\":\"https:\\\/\\\/wp.kristdemokraterna.se\\\/regionostergotland\\\/nyhetsbrev-vecka-36-6\\\/\"},\"wordCount\":1341,\"articleSection\":[\"Nyheter\"],\"inLanguage\":\"sv-SE\"},{\"@type\":\"WebPage\",\"@id\":\"https:\\\/\\\/wp.kristdemokraterna.se\\\/regionostergotland\\\/nyhetsbrev-vecka-36-6\\\/\",\"url\":\"https:\\\/\\\/wp.kristdemokraterna.se\\\/regionostergotland\\\/nyhetsbrev-vecka-36-6\\\/\",\"name\":\"Nyhetsbrev vecka 36 - i Region \u00d6sterg\u00f6tland\",\"isPartOf\":{\"@id\":\"https:\\\/\\\/wp.kristdemokraterna.se\\\/regionostergotland\\\/#website\"},\"datePublished\":\"2024-09-06T14:20:59+00:00\",\"author\":{\"@id\":\"https:\\\/\\\/wp.kristdemokraterna.se\\\/regionostergotland\\\/#\\\/schema\\\/person\\\/74c3c4f502fcc489722a7be0dfe0088c\"},\"breadcrumb\":{\"@id\":\"https:\\\/\\\/wp.kristdemokraterna.se\\\/regionostergotland\\\/nyhetsbrev-vecka-36-6\\\/#breadcrumb\"},\"inLanguage\":\"sv-SE\",\"potentialAction\":[{\"@type\":\"ReadAction\",\"target\":[\"https:\\\/\\\/wp.kristdemokraterna.se\\\/regionostergotland\\\/nyhetsbrev-vecka-36-6\\\/\"]}]},{\"@type\":\"BreadcrumbList\",\"@id\":\"https:\\\/\\\/wp.kristdemokraterna.se\\\/regionostergotland\\\/nyhetsbrev-vecka-36-6\\\/#breadcrumb\",\"itemListElement\":[{\"@type\":\"ListItem\",\"position\":1,\"name\":\"Hem\",\"item\":\"https:\\\/\\\/wp.kristdemokraterna.se\\\/regionostergotland\\\/\"},{\"@type\":\"ListItem\",\"position\":2,\"name\":\"Nyhetsbrev vecka 36\"}]},{\"@type\":\"WebSite\",\"@id\":\"https:\\\/\\\/wp.kristdemokraterna.se\\\/regionostergotland\\\/#website\",\"url\":\"https:\\\/\\\/wp.kristdemokraterna.se\\\/regionostergotland\\\/\",\"name\":\"i Region \u00d6sterg\u00f6tland\",\"description\":\"\",\"inLanguage\":\"sv-SE\"},{\"@type\":\"Person\",\"@id\":\"https:\\\/\\\/wp.kristdemokraterna.se\\\/regionostergotland\\\/#\\\/schema\\\/person\\\/74c3c4f502fcc489722a7be0dfe0088c\",\"name\":\"regionostergotland\",\"image\":{\"@type\":\"ImageObject\",\"inLanguage\":\"sv-SE\",\"@id\":\"https:\\\/\\\/secure.gravatar.com\\\/avatar\\\/8fb8f0a216e627554da57506bfaf78d677f45512f24f703e185ec701423b1e92?s=96&d=mm&r=g\",\"url\":\"https:\\\/\\\/secure.gravatar.com\\\/avatar\\\/8fb8f0a216e627554da57506bfaf78d677f45512f24f703e185ec701423b1e92?s=96&d=mm&r=g\",\"contentUrl\":\"https:\\\/\\\/secure.gravatar.com\\\/avatar\\\/8fb8f0a216e627554da57506bfaf78d677f45512f24f703e185ec701423b1e92?s=96&d=mm&r=g\",\"caption\":\"regionostergotland\"},\"url\":\"https:\\\/\\\/wp.kristdemokraterna.se\\\/regionostergotland\\\/author\\\/regionostergotland\\\/\"}]}<\/script>\n<!-- \/ Yoast SEO plugin. -->","yoast_head_json":{"title":"Nyhetsbrev vecka 36 - i Region \u00d6sterg\u00f6tland","robots":{"index":"index","follow":"follow","max-snippet":"max-snippet:-1","max-image-preview":"max-image-preview:large","max-video-preview":"max-video-preview:-1"},"canonical":"https:\/\/wp.kristdemokraterna.se\/regionostergotland\/nyhetsbrev-vecka-36-6\/","og_locale":"sv_SE","og_type":"article","og_title":"Nyhetsbrev vecka 36 - i Region \u00d6sterg\u00f6tland","og_description":"Hej! F\u00f6rra veckans sommark\u00e4nsla har onekligen fortsatt och f\u00f6rst\u00e4rkts denna vecka. En intensiv och m\u00f6test\u00e4t vecka \u00e4r kanske den ideala kombinationen med h\u00f6gsommarv\u00e4rme. Men, det \u00e4r onekligen trevligt med solsken och v\u00e4rme i de pauser som finns. N\u00e5got av allt det som h\u00e4nt och skett i veckan kommer h\u00e4r som vanligt i kortform i veckans Read More","og_url":"https:\/\/wp.kristdemokraterna.se\/regionostergotland\/nyhetsbrev-vecka-36-6\/","og_site_name":"i Region \u00d6sterg\u00f6tland","article_published_time":"2024-09-06T14:20:59+00:00","og_image":[{"width":1024,"height":533,"url":"http:\/\/wp.kristdemokraterna.se\/regionostergotland\/files\/2024\/09\/bild-nyhetsbrev-2024-vecka-36-1024x533.jpg","type":"image\/jpeg"}],"author":"regionostergotland","twitter_card":"summary_large_image","twitter_misc":{"Skriven av":"regionostergotland","Ber\u00e4knad l\u00e4stid":"6 minuter"},"schema":{"@context":"https:\/\/schema.org","@graph":[{"@type":"Article","@id":"https:\/\/wp.kristdemokraterna.se\/regionostergotland\/nyhetsbrev-vecka-36-6\/#article","isPartOf":{"@id":"https:\/\/wp.kristdemokraterna.se\/regionostergotland\/nyhetsbrev-vecka-36-6\/"},"author":{"name":"regionostergotland","@id":"https:\/\/wp.kristdemokraterna.se\/regionostergotland\/#\/schema\/person\/74c3c4f502fcc489722a7be0dfe0088c"},"headline":"Nyhetsbrev vecka 36","datePublished":"2024-09-06T14:20:59+00:00","mainEntityOfPage":{"@id":"https:\/\/wp.kristdemokraterna.se\/regionostergotland\/nyhetsbrev-vecka-36-6\/"},"wordCount":1341,"articleSection":["Nyheter"],"inLanguage":"sv-SE"},{"@type":"WebPage","@id":"https:\/\/wp.kristdemokraterna.se\/regionostergotland\/nyhetsbrev-vecka-36-6\/","url":"https:\/\/wp.kristdemokraterna.se\/regionostergotland\/nyhetsbrev-vecka-36-6\/","name":"Nyhetsbrev vecka 36 - i Region \u00d6sterg\u00f6tland","isPartOf":{"@id":"https:\/\/wp.kristdemokraterna.se\/regionostergotland\/#website"},"datePublished":"2024-09-06T14:20:59+00:00","author":{"@id":"https:\/\/wp.kristdemokraterna.se\/regionostergotland\/#\/schema\/person\/74c3c4f502fcc489722a7be0dfe0088c"},"breadcrumb":{"@id":"https:\/\/wp.kristdemokraterna.se\/regionostergotland\/nyhetsbrev-vecka-36-6\/#breadcrumb"},"inLanguage":"sv-SE","potentialAction":[{"@type":"ReadAction","target":["https:\/\/wp.kristdemokraterna.se\/regionostergotland\/nyhetsbrev-vecka-36-6\/"]}]},{"@type":"BreadcrumbList","@id":"https:\/\/wp.kristdemokraterna.se\/regionostergotland\/nyhetsbrev-vecka-36-6\/#breadcrumb","itemListElement":[{"@type":"ListItem","position":1,"name":"Hem","item":"https:\/\/wp.kristdemokraterna.se\/regionostergotland\/"},{"@type":"ListItem","position":2,"name":"Nyhetsbrev vecka 36"}]},{"@type":"WebSite","@id":"https:\/\/wp.kristdemokraterna.se\/regionostergotland\/#website","url":"https:\/\/wp.kristdemokraterna.se\/regionostergotland\/","name":"i Region \u00d6sterg\u00f6tland","description":"","inLanguage":"sv-SE"},{"@type":"Person","@id":"https:\/\/wp.kristdemokraterna.se\/regionostergotland\/#\/schema\/person\/74c3c4f502fcc489722a7be0dfe0088c","name":"regionostergotland","image":{"@type":"ImageObject","inLanguage":"sv-SE","@id":"https:\/\/secure.gravatar.com\/avatar\/8fb8f0a216e627554da57506bfaf78d677f45512f24f703e185ec701423b1e92?s=96&d=mm&r=g","url":"https:\/\/secure.gravatar.com\/avatar\/8fb8f0a216e627554da57506bfaf78d677f45512f24f703e185ec701423b1e92?s=96&d=mm&r=g","contentUrl":"https:\/\/secure.gravatar.com\/avatar\/8fb8f0a216e627554da57506bfaf78d677f45512f24f703e185ec701423b1e92?s=96&d=mm&r=g","caption":"regionostergotland"},"url":"https:\/\/wp.kristdemokraterna.se\/regionostergotland\/author\/regionostergotland\/"}]}},"_links":{"self":[{"href":"https:\/\/wp.kristdemokraterna.se\/regionostergotland\/wp-json\/wp\/v2\/posts\/2309","targetHints":{"allow":["GET"]}}],"collection":[{"href":"https:\/\/wp.kristdemokraterna.se\/regionostergotland\/wp-json\/wp\/v2\/posts"}],"about":[{"href":"https:\/\/wp.kristdemokraterna.se\/regionostergotland\/wp-json\/wp\/v2\/types\/post"}],"author":[{"embeddable":true,"href":"https:\/\/wp.kristdemokraterna.se\/regionostergotland\/wp-json\/wp\/v2\/users\/737"}],"replies":[{"embeddable":true,"href":"https:\/\/wp.kristdemokraterna.se\/regionostergotland\/wp-json\/wp\/v2\/comments?post=2309"}],"version-history":[{"count":1,"href":"https:\/\/wp.kristdemokraterna.se\/regionostergotland\/wp-json\/wp\/v2\/posts\/2309\/revisions"}],"predecessor-version":[{"id":2311,"href":"https:\/\/wp.kristdemokraterna.se\/regionostergotland\/wp-json\/wp\/v2\/posts\/2309\/revisions\/2311"}],"wp:attachment":[{"href":"https:\/\/wp.kristdemokraterna.se\/regionostergotland\/wp-json\/wp\/v2\/media?parent=2309"}],"wp:term":[{"taxonomy":"category","embeddable":true,"href":"https:\/\/wp.kristdemokraterna.se\/regionostergotland\/wp-json\/wp\/v2\/categories?post=2309"},{"taxonomy":"post_tag","embeddable":true,"href":"https:\/\/wp.kristdemokraterna.se\/regionostergotland\/wp-json\/wp\/v2\/tags?post=2309"}],"curies":[{"name":"wp","href":"https:\/\/api.w.org\/{rel}","templated":true}]}}