{"id":2312,"date":"2024-09-13T13:47:22","date_gmt":"2024-09-13T11:47:22","guid":{"rendered":"https:\/\/wp.kristdemokraterna.se\/regionostergotland\/?p=2312"},"modified":"2024-09-13T13:47:22","modified_gmt":"2024-09-13T11:47:22","slug":"nyhetsbrev-vecka-37-6","status":"publish","type":"post","link":"https:\/\/wp.kristdemokraterna.se\/regionostergotland\/nyhetsbrev-vecka-37-6\/","title":{"rendered":"Nyhetsbrev vecka 37"},"content":{"rendered":"<p>Hej!<\/p>\n<p>Den h\u00e4r veckan har temperatur och v\u00e4derlek lite mer p\u00e5mint om att h\u00f6sten \u00e4r i antagande, \u00e4ven om solen skiner utanf\u00f6r f\u00f6nstret n\u00e4r dessa rader skrivs. Veckan har ocks\u00e5 inneburit starten f\u00f6r riksdags\u00e5ret, med regeringsf\u00f6rklaring, nya ministrar och partiledardebatt. Och generellt m\u00e4rks det i almanackan att det lite h\u00f6gre tempot och intensivare schemat \u00e4r tillbaka. Och det \u00e4r \u00e4nd\u00e5 \u00f6verv\u00e4gande positivt\u2026 N\u00e5gra nedslag i det som h\u00e4nt och skett i veckan, kommer h\u00e4r som vanligt i veckans nyhetsbrev. Trevlig l\u00e4sning!<!--more--><\/p>\n<p><strong>Officiell rundtur p\u00e5 h\u00f6stens \u00d6stg\u00f6tadagar<\/strong><br \/>\nI helgen genomf\u00f6rdes h\u00f6stens \u00d6stg\u00f6tadagar och p\u00e5 l\u00f6rdagen var det dags f\u00f6r \u00e5rets upplaga av den officiella rundturen. Tillsammans med tillf\u00f6rordnad landsh\u00f6vding Ann Holmlid (annars l\u00e4nsr\u00e5d) och trafik- och samh\u00e4llsplaneringsn\u00e4mndens ordf\u00f6rande Jan Owe-Larsson hade jag f\u00f6rm\u00e5nen att f\u00e5 bes\u00f6ka ett antal av akt\u00f6rerna p\u00e5 h\u00f6stens \u00d6stg\u00f6tadagar. Vi bes\u00f6kte Hagdahls smide, Bost\u00e4llets vedugnsbageri, Kornettg\u00e5rden, Ledbergs krukmakeri, \u00d6lsbo G\u00e5rdsbryggeri, Naturlogi och Stafs\u00e4ter G\u00e5rdsglass. Samtliga intressanta bes\u00f6k med m\u00f6jlighet att samtala med och f\u00e5 lite mer f\u00f6rdjupad information fr\u00e5n m\u00e4nniskorna bakom verksamheterna. Stort tack till alla som st\u00e4llde upp och tog emot oss! Dessutom bj\u00f6d l\u00f6rdagen p\u00e5 str\u00e5lande solsken och h\u00e4rligt varmt v\u00e4der, som ocks\u00e5 bidrag till en mycket lyckad dag!<\/p>\n<p><strong>M\u00e5ndagsm\u00f6te med fokus p\u00e5 fastighetsfr\u00e5gor i regionen<\/strong><br \/>\nVid veckans m\u00e5ndagsm\u00f6te g\u00e4stades vi bl.a. av Stefan Fredriksson, fastighetschef i Region \u00d6sterg\u00f6tland, som redogjorde f\u00f6r p\u00e5g\u00e5ende och planerade fastighetsprojekt i regionen. Om- och tillbyggnader p\u00e5 sjukhusen, nybyggnationer av v\u00e5rdcentraler, m.m. M\u00e5ndagsm\u00f6tet g\u00e4stades ocks\u00e5 av regionens nytilltr\u00e4dde HR-direkt\u00f6r Niclas Lindahl, som presenterade sig.<\/p>\n<p><strong>Sammantr\u00e4de med politiska ledningsgruppen<\/strong><br \/>\nP\u00e5 tisdagsf\u00f6rmiddagen h\u00f6lls september m\u00e5nads sammantr\u00e4de med politiska ledningsgruppen. Flera fr\u00e5gor fanns p\u00e5 dagordningen. Bl.a. gavs en beskrivning av f\u00f6r\u00e4ndringar i uppl\u00e4gg av H\u00e4lso- och sjukv\u00e5rdsn\u00e4mndens best\u00e4llningar till de olika produktionsenheterna (centrumen) inom h\u00e4lso- och sjukv\u00e5rden. En l\u00e4gesrapport om det p\u00e5g\u00e5ende omst\u00e4llningsarbetet gavs, liksom en f\u00f6redragning av aktuellt ekonomiskt l\u00e4ge. \u00c4ven den nya rumsliga strategin f\u00f6r \u00d6sterg\u00f6tland, som ska beslutas vid regionfullm\u00e4ktige i oktober, presenterades.<\/p>\n<p><strong>Gruppm\u00f6te med Kristdemokraternas regiongrupp<\/strong><br \/>\nTisdag kv\u00e4ll innebar gruppm\u00f6te f\u00f6r Kristdemokraternas regiongrupp. Som brukligt inleddes kv\u00e4llen med n\u00e4mndvisa gruppm\u00f6ten tillsammans med Moderaterna och Liberalerna. P\u00e5 Kristdemokraternas eget gruppm\u00f6te var engagemanget stort kring flera aktuella fr\u00e5gor, inte minst ekonomiskt l\u00e4ge, omst\u00e4llningsarbetet och det kommande trafikf\u00f6rs\u00f6rjningsprogrammet.<\/p>\n<p><strong>Medverkan i seminarium om st\u00e4rkt l\u00e4rarf\u00f6rs\u00f6rjning<\/strong><br \/>\nI onsdags arrangerade M\u00e4lardalsr\u00e5det ett seminarium om hur vi kan st\u00e4rka l\u00e4rarf\u00f6rs\u00f6rjningen i allm\u00e4nhet, och i synnerhet inom Stockholm-M\u00e4larregionen. Regeringens s\u00e4rskilda utredare av en ny l\u00e4rarutbildning, Peter Honeth, var inbjuden som inledningstalare, och d\u00e4refter genomf\u00f6rdes ett panelsamtal med den tidigare kristdemokratiska riksdagsledamoten Caroline Szyber som moderator. I panelen var tre av oss som finns med i den politiska styrgruppen f\u00f6r M\u00e4lardalsr\u00e5dets arbete inom kompetensf\u00f6rs\u00f6rjningsomr\u00e5det, En B\u00e4ttre Matchning. Efter panelsamtalet genomf\u00f6rdes en workshop med alla deltagare i seminariet, som var representanter fr\u00e5n universitet och h\u00f6gskolor, kommun, regioner och myndigheter. Du kan l\u00e4sa mer om seminariet h\u00e4r: (<a href=\"https:\/\/www.malardalsradet.se\/regeringens-utredare-hojda-krav-pa-framtidens-larare\/\" target=\"_blank\" rel=\"noopener\">https:\/\/www.malardalsradet.se\/regeringens-utredare-hojda-krav-pa-framtidens-larare\/<\/a>)<\/p>\n<p><strong>F\u00f6retagsbes\u00f6k och styrelsem\u00f6te med Almi \u00d6sterg\u00f6tland<\/strong><br \/>\nI g\u00e5r torsdag inf\u00f6ll en av h\u00f6jdpunkterna under ett verksamhets\u00e5r i styrelsen f\u00f6r Almi \u00d6sterg\u00f6tland. Ett styrelsem\u00f6te om \u00e5ret \u00e4r ett heldagsm\u00f6te, d\u00e4r vi ut\u00f6ver sedvanligt styrelsem\u00f6te, ocks\u00e5 g\u00f6r f\u00f6retagsbes\u00f6k hos f\u00f6retag som \u00e4r kunder hos Almi. Varje \u00e5r har ledningen valt ut ett geografiskt omr\u00e5de, och n\u00e5gra olika f\u00f6retag. Denna g\u00e5ng h\u00f6ll vi oss i S\u00f6derk\u00f6ping, och bes\u00f6kte tre intressanta f\u00f6retag; dels de tillverkande f\u00f6retagen Merx och Elektromontage, som b\u00e5da \u00e4r underleverant\u00f6rer till flera stora k\u00e4nda f\u00f6retag, dels Bj\u00f6rke V\u00e4veri, som maskinv\u00e4ver dukar och har tagit \u00f6ver verksamheten efter tidigare Bj\u00f6rke V\u00e4vstuga utanf\u00f6r Sk\u00e4rblacka. Bj\u00f6rke V\u00e4veri erh\u00f6ll priset \u00c5rets konsthantverkare i samband med \u00d6stg\u00f6tadagarna, som jag ber\u00e4ttade om i f\u00f6rra veckans nyhetsbrev. Tack till alla tre f\u00f6retag f\u00f6r givande bes\u00f6k!<\/p>\n<p>Imorgon l\u00f6rdag \u00e4r det 60-\u00e5rsjubileum f\u00f6r Himmelstalunds Utbildningscentrum, en del av Naturbruksgymansiet i \u00d6sterg\u00f6tland, som Region \u00d6sterg\u00f6tland \u00e4r huvudman f\u00f6r och vi i regionutvecklingsn\u00e4mnden \u00e4r skolstyrelse f\u00f6r. D\u00e4rf\u00f6r blir det en liten utflykt till Norrk\u00f6ping imorgon. Jag hoppas att ni alla f\u00e5r en riktigt trevlig helg!<\/p>\n<p>Med v\u00e4nlig h\u00e4lsning<br \/>\nPer Larsson<br \/>\nRegionr\u00e5d \u2022 Ordf\u00f6rande i Regionutvecklingsn\u00e4mnden<br \/>\nGruppledare f\u00f6r Kristdemokraterna i Region \u00d6sterg\u00f6tland<br \/>\ntfn 010-103 72 84 (arb)<br \/>\ntfn 0702-88 21 34 (mobil)<br \/>\nper.larsson@regionostergotland.se<\/p>\n<p>&nbsp;<\/p>\n","protected":false},"excerpt":{"rendered":"<p>Hej! Den h\u00e4r veckan har temperatur och v\u00e4derlek lite mer p\u00e5mint om att h\u00f6sten \u00e4r i antagande, \u00e4ven om solen skiner utanf\u00f6r f\u00f6nstret n\u00e4r dessa rader skrivs. Veckan har ocks\u00e5 inneburit starten f\u00f6r riksdags\u00e5ret, med regeringsf\u00f6rklaring, nya ministrar och partiledardebatt. Och generellt m\u00e4rks det i almanackan att det lite h\u00f6gre tempot och intensivare schemat \u00e4r <a class=\"read-more-link\" href=\"https:\/\/wp.kristdemokraterna.se\/regionostergotland\/nyhetsbrev-vecka-37-6\/\">Read More<\/a><\/p>\n","protected":false},"author":737,"featured_media":0,"comment_status":"closed","ping_status":"closed","sticky":false,"template":"","format":"standard","meta":{"_acf_changed":false,"footnotes":""},"categories":[1],"tags":[],"class_list":["post-2312","post","type-post","status-publish","format-standard","hentry","category-nyheter"],"acf":[],"yoast_head":"<!-- This site is optimized with the Yoast SEO plugin v27.5 - https:\/\/yoast.com\/product\/yoast-seo-wordpress\/ -->\n<title>Nyhetsbrev vecka 37 - i Region \u00d6sterg\u00f6tland<\/title>\n<meta name=\"robots\" content=\"index, follow, max-snippet:-1, max-image-preview:large, max-video-preview:-1\" \/>\n<link rel=\"canonical\" href=\"https:\/\/wp.kristdemokraterna.se\/regionostergotland\/nyhetsbrev-vecka-37-6\/\" \/>\n<meta property=\"og:locale\" content=\"sv_SE\" \/>\n<meta property=\"og:type\" content=\"article\" \/>\n<meta property=\"og:title\" content=\"Nyhetsbrev vecka 37 - i Region \u00d6sterg\u00f6tland\" \/>\n<meta property=\"og:description\" content=\"Hej! Den h\u00e4r veckan har temperatur och v\u00e4derlek lite mer p\u00e5mint om att h\u00f6sten \u00e4r i antagande, \u00e4ven om solen skiner utanf\u00f6r f\u00f6nstret n\u00e4r dessa rader skrivs. Veckan har ocks\u00e5 inneburit starten f\u00f6r riksdags\u00e5ret, med regeringsf\u00f6rklaring, nya ministrar och partiledardebatt. Och generellt m\u00e4rks det i almanackan att det lite h\u00f6gre tempot och intensivare schemat \u00e4r Read More\" \/>\n<meta property=\"og:url\" content=\"https:\/\/wp.kristdemokraterna.se\/regionostergotland\/nyhetsbrev-vecka-37-6\/\" \/>\n<meta property=\"og:site_name\" content=\"i Region \u00d6sterg\u00f6tland\" \/>\n<meta property=\"article:published_time\" content=\"2024-09-13T11:47:22+00:00\" \/>\n<meta property=\"og:image\" content=\"http:\/\/wp.kristdemokraterna.se\/regionostergotland\/files\/2024\/09\/bild-nyhetsbrev-2024-vecka-37-1024x533.jpg\" \/>\n\t<meta property=\"og:image:width\" content=\"1024\" \/>\n\t<meta property=\"og:image:height\" content=\"533\" \/>\n\t<meta property=\"og:image:type\" content=\"image\/jpeg\" \/>\n<meta name=\"author\" content=\"regionostergotland\" \/>\n<meta name=\"twitter:card\" content=\"summary_large_image\" \/>\n<meta name=\"twitter:label1\" content=\"Skriven av\" \/>\n\t<meta name=\"twitter:data1\" content=\"regionostergotland\" \/>\n\t<meta name=\"twitter:label2\" content=\"Ber\u00e4knad l\u00e4stid\" \/>\n\t<meta name=\"twitter:data2\" content=\"4 minuter\" \/>\n<script type=\"application\/ld+json\" class=\"yoast-schema-graph\">{\"@context\":\"https:\\\/\\\/schema.org\",\"@graph\":[{\"@type\":\"Article\",\"@id\":\"https:\\\/\\\/wp.kristdemokraterna.se\\\/regionostergotland\\\/nyhetsbrev-vecka-37-6\\\/#article\",\"isPartOf\":{\"@id\":\"https:\\\/\\\/wp.kristdemokraterna.se\\\/regionostergotland\\\/nyhetsbrev-vecka-37-6\\\/\"},\"author\":{\"name\":\"regionostergotland\",\"@id\":\"https:\\\/\\\/wp.kristdemokraterna.se\\\/regionostergotland\\\/#\\\/schema\\\/person\\\/74c3c4f502fcc489722a7be0dfe0088c\"},\"headline\":\"Nyhetsbrev vecka 37\",\"datePublished\":\"2024-09-13T11:47:22+00:00\",\"mainEntityOfPage\":{\"@id\":\"https:\\\/\\\/wp.kristdemokraterna.se\\\/regionostergotland\\\/nyhetsbrev-vecka-37-6\\\/\"},\"wordCount\":869,\"articleSection\":[\"Nyheter\"],\"inLanguage\":\"sv-SE\"},{\"@type\":\"WebPage\",\"@id\":\"https:\\\/\\\/wp.kristdemokraterna.se\\\/regionostergotland\\\/nyhetsbrev-vecka-37-6\\\/\",\"url\":\"https:\\\/\\\/wp.kristdemokraterna.se\\\/regionostergotland\\\/nyhetsbrev-vecka-37-6\\\/\",\"name\":\"Nyhetsbrev vecka 37 - i Region \u00d6sterg\u00f6tland\",\"isPartOf\":{\"@id\":\"https:\\\/\\\/wp.kristdemokraterna.se\\\/regionostergotland\\\/#website\"},\"datePublished\":\"2024-09-13T11:47:22+00:00\",\"author\":{\"@id\":\"https:\\\/\\\/wp.kristdemokraterna.se\\\/regionostergotland\\\/#\\\/schema\\\/person\\\/74c3c4f502fcc489722a7be0dfe0088c\"},\"breadcrumb\":{\"@id\":\"https:\\\/\\\/wp.kristdemokraterna.se\\\/regionostergotland\\\/nyhetsbrev-vecka-37-6\\\/#breadcrumb\"},\"inLanguage\":\"sv-SE\",\"potentialAction\":[{\"@type\":\"ReadAction\",\"target\":[\"https:\\\/\\\/wp.kristdemokraterna.se\\\/regionostergotland\\\/nyhetsbrev-vecka-37-6\\\/\"]}]},{\"@type\":\"BreadcrumbList\",\"@id\":\"https:\\\/\\\/wp.kristdemokraterna.se\\\/regionostergotland\\\/nyhetsbrev-vecka-37-6\\\/#breadcrumb\",\"itemListElement\":[{\"@type\":\"ListItem\",\"position\":1,\"name\":\"Hem\",\"item\":\"https:\\\/\\\/wp.kristdemokraterna.se\\\/regionostergotland\\\/\"},{\"@type\":\"ListItem\",\"position\":2,\"name\":\"Nyhetsbrev vecka 37\"}]},{\"@type\":\"WebSite\",\"@id\":\"https:\\\/\\\/wp.kristdemokraterna.se\\\/regionostergotland\\\/#website\",\"url\":\"https:\\\/\\\/wp.kristdemokraterna.se\\\/regionostergotland\\\/\",\"name\":\"i Region \u00d6sterg\u00f6tland\",\"description\":\"\",\"inLanguage\":\"sv-SE\"},{\"@type\":\"Person\",\"@id\":\"https:\\\/\\\/wp.kristdemokraterna.se\\\/regionostergotland\\\/#\\\/schema\\\/person\\\/74c3c4f502fcc489722a7be0dfe0088c\",\"name\":\"regionostergotland\",\"image\":{\"@type\":\"ImageObject\",\"inLanguage\":\"sv-SE\",\"@id\":\"https:\\\/\\\/secure.gravatar.com\\\/avatar\\\/8fb8f0a216e627554da57506bfaf78d677f45512f24f703e185ec701423b1e92?s=96&d=mm&r=g\",\"url\":\"https:\\\/\\\/secure.gravatar.com\\\/avatar\\\/8fb8f0a216e627554da57506bfaf78d677f45512f24f703e185ec701423b1e92?s=96&d=mm&r=g\",\"contentUrl\":\"https:\\\/\\\/secure.gravatar.com\\\/avatar\\\/8fb8f0a216e627554da57506bfaf78d677f45512f24f703e185ec701423b1e92?s=96&d=mm&r=g\",\"caption\":\"regionostergotland\"},\"url\":\"https:\\\/\\\/wp.kristdemokraterna.se\\\/regionostergotland\\\/author\\\/regionostergotland\\\/\"}]}<\/script>\n<!-- \/ Yoast SEO plugin. -->","yoast_head_json":{"title":"Nyhetsbrev vecka 37 - i Region \u00d6sterg\u00f6tland","robots":{"index":"index","follow":"follow","max-snippet":"max-snippet:-1","max-image-preview":"max-image-preview:large","max-video-preview":"max-video-preview:-1"},"canonical":"https:\/\/wp.kristdemokraterna.se\/regionostergotland\/nyhetsbrev-vecka-37-6\/","og_locale":"sv_SE","og_type":"article","og_title":"Nyhetsbrev vecka 37 - i Region \u00d6sterg\u00f6tland","og_description":"Hej! Den h\u00e4r veckan har temperatur och v\u00e4derlek lite mer p\u00e5mint om att h\u00f6sten \u00e4r i antagande, \u00e4ven om solen skiner utanf\u00f6r f\u00f6nstret n\u00e4r dessa rader skrivs. Veckan har ocks\u00e5 inneburit starten f\u00f6r riksdags\u00e5ret, med regeringsf\u00f6rklaring, nya ministrar och partiledardebatt. Och generellt m\u00e4rks det i almanackan att det lite h\u00f6gre tempot och intensivare schemat \u00e4r Read More","og_url":"https:\/\/wp.kristdemokraterna.se\/regionostergotland\/nyhetsbrev-vecka-37-6\/","og_site_name":"i Region \u00d6sterg\u00f6tland","article_published_time":"2024-09-13T11:47:22+00:00","og_image":[{"width":1024,"height":533,"url":"http:\/\/wp.kristdemokraterna.se\/regionostergotland\/files\/2024\/09\/bild-nyhetsbrev-2024-vecka-37-1024x533.jpg","type":"image\/jpeg"}],"author":"regionostergotland","twitter_card":"summary_large_image","twitter_misc":{"Skriven av":"regionostergotland","Ber\u00e4knad l\u00e4stid":"4 minuter"},"schema":{"@context":"https:\/\/schema.org","@graph":[{"@type":"Article","@id":"https:\/\/wp.kristdemokraterna.se\/regionostergotland\/nyhetsbrev-vecka-37-6\/#article","isPartOf":{"@id":"https:\/\/wp.kristdemokraterna.se\/regionostergotland\/nyhetsbrev-vecka-37-6\/"},"author":{"name":"regionostergotland","@id":"https:\/\/wp.kristdemokraterna.se\/regionostergotland\/#\/schema\/person\/74c3c4f502fcc489722a7be0dfe0088c"},"headline":"Nyhetsbrev vecka 37","datePublished":"2024-09-13T11:47:22+00:00","mainEntityOfPage":{"@id":"https:\/\/wp.kristdemokraterna.se\/regionostergotland\/nyhetsbrev-vecka-37-6\/"},"wordCount":869,"articleSection":["Nyheter"],"inLanguage":"sv-SE"},{"@type":"WebPage","@id":"https:\/\/wp.kristdemokraterna.se\/regionostergotland\/nyhetsbrev-vecka-37-6\/","url":"https:\/\/wp.kristdemokraterna.se\/regionostergotland\/nyhetsbrev-vecka-37-6\/","name":"Nyhetsbrev vecka 37 - i Region \u00d6sterg\u00f6tland","isPartOf":{"@id":"https:\/\/wp.kristdemokraterna.se\/regionostergotland\/#website"},"datePublished":"2024-09-13T11:47:22+00:00","author":{"@id":"https:\/\/wp.kristdemokraterna.se\/regionostergotland\/#\/schema\/person\/74c3c4f502fcc489722a7be0dfe0088c"},"breadcrumb":{"@id":"https:\/\/wp.kristdemokraterna.se\/regionostergotland\/nyhetsbrev-vecka-37-6\/#breadcrumb"},"inLanguage":"sv-SE","potentialAction":[{"@type":"ReadAction","target":["https:\/\/wp.kristdemokraterna.se\/regionostergotland\/nyhetsbrev-vecka-37-6\/"]}]},{"@type":"BreadcrumbList","@id":"https:\/\/wp.kristdemokraterna.se\/regionostergotland\/nyhetsbrev-vecka-37-6\/#breadcrumb","itemListElement":[{"@type":"ListItem","position":1,"name":"Hem","item":"https:\/\/wp.kristdemokraterna.se\/regionostergotland\/"},{"@type":"ListItem","position":2,"name":"Nyhetsbrev vecka 37"}]},{"@type":"WebSite","@id":"https:\/\/wp.kristdemokraterna.se\/regionostergotland\/#website","url":"https:\/\/wp.kristdemokraterna.se\/regionostergotland\/","name":"i Region \u00d6sterg\u00f6tland","description":"","inLanguage":"sv-SE"},{"@type":"Person","@id":"https:\/\/wp.kristdemokraterna.se\/regionostergotland\/#\/schema\/person\/74c3c4f502fcc489722a7be0dfe0088c","name":"regionostergotland","image":{"@type":"ImageObject","inLanguage":"sv-SE","@id":"https:\/\/secure.gravatar.com\/avatar\/8fb8f0a216e627554da57506bfaf78d677f45512f24f703e185ec701423b1e92?s=96&d=mm&r=g","url":"https:\/\/secure.gravatar.com\/avatar\/8fb8f0a216e627554da57506bfaf78d677f45512f24f703e185ec701423b1e92?s=96&d=mm&r=g","contentUrl":"https:\/\/secure.gravatar.com\/avatar\/8fb8f0a216e627554da57506bfaf78d677f45512f24f703e185ec701423b1e92?s=96&d=mm&r=g","caption":"regionostergotland"},"url":"https:\/\/wp.kristdemokraterna.se\/regionostergotland\/author\/regionostergotland\/"}]}},"_links":{"self":[{"href":"https:\/\/wp.kristdemokraterna.se\/regionostergotland\/wp-json\/wp\/v2\/posts\/2312","targetHints":{"allow":["GET"]}}],"collection":[{"href":"https:\/\/wp.kristdemokraterna.se\/regionostergotland\/wp-json\/wp\/v2\/posts"}],"about":[{"href":"https:\/\/wp.kristdemokraterna.se\/regionostergotland\/wp-json\/wp\/v2\/types\/post"}],"author":[{"embeddable":true,"href":"https:\/\/wp.kristdemokraterna.se\/regionostergotland\/wp-json\/wp\/v2\/users\/737"}],"replies":[{"embeddable":true,"href":"https:\/\/wp.kristdemokraterna.se\/regionostergotland\/wp-json\/wp\/v2\/comments?post=2312"}],"version-history":[{"count":1,"href":"https:\/\/wp.kristdemokraterna.se\/regionostergotland\/wp-json\/wp\/v2\/posts\/2312\/revisions"}],"predecessor-version":[{"id":2314,"href":"https:\/\/wp.kristdemokraterna.se\/regionostergotland\/wp-json\/wp\/v2\/posts\/2312\/revisions\/2314"}],"wp:attachment":[{"href":"https:\/\/wp.kristdemokraterna.se\/regionostergotland\/wp-json\/wp\/v2\/media?parent=2312"}],"wp:term":[{"taxonomy":"category","embeddable":true,"href":"https:\/\/wp.kristdemokraterna.se\/regionostergotland\/wp-json\/wp\/v2\/categories?post=2312"},{"taxonomy":"post_tag","embeddable":true,"href":"https:\/\/wp.kristdemokraterna.se\/regionostergotland\/wp-json\/wp\/v2\/tags?post=2312"}],"curies":[{"name":"wp","href":"https:\/\/api.w.org\/{rel}","templated":true}]}}