{"id":2321,"date":"2024-10-04T16:20:00","date_gmt":"2024-10-04T14:20:00","guid":{"rendered":"https:\/\/wp.kristdemokraterna.se\/regionostergotland\/?p=2321"},"modified":"2024-10-04T16:20:00","modified_gmt":"2024-10-04T14:20:00","slug":"nyhetsbrev-vecka-40-6","status":"publish","type":"post","link":"https:\/\/wp.kristdemokraterna.se\/regionostergotland\/nyhetsbrev-vecka-40-6\/","title":{"rendered":"Nyhetsbrev vecka 40"},"content":{"rendered":"<p>Hej!<\/p>\n<p>Denna fredagseftermiddag skickar jag nyhetsbrevet fr\u00e5n Stockholm, d\u00e4r det idag har varit Politikerforum &#8211; dialog med regeringen om regionala utvecklingsfr\u00e5gor. Mer om den dialogen och en hel del annat som h\u00e4nt i regionpolitiken under veckan, kommer h\u00e4r som vanligt i nyhetsbrevet. Trevlig l\u00e4sning!<!--more--><\/p>\n<p><strong>60-\u00e5rsjubileum f\u00f6r Kristdemokraterna p\u00e5 Uppsala slott<\/strong><br \/>\nI fredags kv\u00e4ll bj\u00f6d Kristdemokraterna in till 60-\u00e5rsjubileum av partiets bildande 1964. Firandet h\u00f6lls i rikssalen p\u00e5 Uppsala slott, och inneh\u00f6ll bl.a. tal av partiledare Ebba Busch och partiets hedersordf\u00f6rande, m\u00e5ng\u00e5rige partiledaren Alf Svensson. Distriktsordf\u00f6rande i Uppsaladistriktet och riksdagsledamot Mikael Oscarsson var programv\u00e4rd f\u00f6r kv\u00e4llen och gjorde bl.a. en intervju med de b\u00e5da tidigare partisekreterarna Inger Davidson och Stig Nyman. M\u00e5nga tidigare f\u00f6rtroendevalda genom \u00e5ren var inbjudna &#8211; och det blev tillf\u00e4lle f\u00f6r flera \u00e5terseenden! Som avslutning p\u00e5 kv\u00e4llen fanns m\u00f6jlighet att f\u00e5 en guidad visning av l\u00e4nsresidenset p\u00e5 slottet, fr\u00e5n landsh\u00f6vding Stefan Attefall, vilket var v\u00e4ldigt intressant att f\u00e5 se!<\/p>\n<p><strong>LasseMajas deckarhus \u00e4r \u00d6sterg\u00f6tlands kandidat till Stora Turismpriset 2024<\/strong><br \/>\nI slutet p\u00e5 f\u00f6rra veckan blev det ocks\u00e5 offentligt att det nya bes\u00f6ksm\u00e5let i Gamla Link\u00f6ping, LasseMajas Deckarhus, \u00e4r \u00d6sterg\u00f6tlands kandidat till \u00e5rets utdelning av Stora Turismpriset. Jag har som ordf\u00f6rande i regionutvecklingsn\u00e4mnden haft f\u00f6rm\u00e5nen att vara med i den \u00f6stg\u00f6tska juryn, som valt ut den \u00f6stg\u00f6tska kandidaten. I december avg\u00f6rs vilket regional kandidat som vinner det nationella priset. Du kan l\u00e4sa mer om den \u00f6stg\u00f6tska kandidaten h\u00e4r:<br \/>\n(https:\/\/www.visitostergotland.se\/vs\/nyheter\/nyheter\/2024-09-26-stora-turismpriset-2024)<\/p>\n<p><strong>M\u00e5ndagsm\u00f6te med fokus p\u00e5 fullm\u00e4ktige och omst\u00e4llning<\/strong><br \/>\nVid veckans m\u00e5ndagsm\u00f6te g\u00e4stades vi av regionfullm\u00e4ktiges ordf\u00f6rande Nils Babtist (L) och f\u00f6rste vice ordf\u00f6rande Elvira Wibeck (KD), f\u00f6r att g\u00e5 igenom planeringen inf\u00f6r n\u00e4sta veckas regionfullm\u00e4ktigesammantr\u00e4de. \u00c4ven en del mer l\u00e5ngsiktiga fr\u00e5gor f\u00f6r fullm\u00e4ktige dryftades. M\u00e5ndagsm\u00f6tet fick ocks\u00e5 bes\u00f6k av HR-direkt\u00f6r Niclas Lindahl, som gick igenom hur genomf\u00f6randet av ny arbetsorganisation inom h\u00e4lso- och sjukv\u00e5rden nu ska genomf\u00f6ras, som n\u00e4sta steg i det p\u00e5g\u00e5ende omst\u00e4llningsarbetet.<\/p>\n<p><strong>Utvecklingssamtalen forts\u00e4tter<\/strong><br \/>\nSom jag ber\u00e4ttade i f\u00f6rra veckans nyhetsbrev, har det blivit dags att ungef\u00e4r halvv\u00e4gs in mandatperioden, genomf\u00f6ra utvecklingssamtal med alla i Kristdemokraternas regiongrupp. Den h\u00e4r veckan har samtalen fortsatt, och det \u00e4r verkligen positivt att sitta ned och tillsammans reflektera \u00f6ver v\u00e5rt politiska arbete i regionen.<\/p>\n<p><strong>Sammantr\u00e4de med politiska ledningsgruppen<\/strong><br \/>\nI tisdags f\u00f6rmiddag sammantr\u00e4dde regionens politiska ledningsgrupp (PLG). P\u00e5 dagordningen stod bl.a. en intressant f\u00f6redragning fr\u00e5n regiondirekt\u00f6r Mikael Borin kring olika aspekter p\u00e5 ledning och styrning i regionen, och l\u00e4gesuppdatering kring det p\u00e5g\u00e5ende arbetet med &#8221;Framtidens h\u00e4lso- och sjukv\u00e5rd&#8221; fr\u00e5n utvecklingsdirekt\u00f6r Robert Ring och utvecklingsledare David Ring. PLG fick ocks\u00e5 en ekonomisk uppdatering fr\u00e5n ekonomidirekt\u00f6r Josefin Bj\u00e4resten, som gl\u00e4djande visade att den positiva utvecklingen av det ekonomiska resultatet forts\u00e4tter, men att det sj\u00e4lvklart \u00e5terst\u00e5r mycket arbete, innan vi \u00e4r i m\u00e5l, liksom att antalet anst\u00e4llda sjuksk\u00f6terskor ocks\u00e5 fortsatt \u00f6ka.<\/p>\n<p><strong>Presidiem\u00f6te med regionutvecklingsn\u00e4mndens presidium<\/strong><br \/>\nTisdagen fortsatte med presidiem\u00f6te med regionutvecklingsn\u00e4mndens presidium. M\u00f6tet inleddes med en l\u00e4gesrapport fr\u00e5n arbetet med att ta fram n\u00e4ringslivs- och innovationsstrategi f\u00f6r Region \u00d6sterg\u00f6tland, fr\u00e5n de b\u00e5da ansvariga strategerna Cecilia Hunnershage-Sandgren och Niklas Tideklev. Huvud\u00e4rendet f\u00f6r presidiem\u00f6tet var som vanligt beredning av kommande n\u00e4mndsammantr\u00e4de, d\u00e4r det v\u00e4ntas beslut om s\u00e5v\u00e4l n\u00e4mndens \u00e5rsplan och del\u00e5rsrapport efter augusti.<\/p>\n<p><strong>Gruppm\u00f6te med Kristdemokraternas regiongrupp<\/strong><br \/>\nP\u00e5 tisdagskv\u00e4llen samlades Kristdemokraternas regiongrupp f\u00f6r gruppm\u00f6te. Som brukligt inleddes kv\u00e4llen med n\u00e4mndvisa gruppm\u00f6ten tillsammans med Moderaterna och Liberalerna. P\u00e5 Kristdemokraternas eget gruppm\u00f6te samtalade vi om den n\u00e5got ljusare utvecklingen av det ekonomiska l\u00e4get, att det p\u00e5g\u00e5ende omst\u00e4llningsarbetet g\u00e5r in i n\u00e4sta fas och att f\u00f6rslagen till \u00e5rsplaner f\u00f6r de olika n\u00e4mnderna nu b\u00f6rjar bli klara. Som vanligt engagerade inl\u00e4gg fr\u00e5n hela gruppen!<\/p>\n<p><strong>Kommunbes\u00f6k i Finsp\u00e5ng med studiebes\u00f6k p\u00e5 bussdep\u00e5n<\/strong><br \/>\nI v\u00e5ras inledde vi kristdemokrater som finns i regionhuset (jag och Annicki Oscarsson som regionr\u00e5d och de b\u00e5da politiska sekreterarna Fredrik Topplund och Max Dahlgren) v\u00e5ra bes\u00f6k hos Kristdemokraternas kommungruppledare runt om i \u00d6sterg\u00f6tland. F\u00f6rst ut i v\u00e5ras var S\u00f6derk\u00f6ping, och nu i onsdags hade turen kommit till FInsp\u00e5ng och gruppledare Kristin Andersson. Kristin hade ordnat ett intressant studiebes\u00f6k p\u00e5 bussdep\u00e5n i Finsp\u00e5ng, d\u00e4r av \u00d6stg\u00f6tatrafiken upphandlade bolaget Transdev har dep\u00e5 f\u00f6r sina bussar i regiontrafik fr\u00e5n Finsp\u00e5ng till bl.a. Norrk\u00f6ping och Link\u00f6ping. Vi fick ett bra samtal med tre av busschauff\u00f6rerna som kunde ge oss ett v\u00e4rdefullt perspektiv p\u00e5 den regionala busstrafiken, som \u00e4r bra f\u00f6r oss som f\u00f6rtroendevalda att ta del av. Under bes\u00f6ket i Finsp\u00e5ng fick vi ocks\u00e5 m\u00f6jlighet att samtala med Kristin om aktuella fr\u00e5gor kopplat till kommun och region.<\/p>\n<p><strong>Avtackning av verksamhetschef Malin Thunborg<\/strong><br \/>\nP\u00e5 onsdagseftermiddagen blev det v\u00e4lfyllt i regionhusets cafeteria n\u00e4r det vankades avtackning av Malin Thunborg, verksamhetschef f\u00f6r tillv\u00e4xtenheten, som efter m\u00e5nga \u00e5r i regionens tj\u00e4nst, nu g\u00e5r vidare till att bli VD f\u00f6r Teknikcollege Sverige. Ut\u00f6ver medarbetarna p\u00e5 tillv\u00e4xtenheten, m\u00e5nga andra kollegor inom regional utveckling och vi i regionutvecklingsn\u00e4mndens presidium kom ocks\u00e5 flera externa samarbetspartners som t.ex. L\u00e4nsstyrelsen, Almi, Coompanion \u00d6sterg\u00f6tland och \u00d6stra Mellansverige-samarbetet. Vi tackar Malin f\u00f6r mycket gott samarbete och \u00f6nskar lycka till i det nya sp\u00e4nnande uppdraget!<\/p>\n<p><strong>M\u00f6te mellan kristdemokratiska regionpolitiker och sjukv\u00e5rdsministern<\/strong><br \/>\nI g\u00e5r torsdag b\u00f6rjade dagen med digitalt m\u00f6te mellan kristdemokratiska regiongruppledare och regionr\u00e5d och sjukv\u00e5rdsminister Acko Ankarberg Johansson. Alltid v\u00e4rdefullt att f\u00e5 den direktkommunikationen med ministern, och kunna ta del av information och reflektion om aktuella fr\u00e5gor!<\/p>\n<p><strong>Konferensdagen &#8221;Framtid \u00d6sterg\u00f6tland&#8221; med tema platsens betydelse<\/strong><br \/>\nG\u00e5rdagen fortsatte med den \u00e5rliga konferensen &#8221;Framtid \u00d6sterg\u00f6tland&#8221;, som Region \u00d6sterg\u00f6tland arrangerar med utg\u00e5ngspunkt i den regionala utvecklingsstrategin. I \u00e5r h\u00f6lls konferensen i Motala, i den tidigare saluhallen, och temat var &#8221;Platsens betydelse&#8221; och belyste olika aspekter av platsutveckling. Bland programpunkterna fanns ett intressant f\u00f6redrag av Svante Karlsson, docent i kulturgeografi vid Karlstads universitet, ett pass om hur Motala kommun p\u00e5 olika s\u00e4tt arbetat med platsutveckling och lite aktuella siffror och statistik p\u00e5 temat *Hur g\u00e5r det f\u00f6r \u00d6sterg\u00f6tland?&#8221; fr\u00e5n regionutvecklingsdirekt\u00f6r Richard Wid\u00e9n. Sj\u00e4lv hade jag f\u00f6rm\u00e5nen att f\u00e5 v\u00e4lkomsttala och d\u00e5 bl.a. konstatera &#8221;Att utveckla platsen \u00d6sterg\u00f6tland kan bidra till att inv\u00e5narna m\u00e5r b\u00e4ttre, att tillv\u00e4xten st\u00e4rks, att v\u00e5r gemensamma v\u00e4lf\u00e4rd blir b\u00e4ttre och att fler v\u00e4ljer att bes\u00f6ka oss.&#8221;<\/p>\n<p><strong>Politikerforum &#8211; dialog med regeringen om regionala utvecklingsfr\u00e5gor<\/strong><br \/>\nIdag fredag var det dags igen f\u00f6r Politikerforum &#8211; dialog mellan regionerna och regeringen om regionala utvecklingsfr\u00e5gor. I forumet deltar en majoritets- och en oppositionsf\u00f6retr\u00e4dare fr\u00e5n varje region, och fr\u00e5n Region \u00d6sterg\u00f6tland \u00e4r det jag som ordf\u00f6rande och Eva Andersson (S) som andre vice ordf\u00f6rande i regionutvecklingsn\u00e4mnden. Fyra kristdemokratiska regionpolitiska kollegor fanns ocks\u00e5 plats; Mia Frisk fr\u00e5n Region J\u00f6nk\u00f6pings l\u00e4n, Birgitta Sacr\u00e9deus fr\u00e5n Region Dalarna, Anna Zelvin fr\u00e5n Region Kronoberg och Anders Sellstr\u00f6m som representant f\u00f6r SKR. Forumet leds av Dan Ericsson (KD), statssekreterare p\u00e5 Landsbygds- och infrastrukturdepartementet. P\u00e5 dagordningen stod bl.a. digitaliseringspolitik med civilminister Erik Slottner (KD), kulturella och kreativa branscher med statssekreterare Karin Svanborg Sj\u00f6vall, utredningen av den regionala utvecklingspolitiken med s\u00e4rskilde utredaren Martin Olauzon och nationella s\u00e4kerhetsstrategin med nationelle s\u00e4kerhetsr\u00e5dgivaren Henrik Linderholm. Som vanligt tr\u00e4ffades regionerna p\u00e5 torsdagskv\u00e4llen f\u00f6r f\u00f6rm\u00f6te arrangerat av Sveriges Kommuner och Regioner.<\/p>\n<p>D\u00e5 \u00e4r det strax dags vf\u00f6r lite helgledighet, och f\u00f6r egen del \u00e4r planen lite kulturella uppt\u00e4ckter i huvudstaden. Hoppas att ni alla f\u00e5r en riktigt trevlig helg!<\/p>\n<p>Med v\u00e4nlig h\u00e4lsning<br \/>\nPer Larsson<br \/>\nRegionr\u00e5d &#8211; Ordf\u00f6rande i Regionutvecklingsn\u00e4mnden<br \/>\nGruppledare f\u00f6r Kristdemokraterna i Region \u00d6sterg\u00f6tland<br \/>\ntfn 010-103 72 84 (arb)<br \/>\ntfn 0702-88 21 34 (mobil)<br \/>\nper.larsson@regionostergotland.se<\/p>\n<p>&nbsp;<\/p>\n","protected":false},"excerpt":{"rendered":"<p>Hej! Denna fredagseftermiddag skickar jag nyhetsbrevet fr\u00e5n Stockholm, d\u00e4r det idag har varit Politikerforum &#8211; dialog med regeringen om regionala utvecklingsfr\u00e5gor. Mer om den dialogen och en hel del annat som h\u00e4nt i regionpolitiken under veckan, kommer h\u00e4r som vanligt i nyhetsbrevet. Trevlig l\u00e4sning!<\/p>\n","protected":false},"author":737,"featured_media":0,"comment_status":"closed","ping_status":"closed","sticky":false,"template":"","format":"standard","meta":{"_acf_changed":false,"footnotes":""},"categories":[1],"tags":[],"class_list":["post-2321","post","type-post","status-publish","format-standard","hentry","category-nyheter"],"acf":[],"yoast_head":"<!-- This site is optimized with the Yoast SEO plugin v27.5 - https:\/\/yoast.com\/product\/yoast-seo-wordpress\/ -->\n<title>Nyhetsbrev vecka 40 - i Region \u00d6sterg\u00f6tland<\/title>\n<meta name=\"robots\" content=\"index, follow, max-snippet:-1, max-image-preview:large, max-video-preview:-1\" \/>\n<link rel=\"canonical\" href=\"https:\/\/wp.kristdemokraterna.se\/regionostergotland\/nyhetsbrev-vecka-40-6\/\" \/>\n<meta property=\"og:locale\" content=\"sv_SE\" \/>\n<meta property=\"og:type\" content=\"article\" \/>\n<meta property=\"og:title\" content=\"Nyhetsbrev vecka 40 - i Region \u00d6sterg\u00f6tland\" \/>\n<meta property=\"og:description\" content=\"Hej! Denna fredagseftermiddag skickar jag nyhetsbrevet fr\u00e5n Stockholm, d\u00e4r det idag har varit Politikerforum &#8211; dialog med regeringen om regionala utvecklingsfr\u00e5gor. Mer om den dialogen och en hel del annat som h\u00e4nt i regionpolitiken under veckan, kommer h\u00e4r som vanligt i nyhetsbrevet. Trevlig l\u00e4sning!\" \/>\n<meta property=\"og:url\" content=\"https:\/\/wp.kristdemokraterna.se\/regionostergotland\/nyhetsbrev-vecka-40-6\/\" \/>\n<meta property=\"og:site_name\" content=\"i Region \u00d6sterg\u00f6tland\" \/>\n<meta property=\"article:published_time\" content=\"2024-10-04T14:20:00+00:00\" \/>\n<meta property=\"og:image\" content=\"http:\/\/wp.kristdemokraterna.se\/regionostergotland\/files\/2024\/10\/bild-nyhetsbrev-2024-vecka-40-1024x533.jpg\" \/>\n\t<meta property=\"og:image:width\" content=\"1024\" \/>\n\t<meta property=\"og:image:height\" content=\"533\" \/>\n\t<meta property=\"og:image:type\" content=\"image\/jpeg\" \/>\n<meta name=\"author\" content=\"regionostergotland\" \/>\n<meta name=\"twitter:card\" content=\"summary_large_image\" \/>\n<meta name=\"twitter:label1\" content=\"Skriven av\" \/>\n\t<meta name=\"twitter:data1\" content=\"regionostergotland\" \/>\n\t<meta name=\"twitter:label2\" content=\"Ber\u00e4knad l\u00e4stid\" \/>\n\t<meta name=\"twitter:data2\" content=\"6 minuter\" \/>\n<script type=\"application\/ld+json\" class=\"yoast-schema-graph\">{\"@context\":\"https:\\\/\\\/schema.org\",\"@graph\":[{\"@type\":\"Article\",\"@id\":\"https:\\\/\\\/wp.kristdemokraterna.se\\\/regionostergotland\\\/nyhetsbrev-vecka-40-6\\\/#article\",\"isPartOf\":{\"@id\":\"https:\\\/\\\/wp.kristdemokraterna.se\\\/regionostergotland\\\/nyhetsbrev-vecka-40-6\\\/\"},\"author\":{\"name\":\"regionostergotland\",\"@id\":\"https:\\\/\\\/wp.kristdemokraterna.se\\\/regionostergotland\\\/#\\\/schema\\\/person\\\/74c3c4f502fcc489722a7be0dfe0088c\"},\"headline\":\"Nyhetsbrev vecka 40\",\"datePublished\":\"2024-10-04T14:20:00+00:00\",\"mainEntityOfPage\":{\"@id\":\"https:\\\/\\\/wp.kristdemokraterna.se\\\/regionostergotland\\\/nyhetsbrev-vecka-40-6\\\/\"},\"wordCount\":1468,\"articleSection\":[\"Nyheter\"],\"inLanguage\":\"sv-SE\"},{\"@type\":\"WebPage\",\"@id\":\"https:\\\/\\\/wp.kristdemokraterna.se\\\/regionostergotland\\\/nyhetsbrev-vecka-40-6\\\/\",\"url\":\"https:\\\/\\\/wp.kristdemokraterna.se\\\/regionostergotland\\\/nyhetsbrev-vecka-40-6\\\/\",\"name\":\"Nyhetsbrev vecka 40 - i Region \u00d6sterg\u00f6tland\",\"isPartOf\":{\"@id\":\"https:\\\/\\\/wp.kristdemokraterna.se\\\/regionostergotland\\\/#website\"},\"datePublished\":\"2024-10-04T14:20:00+00:00\",\"author\":{\"@id\":\"https:\\\/\\\/wp.kristdemokraterna.se\\\/regionostergotland\\\/#\\\/schema\\\/person\\\/74c3c4f502fcc489722a7be0dfe0088c\"},\"breadcrumb\":{\"@id\":\"https:\\\/\\\/wp.kristdemokraterna.se\\\/regionostergotland\\\/nyhetsbrev-vecka-40-6\\\/#breadcrumb\"},\"inLanguage\":\"sv-SE\",\"potentialAction\":[{\"@type\":\"ReadAction\",\"target\":[\"https:\\\/\\\/wp.kristdemokraterna.se\\\/regionostergotland\\\/nyhetsbrev-vecka-40-6\\\/\"]}]},{\"@type\":\"BreadcrumbList\",\"@id\":\"https:\\\/\\\/wp.kristdemokraterna.se\\\/regionostergotland\\\/nyhetsbrev-vecka-40-6\\\/#breadcrumb\",\"itemListElement\":[{\"@type\":\"ListItem\",\"position\":1,\"name\":\"Hem\",\"item\":\"https:\\\/\\\/wp.kristdemokraterna.se\\\/regionostergotland\\\/\"},{\"@type\":\"ListItem\",\"position\":2,\"name\":\"Nyhetsbrev vecka 40\"}]},{\"@type\":\"WebSite\",\"@id\":\"https:\\\/\\\/wp.kristdemokraterna.se\\\/regionostergotland\\\/#website\",\"url\":\"https:\\\/\\\/wp.kristdemokraterna.se\\\/regionostergotland\\\/\",\"name\":\"i Region \u00d6sterg\u00f6tland\",\"description\":\"\",\"inLanguage\":\"sv-SE\"},{\"@type\":\"Person\",\"@id\":\"https:\\\/\\\/wp.kristdemokraterna.se\\\/regionostergotland\\\/#\\\/schema\\\/person\\\/74c3c4f502fcc489722a7be0dfe0088c\",\"name\":\"regionostergotland\",\"image\":{\"@type\":\"ImageObject\",\"inLanguage\":\"sv-SE\",\"@id\":\"https:\\\/\\\/secure.gravatar.com\\\/avatar\\\/8fb8f0a216e627554da57506bfaf78d677f45512f24f703e185ec701423b1e92?s=96&d=mm&r=g\",\"url\":\"https:\\\/\\\/secure.gravatar.com\\\/avatar\\\/8fb8f0a216e627554da57506bfaf78d677f45512f24f703e185ec701423b1e92?s=96&d=mm&r=g\",\"contentUrl\":\"https:\\\/\\\/secure.gravatar.com\\\/avatar\\\/8fb8f0a216e627554da57506bfaf78d677f45512f24f703e185ec701423b1e92?s=96&d=mm&r=g\",\"caption\":\"regionostergotland\"},\"url\":\"https:\\\/\\\/wp.kristdemokraterna.se\\\/regionostergotland\\\/author\\\/regionostergotland\\\/\"}]}<\/script>\n<!-- \/ Yoast SEO plugin. -->","yoast_head_json":{"title":"Nyhetsbrev vecka 40 - i Region \u00d6sterg\u00f6tland","robots":{"index":"index","follow":"follow","max-snippet":"max-snippet:-1","max-image-preview":"max-image-preview:large","max-video-preview":"max-video-preview:-1"},"canonical":"https:\/\/wp.kristdemokraterna.se\/regionostergotland\/nyhetsbrev-vecka-40-6\/","og_locale":"sv_SE","og_type":"article","og_title":"Nyhetsbrev vecka 40 - i Region \u00d6sterg\u00f6tland","og_description":"Hej! Denna fredagseftermiddag skickar jag nyhetsbrevet fr\u00e5n Stockholm, d\u00e4r det idag har varit Politikerforum &#8211; dialog med regeringen om regionala utvecklingsfr\u00e5gor. Mer om den dialogen och en hel del annat som h\u00e4nt i regionpolitiken under veckan, kommer h\u00e4r som vanligt i nyhetsbrevet. Trevlig l\u00e4sning!","og_url":"https:\/\/wp.kristdemokraterna.se\/regionostergotland\/nyhetsbrev-vecka-40-6\/","og_site_name":"i Region \u00d6sterg\u00f6tland","article_published_time":"2024-10-04T14:20:00+00:00","og_image":[{"width":1024,"height":533,"url":"http:\/\/wp.kristdemokraterna.se\/regionostergotland\/files\/2024\/10\/bild-nyhetsbrev-2024-vecka-40-1024x533.jpg","type":"image\/jpeg"}],"author":"regionostergotland","twitter_card":"summary_large_image","twitter_misc":{"Skriven av":"regionostergotland","Ber\u00e4knad l\u00e4stid":"6 minuter"},"schema":{"@context":"https:\/\/schema.org","@graph":[{"@type":"Article","@id":"https:\/\/wp.kristdemokraterna.se\/regionostergotland\/nyhetsbrev-vecka-40-6\/#article","isPartOf":{"@id":"https:\/\/wp.kristdemokraterna.se\/regionostergotland\/nyhetsbrev-vecka-40-6\/"},"author":{"name":"regionostergotland","@id":"https:\/\/wp.kristdemokraterna.se\/regionostergotland\/#\/schema\/person\/74c3c4f502fcc489722a7be0dfe0088c"},"headline":"Nyhetsbrev vecka 40","datePublished":"2024-10-04T14:20:00+00:00","mainEntityOfPage":{"@id":"https:\/\/wp.kristdemokraterna.se\/regionostergotland\/nyhetsbrev-vecka-40-6\/"},"wordCount":1468,"articleSection":["Nyheter"],"inLanguage":"sv-SE"},{"@type":"WebPage","@id":"https:\/\/wp.kristdemokraterna.se\/regionostergotland\/nyhetsbrev-vecka-40-6\/","url":"https:\/\/wp.kristdemokraterna.se\/regionostergotland\/nyhetsbrev-vecka-40-6\/","name":"Nyhetsbrev vecka 40 - i Region \u00d6sterg\u00f6tland","isPartOf":{"@id":"https:\/\/wp.kristdemokraterna.se\/regionostergotland\/#website"},"datePublished":"2024-10-04T14:20:00+00:00","author":{"@id":"https:\/\/wp.kristdemokraterna.se\/regionostergotland\/#\/schema\/person\/74c3c4f502fcc489722a7be0dfe0088c"},"breadcrumb":{"@id":"https:\/\/wp.kristdemokraterna.se\/regionostergotland\/nyhetsbrev-vecka-40-6\/#breadcrumb"},"inLanguage":"sv-SE","potentialAction":[{"@type":"ReadAction","target":["https:\/\/wp.kristdemokraterna.se\/regionostergotland\/nyhetsbrev-vecka-40-6\/"]}]},{"@type":"BreadcrumbList","@id":"https:\/\/wp.kristdemokraterna.se\/regionostergotland\/nyhetsbrev-vecka-40-6\/#breadcrumb","itemListElement":[{"@type":"ListItem","position":1,"name":"Hem","item":"https:\/\/wp.kristdemokraterna.se\/regionostergotland\/"},{"@type":"ListItem","position":2,"name":"Nyhetsbrev vecka 40"}]},{"@type":"WebSite","@id":"https:\/\/wp.kristdemokraterna.se\/regionostergotland\/#website","url":"https:\/\/wp.kristdemokraterna.se\/regionostergotland\/","name":"i Region \u00d6sterg\u00f6tland","description":"","inLanguage":"sv-SE"},{"@type":"Person","@id":"https:\/\/wp.kristdemokraterna.se\/regionostergotland\/#\/schema\/person\/74c3c4f502fcc489722a7be0dfe0088c","name":"regionostergotland","image":{"@type":"ImageObject","inLanguage":"sv-SE","@id":"https:\/\/secure.gravatar.com\/avatar\/8fb8f0a216e627554da57506bfaf78d677f45512f24f703e185ec701423b1e92?s=96&d=mm&r=g","url":"https:\/\/secure.gravatar.com\/avatar\/8fb8f0a216e627554da57506bfaf78d677f45512f24f703e185ec701423b1e92?s=96&d=mm&r=g","contentUrl":"https:\/\/secure.gravatar.com\/avatar\/8fb8f0a216e627554da57506bfaf78d677f45512f24f703e185ec701423b1e92?s=96&d=mm&r=g","caption":"regionostergotland"},"url":"https:\/\/wp.kristdemokraterna.se\/regionostergotland\/author\/regionostergotland\/"}]}},"_links":{"self":[{"href":"https:\/\/wp.kristdemokraterna.se\/regionostergotland\/wp-json\/wp\/v2\/posts\/2321","targetHints":{"allow":["GET"]}}],"collection":[{"href":"https:\/\/wp.kristdemokraterna.se\/regionostergotland\/wp-json\/wp\/v2\/posts"}],"about":[{"href":"https:\/\/wp.kristdemokraterna.se\/regionostergotland\/wp-json\/wp\/v2\/types\/post"}],"author":[{"embeddable":true,"href":"https:\/\/wp.kristdemokraterna.se\/regionostergotland\/wp-json\/wp\/v2\/users\/737"}],"replies":[{"embeddable":true,"href":"https:\/\/wp.kristdemokraterna.se\/regionostergotland\/wp-json\/wp\/v2\/comments?post=2321"}],"version-history":[{"count":1,"href":"https:\/\/wp.kristdemokraterna.se\/regionostergotland\/wp-json\/wp\/v2\/posts\/2321\/revisions"}],"predecessor-version":[{"id":2323,"href":"https:\/\/wp.kristdemokraterna.se\/regionostergotland\/wp-json\/wp\/v2\/posts\/2321\/revisions\/2323"}],"wp:attachment":[{"href":"https:\/\/wp.kristdemokraterna.se\/regionostergotland\/wp-json\/wp\/v2\/media?parent=2321"}],"wp:term":[{"taxonomy":"category","embeddable":true,"href":"https:\/\/wp.kristdemokraterna.se\/regionostergotland\/wp-json\/wp\/v2\/categories?post=2321"},{"taxonomy":"post_tag","embeddable":true,"href":"https:\/\/wp.kristdemokraterna.se\/regionostergotland\/wp-json\/wp\/v2\/tags?post=2321"}],"curies":[{"name":"wp","href":"https:\/\/api.w.org\/{rel}","templated":true}]}}