{"id":2324,"date":"2024-10-11T14:46:13","date_gmt":"2024-10-11T12:46:13","guid":{"rendered":"https:\/\/wp.kristdemokraterna.se\/regionostergotland\/?p=2324"},"modified":"2024-10-11T14:46:13","modified_gmt":"2024-10-11T12:46:13","slug":"nyhetsbrev-vecka-41-6","status":"publish","type":"post","link":"https:\/\/wp.kristdemokraterna.se\/regionostergotland\/nyhetsbrev-vecka-41-6\/","title":{"rendered":"Nyhetsbrev vecka 41"},"content":{"rendered":"<p>Hej!<\/p>\n<p>Efter n\u00e5gra regniga dagar lyser solen igen n\u00e4r jag skriver dessa rader p\u00e5 fredagseftermiddagen. Med en m\u00f6tesintensiv vecka, har kanske inte regnet st\u00f6rt \u00f6verdrivet mycket. Men det \u00e4r klart att solsken om dagarna \u00e4r trevligare! N\u00e5got av inneh\u00e5llet i det som h\u00e4nt och skett under veckan, kommer h\u00e4r som vanligt i veckans nyhetsbrev. Trevlig l\u00e4sning!<!--more--><\/p>\n<p><strong>M\u00e5ndagsm\u00f6te med fokus p\u00e5 \u00f6gonsjukv\u00e5rd och operationssjuksk\u00f6terskor<\/strong><br \/>\nVeckans m\u00e5ndagsm\u00f6te hade flera g\u00e4ster. F\u00f6rst ut var Eva-Lena Zetterlund, centrumchef f\u00f6r sinnescentrum, som tillsammans med h\u00e4lso- och sjukv\u00e5rdsdirekt\u00f6r Annica \u00d6hrn, redogjorde f\u00f6r l\u00e4get i \u00f6gonsjukv\u00e5rden i \u00d6sterg\u00f6tland, med anledning av b\u00e5de p\u00e5g\u00e5ende f\u00f6r\u00e4ndringar inom ramen f\u00f6r det stora omst\u00e4llningsarbetet i h\u00e4lso- och sjukv\u00e5rden och utbudet inom v\u00e5rdvalet f\u00f6r \u00f6gonsjukv\u00e5rden. M\u00e5ndagsm\u00f6tet fick ocks\u00e5 en genomg\u00e5ng av situationen n\u00e4r det g\u00e4ller utbildning och rekrytering av operationssjuksk\u00f6terskor i Region \u00d6sterg\u00f6tland, fr\u00e5n HR-direkt\u00f6r Niclas Lindahl och ansvarig HR-strateg Angelika Nordin. Sj\u00e4lvklart inneh\u00e5ll ocks\u00e5 m\u00e5ndagsm\u00f6tet f\u00f6rberedelser inf\u00f6r veckans sammantr\u00e4de med regionfullm\u00e4ktige.<\/p>\n<p><strong>M\u00f6te med \u00d6sterg\u00f6tlands L\u00e4karf\u00f6rening<\/strong><br \/>\nP\u00e5 m\u00e5ndagskv\u00e4llen var vi fr\u00e5n \u00d6stg\u00f6tasamverkan inbjudna till \u00d6sterg\u00f6tlands L\u00e4karf\u00f6rening, som \u00e4r den regionala organisationen f\u00f6r l\u00e4karnas fackliga organisation L\u00e4karf\u00f6rbundet. F\u00f6reningen brukar bjuda in oss en g\u00e5ng per termin, f\u00f6r att diskutera aktuella fr\u00e5gor. P\u00e5 dagordningen f\u00f6r m\u00e5ndagens m\u00f6te fanns bl.a. l\u00e4karf\u00f6rs\u00f6rjningen inom prim\u00e4rv\u00e5rden och tillg\u00e4nglighet till specialistv\u00e5rd.<\/p>\n<p><strong>Verksamhetsbes\u00f6k p\u00e5 Universitetssjukhuset i Link\u00f6ping<\/strong><br \/>\nI tisdags f\u00f6rmiddag gjorde vi fr\u00e5n \u00d6stg\u00f6tasamverkan tv\u00e5 intressanta verksamhetsbes\u00f6k p\u00e5 Universitetssjukhuset i Link\u00f6ping. F\u00f6rst ut var \u00d6gonkliniken, d\u00e4r verksamhetschef Catrin Fernholm, med medarbetare tog emot. De gav b\u00e5de en allm\u00e4n \u00f6verblick \u00f6ver verksamheten, det aktuella l\u00e4get med anledning av f\u00f6r\u00e4ndringar inom omst\u00e4llningsarbetet och planeringen f\u00f6r klinikens flytt under n\u00e4sta \u00e5r till nya lokaler p\u00e5 garnisonsomr\u00e5det i sjukhusets n\u00e4rhet. N\u00e4sta bes\u00f6k var p\u00e5 Mega-kliniken (Medicinska och geriatriska akutkliniken), d\u00e4r t.f. verksamhetschef Mats Low\u00e9n och v\u00e5rdchef Linda Harrysson ber\u00e4ttade om klinikens verksamhet, s\u00e5v\u00e4l framg\u00e5ngar som utmaningar, och den organisatoriska f\u00f6r\u00e4ndring som v\u00e4ntar under n\u00e4sta \u00e5r. De bj\u00f6d ocks\u00e5 p\u00e5 en rundvandring p\u00e5 kliniken. Stort tack till b\u00e5da klinikerna f\u00f6r intressanta och givande bes\u00f6k!<\/p>\n<p><strong>Sammantr\u00e4de med styrgruppen f\u00f6r L\u00f6fstad slott<\/strong><br \/>\nP\u00e5 tisdagseftermiddagen var det dags f\u00f6r h\u00f6stens sammantr\u00e4de med den politiska styrgruppen f\u00f6r \u00d6sterg\u00f6tlands Museums verksamhet p\u00e5 L\u00f6fstad slott. I enlighet med slottets sista \u00e4garen, Emelie Pipers, testamente, \u00e4gs och f\u00f6rvaltas egendomen av Riddarhuset i Stockholm, medan inventarierna och museiverksamheten p\u00e5 slottet sk\u00f6ts av \u00d6sterg\u00f6tlands Museum. F\u00f6r museiverksamheten p\u00e5 slottet finns tv\u00e5 huvudfinansi\u00e4rer; Region \u00d6sterg\u00f6tland och Norrk\u00f6pings kommun. Av den anledningen finns i styrgruppen tv\u00e5 representanter f\u00f6r \u00d6sterg\u00f6tlands Museums styrelse (ordf\u00f6rande och vice ordf\u00f6rande, som ocks\u00e5 \u00e4r presidium f\u00f6r styrgruppen), tv\u00e5 representanter f\u00f6r kultur- och fritidsn\u00e4mnden i Norrk\u00f6pings kommun och tv\u00e5 representanter f\u00f6r regionutvecklingsn\u00e4mnden (ordf\u00f6rande och andre vice ordf\u00f6rande). Vid styrgruppens m\u00f6ten ges b\u00e5de en \u00e5terkoppling \u00f6ver den g\u00e5ngna s\u00e4songen och planeringen f\u00f6r den kommande. Vid tisdagens m\u00f6te fick vi allts\u00e5 h\u00f6ra om hur sommaren varit, och hur planeringen ser ut f\u00f6r h\u00f6st- och julaktiviteterna p\u00e5 slottet. Vid detta m\u00f6te gjordes ocks\u00e5 ett arbete med visionsdokument fr\u00e5n 2025, d\u00e5 nuvarande dokument str\u00e4cker sig till just 2025. Roligt att se att verksamheten utvecklats de senaste \u00e5ren och \u00e4r ett betydelsefullt inslag f\u00f6r s\u00e5v\u00e4l kulturarv som bes\u00f6ksn\u00e4ring i \u00d6sterg\u00f6tland.<\/p>\n<p><strong>Sammantr\u00e4de med regionfullm\u00e4ktige<\/strong><br \/>\nI onsdags bj\u00f6ds heldagssammantr\u00e4de med regionfullm\u00e4ktige. P\u00e5 dagordningen stod bl.a. beslut om de strategiska dokumenten; Rumslig strategi och Systemanalys 2024 f\u00f6r regionerna inom M\u00e4lardalsr\u00e5dets arbete En B\u00e4ttre Sits. Ett antal motioner behandlades och femton interpellationer besvarades. Jag hade sj\u00e4lv ansvar f\u00f6r att svara p\u00e5 tre interpellationer, varav tv\u00e5 inom folkbildningsomr\u00e5det. Kristdemokraterna hade som vanligt ett starkt lag, som bidrog till flera bra inl\u00e4gg i debatten!<\/p>\n<p><strong>F\u00f6retagsbes\u00f6k och seminarier p\u00e5 Industridag \u00d6sterg\u00f6tland<\/strong><br \/>\nP\u00e5 torsdagen arrangerades den sjunde upplagan av Industridag \u00d6sterg\u00f6tland, som s\u00e4tter fokus p\u00e5 behovet av att fler unga v\u00e4ljer gymnasieutbildning f\u00f6r att kunna jobba inom industrin. D\u00e4rf\u00f6r \u00e4r m\u00e5nga studie- och yrkesv\u00e4gledare, l\u00e4rare och rektorer inbjudna till dagen. Men \u00e4ven representanter f\u00f6r f\u00f6retag inom industrin, liksom f\u00f6rtroendevalda och tj\u00e4nstepersoner fr\u00e5n kommun och region m.fl. Dagen, som h\u00f6lls i Folkets hus i Motala, bj\u00f6d p\u00e5 intressanta seminarier och f\u00f6redrag i plenum och alla deltagare var dessutom uppdelade p\u00e5 ett antal f\u00f6retagsbes\u00f6k. Jag fick m\u00f6jlighet att bes\u00f6ka f\u00f6retaget Bevent Rasch, bel\u00e4get strax s\u00f6der om Motala, som tillverkar ventilationsanl\u00e4ggningar av olika slag, sm\u00e5 och enorma, f\u00f6r byggnationer i s\u00e5v\u00e4l Sverige som utlandet, bl.a. Londons tunnelbana! Som helhet en mycket bra dag!<\/p>\n<p><strong>Strategiskt samr\u00e5d med kommunerna i \u00d6sterg\u00f6tland<\/strong><br \/>\nIdag fredag h\u00f6lls h\u00f6stens f\u00f6rsta strategiska samr\u00e5d mellan regionen och kommunerna i \u00d6sterg\u00f6tland. Kommunstyrelseordf\u00f6rande och oppositionsledare fr\u00e5n kommunerna tr\u00e4ffar ordf\u00f6rande och andre vice ordf\u00f6rande i regionstyrelsen, regionutvecklingsn\u00e4mnden och trafik- och samh\u00e4llsplaneringsn\u00e4mnden. P\u00e5 dagordningen f\u00f6r dagens m\u00f6te stod bl.a. information om det p\u00e5g\u00e5ende omst\u00e4llningsarbetet i h\u00e4lso- och sjukv\u00e5rden, l\u00e4gesrapport om arbetet med att uppdatera den regionala utvecklingsstrategin, aktuella infrastrukturfr\u00e5gor och information om hur arbetet fortl\u00f6per med ny n\u00e4ringslivs- och innovationsstrategi.<\/p>\n<p>D\u00e5 stundar helgen och kanske lite m\u00f6jlighet till ledighet? Jag \u00f6nskar er alla en riktigt trevlig helg!<\/p>\n<p>Med v\u00e4nlig h\u00e4lsning<br \/>\nPer Larsson<br \/>\nRegionr\u00e5d \u2022 Ordf\u00f6rande i Regionutvecklingsn\u00e4mnden<br \/>\nGruppledare f\u00f6r Kristdemokraterna i Region \u00d6sterg\u00f6tland<br \/>\ntfn 010-103 72 84 (arb)<br \/>\ntfn 0702-88 21 34 (mobil)<br \/>\nper.larsson@regionostergotland.se<\/p>\n<p>&nbsp;<\/p>\n","protected":false},"excerpt":{"rendered":"<p>Hej! Efter n\u00e5gra regniga dagar lyser solen igen n\u00e4r jag skriver dessa rader p\u00e5 fredagseftermiddagen. Med en m\u00f6tesintensiv vecka, har kanske inte regnet st\u00f6rt \u00f6verdrivet mycket. Men det \u00e4r klart att solsken om dagarna \u00e4r trevligare! N\u00e5got av inneh\u00e5llet i det som h\u00e4nt och skett under veckan, kommer h\u00e4r som vanligt i veckans nyhetsbrev. Trevlig <a class=\"read-more-link\" href=\"https:\/\/wp.kristdemokraterna.se\/regionostergotland\/nyhetsbrev-vecka-41-6\/\">Read More<\/a><\/p>\n","protected":false},"author":737,"featured_media":0,"comment_status":"closed","ping_status":"closed","sticky":false,"template":"","format":"standard","meta":{"_acf_changed":false,"footnotes":""},"categories":[1],"tags":[],"class_list":["post-2324","post","type-post","status-publish","format-standard","hentry","category-nyheter"],"acf":[],"yoast_head":"<!-- This site is optimized with the Yoast SEO plugin v27.5 - https:\/\/yoast.com\/product\/yoast-seo-wordpress\/ -->\n<title>Nyhetsbrev vecka 41 - i Region \u00d6sterg\u00f6tland<\/title>\n<meta name=\"robots\" content=\"index, follow, max-snippet:-1, max-image-preview:large, max-video-preview:-1\" \/>\n<link rel=\"canonical\" href=\"https:\/\/wp.kristdemokraterna.se\/regionostergotland\/nyhetsbrev-vecka-41-6\/\" \/>\n<meta property=\"og:locale\" content=\"sv_SE\" \/>\n<meta property=\"og:type\" content=\"article\" \/>\n<meta property=\"og:title\" content=\"Nyhetsbrev vecka 41 - i Region \u00d6sterg\u00f6tland\" \/>\n<meta property=\"og:description\" content=\"Hej! Efter n\u00e5gra regniga dagar lyser solen igen n\u00e4r jag skriver dessa rader p\u00e5 fredagseftermiddagen. Med en m\u00f6tesintensiv vecka, har kanske inte regnet st\u00f6rt \u00f6verdrivet mycket. Men det \u00e4r klart att solsken om dagarna \u00e4r trevligare! N\u00e5got av inneh\u00e5llet i det som h\u00e4nt och skett under veckan, kommer h\u00e4r som vanligt i veckans nyhetsbrev. Trevlig Read More\" \/>\n<meta property=\"og:url\" content=\"https:\/\/wp.kristdemokraterna.se\/regionostergotland\/nyhetsbrev-vecka-41-6\/\" \/>\n<meta property=\"og:site_name\" content=\"i Region \u00d6sterg\u00f6tland\" \/>\n<meta property=\"article:published_time\" content=\"2024-10-11T12:46:13+00:00\" \/>\n<meta property=\"og:image\" content=\"http:\/\/wp.kristdemokraterna.se\/regionostergotland\/files\/2024\/10\/bild-nyhetsbrev-2024-vecka-41-1024x533.jpg\" \/>\n\t<meta property=\"og:image:width\" content=\"1024\" \/>\n\t<meta property=\"og:image:height\" content=\"533\" \/>\n\t<meta property=\"og:image:type\" content=\"image\/jpeg\" \/>\n<meta name=\"author\" content=\"regionostergotland\" \/>\n<meta name=\"twitter:card\" content=\"summary_large_image\" \/>\n<meta name=\"twitter:label1\" content=\"Skriven av\" \/>\n\t<meta name=\"twitter:data1\" content=\"regionostergotland\" \/>\n\t<meta name=\"twitter:label2\" content=\"Ber\u00e4knad l\u00e4stid\" \/>\n\t<meta name=\"twitter:data2\" content=\"5 minuter\" \/>\n<script type=\"application\/ld+json\" class=\"yoast-schema-graph\">{\"@context\":\"https:\\\/\\\/schema.org\",\"@graph\":[{\"@type\":\"Article\",\"@id\":\"https:\\\/\\\/wp.kristdemokraterna.se\\\/regionostergotland\\\/nyhetsbrev-vecka-41-6\\\/#article\",\"isPartOf\":{\"@id\":\"https:\\\/\\\/wp.kristdemokraterna.se\\\/regionostergotland\\\/nyhetsbrev-vecka-41-6\\\/\"},\"author\":{\"name\":\"regionostergotland\",\"@id\":\"https:\\\/\\\/wp.kristdemokraterna.se\\\/regionostergotland\\\/#\\\/schema\\\/person\\\/74c3c4f502fcc489722a7be0dfe0088c\"},\"headline\":\"Nyhetsbrev vecka 41\",\"datePublished\":\"2024-10-11T12:46:13+00:00\",\"mainEntityOfPage\":{\"@id\":\"https:\\\/\\\/wp.kristdemokraterna.se\\\/regionostergotland\\\/nyhetsbrev-vecka-41-6\\\/\"},\"wordCount\":1060,\"articleSection\":[\"Nyheter\"],\"inLanguage\":\"sv-SE\"},{\"@type\":\"WebPage\",\"@id\":\"https:\\\/\\\/wp.kristdemokraterna.se\\\/regionostergotland\\\/nyhetsbrev-vecka-41-6\\\/\",\"url\":\"https:\\\/\\\/wp.kristdemokraterna.se\\\/regionostergotland\\\/nyhetsbrev-vecka-41-6\\\/\",\"name\":\"Nyhetsbrev vecka 41 - i Region \u00d6sterg\u00f6tland\",\"isPartOf\":{\"@id\":\"https:\\\/\\\/wp.kristdemokraterna.se\\\/regionostergotland\\\/#website\"},\"datePublished\":\"2024-10-11T12:46:13+00:00\",\"author\":{\"@id\":\"https:\\\/\\\/wp.kristdemokraterna.se\\\/regionostergotland\\\/#\\\/schema\\\/person\\\/74c3c4f502fcc489722a7be0dfe0088c\"},\"breadcrumb\":{\"@id\":\"https:\\\/\\\/wp.kristdemokraterna.se\\\/regionostergotland\\\/nyhetsbrev-vecka-41-6\\\/#breadcrumb\"},\"inLanguage\":\"sv-SE\",\"potentialAction\":[{\"@type\":\"ReadAction\",\"target\":[\"https:\\\/\\\/wp.kristdemokraterna.se\\\/regionostergotland\\\/nyhetsbrev-vecka-41-6\\\/\"]}]},{\"@type\":\"BreadcrumbList\",\"@id\":\"https:\\\/\\\/wp.kristdemokraterna.se\\\/regionostergotland\\\/nyhetsbrev-vecka-41-6\\\/#breadcrumb\",\"itemListElement\":[{\"@type\":\"ListItem\",\"position\":1,\"name\":\"Hem\",\"item\":\"https:\\\/\\\/wp.kristdemokraterna.se\\\/regionostergotland\\\/\"},{\"@type\":\"ListItem\",\"position\":2,\"name\":\"Nyhetsbrev vecka 41\"}]},{\"@type\":\"WebSite\",\"@id\":\"https:\\\/\\\/wp.kristdemokraterna.se\\\/regionostergotland\\\/#website\",\"url\":\"https:\\\/\\\/wp.kristdemokraterna.se\\\/regionostergotland\\\/\",\"name\":\"i Region \u00d6sterg\u00f6tland\",\"description\":\"\",\"inLanguage\":\"sv-SE\"},{\"@type\":\"Person\",\"@id\":\"https:\\\/\\\/wp.kristdemokraterna.se\\\/regionostergotland\\\/#\\\/schema\\\/person\\\/74c3c4f502fcc489722a7be0dfe0088c\",\"name\":\"regionostergotland\",\"image\":{\"@type\":\"ImageObject\",\"inLanguage\":\"sv-SE\",\"@id\":\"https:\\\/\\\/secure.gravatar.com\\\/avatar\\\/8fb8f0a216e627554da57506bfaf78d677f45512f24f703e185ec701423b1e92?s=96&d=mm&r=g\",\"url\":\"https:\\\/\\\/secure.gravatar.com\\\/avatar\\\/8fb8f0a216e627554da57506bfaf78d677f45512f24f703e185ec701423b1e92?s=96&d=mm&r=g\",\"contentUrl\":\"https:\\\/\\\/secure.gravatar.com\\\/avatar\\\/8fb8f0a216e627554da57506bfaf78d677f45512f24f703e185ec701423b1e92?s=96&d=mm&r=g\",\"caption\":\"regionostergotland\"},\"url\":\"https:\\\/\\\/wp.kristdemokraterna.se\\\/regionostergotland\\\/author\\\/regionostergotland\\\/\"}]}<\/script>\n<!-- \/ Yoast SEO plugin. -->","yoast_head_json":{"title":"Nyhetsbrev vecka 41 - i Region \u00d6sterg\u00f6tland","robots":{"index":"index","follow":"follow","max-snippet":"max-snippet:-1","max-image-preview":"max-image-preview:large","max-video-preview":"max-video-preview:-1"},"canonical":"https:\/\/wp.kristdemokraterna.se\/regionostergotland\/nyhetsbrev-vecka-41-6\/","og_locale":"sv_SE","og_type":"article","og_title":"Nyhetsbrev vecka 41 - i Region \u00d6sterg\u00f6tland","og_description":"Hej! Efter n\u00e5gra regniga dagar lyser solen igen n\u00e4r jag skriver dessa rader p\u00e5 fredagseftermiddagen. Med en m\u00f6tesintensiv vecka, har kanske inte regnet st\u00f6rt \u00f6verdrivet mycket. Men det \u00e4r klart att solsken om dagarna \u00e4r trevligare! N\u00e5got av inneh\u00e5llet i det som h\u00e4nt och skett under veckan, kommer h\u00e4r som vanligt i veckans nyhetsbrev. Trevlig Read More","og_url":"https:\/\/wp.kristdemokraterna.se\/regionostergotland\/nyhetsbrev-vecka-41-6\/","og_site_name":"i Region \u00d6sterg\u00f6tland","article_published_time":"2024-10-11T12:46:13+00:00","og_image":[{"width":1024,"height":533,"url":"http:\/\/wp.kristdemokraterna.se\/regionostergotland\/files\/2024\/10\/bild-nyhetsbrev-2024-vecka-41-1024x533.jpg","type":"image\/jpeg"}],"author":"regionostergotland","twitter_card":"summary_large_image","twitter_misc":{"Skriven av":"regionostergotland","Ber\u00e4knad l\u00e4stid":"5 minuter"},"schema":{"@context":"https:\/\/schema.org","@graph":[{"@type":"Article","@id":"https:\/\/wp.kristdemokraterna.se\/regionostergotland\/nyhetsbrev-vecka-41-6\/#article","isPartOf":{"@id":"https:\/\/wp.kristdemokraterna.se\/regionostergotland\/nyhetsbrev-vecka-41-6\/"},"author":{"name":"regionostergotland","@id":"https:\/\/wp.kristdemokraterna.se\/regionostergotland\/#\/schema\/person\/74c3c4f502fcc489722a7be0dfe0088c"},"headline":"Nyhetsbrev vecka 41","datePublished":"2024-10-11T12:46:13+00:00","mainEntityOfPage":{"@id":"https:\/\/wp.kristdemokraterna.se\/regionostergotland\/nyhetsbrev-vecka-41-6\/"},"wordCount":1060,"articleSection":["Nyheter"],"inLanguage":"sv-SE"},{"@type":"WebPage","@id":"https:\/\/wp.kristdemokraterna.se\/regionostergotland\/nyhetsbrev-vecka-41-6\/","url":"https:\/\/wp.kristdemokraterna.se\/regionostergotland\/nyhetsbrev-vecka-41-6\/","name":"Nyhetsbrev vecka 41 - i Region \u00d6sterg\u00f6tland","isPartOf":{"@id":"https:\/\/wp.kristdemokraterna.se\/regionostergotland\/#website"},"datePublished":"2024-10-11T12:46:13+00:00","author":{"@id":"https:\/\/wp.kristdemokraterna.se\/regionostergotland\/#\/schema\/person\/74c3c4f502fcc489722a7be0dfe0088c"},"breadcrumb":{"@id":"https:\/\/wp.kristdemokraterna.se\/regionostergotland\/nyhetsbrev-vecka-41-6\/#breadcrumb"},"inLanguage":"sv-SE","potentialAction":[{"@type":"ReadAction","target":["https:\/\/wp.kristdemokraterna.se\/regionostergotland\/nyhetsbrev-vecka-41-6\/"]}]},{"@type":"BreadcrumbList","@id":"https:\/\/wp.kristdemokraterna.se\/regionostergotland\/nyhetsbrev-vecka-41-6\/#breadcrumb","itemListElement":[{"@type":"ListItem","position":1,"name":"Hem","item":"https:\/\/wp.kristdemokraterna.se\/regionostergotland\/"},{"@type":"ListItem","position":2,"name":"Nyhetsbrev vecka 41"}]},{"@type":"WebSite","@id":"https:\/\/wp.kristdemokraterna.se\/regionostergotland\/#website","url":"https:\/\/wp.kristdemokraterna.se\/regionostergotland\/","name":"i Region \u00d6sterg\u00f6tland","description":"","inLanguage":"sv-SE"},{"@type":"Person","@id":"https:\/\/wp.kristdemokraterna.se\/regionostergotland\/#\/schema\/person\/74c3c4f502fcc489722a7be0dfe0088c","name":"regionostergotland","image":{"@type":"ImageObject","inLanguage":"sv-SE","@id":"https:\/\/secure.gravatar.com\/avatar\/8fb8f0a216e627554da57506bfaf78d677f45512f24f703e185ec701423b1e92?s=96&d=mm&r=g","url":"https:\/\/secure.gravatar.com\/avatar\/8fb8f0a216e627554da57506bfaf78d677f45512f24f703e185ec701423b1e92?s=96&d=mm&r=g","contentUrl":"https:\/\/secure.gravatar.com\/avatar\/8fb8f0a216e627554da57506bfaf78d677f45512f24f703e185ec701423b1e92?s=96&d=mm&r=g","caption":"regionostergotland"},"url":"https:\/\/wp.kristdemokraterna.se\/regionostergotland\/author\/regionostergotland\/"}]}},"_links":{"self":[{"href":"https:\/\/wp.kristdemokraterna.se\/regionostergotland\/wp-json\/wp\/v2\/posts\/2324","targetHints":{"allow":["GET"]}}],"collection":[{"href":"https:\/\/wp.kristdemokraterna.se\/regionostergotland\/wp-json\/wp\/v2\/posts"}],"about":[{"href":"https:\/\/wp.kristdemokraterna.se\/regionostergotland\/wp-json\/wp\/v2\/types\/post"}],"author":[{"embeddable":true,"href":"https:\/\/wp.kristdemokraterna.se\/regionostergotland\/wp-json\/wp\/v2\/users\/737"}],"replies":[{"embeddable":true,"href":"https:\/\/wp.kristdemokraterna.se\/regionostergotland\/wp-json\/wp\/v2\/comments?post=2324"}],"version-history":[{"count":1,"href":"https:\/\/wp.kristdemokraterna.se\/regionostergotland\/wp-json\/wp\/v2\/posts\/2324\/revisions"}],"predecessor-version":[{"id":2326,"href":"https:\/\/wp.kristdemokraterna.se\/regionostergotland\/wp-json\/wp\/v2\/posts\/2324\/revisions\/2326"}],"wp:attachment":[{"href":"https:\/\/wp.kristdemokraterna.se\/regionostergotland\/wp-json\/wp\/v2\/media?parent=2324"}],"wp:term":[{"taxonomy":"category","embeddable":true,"href":"https:\/\/wp.kristdemokraterna.se\/regionostergotland\/wp-json\/wp\/v2\/categories?post=2324"},{"taxonomy":"post_tag","embeddable":true,"href":"https:\/\/wp.kristdemokraterna.se\/regionostergotland\/wp-json\/wp\/v2\/tags?post=2324"}],"curies":[{"name":"wp","href":"https:\/\/api.w.org\/{rel}","templated":true}]}}