{"id":2330,"date":"2024-10-25T17:08:34","date_gmt":"2024-10-25T15:08:34","guid":{"rendered":"https:\/\/wp.kristdemokraterna.se\/regionostergotland\/?p=2330"},"modified":"2024-10-25T17:08:34","modified_gmt":"2024-10-25T15:08:34","slug":"nyhetsbrev-vecka-43-7","status":"publish","type":"post","link":"https:\/\/wp.kristdemokraterna.se\/regionostergotland\/nyhetsbrev-vecka-43-7\/","title":{"rendered":"Nyhetsbrev vecka 43"},"content":{"rendered":"<p>Hej!<\/p>\n<p>\u00c4ven denna fredag skrivs nyhetsbrevet i samband med ett Stockholmsbes\u00f6k, denna g\u00e5ng p\u00e5 t\u00e5get hem efter dagens \u00f6verl\u00e4mnande av systemanalys fr\u00e5n regionerna i M\u00e4lardalsr\u00e5det till Trafikverket. Om det och en del annat som h\u00e4nt och skett under veckan kommer h\u00e4r i veckans nyhetsbrev. Trevlig l\u00e4sning!<!--more--><\/p>\n<p><strong>M\u00e5ndagsm\u00f6te med fokus p\u00e5 Lasarettet i Motala<\/strong><br \/>\nVid veckans m\u00e5ndagsm\u00f6te med \u00d6stg\u00f6tasamverkan g\u00e4stades vi av flera personer som p\u00e5 olika s\u00e4tt arbetar med framtiden f\u00f6r Lasarettet i Motala. Dels planerade om- och nybyggnationer med Anna Parenmark och Stefan Fredriksson fr\u00e5n regionfastigheter, dels kommande upphandling av de opererande verksamheterna p\u00e5 lasarettet, d\u00e4r nuvarande avtalstid g\u00e5r mot sitt slut, med bl.a. Mats Mellqvist.<\/p>\n<p><strong>Studiebes\u00f6k p\u00e5 Sj\u00f6fartsverket i Norrk\u00f6ping<\/strong><br \/>\nI tisdags f\u00f6rmiddag var regionutvecklingsn\u00e4mndens presidium inbjudna till ett studiebes\u00f6k p\u00e5 Sj\u00f6fartsverket i Norrk\u00f6ping. Vi togs emot av Jonas Franz\u00e9n, ansvarig f\u00f6r samh\u00e4llskontakter, kommunikationsdirekt\u00f6r Niclas H\u00e4renstam och kund- och marknadskoordinator Fredrik Str\u00f6mb\u00e4ck. Vi fick en ordentlig beskrivning av Sj\u00f6fartsverkets breda uppdrag och verksamhet, exempel p\u00e5 framg\u00e5ngar och utmaningar som v\u00e4ntar. Flera aktuella politikomr\u00e5den som t.ex. kompetensf\u00f6rs\u00f6rjning och energif\u00f6rs\u00f6rjning ber\u00f6rdes. Vi fick ocks\u00e5 en rundvandring i byggnaden, som en g\u00e5ng i tiden byggdes som tryckeri. Stort tack f\u00f6r ett intressant och l\u00e4rorikt bes\u00f6k!<\/p>\n<p><strong>ScenGalej i Norrk\u00f6ping &#8211; invigning av utbudsdag f\u00f6r kultur till barn och unga<\/strong><br \/>\nI onsdags arrangerades \u00e5rets upplaga av arrangemanget ScenGalej i kulturkvarteret Hallarna i Norrk\u00f6ping. Riksteatern \u00d6sterg\u00f6tland, \u00d6stg\u00f6tamusiken, Norrk\u00f6pings och Link\u00f6pings kommuner och Region \u00d6sterg\u00f6tland \u00e4r arrang\u00f6rer f\u00f6r utbudsdagen f\u00f6r kulturprogram f\u00f6r barn och unga inom teater, musik, dans och cirkus. Under dagen \u00e4r det m\u00f6jligt att v\u00e4lja att se n\u00e5gra av 16 hela f\u00f6rest\u00e4llningar, kortare trailers och att i pauser tr\u00e4ffa de olika producenter som deltar i dagen. M\u00e5lgruppen \u00e4r framf\u00f6rallt personer som best\u00e4ller kulturarrangemang barn och unga inom t.ex. skolan, men varje \u00e5r deltar ocks\u00e5 kulturambassad\u00f6rer i form av elever fr\u00e5n n\u00e5gon kommun i \u00d6sterg\u00f6tland, i \u00e5r fr\u00e5n Ydre kommun. Jag hade f\u00f6rm\u00e5nen att f\u00e5 invigningstala f\u00f6r \u00e5rets arrangemang och kunde passande nog bl.a. ber\u00e4tta om den satsning p\u00e5 kultur f\u00f6r barn och unga som vi tog beslut om i regionutvecklingsn\u00e4mndens \u00e5rsbudget i f\u00f6rra veckan (som jag ber\u00e4ttade om i f\u00f6rra veckans nyhetsbrev).<\/p>\n<p><strong>Beredskap och arkiv &#8211; konferens p\u00e5 Flygvapenmuseum<\/strong><br \/>\nI g\u00e5r torsdag bj\u00f6d Region \u00d6sterg\u00f6tland tillsammans med \u00d6sterg\u00f6tlands Arkivf\u00f6rbund och Flygvapenmuseum in till konferensen &#8221;Beredskap och arkiv&#8221; p\u00e5 Flygvapenmuseum i Link\u00f6ping. Temat var som rubriken antyder hur huvudm\u00e4n f\u00f6r olika arkiv; stat, region, kommun, f\u00f6reningar, f\u00f6retag, ska arbeta med beredskapsfr\u00e5gor och hur arkiv ska s\u00e4kras i oroliga tider. Aktuellt och angel\u00e4get \u00e4mne! Tillsammans med Birre Waern, som bl.a. \u00e4r ledamot i styrelsen f\u00f6r \u00d6sterg\u00f6tlands Museum och politisk sekreterare Max Dahlgren, var vi tre representanter fr\u00e5n Kristdemokraternas regiongrupp vid konferensen.<\/p>\n<p><strong>Dialog mellan regionutvecklingsn\u00e4mnden och revisionen<\/strong><br \/>\nP\u00e5 torsdagseftermiddagen var det dags f\u00f6r h\u00f6stens dialog mellan regionutvecklingsn\u00e4mnden och regionens revisorer. Som brukligt sker dialogen efter att del\u00e5rsrapporten f\u00f6r \u00e5rets f\u00f6rsta \u00e5tta m\u00e5nader lagts fram. Presidiet och en representant vardera f\u00f6r \u00f6vriga partier i n\u00e4mnden, deltar i dialogen, d\u00e4r tv\u00e5 av de f\u00f6rtroendevalda revisorerna tillsammans med tv\u00e5 sakkunniga fr\u00e5n den upphandlade revisionsbyr\u00e5n PwC st\u00e4ller fr\u00e5gor om ekonomi, m\u00e5luppfyllelse och specifika s\u00f6komr\u00e5den. En bra dialog, som \u00e4r nyttig f\u00f6r alla inblandade!<\/p>\n<p><strong>M\u00e4lardalsr\u00e5det &#8211; \u00f6verl\u00e4mning av systemanalys till Trafikverket<\/strong><br \/>\nIdag fredag \u00f6verl\u00e4mnade regionerna i M\u00e4lardalsr\u00e5det den gemensamma systemanalys som gjorts \u00f6ver infrastruktur- och kommunikationsbehoven i de sju regionerna till Trafikverket. Det \u00e4r den tredje systembilden som tas fram gemensamt, och en stor styrka att sju regioner kan enas om prioriteringar av infrastrukturprojekt. \u00d6verl\u00e4mnandet skedde p\u00e5 den blivande, snart f\u00e4rdigbyggda, nya stationen i Barkarby i nordv\u00e4stra Stockholm, som vi ocks\u00e5 fick m\u00f6jlighet att titta n\u00e4rmare p\u00e5. Fr\u00e5n Region \u00d6sterg\u00f6tland deltog bl.a. vi som deltar i M\u00e4lardalsr\u00e5dets arbetsgrupper En B\u00e4ttre Sits och En B\u00e4ttre Matchning, samt regionstyrelsens ordf\u00f6rande som tillsammans med motsvarigheterna fr\u00e5n \u00f6vriga regioner undertecknade dokumentet innan \u00f6verl\u00e4mnandet.<\/p>\n<p>D\u00e5 v\u00e4ntar snart helgen och kanske lite m\u00f6jlighet till ledighet. Jag hoppas att ni alla f\u00e5r en riktigt trevlig helg!<\/p>\n<p>Med v\u00e4nlig h\u00e4lsning<br \/>\nPer Larsson<br \/>\nRegionr\u00e5d &#8211; Ordf\u00f6rande i Regionutvecklingsn\u00e4mnden<br \/>\nGruppledare f\u00f6r Kristdemokraterna i Region \u00d6sterg\u00f6tland<br \/>\ntfn 010-103 72 84 (arb)<br \/>\ntfn 0702-88 21 34 (mobil)<br \/>\nper.larsson@regionostergotland.se<\/p>\n<p>&nbsp;<\/p>\n","protected":false},"excerpt":{"rendered":"<p>Hej! \u00c4ven denna fredag skrivs nyhetsbrevet i samband med ett Stockholmsbes\u00f6k, denna g\u00e5ng p\u00e5 t\u00e5get hem efter dagens \u00f6verl\u00e4mnande av systemanalys fr\u00e5n regionerna i M\u00e4lardalsr\u00e5det till Trafikverket. Om det och en del annat som h\u00e4nt och skett under veckan kommer h\u00e4r i veckans nyhetsbrev. Trevlig l\u00e4sning!<\/p>\n","protected":false},"author":737,"featured_media":0,"comment_status":"closed","ping_status":"closed","sticky":false,"template":"","format":"standard","meta":{"_acf_changed":false,"footnotes":""},"categories":[1],"tags":[],"class_list":["post-2330","post","type-post","status-publish","format-standard","hentry","category-nyheter"],"acf":[],"yoast_head":"<!-- This site is optimized with the Yoast SEO plugin v27.5 - https:\/\/yoast.com\/product\/yoast-seo-wordpress\/ -->\n<title>Nyhetsbrev vecka 43 - i Region \u00d6sterg\u00f6tland<\/title>\n<meta name=\"robots\" content=\"index, follow, max-snippet:-1, max-image-preview:large, max-video-preview:-1\" \/>\n<link rel=\"canonical\" href=\"https:\/\/wp.kristdemokraterna.se\/regionostergotland\/nyhetsbrev-vecka-43-7\/\" \/>\n<meta property=\"og:locale\" content=\"sv_SE\" \/>\n<meta property=\"og:type\" content=\"article\" \/>\n<meta property=\"og:title\" content=\"Nyhetsbrev vecka 43 - i Region \u00d6sterg\u00f6tland\" \/>\n<meta property=\"og:description\" content=\"Hej! \u00c4ven denna fredag skrivs nyhetsbrevet i samband med ett Stockholmsbes\u00f6k, denna g\u00e5ng p\u00e5 t\u00e5get hem efter dagens \u00f6verl\u00e4mnande av systemanalys fr\u00e5n regionerna i M\u00e4lardalsr\u00e5det till Trafikverket. Om det och en del annat som h\u00e4nt och skett under veckan kommer h\u00e4r i veckans nyhetsbrev. Trevlig l\u00e4sning!\" \/>\n<meta property=\"og:url\" content=\"https:\/\/wp.kristdemokraterna.se\/regionostergotland\/nyhetsbrev-vecka-43-7\/\" \/>\n<meta property=\"og:site_name\" content=\"i Region \u00d6sterg\u00f6tland\" \/>\n<meta property=\"article:published_time\" content=\"2024-10-25T15:08:34+00:00\" \/>\n<meta property=\"og:image\" content=\"http:\/\/wp.kristdemokraterna.se\/regionostergotland\/files\/2024\/10\/bild-nyhetsbrev-2024-vecka-43-1024x533.jpg\" \/>\n\t<meta property=\"og:image:width\" content=\"1024\" \/>\n\t<meta property=\"og:image:height\" content=\"533\" \/>\n\t<meta property=\"og:image:type\" content=\"image\/jpeg\" \/>\n<meta name=\"author\" content=\"regionostergotland\" \/>\n<meta name=\"twitter:card\" content=\"summary_large_image\" \/>\n<meta name=\"twitter:label1\" content=\"Skriven av\" \/>\n\t<meta name=\"twitter:data1\" content=\"regionostergotland\" \/>\n\t<meta name=\"twitter:label2\" content=\"Ber\u00e4knad l\u00e4stid\" \/>\n\t<meta name=\"twitter:data2\" content=\"4 minuter\" \/>\n<script type=\"application\/ld+json\" class=\"yoast-schema-graph\">{\"@context\":\"https:\\\/\\\/schema.org\",\"@graph\":[{\"@type\":\"Article\",\"@id\":\"https:\\\/\\\/wp.kristdemokraterna.se\\\/regionostergotland\\\/nyhetsbrev-vecka-43-7\\\/#article\",\"isPartOf\":{\"@id\":\"https:\\\/\\\/wp.kristdemokraterna.se\\\/regionostergotland\\\/nyhetsbrev-vecka-43-7\\\/\"},\"author\":{\"name\":\"regionostergotland\",\"@id\":\"https:\\\/\\\/wp.kristdemokraterna.se\\\/regionostergotland\\\/#\\\/schema\\\/person\\\/74c3c4f502fcc489722a7be0dfe0088c\"},\"headline\":\"Nyhetsbrev vecka 43\",\"datePublished\":\"2024-10-25T15:08:34+00:00\",\"mainEntityOfPage\":{\"@id\":\"https:\\\/\\\/wp.kristdemokraterna.se\\\/regionostergotland\\\/nyhetsbrev-vecka-43-7\\\/\"},\"wordCount\":823,\"articleSection\":[\"Nyheter\"],\"inLanguage\":\"sv-SE\"},{\"@type\":\"WebPage\",\"@id\":\"https:\\\/\\\/wp.kristdemokraterna.se\\\/regionostergotland\\\/nyhetsbrev-vecka-43-7\\\/\",\"url\":\"https:\\\/\\\/wp.kristdemokraterna.se\\\/regionostergotland\\\/nyhetsbrev-vecka-43-7\\\/\",\"name\":\"Nyhetsbrev vecka 43 - i Region \u00d6sterg\u00f6tland\",\"isPartOf\":{\"@id\":\"https:\\\/\\\/wp.kristdemokraterna.se\\\/regionostergotland\\\/#website\"},\"datePublished\":\"2024-10-25T15:08:34+00:00\",\"author\":{\"@id\":\"https:\\\/\\\/wp.kristdemokraterna.se\\\/regionostergotland\\\/#\\\/schema\\\/person\\\/74c3c4f502fcc489722a7be0dfe0088c\"},\"breadcrumb\":{\"@id\":\"https:\\\/\\\/wp.kristdemokraterna.se\\\/regionostergotland\\\/nyhetsbrev-vecka-43-7\\\/#breadcrumb\"},\"inLanguage\":\"sv-SE\",\"potentialAction\":[{\"@type\":\"ReadAction\",\"target\":[\"https:\\\/\\\/wp.kristdemokraterna.se\\\/regionostergotland\\\/nyhetsbrev-vecka-43-7\\\/\"]}]},{\"@type\":\"BreadcrumbList\",\"@id\":\"https:\\\/\\\/wp.kristdemokraterna.se\\\/regionostergotland\\\/nyhetsbrev-vecka-43-7\\\/#breadcrumb\",\"itemListElement\":[{\"@type\":\"ListItem\",\"position\":1,\"name\":\"Hem\",\"item\":\"https:\\\/\\\/wp.kristdemokraterna.se\\\/regionostergotland\\\/\"},{\"@type\":\"ListItem\",\"position\":2,\"name\":\"Nyhetsbrev vecka 43\"}]},{\"@type\":\"WebSite\",\"@id\":\"https:\\\/\\\/wp.kristdemokraterna.se\\\/regionostergotland\\\/#website\",\"url\":\"https:\\\/\\\/wp.kristdemokraterna.se\\\/regionostergotland\\\/\",\"name\":\"i Region \u00d6sterg\u00f6tland\",\"description\":\"\",\"inLanguage\":\"sv-SE\"},{\"@type\":\"Person\",\"@id\":\"https:\\\/\\\/wp.kristdemokraterna.se\\\/regionostergotland\\\/#\\\/schema\\\/person\\\/74c3c4f502fcc489722a7be0dfe0088c\",\"name\":\"regionostergotland\",\"image\":{\"@type\":\"ImageObject\",\"inLanguage\":\"sv-SE\",\"@id\":\"https:\\\/\\\/secure.gravatar.com\\\/avatar\\\/8fb8f0a216e627554da57506bfaf78d677f45512f24f703e185ec701423b1e92?s=96&d=mm&r=g\",\"url\":\"https:\\\/\\\/secure.gravatar.com\\\/avatar\\\/8fb8f0a216e627554da57506bfaf78d677f45512f24f703e185ec701423b1e92?s=96&d=mm&r=g\",\"contentUrl\":\"https:\\\/\\\/secure.gravatar.com\\\/avatar\\\/8fb8f0a216e627554da57506bfaf78d677f45512f24f703e185ec701423b1e92?s=96&d=mm&r=g\",\"caption\":\"regionostergotland\"},\"url\":\"https:\\\/\\\/wp.kristdemokraterna.se\\\/regionostergotland\\\/author\\\/regionostergotland\\\/\"}]}<\/script>\n<!-- \/ Yoast SEO plugin. -->","yoast_head_json":{"title":"Nyhetsbrev vecka 43 - i Region \u00d6sterg\u00f6tland","robots":{"index":"index","follow":"follow","max-snippet":"max-snippet:-1","max-image-preview":"max-image-preview:large","max-video-preview":"max-video-preview:-1"},"canonical":"https:\/\/wp.kristdemokraterna.se\/regionostergotland\/nyhetsbrev-vecka-43-7\/","og_locale":"sv_SE","og_type":"article","og_title":"Nyhetsbrev vecka 43 - i Region \u00d6sterg\u00f6tland","og_description":"Hej! \u00c4ven denna fredag skrivs nyhetsbrevet i samband med ett Stockholmsbes\u00f6k, denna g\u00e5ng p\u00e5 t\u00e5get hem efter dagens \u00f6verl\u00e4mnande av systemanalys fr\u00e5n regionerna i M\u00e4lardalsr\u00e5det till Trafikverket. Om det och en del annat som h\u00e4nt och skett under veckan kommer h\u00e4r i veckans nyhetsbrev. Trevlig l\u00e4sning!","og_url":"https:\/\/wp.kristdemokraterna.se\/regionostergotland\/nyhetsbrev-vecka-43-7\/","og_site_name":"i Region \u00d6sterg\u00f6tland","article_published_time":"2024-10-25T15:08:34+00:00","og_image":[{"width":1024,"height":533,"url":"http:\/\/wp.kristdemokraterna.se\/regionostergotland\/files\/2024\/10\/bild-nyhetsbrev-2024-vecka-43-1024x533.jpg","type":"image\/jpeg"}],"author":"regionostergotland","twitter_card":"summary_large_image","twitter_misc":{"Skriven av":"regionostergotland","Ber\u00e4knad l\u00e4stid":"4 minuter"},"schema":{"@context":"https:\/\/schema.org","@graph":[{"@type":"Article","@id":"https:\/\/wp.kristdemokraterna.se\/regionostergotland\/nyhetsbrev-vecka-43-7\/#article","isPartOf":{"@id":"https:\/\/wp.kristdemokraterna.se\/regionostergotland\/nyhetsbrev-vecka-43-7\/"},"author":{"name":"regionostergotland","@id":"https:\/\/wp.kristdemokraterna.se\/regionostergotland\/#\/schema\/person\/74c3c4f502fcc489722a7be0dfe0088c"},"headline":"Nyhetsbrev vecka 43","datePublished":"2024-10-25T15:08:34+00:00","mainEntityOfPage":{"@id":"https:\/\/wp.kristdemokraterna.se\/regionostergotland\/nyhetsbrev-vecka-43-7\/"},"wordCount":823,"articleSection":["Nyheter"],"inLanguage":"sv-SE"},{"@type":"WebPage","@id":"https:\/\/wp.kristdemokraterna.se\/regionostergotland\/nyhetsbrev-vecka-43-7\/","url":"https:\/\/wp.kristdemokraterna.se\/regionostergotland\/nyhetsbrev-vecka-43-7\/","name":"Nyhetsbrev vecka 43 - i Region \u00d6sterg\u00f6tland","isPartOf":{"@id":"https:\/\/wp.kristdemokraterna.se\/regionostergotland\/#website"},"datePublished":"2024-10-25T15:08:34+00:00","author":{"@id":"https:\/\/wp.kristdemokraterna.se\/regionostergotland\/#\/schema\/person\/74c3c4f502fcc489722a7be0dfe0088c"},"breadcrumb":{"@id":"https:\/\/wp.kristdemokraterna.se\/regionostergotland\/nyhetsbrev-vecka-43-7\/#breadcrumb"},"inLanguage":"sv-SE","potentialAction":[{"@type":"ReadAction","target":["https:\/\/wp.kristdemokraterna.se\/regionostergotland\/nyhetsbrev-vecka-43-7\/"]}]},{"@type":"BreadcrumbList","@id":"https:\/\/wp.kristdemokraterna.se\/regionostergotland\/nyhetsbrev-vecka-43-7\/#breadcrumb","itemListElement":[{"@type":"ListItem","position":1,"name":"Hem","item":"https:\/\/wp.kristdemokraterna.se\/regionostergotland\/"},{"@type":"ListItem","position":2,"name":"Nyhetsbrev vecka 43"}]},{"@type":"WebSite","@id":"https:\/\/wp.kristdemokraterna.se\/regionostergotland\/#website","url":"https:\/\/wp.kristdemokraterna.se\/regionostergotland\/","name":"i Region \u00d6sterg\u00f6tland","description":"","inLanguage":"sv-SE"},{"@type":"Person","@id":"https:\/\/wp.kristdemokraterna.se\/regionostergotland\/#\/schema\/person\/74c3c4f502fcc489722a7be0dfe0088c","name":"regionostergotland","image":{"@type":"ImageObject","inLanguage":"sv-SE","@id":"https:\/\/secure.gravatar.com\/avatar\/8fb8f0a216e627554da57506bfaf78d677f45512f24f703e185ec701423b1e92?s=96&d=mm&r=g","url":"https:\/\/secure.gravatar.com\/avatar\/8fb8f0a216e627554da57506bfaf78d677f45512f24f703e185ec701423b1e92?s=96&d=mm&r=g","contentUrl":"https:\/\/secure.gravatar.com\/avatar\/8fb8f0a216e627554da57506bfaf78d677f45512f24f703e185ec701423b1e92?s=96&d=mm&r=g","caption":"regionostergotland"},"url":"https:\/\/wp.kristdemokraterna.se\/regionostergotland\/author\/regionostergotland\/"}]}},"_links":{"self":[{"href":"https:\/\/wp.kristdemokraterna.se\/regionostergotland\/wp-json\/wp\/v2\/posts\/2330","targetHints":{"allow":["GET"]}}],"collection":[{"href":"https:\/\/wp.kristdemokraterna.se\/regionostergotland\/wp-json\/wp\/v2\/posts"}],"about":[{"href":"https:\/\/wp.kristdemokraterna.se\/regionostergotland\/wp-json\/wp\/v2\/types\/post"}],"author":[{"embeddable":true,"href":"https:\/\/wp.kristdemokraterna.se\/regionostergotland\/wp-json\/wp\/v2\/users\/737"}],"replies":[{"embeddable":true,"href":"https:\/\/wp.kristdemokraterna.se\/regionostergotland\/wp-json\/wp\/v2\/comments?post=2330"}],"version-history":[{"count":1,"href":"https:\/\/wp.kristdemokraterna.se\/regionostergotland\/wp-json\/wp\/v2\/posts\/2330\/revisions"}],"predecessor-version":[{"id":2332,"href":"https:\/\/wp.kristdemokraterna.se\/regionostergotland\/wp-json\/wp\/v2\/posts\/2330\/revisions\/2332"}],"wp:attachment":[{"href":"https:\/\/wp.kristdemokraterna.se\/regionostergotland\/wp-json\/wp\/v2\/media?parent=2330"}],"wp:term":[{"taxonomy":"category","embeddable":true,"href":"https:\/\/wp.kristdemokraterna.se\/regionostergotland\/wp-json\/wp\/v2\/categories?post=2330"},{"taxonomy":"post_tag","embeddable":true,"href":"https:\/\/wp.kristdemokraterna.se\/regionostergotland\/wp-json\/wp\/v2\/tags?post=2330"}],"curies":[{"name":"wp","href":"https:\/\/api.w.org\/{rel}","templated":true}]}}