{"id":2355,"date":"2024-12-20T09:22:44","date_gmt":"2024-12-20T08:22:44","guid":{"rendered":"https:\/\/wp.kristdemokraterna.se\/regionostergotland\/?p=2355"},"modified":"2024-12-20T09:22:44","modified_gmt":"2024-12-20T08:22:44","slug":"nyhetsbrev-vecka-51-4","status":"publish","type":"post","link":"https:\/\/wp.kristdemokraterna.se\/regionostergotland\/nyhetsbrev-vecka-51-4\/","title":{"rendered":"Nyhetsbrev vecka 51"},"content":{"rendered":"<p>Hej!<\/p>\n<p>Nu \u00e4r det inte m\u00e5nga dagar kvar till julafton och snart kan f\u00f6rhoppningsvis en tid av lite julledighet p\u00e5b\u00f6rjas. Efter en mycket intensiv h\u00f6st, k\u00e4nns det inte alls ov\u00e4lkommet! Men f\u00f6rst ska \u00e4ven denna avslutande arbetsvecka f\u00f6r \u00e5ret, f\u00e5 en liten sammanfattning i \u00e5rets sista nyhetsbrev. Trevlig l\u00e4sning!<!--more--><\/p>\n<p><strong>Nyhetsinslag i SVT Nyheter \u00d6st om turismstatistik<\/strong><br \/>\nDen g\u00e5ngna helgen s\u00e4nde SVT Nyheter \u00d6st ett inslag om turism i \u00d6sterg\u00f6tland, bl.a. kopplat till statistik \u00f6ver antal turister i \u00d6sterg\u00f6tland och andra regioner. Jag blev som regionutvecklingsn\u00e4mndens ordf\u00f6rande intervjuad f\u00f6r inslaget. Bl.a. n\u00e4mner jag att det finns vissa problem med tillf\u00f6rlitligheten i nuvarande statistik, men gl\u00e4djande har Tillv\u00e4xtverket p\u00e5 g\u00e5ng ett nytt s\u00e4tt att b\u00e5de samla in och presentera statistik, vilket kommer att vara betydligt mer omfattande och framf\u00f6rallt mer tillf\u00f6rlitligt. Men oavsett statistik arbetar vi p\u00e5 f\u00f6r att st\u00e4rka bes\u00f6ksn\u00e4ringens utveckling i \u00d6sterg\u00f6tland! H\u00e4r kan du se inslaget: (<a href=\"https:\/\/www.svtplay.se\/video\/K5dR5r1\/lokala-nyheter-ost\/fre-13-dec-18-33?info=visa\" target=\"_blank\" rel=\"noopener\">https:\/\/www.svtplay.se\/video\/K5dR5r1\/lokala-nyheter-ost\/fre-13-dec-18-33?info=visa<\/a>)<\/p>\n<p><strong>Julfrukost i regionhuset f\u00f6r Kristdemokraterna i Link\u00f6ping<\/strong><br \/>\nI l\u00f6rdags hade vi gl\u00e4djen att i regionhuset v\u00e4lkomna Kristdemokraternas i Link\u00f6ping julfrukost f\u00f6r andra \u00e5ret i rad. Ut\u00f6ver sedvanlig gr\u00f6t och skinksm\u00f6rg\u00e5s, bj\u00f6ds temat samh\u00e4llsbyggnad med f\u00f6redragningar av s\u00e5v\u00e4l Staffan Danielsson fr\u00e5n Kristdemokratiska bondef\u00f6rbundet och Simon Posluk, ledamot i samh\u00e4llsbyggnadsn\u00e4mnden i Link\u00f6pings kommun. Roligt att m\u00e5nga, \u00e4ven fr\u00e5n angr\u00e4nsande partiavdelning, sl\u00f6t upp!<\/p>\n<p><strong>Julkonsert med musiklinjen p\u00e5 Lunnevads folkh\u00f6gskola<\/strong><br \/>\nI m\u00e5ndags kv\u00e4ll arrangerade musiklinjen p\u00e5 Region \u00d6sterg\u00f6tlands egen folkh\u00f6gskola, Lunnevad, traditionsenligt julkonsert i Equmeniakyrkan i Link\u00f6ping. Det bj\u00f6ds ett blandat program med musiklinjens olika inriktningar och ensembler. Som alltid ett imponerande engagemang fr\u00e5n alla medverkande, h\u00e4rlig st\u00e4mning och mycket h\u00f6g kvalitet! Stort tack f\u00f6r en fantastisk julkonsert!<\/p>\n<p><strong>Debattartikel om utvecklingen av \u00d6sterg\u00f6tland som kulturregion<\/strong><br \/>\nI tisdagens utg\u00e5va av Corren fanns en debattartikel fr\u00e5n \u00d6stg\u00f6tasamverkan, d\u00e4r vi lyfter fram n\u00e5gra av de satsningar som gjorts inom regionutvecklingsn\u00e4mnden f\u00f6r att st\u00e4rka \u00d6sterg\u00f6tland som kulturregion. Du kan l\u00e4sa hela debattartikeln h\u00e4r:<br \/>\n(<a href=\"https:\/\/www.corren.se\/debatt\/artikel\/vi-utvecklar-ostergotland-till-en-rik-kulturregion\/l6g6v6vj\" target=\"_blank\" rel=\"noopener\">https:\/\/www.corren.se\/debatt\/artikel\/vi-utvecklar-ostergotland-till-en-rik-kulturregion\/l6g6v6vj<\/a>)<\/p>\n<p><strong>M\u00f6te med Regionalt Kompetensforum<\/strong><br \/>\nI tisdags f\u00f6rmiddag h\u00f6lls \u00e5rets sista m\u00f6te med Regionalt Kompetensforum, d\u00e4r Region \u00d6sterg\u00f6tland har uppdraget att samla flera regionala branschorganisationer, utbildningsakt\u00f6rer, myndigheter m.fl. kring samverkan och samordning av det regionala kompetensf\u00f6rs\u00f6rjningsarbetet. Vid tisdagens m\u00f6te fick vi bl.a. en f\u00f6redragning fr\u00e5n F\u00f6retagarnas bitr\u00e4dande regionchef Robert Wallin, om kompetensf\u00f6rs\u00f6rjning inom sm\u00e5 och mellanstora f\u00f6retag i \u00d6sterg\u00f6tland, och en uppdatering av hur det av regionen samordnade arbetet med branschr\u00e5d forts\u00e4tter.<\/p>\n<p><strong>M\u00f6te med ledningen f\u00f6r Medicinska fakulteten vid Link\u00f6pings Universitet<\/strong><br \/>\nTisdagen fortsatte med att vi tre gruppledare f\u00f6r partierna i \u00d6stg\u00f6tasamverkan tr\u00e4ffade ledningen f\u00f6r medicinska fakulteten vid Link\u00f6pings Universitet. Vi har regelbundet tr\u00e4ffats f\u00f6r att st\u00e4mma av gemensamma fr\u00e5gor inom s\u00e5v\u00e4l utbildning som forskning. Alltid intressant att f\u00e5 ta del av universitets perspektiv, och positivt att h\u00f6ra om exempelvis \u00f6kat s\u00f6ktryck och f\u00f6rb\u00e4ttrad genomstr\u00f6mning p\u00e5 sjuksk\u00f6terskeutbildningen!<\/p>\n<p><strong>Sammantr\u00e4de med regionutvecklingsn\u00e4mndens presidium<\/strong><br \/>\nP\u00e5 tisdagseftermiddagen h\u00f6lls \u00e5rets sista presidiem\u00f6te med regionutvecklingsn\u00e4mndens presidium. Vi behandlade bl.a. ett remissyttrande p\u00e5 Link\u00f6pings kommuns n\u00e4ringslivsprogram, som n\u00e4mnden delegerat till presidiet. Vi \u00e4gnade oss ocks\u00e5 en del kring l\u00e5ngsiktig planering av v\u00e5rens sammantr\u00e4den.<\/p>\n<p><strong>Sammantr\u00e4desdagar f\u00f6r Sveriges Kommuner och Regioner<\/strong><br \/>\nOnsdag och torsdag har bjudit p\u00e5 \u00e5rets sista sammantr\u00e4desdagar f\u00f6r beredningar och delegationer inom Sveriges Kommuner och Regioner. Som vanligt inleds dagarna med partigruppm\u00f6ten p\u00e5 onsdagseftermiddagen. Kristdemokraternas gruppm\u00f6te g\u00e4stades bl.a. av civilminister Erik Slottner, som ber\u00e4ttade om flera aktuella fr\u00e5gor inom sitt ansvarsomr\u00e5de. Efter gruppm\u00f6tet vidtog julavslutning, med bl.a. ett allm\u00e4nbildande quiz, d\u00e4r jag hade den stora f\u00f6rm\u00e5nen att f\u00e5 fina lagkamrater som ledde till vinst f\u00f6r v\u00e5rt lag! P\u00e5 torsdagsf\u00f6rmiddagen f\u00f6ljde del tv\u00e5 av partigruppm\u00f6tet och den breda politikerinformationen, som denna g\u00e5ng hade temat kompetensf\u00f6rs\u00f6rjning i kommuner och regioner. P\u00e5 eftermiddagen sammantr\u00e4dde f\u00f6r min del beredningen f\u00f6r tillv\u00e4xt och regional utveckling, med inledande gruppm\u00f6te med den borgerliga gruppen. Flera intressanta fr\u00e5gor, bl.a. l\u00e4get f\u00f6r EU:s sammanh\u00e5llningspolitik och hur den p\u00e5g\u00e5ende SVESAM-utredningen (om regional utvecklingspolitik och landsbygdspolitik) fortskrider.<\/p>\n<p><strong>M\u00f6te mellan regionpolitiker och partisekreteraren<\/strong><br \/>\nTidig torsdagsmorgon hanns ocks\u00e5 ett digitalt m\u00f6te med mellan Kristdemokraternas regiongruppledare och regionr\u00e5d och partisekreterare Liza-Maria Norlin. Intressanta tankar och samtal kring sjukv\u00e5rdsfr\u00e5gorna inf\u00f6r kommande val!<\/p>\n<p>D\u00e5 \u00e4r det dags f\u00f6r de avslutande raderna i \u00e5rets sista nyhetsbrev. Nyhetsbrevet f\u00e5r lite julledigt och \u00e5terkommer igen i januari n\u00e4r det regionpolitiska arbetet tar ny fart igen. D\u00e5 \u00e5terst\u00e5r bara f\u00f6r mig att \u00f6nska er alla en riktigt GOD JUL och ett GOTT NYTT \u00c5R!<\/p>\n<p>Med v\u00e4nlig h\u00e4lsning<br \/>\nPer Larsson<br \/>\nRegionr\u00e5d &#8211; Ordf\u00f6rande i Regionutvecklingsn\u00e4mnden<br \/>\nGruppledare f\u00f6r Kristdemokraterna i Region \u00d6sterg\u00f6tland<br \/>\ntfn 010-103 72 84 (arb)<br \/>\ntfn 0702-88 21 34 (mobil)<br \/>\nper.larsson@regionostergotland.se<\/p>\n<p>&nbsp;<\/p>\n","protected":false},"excerpt":{"rendered":"<p>Hej! Nu \u00e4r det inte m\u00e5nga dagar kvar till julafton och snart kan f\u00f6rhoppningsvis en tid av lite julledighet p\u00e5b\u00f6rjas. Efter en mycket intensiv h\u00f6st, k\u00e4nns det inte alls ov\u00e4lkommet! Men f\u00f6rst ska \u00e4ven denna avslutande arbetsvecka f\u00f6r \u00e5ret, f\u00e5 en liten sammanfattning i \u00e5rets sista nyhetsbrev. Trevlig l\u00e4sning!<\/p>\n","protected":false},"author":737,"featured_media":0,"comment_status":"closed","ping_status":"closed","sticky":false,"template":"","format":"standard","meta":{"_acf_changed":false,"footnotes":""},"categories":[1],"tags":[],"class_list":["post-2355","post","type-post","status-publish","format-standard","hentry","category-nyheter"],"acf":[],"yoast_head":"<!-- This site is optimized with the Yoast SEO plugin v27.5 - https:\/\/yoast.com\/product\/yoast-seo-wordpress\/ -->\n<title>Nyhetsbrev vecka 51 - i Region \u00d6sterg\u00f6tland<\/title>\n<meta name=\"robots\" content=\"index, follow, max-snippet:-1, max-image-preview:large, max-video-preview:-1\" \/>\n<link rel=\"canonical\" href=\"https:\/\/wp.kristdemokraterna.se\/regionostergotland\/nyhetsbrev-vecka-51-4\/\" \/>\n<meta property=\"og:locale\" content=\"sv_SE\" \/>\n<meta property=\"og:type\" content=\"article\" \/>\n<meta property=\"og:title\" content=\"Nyhetsbrev vecka 51 - i Region \u00d6sterg\u00f6tland\" \/>\n<meta property=\"og:description\" content=\"Hej! Nu \u00e4r det inte m\u00e5nga dagar kvar till julafton och snart kan f\u00f6rhoppningsvis en tid av lite julledighet p\u00e5b\u00f6rjas. Efter en mycket intensiv h\u00f6st, k\u00e4nns det inte alls ov\u00e4lkommet! Men f\u00f6rst ska \u00e4ven denna avslutande arbetsvecka f\u00f6r \u00e5ret, f\u00e5 en liten sammanfattning i \u00e5rets sista nyhetsbrev. Trevlig l\u00e4sning!\" \/>\n<meta property=\"og:url\" content=\"https:\/\/wp.kristdemokraterna.se\/regionostergotland\/nyhetsbrev-vecka-51-4\/\" \/>\n<meta property=\"og:site_name\" content=\"i Region \u00d6sterg\u00f6tland\" \/>\n<meta property=\"article:published_time\" content=\"2024-12-20T08:22:44+00:00\" \/>\n<meta property=\"og:image\" content=\"http:\/\/wp.kristdemokraterna.se\/regionostergotland\/files\/2024\/12\/bild-nyhetsbrev-2024-vecka-51-1024x533.jpg\" \/>\n\t<meta property=\"og:image:width\" content=\"1024\" \/>\n\t<meta property=\"og:image:height\" content=\"533\" \/>\n\t<meta property=\"og:image:type\" content=\"image\/jpeg\" \/>\n<meta name=\"author\" content=\"regionostergotland\" \/>\n<meta name=\"twitter:card\" content=\"summary_large_image\" \/>\n<meta name=\"twitter:label1\" content=\"Skriven av\" \/>\n\t<meta name=\"twitter:data1\" content=\"regionostergotland\" \/>\n\t<meta name=\"twitter:label2\" content=\"Ber\u00e4knad l\u00e4stid\" \/>\n\t<meta name=\"twitter:data2\" content=\"4 minuter\" \/>\n<script type=\"application\/ld+json\" class=\"yoast-schema-graph\">{\"@context\":\"https:\\\/\\\/schema.org\",\"@graph\":[{\"@type\":\"Article\",\"@id\":\"https:\\\/\\\/wp.kristdemokraterna.se\\\/regionostergotland\\\/nyhetsbrev-vecka-51-4\\\/#article\",\"isPartOf\":{\"@id\":\"https:\\\/\\\/wp.kristdemokraterna.se\\\/regionostergotland\\\/nyhetsbrev-vecka-51-4\\\/\"},\"author\":{\"name\":\"regionostergotland\",\"@id\":\"https:\\\/\\\/wp.kristdemokraterna.se\\\/regionostergotland\\\/#\\\/schema\\\/person\\\/74c3c4f502fcc489722a7be0dfe0088c\"},\"headline\":\"Nyhetsbrev vecka 51\",\"datePublished\":\"2024-12-20T08:22:44+00:00\",\"mainEntityOfPage\":{\"@id\":\"https:\\\/\\\/wp.kristdemokraterna.se\\\/regionostergotland\\\/nyhetsbrev-vecka-51-4\\\/\"},\"wordCount\":936,\"articleSection\":[\"Nyheter\"],\"inLanguage\":\"sv-SE\"},{\"@type\":\"WebPage\",\"@id\":\"https:\\\/\\\/wp.kristdemokraterna.se\\\/regionostergotland\\\/nyhetsbrev-vecka-51-4\\\/\",\"url\":\"https:\\\/\\\/wp.kristdemokraterna.se\\\/regionostergotland\\\/nyhetsbrev-vecka-51-4\\\/\",\"name\":\"Nyhetsbrev vecka 51 - i Region \u00d6sterg\u00f6tland\",\"isPartOf\":{\"@id\":\"https:\\\/\\\/wp.kristdemokraterna.se\\\/regionostergotland\\\/#website\"},\"datePublished\":\"2024-12-20T08:22:44+00:00\",\"author\":{\"@id\":\"https:\\\/\\\/wp.kristdemokraterna.se\\\/regionostergotland\\\/#\\\/schema\\\/person\\\/74c3c4f502fcc489722a7be0dfe0088c\"},\"breadcrumb\":{\"@id\":\"https:\\\/\\\/wp.kristdemokraterna.se\\\/regionostergotland\\\/nyhetsbrev-vecka-51-4\\\/#breadcrumb\"},\"inLanguage\":\"sv-SE\",\"potentialAction\":[{\"@type\":\"ReadAction\",\"target\":[\"https:\\\/\\\/wp.kristdemokraterna.se\\\/regionostergotland\\\/nyhetsbrev-vecka-51-4\\\/\"]}]},{\"@type\":\"BreadcrumbList\",\"@id\":\"https:\\\/\\\/wp.kristdemokraterna.se\\\/regionostergotland\\\/nyhetsbrev-vecka-51-4\\\/#breadcrumb\",\"itemListElement\":[{\"@type\":\"ListItem\",\"position\":1,\"name\":\"Hem\",\"item\":\"https:\\\/\\\/wp.kristdemokraterna.se\\\/regionostergotland\\\/\"},{\"@type\":\"ListItem\",\"position\":2,\"name\":\"Nyhetsbrev vecka 51\"}]},{\"@type\":\"WebSite\",\"@id\":\"https:\\\/\\\/wp.kristdemokraterna.se\\\/regionostergotland\\\/#website\",\"url\":\"https:\\\/\\\/wp.kristdemokraterna.se\\\/regionostergotland\\\/\",\"name\":\"i Region \u00d6sterg\u00f6tland\",\"description\":\"\",\"inLanguage\":\"sv-SE\"},{\"@type\":\"Person\",\"@id\":\"https:\\\/\\\/wp.kristdemokraterna.se\\\/regionostergotland\\\/#\\\/schema\\\/person\\\/74c3c4f502fcc489722a7be0dfe0088c\",\"name\":\"regionostergotland\",\"image\":{\"@type\":\"ImageObject\",\"inLanguage\":\"sv-SE\",\"@id\":\"https:\\\/\\\/secure.gravatar.com\\\/avatar\\\/8fb8f0a216e627554da57506bfaf78d677f45512f24f703e185ec701423b1e92?s=96&d=mm&r=g\",\"url\":\"https:\\\/\\\/secure.gravatar.com\\\/avatar\\\/8fb8f0a216e627554da57506bfaf78d677f45512f24f703e185ec701423b1e92?s=96&d=mm&r=g\",\"contentUrl\":\"https:\\\/\\\/secure.gravatar.com\\\/avatar\\\/8fb8f0a216e627554da57506bfaf78d677f45512f24f703e185ec701423b1e92?s=96&d=mm&r=g\",\"caption\":\"regionostergotland\"},\"url\":\"https:\\\/\\\/wp.kristdemokraterna.se\\\/regionostergotland\\\/author\\\/regionostergotland\\\/\"}]}<\/script>\n<!-- \/ Yoast SEO plugin. -->","yoast_head_json":{"title":"Nyhetsbrev vecka 51 - i Region \u00d6sterg\u00f6tland","robots":{"index":"index","follow":"follow","max-snippet":"max-snippet:-1","max-image-preview":"max-image-preview:large","max-video-preview":"max-video-preview:-1"},"canonical":"https:\/\/wp.kristdemokraterna.se\/regionostergotland\/nyhetsbrev-vecka-51-4\/","og_locale":"sv_SE","og_type":"article","og_title":"Nyhetsbrev vecka 51 - i Region \u00d6sterg\u00f6tland","og_description":"Hej! Nu \u00e4r det inte m\u00e5nga dagar kvar till julafton och snart kan f\u00f6rhoppningsvis en tid av lite julledighet p\u00e5b\u00f6rjas. Efter en mycket intensiv h\u00f6st, k\u00e4nns det inte alls ov\u00e4lkommet! Men f\u00f6rst ska \u00e4ven denna avslutande arbetsvecka f\u00f6r \u00e5ret, f\u00e5 en liten sammanfattning i \u00e5rets sista nyhetsbrev. Trevlig l\u00e4sning!","og_url":"https:\/\/wp.kristdemokraterna.se\/regionostergotland\/nyhetsbrev-vecka-51-4\/","og_site_name":"i Region \u00d6sterg\u00f6tland","article_published_time":"2024-12-20T08:22:44+00:00","og_image":[{"width":1024,"height":533,"url":"http:\/\/wp.kristdemokraterna.se\/regionostergotland\/files\/2024\/12\/bild-nyhetsbrev-2024-vecka-51-1024x533.jpg","type":"image\/jpeg"}],"author":"regionostergotland","twitter_card":"summary_large_image","twitter_misc":{"Skriven av":"regionostergotland","Ber\u00e4knad l\u00e4stid":"4 minuter"},"schema":{"@context":"https:\/\/schema.org","@graph":[{"@type":"Article","@id":"https:\/\/wp.kristdemokraterna.se\/regionostergotland\/nyhetsbrev-vecka-51-4\/#article","isPartOf":{"@id":"https:\/\/wp.kristdemokraterna.se\/regionostergotland\/nyhetsbrev-vecka-51-4\/"},"author":{"name":"regionostergotland","@id":"https:\/\/wp.kristdemokraterna.se\/regionostergotland\/#\/schema\/person\/74c3c4f502fcc489722a7be0dfe0088c"},"headline":"Nyhetsbrev vecka 51","datePublished":"2024-12-20T08:22:44+00:00","mainEntityOfPage":{"@id":"https:\/\/wp.kristdemokraterna.se\/regionostergotland\/nyhetsbrev-vecka-51-4\/"},"wordCount":936,"articleSection":["Nyheter"],"inLanguage":"sv-SE"},{"@type":"WebPage","@id":"https:\/\/wp.kristdemokraterna.se\/regionostergotland\/nyhetsbrev-vecka-51-4\/","url":"https:\/\/wp.kristdemokraterna.se\/regionostergotland\/nyhetsbrev-vecka-51-4\/","name":"Nyhetsbrev vecka 51 - i Region \u00d6sterg\u00f6tland","isPartOf":{"@id":"https:\/\/wp.kristdemokraterna.se\/regionostergotland\/#website"},"datePublished":"2024-12-20T08:22:44+00:00","author":{"@id":"https:\/\/wp.kristdemokraterna.se\/regionostergotland\/#\/schema\/person\/74c3c4f502fcc489722a7be0dfe0088c"},"breadcrumb":{"@id":"https:\/\/wp.kristdemokraterna.se\/regionostergotland\/nyhetsbrev-vecka-51-4\/#breadcrumb"},"inLanguage":"sv-SE","potentialAction":[{"@type":"ReadAction","target":["https:\/\/wp.kristdemokraterna.se\/regionostergotland\/nyhetsbrev-vecka-51-4\/"]}]},{"@type":"BreadcrumbList","@id":"https:\/\/wp.kristdemokraterna.se\/regionostergotland\/nyhetsbrev-vecka-51-4\/#breadcrumb","itemListElement":[{"@type":"ListItem","position":1,"name":"Hem","item":"https:\/\/wp.kristdemokraterna.se\/regionostergotland\/"},{"@type":"ListItem","position":2,"name":"Nyhetsbrev vecka 51"}]},{"@type":"WebSite","@id":"https:\/\/wp.kristdemokraterna.se\/regionostergotland\/#website","url":"https:\/\/wp.kristdemokraterna.se\/regionostergotland\/","name":"i Region \u00d6sterg\u00f6tland","description":"","inLanguage":"sv-SE"},{"@type":"Person","@id":"https:\/\/wp.kristdemokraterna.se\/regionostergotland\/#\/schema\/person\/74c3c4f502fcc489722a7be0dfe0088c","name":"regionostergotland","image":{"@type":"ImageObject","inLanguage":"sv-SE","@id":"https:\/\/secure.gravatar.com\/avatar\/8fb8f0a216e627554da57506bfaf78d677f45512f24f703e185ec701423b1e92?s=96&d=mm&r=g","url":"https:\/\/secure.gravatar.com\/avatar\/8fb8f0a216e627554da57506bfaf78d677f45512f24f703e185ec701423b1e92?s=96&d=mm&r=g","contentUrl":"https:\/\/secure.gravatar.com\/avatar\/8fb8f0a216e627554da57506bfaf78d677f45512f24f703e185ec701423b1e92?s=96&d=mm&r=g","caption":"regionostergotland"},"url":"https:\/\/wp.kristdemokraterna.se\/regionostergotland\/author\/regionostergotland\/"}]}},"_links":{"self":[{"href":"https:\/\/wp.kristdemokraterna.se\/regionostergotland\/wp-json\/wp\/v2\/posts\/2355","targetHints":{"allow":["GET"]}}],"collection":[{"href":"https:\/\/wp.kristdemokraterna.se\/regionostergotland\/wp-json\/wp\/v2\/posts"}],"about":[{"href":"https:\/\/wp.kristdemokraterna.se\/regionostergotland\/wp-json\/wp\/v2\/types\/post"}],"author":[{"embeddable":true,"href":"https:\/\/wp.kristdemokraterna.se\/regionostergotland\/wp-json\/wp\/v2\/users\/737"}],"replies":[{"embeddable":true,"href":"https:\/\/wp.kristdemokraterna.se\/regionostergotland\/wp-json\/wp\/v2\/comments?post=2355"}],"version-history":[{"count":1,"href":"https:\/\/wp.kristdemokraterna.se\/regionostergotland\/wp-json\/wp\/v2\/posts\/2355\/revisions"}],"predecessor-version":[{"id":2357,"href":"https:\/\/wp.kristdemokraterna.se\/regionostergotland\/wp-json\/wp\/v2\/posts\/2355\/revisions\/2357"}],"wp:attachment":[{"href":"https:\/\/wp.kristdemokraterna.se\/regionostergotland\/wp-json\/wp\/v2\/media?parent=2355"}],"wp:term":[{"taxonomy":"category","embeddable":true,"href":"https:\/\/wp.kristdemokraterna.se\/regionostergotland\/wp-json\/wp\/v2\/categories?post=2355"},{"taxonomy":"post_tag","embeddable":true,"href":"https:\/\/wp.kristdemokraterna.se\/regionostergotland\/wp-json\/wp\/v2\/tags?post=2355"}],"curies":[{"name":"wp","href":"https:\/\/api.w.org\/{rel}","templated":true}]}}