{"id":2362,"date":"2025-01-24T15:18:26","date_gmt":"2025-01-24T14:18:26","guid":{"rendered":"https:\/\/wp.kristdemokraterna.se\/regionostergotland\/?p=2362"},"modified":"2025-01-24T15:18:26","modified_gmt":"2025-01-24T14:18:26","slug":"nyhetsbrev-vecka-4-8","status":"publish","type":"post","link":"https:\/\/wp.kristdemokraterna.se\/regionostergotland\/nyhetsbrev-vecka-4-8\/","title":{"rendered":"Nyhetsbrev vecka 4"},"content":{"rendered":"<p>Hej!<\/p>\n<p>F\u00f6r ett par dagar sedan kom en ny m\u00e4tning som visade att f\u00f6rtroendet f\u00f6r Sveriges regering har \u00f6kat, och nu befinner sig p\u00e5 den h\u00f6gsta niv\u00e5n sedan regeringen tilltr\u00e4dde efter valet 2022. Det \u00e4r f\u00f6rst\u00e5s gl\u00e4djande, framf\u00f6r allt f\u00f6r regeringen sj\u00e4lva, men naturligtvis \u00e4ven f\u00f6r oss som p\u00e5 olika s\u00e4tt \u00e4r engagerade f\u00f6r n\u00e5got av regeringspartierna. Den typen av positiva nyheter bidrar till mer energi \u00e4ven i lokalt och regionalt arbete! Nu kommer som vanligt n\u00e5gra rader om veckan i regionpolitiken i veckans nyhetsbrev. Trevlig l\u00e4sning!<!--more--><\/p>\n<p><strong>\u00c5rets f\u00f6rsta ordinarie m\u00e5ndagsm\u00f6te i regionhuset<\/strong><br \/>\nVeckan inleddes med \u00e5rets f\u00f6rsta ordinarie m\u00e5ndagsm\u00f6te. \u00c5rets f\u00f6rsta m\u00e5ndag var en helgdag, och i f\u00f6rra veckan genomf\u00f6rdes tv\u00e5dagarsm\u00f6tet tillsammans med regionens tj\u00e4nstpersonledning i Rimforsa. D\u00e4rf\u00f6r var m\u00e5ndagsm\u00f6tet i m\u00e5ndags det f\u00f6rsta ordinarie, och det f\u00f6rsta p\u00e5 plats i regionhuset. Som vanligt inneh\u00f6ll m\u00e5ndagsm\u00f6tet bes\u00f6k fr\u00e5n n\u00e5gra av regionens ledande direkt\u00f6rer, som bl.a. informerade om det f\u00f6rslag till uppdaterad nationell cancerstrategi som \u00e4r p\u00e5 g\u00e5ng. Den f\u00f6rsta strategin togs fram n\u00e4r G\u00f6ran H\u00e4gglund (KD) var socialminister, och nu uppdateras den n\u00e4r Acko Ankarberg Johansson (KD) \u00e4r sjukv\u00e5rdsminister!<\/p>\n<p><strong>M\u00f6te mellan sjukv\u00e5rdsministern och kristdemokratiska regionpolitiker<\/strong><br \/>\nP\u00e5 tisdagsmorgonen h\u00f6lls \u00e5rets f\u00f6rsta digitala m\u00f6te mellan sjukv\u00e5rdsminister Acko Ankarberg Johansson och kristdemokratiska regionr\u00e5d fr\u00e5n hela landet. Det \u00e4r en hel del p\u00e5 g\u00e5ng p\u00e5 nationell niv\u00e5, med bl.a. f\u00f6rnyad satsning p\u00e5 god och n\u00e4ra v\u00e5rd. Om det och en hel del annat fick vi information om, liksom m\u00f6jlighet att st\u00e4lla fr\u00e5gor. Tacksamt att m\u00f6jligheten till dess regelbundna m\u00f6ten ges!<\/p>\n<p><strong>Bes\u00f6k av partisekreteraren p\u00e5 gruppm\u00f6te med Kristdemokraternas SKR-grupp<\/strong><br \/>\nI onsdags eftermiddag h\u00f6lls gruppm\u00f6te med Kristdemokraternas partigrupp i Sveriges Kommuner och Regioner (SKR). Gruppm\u00f6tet g\u00e4stades bl.a. av partisekreterare Liza-Maria Norlin, som gav en uppdatering fr\u00e5n partiorganisationen. P\u00e5 bes\u00f6k var ocks\u00e5 riksdagsledamot Kjell-Arne Ottosson, som \u00e4r vice ordf\u00f6rande i Milj\u00f6- och jordbruksutskottet, som informerade om aktuella fr\u00e5gor inom sitt ansvarsomr\u00e5de. \u00c4ven partiets representant i Milj\u00f6m\u00e5lsberedningen, Carl-Wiktor Svensson, oppositionsr\u00e5d i Region Kalmar l\u00e4n, ber\u00e4ttade om det arbetet. Sj\u00e4lvklart \u00e4gnades ocks\u00e5 en hel del tid att g\u00e5 igenom aktuella fr\u00e5gor i SKR:s styrelse, beredningar och delegationer.<\/p>\n<p><strong>Sammantr\u00e4de med Beredningen f\u00f6r tillv\u00e4xt och regional utveckling i SKR<\/strong><br \/>\nP\u00e5 torsdagen h\u00f6lls sammantr\u00e4den i SKR:s olika beredningar, och f\u00f6r min del handlade det om beredningen f\u00f6r tillv\u00e4xt och regional utveckling. P\u00e5 dagordningen stod flera \u00e4renden inom beredningens ganska breda ansvarsomr\u00e5de. Remissvar p\u00e5 rapporten &#8221;En konkurrenskraftig dr\u00f6narbransch i Sverige&#8221;, information om ny forsknings- och innovationsproposition, planering f\u00f6r arbetet med \u00f6kad digitalisering och elektrifiering av transportsystemet och EU:s sammanh\u00e5llningspolitik, var n\u00e5gra av \u00e4rendena.<\/p>\n<p>Imorgon l\u00f6rdag bjuder Kristdemokraternas riksorganisation in till utbildning f\u00f6r ordf\u00f6rande i de olika partidistriktens nomineringskommitt\u00e9er. Som vald ordf\u00f6rande f\u00f6r \u00d6stg\u00f6tadistriktets nomineringskommitt\u00e9 f\u00f6r riksdagsvalet, ska jag delta i utbildningen, s\u00e5 d\u00e5 b\u00e4r det av till huvudstaden igen! Oavsett hur dina helgplaner ser ut, hoppas jag att det blir en riktigt trevlig helg!<\/p>\n<p>Med v\u00e4nlig h\u00e4lsning<br \/>\nPer Larsson<br \/>\nRegionr\u00e5d &#8211; Ordf\u00f6rande i Regionutvecklingsn\u00e4mnden<br \/>\nGruppledare f\u00f6r Kristdemokraterna i Region \u00d6sterg\u00f6tland<br \/>\ntfn 010-103 72 84 (arb)<br \/>\ntfn 0702-88 21 34 (mobil)<br \/>\nper.larsson@regionostergotland.se<\/p>\n<p>&nbsp;<\/p>\n","protected":false},"excerpt":{"rendered":"<p>Hej! F\u00f6r ett par dagar sedan kom en ny m\u00e4tning som visade att f\u00f6rtroendet f\u00f6r Sveriges regering har \u00f6kat, och nu befinner sig p\u00e5 den h\u00f6gsta niv\u00e5n sedan regeringen tilltr\u00e4dde efter valet 2022. Det \u00e4r f\u00f6rst\u00e5s gl\u00e4djande, framf\u00f6r allt f\u00f6r regeringen sj\u00e4lva, men naturligtvis \u00e4ven f\u00f6r oss som p\u00e5 olika s\u00e4tt \u00e4r engagerade f\u00f6r n\u00e5got <a class=\"read-more-link\" href=\"https:\/\/wp.kristdemokraterna.se\/regionostergotland\/nyhetsbrev-vecka-4-8\/\">Read More<\/a><\/p>\n","protected":false},"author":737,"featured_media":0,"comment_status":"closed","ping_status":"closed","sticky":false,"template":"","format":"standard","meta":{"_acf_changed":false,"footnotes":""},"categories":[1],"tags":[],"class_list":["post-2362","post","type-post","status-publish","format-standard","hentry","category-nyheter"],"acf":[],"yoast_head":"<!-- This site is optimized with the Yoast SEO plugin v27.5 - https:\/\/yoast.com\/product\/yoast-seo-wordpress\/ -->\n<title>Nyhetsbrev vecka 4 - i Region \u00d6sterg\u00f6tland<\/title>\n<meta name=\"robots\" content=\"index, follow, max-snippet:-1, max-image-preview:large, max-video-preview:-1\" \/>\n<link rel=\"canonical\" href=\"https:\/\/wp.kristdemokraterna.se\/regionostergotland\/nyhetsbrev-vecka-4-8\/\" \/>\n<meta property=\"og:locale\" content=\"sv_SE\" \/>\n<meta property=\"og:type\" content=\"article\" \/>\n<meta property=\"og:title\" content=\"Nyhetsbrev vecka 4 - i Region \u00d6sterg\u00f6tland\" \/>\n<meta property=\"og:description\" content=\"Hej! F\u00f6r ett par dagar sedan kom en ny m\u00e4tning som visade att f\u00f6rtroendet f\u00f6r Sveriges regering har \u00f6kat, och nu befinner sig p\u00e5 den h\u00f6gsta niv\u00e5n sedan regeringen tilltr\u00e4dde efter valet 2022. Det \u00e4r f\u00f6rst\u00e5s gl\u00e4djande, framf\u00f6r allt f\u00f6r regeringen sj\u00e4lva, men naturligtvis \u00e4ven f\u00f6r oss som p\u00e5 olika s\u00e4tt \u00e4r engagerade f\u00f6r n\u00e5got Read More\" \/>\n<meta property=\"og:url\" content=\"https:\/\/wp.kristdemokraterna.se\/regionostergotland\/nyhetsbrev-vecka-4-8\/\" \/>\n<meta property=\"og:site_name\" content=\"i Region \u00d6sterg\u00f6tland\" \/>\n<meta property=\"article:published_time\" content=\"2025-01-24T14:18:26+00:00\" \/>\n<meta property=\"og:image\" content=\"http:\/\/wp.kristdemokraterna.se\/regionostergotland\/files\/2025\/01\/bild-nyhetsbrev-2025-vecka-4-1024x533.jpg\" \/>\n\t<meta property=\"og:image:width\" content=\"1024\" \/>\n\t<meta property=\"og:image:height\" content=\"533\" \/>\n\t<meta property=\"og:image:type\" content=\"image\/jpeg\" \/>\n<meta name=\"author\" content=\"regionostergotland\" \/>\n<meta name=\"twitter:card\" content=\"summary_large_image\" \/>\n<meta name=\"twitter:label1\" content=\"Skriven av\" \/>\n\t<meta name=\"twitter:data1\" content=\"regionostergotland\" \/>\n\t<meta name=\"twitter:label2\" content=\"Ber\u00e4knad l\u00e4stid\" \/>\n\t<meta name=\"twitter:data2\" content=\"3 minuter\" \/>\n<script type=\"application\/ld+json\" class=\"yoast-schema-graph\">{\"@context\":\"https:\\\/\\\/schema.org\",\"@graph\":[{\"@type\":\"Article\",\"@id\":\"https:\\\/\\\/wp.kristdemokraterna.se\\\/regionostergotland\\\/nyhetsbrev-vecka-4-8\\\/#article\",\"isPartOf\":{\"@id\":\"https:\\\/\\\/wp.kristdemokraterna.se\\\/regionostergotland\\\/nyhetsbrev-vecka-4-8\\\/\"},\"author\":{\"name\":\"regionostergotland\",\"@id\":\"https:\\\/\\\/wp.kristdemokraterna.se\\\/regionostergotland\\\/#\\\/schema\\\/person\\\/74c3c4f502fcc489722a7be0dfe0088c\"},\"headline\":\"Nyhetsbrev vecka 4\",\"datePublished\":\"2025-01-24T14:18:26+00:00\",\"mainEntityOfPage\":{\"@id\":\"https:\\\/\\\/wp.kristdemokraterna.se\\\/regionostergotland\\\/nyhetsbrev-vecka-4-8\\\/\"},\"wordCount\":615,\"articleSection\":[\"Nyheter\"],\"inLanguage\":\"sv-SE\"},{\"@type\":\"WebPage\",\"@id\":\"https:\\\/\\\/wp.kristdemokraterna.se\\\/regionostergotland\\\/nyhetsbrev-vecka-4-8\\\/\",\"url\":\"https:\\\/\\\/wp.kristdemokraterna.se\\\/regionostergotland\\\/nyhetsbrev-vecka-4-8\\\/\",\"name\":\"Nyhetsbrev vecka 4 - i Region \u00d6sterg\u00f6tland\",\"isPartOf\":{\"@id\":\"https:\\\/\\\/wp.kristdemokraterna.se\\\/regionostergotland\\\/#website\"},\"datePublished\":\"2025-01-24T14:18:26+00:00\",\"author\":{\"@id\":\"https:\\\/\\\/wp.kristdemokraterna.se\\\/regionostergotland\\\/#\\\/schema\\\/person\\\/74c3c4f502fcc489722a7be0dfe0088c\"},\"breadcrumb\":{\"@id\":\"https:\\\/\\\/wp.kristdemokraterna.se\\\/regionostergotland\\\/nyhetsbrev-vecka-4-8\\\/#breadcrumb\"},\"inLanguage\":\"sv-SE\",\"potentialAction\":[{\"@type\":\"ReadAction\",\"target\":[\"https:\\\/\\\/wp.kristdemokraterna.se\\\/regionostergotland\\\/nyhetsbrev-vecka-4-8\\\/\"]}]},{\"@type\":\"BreadcrumbList\",\"@id\":\"https:\\\/\\\/wp.kristdemokraterna.se\\\/regionostergotland\\\/nyhetsbrev-vecka-4-8\\\/#breadcrumb\",\"itemListElement\":[{\"@type\":\"ListItem\",\"position\":1,\"name\":\"Hem\",\"item\":\"https:\\\/\\\/wp.kristdemokraterna.se\\\/regionostergotland\\\/\"},{\"@type\":\"ListItem\",\"position\":2,\"name\":\"Nyhetsbrev vecka 4\"}]},{\"@type\":\"WebSite\",\"@id\":\"https:\\\/\\\/wp.kristdemokraterna.se\\\/regionostergotland\\\/#website\",\"url\":\"https:\\\/\\\/wp.kristdemokraterna.se\\\/regionostergotland\\\/\",\"name\":\"i Region \u00d6sterg\u00f6tland\",\"description\":\"\",\"inLanguage\":\"sv-SE\"},{\"@type\":\"Person\",\"@id\":\"https:\\\/\\\/wp.kristdemokraterna.se\\\/regionostergotland\\\/#\\\/schema\\\/person\\\/74c3c4f502fcc489722a7be0dfe0088c\",\"name\":\"regionostergotland\",\"image\":{\"@type\":\"ImageObject\",\"inLanguage\":\"sv-SE\",\"@id\":\"https:\\\/\\\/secure.gravatar.com\\\/avatar\\\/8fb8f0a216e627554da57506bfaf78d677f45512f24f703e185ec701423b1e92?s=96&d=mm&r=g\",\"url\":\"https:\\\/\\\/secure.gravatar.com\\\/avatar\\\/8fb8f0a216e627554da57506bfaf78d677f45512f24f703e185ec701423b1e92?s=96&d=mm&r=g\",\"contentUrl\":\"https:\\\/\\\/secure.gravatar.com\\\/avatar\\\/8fb8f0a216e627554da57506bfaf78d677f45512f24f703e185ec701423b1e92?s=96&d=mm&r=g\",\"caption\":\"regionostergotland\"},\"url\":\"https:\\\/\\\/wp.kristdemokraterna.se\\\/regionostergotland\\\/author\\\/regionostergotland\\\/\"}]}<\/script>\n<!-- \/ Yoast SEO plugin. -->","yoast_head_json":{"title":"Nyhetsbrev vecka 4 - i Region \u00d6sterg\u00f6tland","robots":{"index":"index","follow":"follow","max-snippet":"max-snippet:-1","max-image-preview":"max-image-preview:large","max-video-preview":"max-video-preview:-1"},"canonical":"https:\/\/wp.kristdemokraterna.se\/regionostergotland\/nyhetsbrev-vecka-4-8\/","og_locale":"sv_SE","og_type":"article","og_title":"Nyhetsbrev vecka 4 - i Region \u00d6sterg\u00f6tland","og_description":"Hej! F\u00f6r ett par dagar sedan kom en ny m\u00e4tning som visade att f\u00f6rtroendet f\u00f6r Sveriges regering har \u00f6kat, och nu befinner sig p\u00e5 den h\u00f6gsta niv\u00e5n sedan regeringen tilltr\u00e4dde efter valet 2022. Det \u00e4r f\u00f6rst\u00e5s gl\u00e4djande, framf\u00f6r allt f\u00f6r regeringen sj\u00e4lva, men naturligtvis \u00e4ven f\u00f6r oss som p\u00e5 olika s\u00e4tt \u00e4r engagerade f\u00f6r n\u00e5got Read More","og_url":"https:\/\/wp.kristdemokraterna.se\/regionostergotland\/nyhetsbrev-vecka-4-8\/","og_site_name":"i Region \u00d6sterg\u00f6tland","article_published_time":"2025-01-24T14:18:26+00:00","og_image":[{"width":1024,"height":533,"url":"http:\/\/wp.kristdemokraterna.se\/regionostergotland\/files\/2025\/01\/bild-nyhetsbrev-2025-vecka-4-1024x533.jpg","type":"image\/jpeg"}],"author":"regionostergotland","twitter_card":"summary_large_image","twitter_misc":{"Skriven av":"regionostergotland","Ber\u00e4knad l\u00e4stid":"3 minuter"},"schema":{"@context":"https:\/\/schema.org","@graph":[{"@type":"Article","@id":"https:\/\/wp.kristdemokraterna.se\/regionostergotland\/nyhetsbrev-vecka-4-8\/#article","isPartOf":{"@id":"https:\/\/wp.kristdemokraterna.se\/regionostergotland\/nyhetsbrev-vecka-4-8\/"},"author":{"name":"regionostergotland","@id":"https:\/\/wp.kristdemokraterna.se\/regionostergotland\/#\/schema\/person\/74c3c4f502fcc489722a7be0dfe0088c"},"headline":"Nyhetsbrev vecka 4","datePublished":"2025-01-24T14:18:26+00:00","mainEntityOfPage":{"@id":"https:\/\/wp.kristdemokraterna.se\/regionostergotland\/nyhetsbrev-vecka-4-8\/"},"wordCount":615,"articleSection":["Nyheter"],"inLanguage":"sv-SE"},{"@type":"WebPage","@id":"https:\/\/wp.kristdemokraterna.se\/regionostergotland\/nyhetsbrev-vecka-4-8\/","url":"https:\/\/wp.kristdemokraterna.se\/regionostergotland\/nyhetsbrev-vecka-4-8\/","name":"Nyhetsbrev vecka 4 - i Region \u00d6sterg\u00f6tland","isPartOf":{"@id":"https:\/\/wp.kristdemokraterna.se\/regionostergotland\/#website"},"datePublished":"2025-01-24T14:18:26+00:00","author":{"@id":"https:\/\/wp.kristdemokraterna.se\/regionostergotland\/#\/schema\/person\/74c3c4f502fcc489722a7be0dfe0088c"},"breadcrumb":{"@id":"https:\/\/wp.kristdemokraterna.se\/regionostergotland\/nyhetsbrev-vecka-4-8\/#breadcrumb"},"inLanguage":"sv-SE","potentialAction":[{"@type":"ReadAction","target":["https:\/\/wp.kristdemokraterna.se\/regionostergotland\/nyhetsbrev-vecka-4-8\/"]}]},{"@type":"BreadcrumbList","@id":"https:\/\/wp.kristdemokraterna.se\/regionostergotland\/nyhetsbrev-vecka-4-8\/#breadcrumb","itemListElement":[{"@type":"ListItem","position":1,"name":"Hem","item":"https:\/\/wp.kristdemokraterna.se\/regionostergotland\/"},{"@type":"ListItem","position":2,"name":"Nyhetsbrev vecka 4"}]},{"@type":"WebSite","@id":"https:\/\/wp.kristdemokraterna.se\/regionostergotland\/#website","url":"https:\/\/wp.kristdemokraterna.se\/regionostergotland\/","name":"i Region \u00d6sterg\u00f6tland","description":"","inLanguage":"sv-SE"},{"@type":"Person","@id":"https:\/\/wp.kristdemokraterna.se\/regionostergotland\/#\/schema\/person\/74c3c4f502fcc489722a7be0dfe0088c","name":"regionostergotland","image":{"@type":"ImageObject","inLanguage":"sv-SE","@id":"https:\/\/secure.gravatar.com\/avatar\/8fb8f0a216e627554da57506bfaf78d677f45512f24f703e185ec701423b1e92?s=96&d=mm&r=g","url":"https:\/\/secure.gravatar.com\/avatar\/8fb8f0a216e627554da57506bfaf78d677f45512f24f703e185ec701423b1e92?s=96&d=mm&r=g","contentUrl":"https:\/\/secure.gravatar.com\/avatar\/8fb8f0a216e627554da57506bfaf78d677f45512f24f703e185ec701423b1e92?s=96&d=mm&r=g","caption":"regionostergotland"},"url":"https:\/\/wp.kristdemokraterna.se\/regionostergotland\/author\/regionostergotland\/"}]}},"_links":{"self":[{"href":"https:\/\/wp.kristdemokraterna.se\/regionostergotland\/wp-json\/wp\/v2\/posts\/2362","targetHints":{"allow":["GET"]}}],"collection":[{"href":"https:\/\/wp.kristdemokraterna.se\/regionostergotland\/wp-json\/wp\/v2\/posts"}],"about":[{"href":"https:\/\/wp.kristdemokraterna.se\/regionostergotland\/wp-json\/wp\/v2\/types\/post"}],"author":[{"embeddable":true,"href":"https:\/\/wp.kristdemokraterna.se\/regionostergotland\/wp-json\/wp\/v2\/users\/737"}],"replies":[{"embeddable":true,"href":"https:\/\/wp.kristdemokraterna.se\/regionostergotland\/wp-json\/wp\/v2\/comments?post=2362"}],"version-history":[{"count":1,"href":"https:\/\/wp.kristdemokraterna.se\/regionostergotland\/wp-json\/wp\/v2\/posts\/2362\/revisions"}],"predecessor-version":[{"id":2364,"href":"https:\/\/wp.kristdemokraterna.se\/regionostergotland\/wp-json\/wp\/v2\/posts\/2362\/revisions\/2364"}],"wp:attachment":[{"href":"https:\/\/wp.kristdemokraterna.se\/regionostergotland\/wp-json\/wp\/v2\/media?parent=2362"}],"wp:term":[{"taxonomy":"category","embeddable":true,"href":"https:\/\/wp.kristdemokraterna.se\/regionostergotland\/wp-json\/wp\/v2\/categories?post=2362"},{"taxonomy":"post_tag","embeddable":true,"href":"https:\/\/wp.kristdemokraterna.se\/regionostergotland\/wp-json\/wp\/v2\/tags?post=2362"}],"curies":[{"name":"wp","href":"https:\/\/api.w.org\/{rel}","templated":true}]}}