{"id":2365,"date":"2025-01-31T15:51:48","date_gmt":"2025-01-31T14:51:48","guid":{"rendered":"https:\/\/wp.kristdemokraterna.se\/regionostergotland\/?p=2365"},"modified":"2025-01-31T15:51:48","modified_gmt":"2025-01-31T14:51:48","slug":"nyhetsbrev-vecka-5-8","status":"publish","type":"post","link":"https:\/\/wp.kristdemokraterna.se\/regionostergotland\/nyhetsbrev-vecka-5-8\/","title":{"rendered":"Nyhetsbrev vecka 5"},"content":{"rendered":"<p>Hej!<\/p>\n<p>Den h\u00e4r veckan har det varit ovanligt m\u00e5nga m\u00f6ten och aktiviteter utanf\u00f6r \u00d6sterg\u00f6tland, med bes\u00f6k i s\u00e5v\u00e4l Stockholm som Nyk\u00f6ping. Veckan har ocks\u00e5 bjudit p\u00e5 tv\u00e5 publicerade debattartiklar, b\u00e5de i nationell och regional media. Om detta och en del annat ska jag f\u00f6rs\u00f6ka skriva n\u00e5gra rader i veckans nyhetsbrev. Trevlig l\u00e4sning!<!--more--><\/p>\n<p><strong>Debattartikel i Dagens Industri om att skapa hubb f\u00f6r f\u00f6rsvardriven innovation<\/strong><br \/>\nI m\u00e5ndags publicerades en debattartikel fr\u00e5n en rad f\u00f6retr\u00e4dare f\u00f6r \u00d6sterg\u00f6tland, representanter f\u00f6r n\u00e4ringsliv, akademi och politik, med viljeinriktningen att Link\u00f6ping och \u00d6sterg\u00f6tland skulle vara idealisk placering f\u00f6r en nationell hubb f\u00f6r f\u00f6rsvarsdriven innovation. Jag hade gl\u00e4djen att som regionutvecklingsn\u00e4mndens ordf\u00f6rande vara Region \u00d6sterg\u00f6tlands undertecknare av artikeln. Du kan l\u00e4sa hela debattartikeln h\u00e4r: (<a href=\"https:\/\/www.di.se\/debatt\/skapa-ny-hubb-for-forsvarsdriven-innovation\/\" target=\"_blank\" rel=\"noopener\">https:\/\/www.di.se\/debatt\/skapa-ny-hubb-for-forsvarsdriven-innovation\/<\/a>)<\/p>\n<p><strong>M\u00e5ndagsm\u00f6te med fokus p\u00e5 f\u00f6rb\u00e4ttrat ekonomiskt resultat i bokslut f\u00f6r 2024<\/strong><br \/>\nVeckans m\u00e5ndagsm\u00f6te med \u00d6stg\u00f6tasamverkan inneh\u00f6ll bl.a. en f\u00f6redragning fr\u00e5n ekonomidirekt\u00f6r Josefin Bj\u00e4resten om det ekonomiska bokslutet f\u00f6r Region \u00d6sterg\u00f6tland f\u00f6r 2024. Gl\u00e4djande nog kan vi, som del\u00e5rsrapporter och prognoser under h\u00f6sten ocks\u00e5 indikerat, se att de omfattande \u00e5tg\u00e4rder som genomf\u00f6rts under 2024 f\u00f6r att f\u00e5 ordning p\u00e5 regionens ekonomi, har haft effekt. Det ekonomiska resultatet f\u00f6r 2024 \u00e4r 700 miljoner b\u00e4ttre \u00e4n det f\u00f6r 2023. Med tanke p\u00e5 att flera \u00e5tg\u00e4rder inom ramen f\u00f6r omst\u00e4llningen blev n\u00e5got framflyttande, har inte hela effekten blivit tydlig vid \u00e5rsskiftet, utan kommer senare under innevarande \u00e5r. Men, f\u00f6rst\u00e5s mycket positivt med en s\u00e5dan tydlig f\u00f6rb\u00e4ttring av det ekonomiska resultatet f\u00f6r hel\u00e5r 2024!<\/p>\n<p><strong>Dialog med kulturdepartementet om kultursamverkansmodellen<\/strong><br \/>\nP\u00e5 tisdagen hade kulturdepartementet bjudit in f\u00f6retr\u00e4dare f\u00f6r Sveriges alla regioner till \u00e5rlig dialog om kultursamverkansmodellen. Som brukligt tr\u00e4ffades regionf\u00f6retr\u00e4darna p\u00e5 m\u00e5ndagseftermiddagen f\u00f6r f\u00f6rm\u00f6te p\u00e5 Sveriges Kommuner och Regioner (SKR). Vid sj\u00e4lva dialogen p\u00e5 tisdagen inledde kulturminister Parisa Liljestrand och m\u00f6tet leddes sedan av statssekreterare Karin Svanborg-Sj\u00f6vall. En av punkterna f\u00f6r dialogen handlade om den rapport som nyligen tagits fram om tillg\u00e5ngen till musikscener och deras betydelse f\u00f6r kulturella och kreativa branscher. Ut\u00f6ver f\u00f6redragning fr\u00e5n kulturr\u00e5dets generaldirekt\u00f6r Kajsa Ravin, hade tv\u00e5 regioner ombetts f\u00f6redra regionala exempel. Gl\u00e4djande nog var Region \u00d6sterg\u00f6tland en av dem, varf\u00f6r jag fick m\u00f6jlighet att ber\u00e4tta om hur vi arbetat med att utveckla regionens musikfr\u00e4mjande uppdrag!<\/p>\n<p><strong>Sammantr\u00e4de med L\u00e4kemedelsskaden\u00e4mnden<\/strong><br \/>\nI onsdags inf\u00f6ll \u00e5rets f\u00f6rsta sammantr\u00e4de med L\u00e4kemedelsskaden\u00e4mnden. Det \u00e4r alltid intressanta sammantr\u00e4den som ger ny kunskap och insikt inom ett viktigt omr\u00e5de. Som jag ber\u00e4ttat i tidigare nyhetsbrev finns i n\u00e4mnden fem l\u00e4kare som f\u00f6rst\u00e5s \u00e4r de sakkunniga p\u00e5 omr\u00e5det och n\u00e4mnden leds av tv\u00e5 domare fr\u00e5n r\u00e4ttsv\u00e4sendet. Vi \u00e4r fyra politiskt tillsatta ledam\u00f6ter som har rollen att f\u00f6retr\u00e4da medborgare\/patienter i n\u00e4mnden, tv\u00e5 riksdagsledam\u00f6ter och tv\u00e5 regionr\u00e5d.<\/p>\n<p><strong>Seminarium och studiebes\u00f6k med M\u00e4lardalsr\u00e5det i Skavsta<\/strong><br \/>\nI g\u00e5r torsdag arrangerade M\u00e4lardalsr\u00e5det ett intressant seminarium i Skavsta utanf\u00f6r Nyk\u00f6ping. P\u00e5 seminariet presenterades bl.a. den rapport som tagits fram inom ramen f\u00f6r arbetet i En B\u00e4ttre Matchning, som inneh\u00e5ller M\u00e4lardalsr\u00e5dets kompetenskartl\u00e4ggning. Den fick ett antal f\u00f6retr\u00e4dare f\u00f6r n\u00e4ringsliv, akademi och myndighet kommentera i ett panelsamtal. Vi fick ocks\u00e5 en aktuell genomg\u00e5ng av l\u00e4get f\u00f6r byggnationen av Ostl\u00e4nken, och dagen avslutades med ett intressant bes\u00f6k p\u00e5 Saabs anl\u00e4ggning, d\u00e4r flygplan f\u00f6r s\u00e5v\u00e4l Kustbevakningen som brandflyget servas och underh\u00e5lls.<\/p>\n<p><strong>Debattartikel: Strandskyddsreformen v\u00e4lkommet f\u00f6rsta steg f\u00f6r ett levande \u00d6sterg\u00f6tland<\/strong><br \/>\nI dag fredag har vi fr\u00e5n \u00d6stg\u00f6tasamverkan en debattartikel i Norrk\u00f6pings Tidningar, utifr\u00e5n beskedet fr\u00e5n regeringen att strandskyddet reformeras, och m\u00f6jligg\u00f6r byggnation vid mindre sj\u00f6ar och diken. Byr\u00e5kratiskt kr\u00e5ngliga regler som bl.a. st\u00e4llt till det f\u00f6r lantbrukare och andra p\u00e5 landsbygden. \u00c4ven om ytterligare reformer av strandskyddet skulle beh\u00f6vas, \u00e4r detta ett v\u00e4lkommet f\u00f6rsta steg! Du kan l\u00e4sa hela debattartikeln h\u00e4r: (<a href=\"https:\/\/www.nt.se\/debatt\/artikel\/nu-blir-det-lattare-att-bygga-vid-sjoar\/r046neql\" target=\"_blank\" rel=\"noopener\">https:\/\/www.nt.se\/debatt\/artikel\/nu-blir-det-lattare-att-bygga-vid-sjoar\/r046neql<\/a>)<\/p>\n<p><strong>Studiebes\u00f6k hos Ung Scen \u00d6st med beredningen f\u00f6r kultur- och friluftsliv<\/strong><br \/>\nI dag p\u00e5 f\u00f6rmiddagen gjorde regionutvecklingsn\u00e4mndens beredning f\u00f6r kultur och friluftsliv ett intressant studiebes\u00f6k hos Ung Scen \u00d6st. Konstn\u00e4rlig ledare Paula McManus med medarbetare ber\u00e4ttade om verksamhetens olika delar, framg\u00e5ngar och utmaningar, om hur en produktion formas och hur f\u00f6rnyelsearbetet ser ut. Vi fick ocks\u00e5 m\u00f6jlighet att vara med p\u00e5 en repetition av en del av f\u00f6rst\u00e4llningen &#8221;Hj\u00e4lp, dom kommer!&#8221;, som har urpremi\u00e4r i Link\u00f6ping 7 mars! Mycket sp\u00e4nnande nytt grepp med en vandringsf\u00f6rest\u00e4llning i hela teaterhuset, d\u00e4r teaterbes\u00f6karna blir en del av f\u00f6rest\u00e4llningen! Kan rekommenderas till fler \u00e4n barn och unga! Stort tack f\u00f6r att vi fick komma p\u00e5 bes\u00f6k!<\/p>\n<p><strong>Gruppledar\u00f6verl\u00e4ggningar om politisk organisation n\u00e4sta mandatperiod<\/strong><br \/>\nFredagseftermiddagen har inneh\u00e5llit gruppledar\u00f6verl\u00e4ggningar mellan gruppledarna f\u00f6r de \u00e5tta partierna i Region \u00d6sterg\u00f6tland. Anledningen till m\u00f6tet \u00e4r att arbetet nu p\u00e5b\u00f6rjas med att utforma den politiska organisationen f\u00f6r n\u00e4stkommande mandatperiod. Det kr\u00e4ver utv\u00e4rdering av den nuvarande organisationen, och vi beh\u00f6ver gemensamt komma fram till vilka delar som beh\u00f6ver justeras. De f\u00f6rsta besluten beh\u00f6ver inte tas f\u00f6rr\u00e4n till sommaren 2026, men det \u00e4r viktigt att b\u00f6rja i god tid!<\/p>\n<p>Nu stundar helgen, som ocks\u00e5 kommer att bjuda p\u00e5 ett par m\u00f6ten, dock inte av regionpolitisk karakt\u00e4r. Lite helgledigt hoppas jag ocks\u00e5 att det blir utrymme f\u00f6r. Jag hoppas att ni alla f\u00e5r en riktigt trevlig helg!<\/p>\n<p>Med v\u00e4nlig h\u00e4lsning<br \/>\nPer Larsson<br \/>\nRegionr\u00e5d &#8211; Ordf\u00f6rande i Regionutvecklingsn\u00e4mnden<br \/>\nGruppledare f\u00f6r Kristdemokraterna i Region \u00d6sterg\u00f6tland<br \/>\ntfn 010-103 72 84 (arb)<br \/>\ntfn 0702-88 21 34 (mobil)<br \/>\nper.larsson@regionostergotland.se<\/p>\n<p>&nbsp;<\/p>\n","protected":false},"excerpt":{"rendered":"<p>Hej! Den h\u00e4r veckan har det varit ovanligt m\u00e5nga m\u00f6ten och aktiviteter utanf\u00f6r \u00d6sterg\u00f6tland, med bes\u00f6k i s\u00e5v\u00e4l Stockholm som Nyk\u00f6ping. Veckan har ocks\u00e5 bjudit p\u00e5 tv\u00e5 publicerade debattartiklar, b\u00e5de i nationell och regional media. Om detta och en del annat ska jag f\u00f6rs\u00f6ka skriva n\u00e5gra rader i veckans nyhetsbrev. Trevlig l\u00e4sning!<\/p>\n","protected":false},"author":737,"featured_media":0,"comment_status":"closed","ping_status":"closed","sticky":false,"template":"","format":"standard","meta":{"_acf_changed":false,"footnotes":""},"categories":[1],"tags":[],"class_list":["post-2365","post","type-post","status-publish","format-standard","hentry","category-nyheter"],"acf":[],"yoast_head":"<!-- This site is optimized with the Yoast SEO plugin v27.5 - https:\/\/yoast.com\/product\/yoast-seo-wordpress\/ -->\n<title>Nyhetsbrev vecka 5 - i Region \u00d6sterg\u00f6tland<\/title>\n<meta name=\"robots\" content=\"index, follow, max-snippet:-1, max-image-preview:large, max-video-preview:-1\" \/>\n<link rel=\"canonical\" href=\"https:\/\/wp.kristdemokraterna.se\/regionostergotland\/nyhetsbrev-vecka-5-8\/\" \/>\n<meta property=\"og:locale\" content=\"sv_SE\" \/>\n<meta property=\"og:type\" content=\"article\" \/>\n<meta property=\"og:title\" content=\"Nyhetsbrev vecka 5 - i Region \u00d6sterg\u00f6tland\" \/>\n<meta property=\"og:description\" content=\"Hej! Den h\u00e4r veckan har det varit ovanligt m\u00e5nga m\u00f6ten och aktiviteter utanf\u00f6r \u00d6sterg\u00f6tland, med bes\u00f6k i s\u00e5v\u00e4l Stockholm som Nyk\u00f6ping. Veckan har ocks\u00e5 bjudit p\u00e5 tv\u00e5 publicerade debattartiklar, b\u00e5de i nationell och regional media. Om detta och en del annat ska jag f\u00f6rs\u00f6ka skriva n\u00e5gra rader i veckans nyhetsbrev. Trevlig l\u00e4sning!\" \/>\n<meta property=\"og:url\" content=\"https:\/\/wp.kristdemokraterna.se\/regionostergotland\/nyhetsbrev-vecka-5-8\/\" \/>\n<meta property=\"og:site_name\" content=\"i Region \u00d6sterg\u00f6tland\" \/>\n<meta property=\"article:published_time\" content=\"2025-01-31T14:51:48+00:00\" \/>\n<meta property=\"og:image\" content=\"http:\/\/wp.kristdemokraterna.se\/regionostergotland\/files\/2025\/01\/bild-nyhetsbrev-2025-vecka-5-1024x533.jpg\" \/>\n\t<meta property=\"og:image:width\" content=\"1024\" \/>\n\t<meta property=\"og:image:height\" content=\"533\" \/>\n\t<meta property=\"og:image:type\" content=\"image\/jpeg\" \/>\n<meta name=\"author\" content=\"regionostergotland\" \/>\n<meta name=\"twitter:card\" content=\"summary_large_image\" \/>\n<meta name=\"twitter:label1\" content=\"Skriven av\" \/>\n\t<meta name=\"twitter:data1\" content=\"regionostergotland\" \/>\n\t<meta name=\"twitter:label2\" content=\"Ber\u00e4knad l\u00e4stid\" \/>\n\t<meta name=\"twitter:data2\" content=\"5 minuter\" \/>\n<script type=\"application\/ld+json\" class=\"yoast-schema-graph\">{\"@context\":\"https:\\\/\\\/schema.org\",\"@graph\":[{\"@type\":\"Article\",\"@id\":\"https:\\\/\\\/wp.kristdemokraterna.se\\\/regionostergotland\\\/nyhetsbrev-vecka-5-8\\\/#article\",\"isPartOf\":{\"@id\":\"https:\\\/\\\/wp.kristdemokraterna.se\\\/regionostergotland\\\/nyhetsbrev-vecka-5-8\\\/\"},\"author\":{\"name\":\"regionostergotland\",\"@id\":\"https:\\\/\\\/wp.kristdemokraterna.se\\\/regionostergotland\\\/#\\\/schema\\\/person\\\/74c3c4f502fcc489722a7be0dfe0088c\"},\"headline\":\"Nyhetsbrev vecka 5\",\"datePublished\":\"2025-01-31T14:51:48+00:00\",\"mainEntityOfPage\":{\"@id\":\"https:\\\/\\\/wp.kristdemokraterna.se\\\/regionostergotland\\\/nyhetsbrev-vecka-5-8\\\/\"},\"wordCount\":1072,\"articleSection\":[\"Nyheter\"],\"inLanguage\":\"sv-SE\"},{\"@type\":\"WebPage\",\"@id\":\"https:\\\/\\\/wp.kristdemokraterna.se\\\/regionostergotland\\\/nyhetsbrev-vecka-5-8\\\/\",\"url\":\"https:\\\/\\\/wp.kristdemokraterna.se\\\/regionostergotland\\\/nyhetsbrev-vecka-5-8\\\/\",\"name\":\"Nyhetsbrev vecka 5 - i Region \u00d6sterg\u00f6tland\",\"isPartOf\":{\"@id\":\"https:\\\/\\\/wp.kristdemokraterna.se\\\/regionostergotland\\\/#website\"},\"datePublished\":\"2025-01-31T14:51:48+00:00\",\"author\":{\"@id\":\"https:\\\/\\\/wp.kristdemokraterna.se\\\/regionostergotland\\\/#\\\/schema\\\/person\\\/74c3c4f502fcc489722a7be0dfe0088c\"},\"breadcrumb\":{\"@id\":\"https:\\\/\\\/wp.kristdemokraterna.se\\\/regionostergotland\\\/nyhetsbrev-vecka-5-8\\\/#breadcrumb\"},\"inLanguage\":\"sv-SE\",\"potentialAction\":[{\"@type\":\"ReadAction\",\"target\":[\"https:\\\/\\\/wp.kristdemokraterna.se\\\/regionostergotland\\\/nyhetsbrev-vecka-5-8\\\/\"]}]},{\"@type\":\"BreadcrumbList\",\"@id\":\"https:\\\/\\\/wp.kristdemokraterna.se\\\/regionostergotland\\\/nyhetsbrev-vecka-5-8\\\/#breadcrumb\",\"itemListElement\":[{\"@type\":\"ListItem\",\"position\":1,\"name\":\"Hem\",\"item\":\"https:\\\/\\\/wp.kristdemokraterna.se\\\/regionostergotland\\\/\"},{\"@type\":\"ListItem\",\"position\":2,\"name\":\"Nyhetsbrev vecka 5\"}]},{\"@type\":\"WebSite\",\"@id\":\"https:\\\/\\\/wp.kristdemokraterna.se\\\/regionostergotland\\\/#website\",\"url\":\"https:\\\/\\\/wp.kristdemokraterna.se\\\/regionostergotland\\\/\",\"name\":\"i Region \u00d6sterg\u00f6tland\",\"description\":\"\",\"inLanguage\":\"sv-SE\"},{\"@type\":\"Person\",\"@id\":\"https:\\\/\\\/wp.kristdemokraterna.se\\\/regionostergotland\\\/#\\\/schema\\\/person\\\/74c3c4f502fcc489722a7be0dfe0088c\",\"name\":\"regionostergotland\",\"image\":{\"@type\":\"ImageObject\",\"inLanguage\":\"sv-SE\",\"@id\":\"https:\\\/\\\/secure.gravatar.com\\\/avatar\\\/8fb8f0a216e627554da57506bfaf78d677f45512f24f703e185ec701423b1e92?s=96&d=mm&r=g\",\"url\":\"https:\\\/\\\/secure.gravatar.com\\\/avatar\\\/8fb8f0a216e627554da57506bfaf78d677f45512f24f703e185ec701423b1e92?s=96&d=mm&r=g\",\"contentUrl\":\"https:\\\/\\\/secure.gravatar.com\\\/avatar\\\/8fb8f0a216e627554da57506bfaf78d677f45512f24f703e185ec701423b1e92?s=96&d=mm&r=g\",\"caption\":\"regionostergotland\"},\"url\":\"https:\\\/\\\/wp.kristdemokraterna.se\\\/regionostergotland\\\/author\\\/regionostergotland\\\/\"}]}<\/script>\n<!-- \/ Yoast SEO plugin. -->","yoast_head_json":{"title":"Nyhetsbrev vecka 5 - i Region \u00d6sterg\u00f6tland","robots":{"index":"index","follow":"follow","max-snippet":"max-snippet:-1","max-image-preview":"max-image-preview:large","max-video-preview":"max-video-preview:-1"},"canonical":"https:\/\/wp.kristdemokraterna.se\/regionostergotland\/nyhetsbrev-vecka-5-8\/","og_locale":"sv_SE","og_type":"article","og_title":"Nyhetsbrev vecka 5 - i Region \u00d6sterg\u00f6tland","og_description":"Hej! Den h\u00e4r veckan har det varit ovanligt m\u00e5nga m\u00f6ten och aktiviteter utanf\u00f6r \u00d6sterg\u00f6tland, med bes\u00f6k i s\u00e5v\u00e4l Stockholm som Nyk\u00f6ping. Veckan har ocks\u00e5 bjudit p\u00e5 tv\u00e5 publicerade debattartiklar, b\u00e5de i nationell och regional media. Om detta och en del annat ska jag f\u00f6rs\u00f6ka skriva n\u00e5gra rader i veckans nyhetsbrev. Trevlig l\u00e4sning!","og_url":"https:\/\/wp.kristdemokraterna.se\/regionostergotland\/nyhetsbrev-vecka-5-8\/","og_site_name":"i Region \u00d6sterg\u00f6tland","article_published_time":"2025-01-31T14:51:48+00:00","og_image":[{"width":1024,"height":533,"url":"http:\/\/wp.kristdemokraterna.se\/regionostergotland\/files\/2025\/01\/bild-nyhetsbrev-2025-vecka-5-1024x533.jpg","type":"image\/jpeg"}],"author":"regionostergotland","twitter_card":"summary_large_image","twitter_misc":{"Skriven av":"regionostergotland","Ber\u00e4knad l\u00e4stid":"5 minuter"},"schema":{"@context":"https:\/\/schema.org","@graph":[{"@type":"Article","@id":"https:\/\/wp.kristdemokraterna.se\/regionostergotland\/nyhetsbrev-vecka-5-8\/#article","isPartOf":{"@id":"https:\/\/wp.kristdemokraterna.se\/regionostergotland\/nyhetsbrev-vecka-5-8\/"},"author":{"name":"regionostergotland","@id":"https:\/\/wp.kristdemokraterna.se\/regionostergotland\/#\/schema\/person\/74c3c4f502fcc489722a7be0dfe0088c"},"headline":"Nyhetsbrev vecka 5","datePublished":"2025-01-31T14:51:48+00:00","mainEntityOfPage":{"@id":"https:\/\/wp.kristdemokraterna.se\/regionostergotland\/nyhetsbrev-vecka-5-8\/"},"wordCount":1072,"articleSection":["Nyheter"],"inLanguage":"sv-SE"},{"@type":"WebPage","@id":"https:\/\/wp.kristdemokraterna.se\/regionostergotland\/nyhetsbrev-vecka-5-8\/","url":"https:\/\/wp.kristdemokraterna.se\/regionostergotland\/nyhetsbrev-vecka-5-8\/","name":"Nyhetsbrev vecka 5 - i Region \u00d6sterg\u00f6tland","isPartOf":{"@id":"https:\/\/wp.kristdemokraterna.se\/regionostergotland\/#website"},"datePublished":"2025-01-31T14:51:48+00:00","author":{"@id":"https:\/\/wp.kristdemokraterna.se\/regionostergotland\/#\/schema\/person\/74c3c4f502fcc489722a7be0dfe0088c"},"breadcrumb":{"@id":"https:\/\/wp.kristdemokraterna.se\/regionostergotland\/nyhetsbrev-vecka-5-8\/#breadcrumb"},"inLanguage":"sv-SE","potentialAction":[{"@type":"ReadAction","target":["https:\/\/wp.kristdemokraterna.se\/regionostergotland\/nyhetsbrev-vecka-5-8\/"]}]},{"@type":"BreadcrumbList","@id":"https:\/\/wp.kristdemokraterna.se\/regionostergotland\/nyhetsbrev-vecka-5-8\/#breadcrumb","itemListElement":[{"@type":"ListItem","position":1,"name":"Hem","item":"https:\/\/wp.kristdemokraterna.se\/regionostergotland\/"},{"@type":"ListItem","position":2,"name":"Nyhetsbrev vecka 5"}]},{"@type":"WebSite","@id":"https:\/\/wp.kristdemokraterna.se\/regionostergotland\/#website","url":"https:\/\/wp.kristdemokraterna.se\/regionostergotland\/","name":"i Region \u00d6sterg\u00f6tland","description":"","inLanguage":"sv-SE"},{"@type":"Person","@id":"https:\/\/wp.kristdemokraterna.se\/regionostergotland\/#\/schema\/person\/74c3c4f502fcc489722a7be0dfe0088c","name":"regionostergotland","image":{"@type":"ImageObject","inLanguage":"sv-SE","@id":"https:\/\/secure.gravatar.com\/avatar\/8fb8f0a216e627554da57506bfaf78d677f45512f24f703e185ec701423b1e92?s=96&d=mm&r=g","url":"https:\/\/secure.gravatar.com\/avatar\/8fb8f0a216e627554da57506bfaf78d677f45512f24f703e185ec701423b1e92?s=96&d=mm&r=g","contentUrl":"https:\/\/secure.gravatar.com\/avatar\/8fb8f0a216e627554da57506bfaf78d677f45512f24f703e185ec701423b1e92?s=96&d=mm&r=g","caption":"regionostergotland"},"url":"https:\/\/wp.kristdemokraterna.se\/regionostergotland\/author\/regionostergotland\/"}]}},"_links":{"self":[{"href":"https:\/\/wp.kristdemokraterna.se\/regionostergotland\/wp-json\/wp\/v2\/posts\/2365","targetHints":{"allow":["GET"]}}],"collection":[{"href":"https:\/\/wp.kristdemokraterna.se\/regionostergotland\/wp-json\/wp\/v2\/posts"}],"about":[{"href":"https:\/\/wp.kristdemokraterna.se\/regionostergotland\/wp-json\/wp\/v2\/types\/post"}],"author":[{"embeddable":true,"href":"https:\/\/wp.kristdemokraterna.se\/regionostergotland\/wp-json\/wp\/v2\/users\/737"}],"replies":[{"embeddable":true,"href":"https:\/\/wp.kristdemokraterna.se\/regionostergotland\/wp-json\/wp\/v2\/comments?post=2365"}],"version-history":[{"count":1,"href":"https:\/\/wp.kristdemokraterna.se\/regionostergotland\/wp-json\/wp\/v2\/posts\/2365\/revisions"}],"predecessor-version":[{"id":2367,"href":"https:\/\/wp.kristdemokraterna.se\/regionostergotland\/wp-json\/wp\/v2\/posts\/2365\/revisions\/2367"}],"wp:attachment":[{"href":"https:\/\/wp.kristdemokraterna.se\/regionostergotland\/wp-json\/wp\/v2\/media?parent=2365"}],"wp:term":[{"taxonomy":"category","embeddable":true,"href":"https:\/\/wp.kristdemokraterna.se\/regionostergotland\/wp-json\/wp\/v2\/categories?post=2365"},{"taxonomy":"post_tag","embeddable":true,"href":"https:\/\/wp.kristdemokraterna.se\/regionostergotland\/wp-json\/wp\/v2\/tags?post=2365"}],"curies":[{"name":"wp","href":"https:\/\/api.w.org\/{rel}","templated":true}]}}