{"id":2372,"date":"2025-02-14T18:02:17","date_gmt":"2025-02-14T17:02:17","guid":{"rendered":"https:\/\/wp.kristdemokraterna.se\/regionostergotland\/?p=2372"},"modified":"2025-02-14T18:02:17","modified_gmt":"2025-02-14T17:02:17","slug":"nyhetsbrev-vecka-7-7","status":"publish","type":"post","link":"https:\/\/wp.kristdemokraterna.se\/regionostergotland\/nyhetsbrev-vecka-7-7\/","title":{"rendered":"Nyhetsbrev vecka 7"},"content":{"rendered":"<p>Hej!<\/p>\n<p>Idag \u00e4r det Alla hj\u00e4rtans dag och m\u00e5nga passar p\u00e5 att uppm\u00e4rksamma n\u00e4ra och k\u00e4ra! \u00c4ven Kristdemokraterna uppm\u00e4rksammar dagen, vilket jag \u00e5terkommer till i veckans nyhetsbrev, tillsammans med en liten tillbakablick p\u00e5 n\u00e5gra av veckans h\u00e4ndelser i regionpolitiken. Trevlig l\u00e4sning!<!--more--><\/p>\n<p><strong>M\u00e5ndagsm\u00f6te med fokus p\u00e5 nationell v\u00e5rdf\u00f6rmedling och Psykiatricentrum<\/strong><br \/>\nP\u00e5 veckans m\u00e5ndagsm\u00f6te fick vi en f\u00f6redragning av hur arbetet med nationell v\u00e5rdf\u00f6rmedling fortskrider, och vilket arbete som g\u00f6rs av Region \u00d6sterg\u00f6tland tillsammans med \u00f6vriga regioner i landet. Karin Schildt fr\u00e5n Region \u00d6sterg\u00f6tlands frist\u00e5ende v\u00e5rdlots tillsammans med tillg\u00e4nglighetssamordnare Ellinor Johansson och Eva Hellman fr\u00e5n h\u00e4lso- och sjukv\u00e5rdsenheten p\u00e5 regionledningskontoret, ber\u00e4ttade. Bra att det ursprungligen kristdemokratiska f\u00f6rslaget om nationell v\u00e5rdf\u00f6rmedling nu h\u00e5ller p\u00e5 att f\u00f6rverkligas! M\u00e5ndagsm\u00f6tet g\u00e4stades ocks\u00e5 av Therese Johansson, centrumchef f\u00f6r Psykiatricentrum, som redogjorde f\u00f6r centrumets arbete med att f\u00e5 sin ekonomi i balans.<\/p>\n<p><strong>Sammantr\u00e4de med Politiska ledningsgruppen<\/strong><br \/>\nI tisdags f\u00f6rmiddag sammantr\u00e4dde politiska ledningsgruppen (PLG). P\u00e5 dagordningen stod bl.a. en rapport fr\u00e5n den ledardags som h\u00f6lls i f\u00f6reg\u00e5ende vecka f\u00f6r alla regionens chefer. \u00d6ver 500 chefer deltog i ledardagen, och det \u00e4r gl\u00e4djande att det finns ett stor engagemang och intresse hos regionens chefer att vara en aktiv del i arbetet med att skapa en mer robust regionorganisation. PLG fick ocks\u00e5 en f\u00f6redragning av det arbete som p\u00e5g\u00e5r mellan regionerna och Sveriges Kommuner och Regioner (SKR) kring intensivv\u00e5rdstransporter, fr\u00e5n h\u00e4lso- och sjukv\u00e5rdsdirekt\u00f6r Annica \u00d6hrn och Carin Renger fr\u00e5n SKR, som deltog via l\u00e4nk.<\/p>\n<p><strong>Presidiem\u00f6te med regionutvecklingsn\u00e4mndens presidium<\/strong><br \/>\nTisdagen fortsatte med presidiesammantr\u00e4de med regionutvecklingsn\u00e4mndens presidium. P\u00e5 dagordningen stod f\u00f6rst\u00e5s beredning av n\u00e4stkommande n\u00e4mndsammantr\u00e4de, men presidiet fick ocks\u00e5 en uppf\u00f6ljning av n\u00e4mndens interna ekonomi f\u00f6r 2024, som gl\u00e4djande nog (som vanligt) bj\u00f6d p\u00e5 ett \u00f6verskott. Presidiet st\u00e4mde ocks\u00e5 av uppf\u00f6ljningen av fattade beslut i n\u00e4mnden, som ocks\u00e5 s\u00e5g mycket bra ut, och st\u00e4mde av den \u00e5terrapportering till Tillv\u00e4xtverket som regionen g\u00f6r av v\u00e5rt statliga regionala utvecklingsuppdrag.<\/p>\n<p><strong>Gruppm\u00f6te med Kristdemokraternas regiongrupp<\/strong><br \/>\nP\u00e5 tisdagskv\u00e4llen h\u00f6lls gruppm\u00f6te med Kristdemokraternas regiongrupp. Kv\u00e4llen inleddes som vanligt med n\u00e4mndvisa gruppm\u00f6ten tillsammans med Moderaterna och Liberalerna. P\u00e5 Kristdemokraternas eget gruppm\u00f6te f\u00f6rberedde vi bl.a. inf\u00f6r onsdagens sammantr\u00e4de med regionfullm\u00e4ktige, st\u00e4mde av det f\u00f6rb\u00e4ttrade ekonomiska l\u00e4get f\u00f6r regionen och fick en uppf\u00f6ljning av gruppens n\u00e4rvaro i sociala medier.<\/p>\n<p><strong>Sammantr\u00e4de med regionfullm\u00e4ktige<\/strong><br \/>\nI onsdags sammantr\u00e4dde regionfullm\u00e4ktige f\u00f6r f\u00f6rsta g\u00e5ngen 2025. P\u00e5 dagordningen stod bl.a. beslut om regionalt trafikf\u00f6rs\u00f6rjningsprogram f\u00f6r Region \u00d6sterg\u00f6tland, d\u00e4r jag i mitt inl\u00e4gg i debatten bl.a. lyfte fram ett st\u00e4rkt landsbygdsperspektiv och f\u00f6rst\u00e4rkta skrivningar om samverkan med v\u00e5ra s\u00f6dra grannregioner. Fullm\u00e4ktige behandlade ocks\u00e5 ett antal medborgarf\u00f6rslag och motioner, och besvarade tolv interpellationer. Sista punkt p\u00e5 dagordningen var en interpellation utifr\u00e5n den av regionutvecklingsn\u00e4mnden antagna kompetensf\u00f6rs\u00f6rjningsstrategin, d\u00e4r jag i fullm\u00e4ktigesammantr\u00e4det allra sista inl\u00e4gg kunde konstatera att strategins ord gl\u00e4djande lett till en hel del handling!<\/p>\n<p><strong>Samverkansm\u00f6te mellan Region \u00d6sterg\u00f6tland och L\u00e4nsstyrelsen \u00d6sterg\u00f6tland<\/strong><br \/>\nP\u00e5 torsdagsf\u00f6rmiddagen h\u00f6lls \u00e5rets f\u00f6rsta samverkansm\u00f6te mellan Region \u00d6sterg\u00f6tland och L\u00e4nsstyrelsen. Vartannat \u00e5r \u00e4r regionen v\u00e4rd f\u00f6r m\u00f6tena, och i \u00e5r \u00e4r ett s\u00e5dant \u00e5r, varf\u00f6r vi m\u00f6ttes i regionhuset. Tillf\u00f6rordnande landsh\u00f6vdingen Ann Holmlid, st\u00e4llf\u00f6retr\u00e4dande l\u00e4nsr\u00e5det Jenny Knuthammar och tillv\u00e4xtdirekt\u00f6r Madeleine S\u00f6derstedt Sj\u00f6berg kom fr\u00e5n L\u00e4nsstyrelsen, och som vanligt representerades regionen av ordf\u00f6rande och andre vice ordf\u00f6rande i regionstyrelsen, ordf\u00f6randena i regionutvecklingsn\u00e4mnden och trafik- och samh\u00e4llsplaneringsn\u00e4mnden samt regiondirekt\u00f6r och regionutvecklingsdirekt\u00f6r. P\u00e5 dagordningen stod avst\u00e4mning av flera gemensamma fr\u00e5gor, bl.a. infrastruktur, elf\u00f6rs\u00f6rjning och beredskap.<\/p>\n<p><strong>M\u00f6te med \u00d6sterg\u00f6tlands integrationsr\u00e5d<\/strong><br \/>\nIdag fredag genomf\u00f6rdes \u00e5rets f\u00f6rsta m\u00f6te med \u00d6sterg\u00f6tlands integrationsr\u00e5d p\u00e5 Link\u00f6pings slott. P\u00e5 f\u00f6rmiddagen skedde m\u00f6tet gemensamt med den beredningsgrupp av tj\u00e4nstepersoner fr\u00e5n kommunerna, regionen, l\u00e4nsstyrelsen och ber\u00f6rda myndigheter. Bl.a. diskuterades hur samverkan p\u00e5 integrationsomr\u00e5det b\u00e4st ska forts\u00e4tta n\u00e4stkommande mandatperiod. P\u00e5 eftermiddagen sammantr\u00e4dde enbart r\u00e5det med politiska representanter fr\u00e5n kommun och region. D\u00e4r fick vi som vanligt aktuell information fr\u00e5n s\u00e5v\u00e4l Migrationsverket och Arbetsf\u00f6rmedlingen som L\u00e4nsstyrelsen och \u00d6stsvenska handelskammaren. Viss uppm\u00e4rksamhet \u00e4gnades ocks\u00e5 \u00e5t den presstr\u00e4ff som skedde i annat rum p\u00e5 samma slott, d\u00e4r \u00d6sterg\u00f6tlands nya landsh\u00f6vding Gunilla Skogberg presenterades av civilminister Erik Slottner.<\/p>\n<p><strong>Kristdemokratisk kampanj p\u00e5 Alla hj\u00e4rtans dag<\/strong><br \/>\nIdag \u00e4r det som bekant Alla hj\u00e4rtans dag och Kristdemokraterna har en l\u00e5ng tradition av att ha s\u00e4rskilda kampanjaktiviteter p\u00e5 just denna dag. S\u00e5 \u00e4ven i \u00e5r. Jag hade m\u00f6jlighet att tillsammans med Kristdemokraterna i Link\u00f6ping m\u00f6ta link\u00f6pingsbor p\u00e5 stan med gel\u00e9hj\u00e4rtan och kristdemokratisk politik. Flera positiva m\u00f6ten, och kanske att vi lyckades v\u00e4rva en medlem ocks\u00e5!<\/p>\n<p>D\u00e5 h\u00e5ller fredagseftermiddagen snart p\u00e5 att bli kv\u00e4ll, och jag ska strax bege mig iv\u00e4g p\u00e5 konsert med Norrk\u00f6pings Symfoniorkester i Crusellhallen i Link\u00f6ping. Det k\u00e4nns som ett bra s\u00e4tt att inleda helgen p\u00e5. Jag hoppas att ni alla f\u00e5r en riktigt trevlig helg!<\/p>\n<p>Med v\u00e4nlig h\u00e4lsning<br \/>\nPer Larsson<br \/>\nRegionr\u00e5d &#8211; Ordf\u00f6rande i Regionutvecklingsn\u00e4mnden<br \/>\nGruppledare f\u00f6r Kristdemokraterna i Region \u00d6sterg\u00f6tland<br \/>\ntfn 010-103 72 84 (arb)<br \/>\ntfn 0702-88 21 34 (mobil)<br \/>\nper.larsson@regionostergotland.se<\/p>\n<p>&nbsp;<\/p>\n","protected":false},"excerpt":{"rendered":"<p>Hej! Idag \u00e4r det Alla hj\u00e4rtans dag och m\u00e5nga passar p\u00e5 att uppm\u00e4rksamma n\u00e4ra och k\u00e4ra! \u00c4ven Kristdemokraterna uppm\u00e4rksammar dagen, vilket jag \u00e5terkommer till i veckans nyhetsbrev, tillsammans med en liten tillbakablick p\u00e5 n\u00e5gra av veckans h\u00e4ndelser i regionpolitiken. Trevlig l\u00e4sning!<\/p>\n","protected":false},"author":737,"featured_media":0,"comment_status":"closed","ping_status":"closed","sticky":false,"template":"","format":"standard","meta":{"_acf_changed":false,"footnotes":""},"categories":[1],"tags":[],"class_list":["post-2372","post","type-post","status-publish","format-standard","hentry","category-nyheter"],"acf":[],"yoast_head":"<!-- This site is optimized with the Yoast SEO plugin v27.5 - https:\/\/yoast.com\/product\/yoast-seo-wordpress\/ -->\n<title>Nyhetsbrev vecka 7 - i Region \u00d6sterg\u00f6tland<\/title>\n<meta name=\"robots\" content=\"index, follow, max-snippet:-1, max-image-preview:large, max-video-preview:-1\" \/>\n<link rel=\"canonical\" href=\"https:\/\/wp.kristdemokraterna.se\/regionostergotland\/nyhetsbrev-vecka-7-7\/\" \/>\n<meta property=\"og:locale\" content=\"sv_SE\" \/>\n<meta property=\"og:type\" content=\"article\" \/>\n<meta property=\"og:title\" content=\"Nyhetsbrev vecka 7 - i Region \u00d6sterg\u00f6tland\" \/>\n<meta property=\"og:description\" content=\"Hej! Idag \u00e4r det Alla hj\u00e4rtans dag och m\u00e5nga passar p\u00e5 att uppm\u00e4rksamma n\u00e4ra och k\u00e4ra! \u00c4ven Kristdemokraterna uppm\u00e4rksammar dagen, vilket jag \u00e5terkommer till i veckans nyhetsbrev, tillsammans med en liten tillbakablick p\u00e5 n\u00e5gra av veckans h\u00e4ndelser i regionpolitiken. Trevlig l\u00e4sning!\" \/>\n<meta property=\"og:url\" content=\"https:\/\/wp.kristdemokraterna.se\/regionostergotland\/nyhetsbrev-vecka-7-7\/\" \/>\n<meta property=\"og:site_name\" content=\"i Region \u00d6sterg\u00f6tland\" \/>\n<meta property=\"article:published_time\" content=\"2025-02-14T17:02:17+00:00\" \/>\n<meta property=\"og:image\" content=\"http:\/\/wp.kristdemokraterna.se\/regionostergotland\/files\/2025\/02\/bild-nyhetsbrev-2025-vecka-7-1024x533.jpg\" \/>\n\t<meta property=\"og:image:width\" content=\"1024\" \/>\n\t<meta property=\"og:image:height\" content=\"533\" \/>\n\t<meta property=\"og:image:type\" content=\"image\/jpeg\" \/>\n<meta name=\"author\" content=\"regionostergotland\" \/>\n<meta name=\"twitter:card\" content=\"summary_large_image\" \/>\n<meta name=\"twitter:label1\" content=\"Skriven av\" \/>\n\t<meta name=\"twitter:data1\" content=\"regionostergotland\" \/>\n\t<meta name=\"twitter:label2\" content=\"Ber\u00e4knad l\u00e4stid\" \/>\n\t<meta name=\"twitter:data2\" content=\"4 minuter\" \/>\n<script type=\"application\/ld+json\" class=\"yoast-schema-graph\">{\"@context\":\"https:\\\/\\\/schema.org\",\"@graph\":[{\"@type\":\"Article\",\"@id\":\"https:\\\/\\\/wp.kristdemokraterna.se\\\/regionostergotland\\\/nyhetsbrev-vecka-7-7\\\/#article\",\"isPartOf\":{\"@id\":\"https:\\\/\\\/wp.kristdemokraterna.se\\\/regionostergotland\\\/nyhetsbrev-vecka-7-7\\\/\"},\"author\":{\"name\":\"regionostergotland\",\"@id\":\"https:\\\/\\\/wp.kristdemokraterna.se\\\/regionostergotland\\\/#\\\/schema\\\/person\\\/74c3c4f502fcc489722a7be0dfe0088c\"},\"headline\":\"Nyhetsbrev vecka 7\",\"datePublished\":\"2025-02-14T17:02:17+00:00\",\"mainEntityOfPage\":{\"@id\":\"https:\\\/\\\/wp.kristdemokraterna.se\\\/regionostergotland\\\/nyhetsbrev-vecka-7-7\\\/\"},\"wordCount\":1002,\"articleSection\":[\"Nyheter\"],\"inLanguage\":\"sv-SE\"},{\"@type\":\"WebPage\",\"@id\":\"https:\\\/\\\/wp.kristdemokraterna.se\\\/regionostergotland\\\/nyhetsbrev-vecka-7-7\\\/\",\"url\":\"https:\\\/\\\/wp.kristdemokraterna.se\\\/regionostergotland\\\/nyhetsbrev-vecka-7-7\\\/\",\"name\":\"Nyhetsbrev vecka 7 - i Region \u00d6sterg\u00f6tland\",\"isPartOf\":{\"@id\":\"https:\\\/\\\/wp.kristdemokraterna.se\\\/regionostergotland\\\/#website\"},\"datePublished\":\"2025-02-14T17:02:17+00:00\",\"author\":{\"@id\":\"https:\\\/\\\/wp.kristdemokraterna.se\\\/regionostergotland\\\/#\\\/schema\\\/person\\\/74c3c4f502fcc489722a7be0dfe0088c\"},\"breadcrumb\":{\"@id\":\"https:\\\/\\\/wp.kristdemokraterna.se\\\/regionostergotland\\\/nyhetsbrev-vecka-7-7\\\/#breadcrumb\"},\"inLanguage\":\"sv-SE\",\"potentialAction\":[{\"@type\":\"ReadAction\",\"target\":[\"https:\\\/\\\/wp.kristdemokraterna.se\\\/regionostergotland\\\/nyhetsbrev-vecka-7-7\\\/\"]}]},{\"@type\":\"BreadcrumbList\",\"@id\":\"https:\\\/\\\/wp.kristdemokraterna.se\\\/regionostergotland\\\/nyhetsbrev-vecka-7-7\\\/#breadcrumb\",\"itemListElement\":[{\"@type\":\"ListItem\",\"position\":1,\"name\":\"Hem\",\"item\":\"https:\\\/\\\/wp.kristdemokraterna.se\\\/regionostergotland\\\/\"},{\"@type\":\"ListItem\",\"position\":2,\"name\":\"Nyhetsbrev vecka 7\"}]},{\"@type\":\"WebSite\",\"@id\":\"https:\\\/\\\/wp.kristdemokraterna.se\\\/regionostergotland\\\/#website\",\"url\":\"https:\\\/\\\/wp.kristdemokraterna.se\\\/regionostergotland\\\/\",\"name\":\"i Region \u00d6sterg\u00f6tland\",\"description\":\"\",\"inLanguage\":\"sv-SE\"},{\"@type\":\"Person\",\"@id\":\"https:\\\/\\\/wp.kristdemokraterna.se\\\/regionostergotland\\\/#\\\/schema\\\/person\\\/74c3c4f502fcc489722a7be0dfe0088c\",\"name\":\"regionostergotland\",\"image\":{\"@type\":\"ImageObject\",\"inLanguage\":\"sv-SE\",\"@id\":\"https:\\\/\\\/secure.gravatar.com\\\/avatar\\\/8fb8f0a216e627554da57506bfaf78d677f45512f24f703e185ec701423b1e92?s=96&d=mm&r=g\",\"url\":\"https:\\\/\\\/secure.gravatar.com\\\/avatar\\\/8fb8f0a216e627554da57506bfaf78d677f45512f24f703e185ec701423b1e92?s=96&d=mm&r=g\",\"contentUrl\":\"https:\\\/\\\/secure.gravatar.com\\\/avatar\\\/8fb8f0a216e627554da57506bfaf78d677f45512f24f703e185ec701423b1e92?s=96&d=mm&r=g\",\"caption\":\"regionostergotland\"},\"url\":\"https:\\\/\\\/wp.kristdemokraterna.se\\\/regionostergotland\\\/author\\\/regionostergotland\\\/\"}]}<\/script>\n<!-- \/ Yoast SEO plugin. -->","yoast_head_json":{"title":"Nyhetsbrev vecka 7 - i Region \u00d6sterg\u00f6tland","robots":{"index":"index","follow":"follow","max-snippet":"max-snippet:-1","max-image-preview":"max-image-preview:large","max-video-preview":"max-video-preview:-1"},"canonical":"https:\/\/wp.kristdemokraterna.se\/regionostergotland\/nyhetsbrev-vecka-7-7\/","og_locale":"sv_SE","og_type":"article","og_title":"Nyhetsbrev vecka 7 - i Region \u00d6sterg\u00f6tland","og_description":"Hej! Idag \u00e4r det Alla hj\u00e4rtans dag och m\u00e5nga passar p\u00e5 att uppm\u00e4rksamma n\u00e4ra och k\u00e4ra! \u00c4ven Kristdemokraterna uppm\u00e4rksammar dagen, vilket jag \u00e5terkommer till i veckans nyhetsbrev, tillsammans med en liten tillbakablick p\u00e5 n\u00e5gra av veckans h\u00e4ndelser i regionpolitiken. Trevlig l\u00e4sning!","og_url":"https:\/\/wp.kristdemokraterna.se\/regionostergotland\/nyhetsbrev-vecka-7-7\/","og_site_name":"i Region \u00d6sterg\u00f6tland","article_published_time":"2025-02-14T17:02:17+00:00","og_image":[{"width":1024,"height":533,"url":"http:\/\/wp.kristdemokraterna.se\/regionostergotland\/files\/2025\/02\/bild-nyhetsbrev-2025-vecka-7-1024x533.jpg","type":"image\/jpeg"}],"author":"regionostergotland","twitter_card":"summary_large_image","twitter_misc":{"Skriven av":"regionostergotland","Ber\u00e4knad l\u00e4stid":"4 minuter"},"schema":{"@context":"https:\/\/schema.org","@graph":[{"@type":"Article","@id":"https:\/\/wp.kristdemokraterna.se\/regionostergotland\/nyhetsbrev-vecka-7-7\/#article","isPartOf":{"@id":"https:\/\/wp.kristdemokraterna.se\/regionostergotland\/nyhetsbrev-vecka-7-7\/"},"author":{"name":"regionostergotland","@id":"https:\/\/wp.kristdemokraterna.se\/regionostergotland\/#\/schema\/person\/74c3c4f502fcc489722a7be0dfe0088c"},"headline":"Nyhetsbrev vecka 7","datePublished":"2025-02-14T17:02:17+00:00","mainEntityOfPage":{"@id":"https:\/\/wp.kristdemokraterna.se\/regionostergotland\/nyhetsbrev-vecka-7-7\/"},"wordCount":1002,"articleSection":["Nyheter"],"inLanguage":"sv-SE"},{"@type":"WebPage","@id":"https:\/\/wp.kristdemokraterna.se\/regionostergotland\/nyhetsbrev-vecka-7-7\/","url":"https:\/\/wp.kristdemokraterna.se\/regionostergotland\/nyhetsbrev-vecka-7-7\/","name":"Nyhetsbrev vecka 7 - i Region \u00d6sterg\u00f6tland","isPartOf":{"@id":"https:\/\/wp.kristdemokraterna.se\/regionostergotland\/#website"},"datePublished":"2025-02-14T17:02:17+00:00","author":{"@id":"https:\/\/wp.kristdemokraterna.se\/regionostergotland\/#\/schema\/person\/74c3c4f502fcc489722a7be0dfe0088c"},"breadcrumb":{"@id":"https:\/\/wp.kristdemokraterna.se\/regionostergotland\/nyhetsbrev-vecka-7-7\/#breadcrumb"},"inLanguage":"sv-SE","potentialAction":[{"@type":"ReadAction","target":["https:\/\/wp.kristdemokraterna.se\/regionostergotland\/nyhetsbrev-vecka-7-7\/"]}]},{"@type":"BreadcrumbList","@id":"https:\/\/wp.kristdemokraterna.se\/regionostergotland\/nyhetsbrev-vecka-7-7\/#breadcrumb","itemListElement":[{"@type":"ListItem","position":1,"name":"Hem","item":"https:\/\/wp.kristdemokraterna.se\/regionostergotland\/"},{"@type":"ListItem","position":2,"name":"Nyhetsbrev vecka 7"}]},{"@type":"WebSite","@id":"https:\/\/wp.kristdemokraterna.se\/regionostergotland\/#website","url":"https:\/\/wp.kristdemokraterna.se\/regionostergotland\/","name":"i Region \u00d6sterg\u00f6tland","description":"","inLanguage":"sv-SE"},{"@type":"Person","@id":"https:\/\/wp.kristdemokraterna.se\/regionostergotland\/#\/schema\/person\/74c3c4f502fcc489722a7be0dfe0088c","name":"regionostergotland","image":{"@type":"ImageObject","inLanguage":"sv-SE","@id":"https:\/\/secure.gravatar.com\/avatar\/8fb8f0a216e627554da57506bfaf78d677f45512f24f703e185ec701423b1e92?s=96&d=mm&r=g","url":"https:\/\/secure.gravatar.com\/avatar\/8fb8f0a216e627554da57506bfaf78d677f45512f24f703e185ec701423b1e92?s=96&d=mm&r=g","contentUrl":"https:\/\/secure.gravatar.com\/avatar\/8fb8f0a216e627554da57506bfaf78d677f45512f24f703e185ec701423b1e92?s=96&d=mm&r=g","caption":"regionostergotland"},"url":"https:\/\/wp.kristdemokraterna.se\/regionostergotland\/author\/regionostergotland\/"}]}},"_links":{"self":[{"href":"https:\/\/wp.kristdemokraterna.se\/regionostergotland\/wp-json\/wp\/v2\/posts\/2372","targetHints":{"allow":["GET"]}}],"collection":[{"href":"https:\/\/wp.kristdemokraterna.se\/regionostergotland\/wp-json\/wp\/v2\/posts"}],"about":[{"href":"https:\/\/wp.kristdemokraterna.se\/regionostergotland\/wp-json\/wp\/v2\/types\/post"}],"author":[{"embeddable":true,"href":"https:\/\/wp.kristdemokraterna.se\/regionostergotland\/wp-json\/wp\/v2\/users\/737"}],"replies":[{"embeddable":true,"href":"https:\/\/wp.kristdemokraterna.se\/regionostergotland\/wp-json\/wp\/v2\/comments?post=2372"}],"version-history":[{"count":1,"href":"https:\/\/wp.kristdemokraterna.se\/regionostergotland\/wp-json\/wp\/v2\/posts\/2372\/revisions"}],"predecessor-version":[{"id":2374,"href":"https:\/\/wp.kristdemokraterna.se\/regionostergotland\/wp-json\/wp\/v2\/posts\/2372\/revisions\/2374"}],"wp:attachment":[{"href":"https:\/\/wp.kristdemokraterna.se\/regionostergotland\/wp-json\/wp\/v2\/media?parent=2372"}],"wp:term":[{"taxonomy":"category","embeddable":true,"href":"https:\/\/wp.kristdemokraterna.se\/regionostergotland\/wp-json\/wp\/v2\/categories?post=2372"},{"taxonomy":"post_tag","embeddable":true,"href":"https:\/\/wp.kristdemokraterna.se\/regionostergotland\/wp-json\/wp\/v2\/tags?post=2372"}],"curies":[{"name":"wp","href":"https:\/\/api.w.org\/{rel}","templated":true}]}}