{"id":2375,"date":"2025-02-21T14:58:25","date_gmt":"2025-02-21T13:58:25","guid":{"rendered":"https:\/\/wp.kristdemokraterna.se\/regionostergotland\/?p=2375"},"modified":"2025-02-21T14:58:25","modified_gmt":"2025-02-21T13:58:25","slug":"nyhetsbrev-vecka-8-9","status":"publish","type":"post","link":"https:\/\/wp.kristdemokraterna.se\/regionostergotland\/nyhetsbrev-vecka-8-9\/","title":{"rendered":"Nyhetsbrev vecka 8"},"content":{"rendered":"<p>Hej!<\/p>\n<p>Den h\u00e4r veckan har det varit sportlov i \u00d6sterg\u00f6tland, och det har m\u00e4rkts p\u00e5 en mindre m\u00e4ngd m\u00f6ten och aktiviteter, och att en del har haft semester f\u00f6r till exempel skid\u00e5kning. Men f\u00f6r en del av oss har det varit n\u00e5gorlunda som vanligt, med att antal m\u00f6ten och aktiviteter. Exempelvis har veckan avslutat med Politikerforum i Stockholm, och veckans nyhetsbrev skriver jag p\u00e5 plats i huvudstaden. S\u00e5 h\u00e4r kommer som vanligt en liten resum\u00e9 av veckan som g\u00e5tt. Trevlig l\u00e4sning!<!--more--><\/p>\n<p><strong>Minnesstund f\u00f6r offren i \u00d6rebro &#8211; p\u00e5 Tr\u00e4dg\u00e5rdstorget i Link\u00f6ping<\/strong><br \/>\nI l\u00f6rdags bj\u00f6d f\u00f6reningen NU Link\u00f6ping in de politiska partierna i staden till en minnesstund f\u00f6r offren i masskjutningen i \u00d6rebro 4 februari, p\u00e5 Tr\u00e4dg\u00e5rdstorget i Link\u00f6ping. Jag fick fr\u00e5gan att delta f\u00f6r Kristdemokraternas r\u00e4kning, och fick m\u00f6jlighet att s\u00e4ga n\u00e5gra ord. Det \u00e4r betydelsefullt att p\u00e5 olika s\u00e4tt hedra offren, dela sorg och oro, men framf\u00f6rallt st\u00e5 tillsammans fram\u00e5t f\u00f6r att f\u00f6rhindra att n\u00e5got liknande h\u00e4nder igen!<\/p>\n<p><strong>M\u00e5ndagsm\u00f6te med fokus p\u00e5 ny cancerstrategi och aktuell ekonomi<\/strong><br \/>\nVid veckans m\u00e5ndagsm\u00f6te med \u00d6stg\u00f6tasamverkan f\u00f6redrog medicinske direkt\u00f6ren Karl Landergren arbetet med remissvar fr\u00e5n Region \u00d6sterg\u00f6tland p\u00e5 den uppdaterade nationella cancerstrategin som regeringen tagit fram. Den f\u00f6rsta strategin togs fram n\u00e4r G\u00f6ran H\u00e4gglund (KD) var socialminister och nu \u00e4r det sjukv\u00e5rdsminister Acko Ankarberg Johansson (KD) som \u00e4r ansvarig minister f\u00f6r uppdateringen av strategin. Region \u00d6sterg\u00f6tlands svar samordnas med Syd\u00f6stra sjukv\u00e5rdsregionen och \u00e4ven bredare med fler regioner. M\u00e5ndagsm\u00f6tet fick ocks\u00e5 en aktuell ekonomisk l\u00e4gesbild fr\u00e5n ekonomidirekt\u00f6r Josefin Bj\u00e4resten, bl.a. utifr\u00e5n en del ekonomiska f\u00f6rst\u00e4rkningar som ska g\u00f6ras inom h\u00e4lso- och sjukv\u00e5rden.<\/p>\n<p><strong>Digitalt m\u00f6te med kristdemokratiska regionr\u00e5d och gruppledare<\/strong><br \/>\nP\u00e5 torsdagsmorgonen samlades kristdemokratiska regionr\u00e5d och regiongruppledare till ett digitalt m\u00f6te f\u00f6r att st\u00e4mma av aktuella gemensamma fr\u00e5gor. Konstellationen ses regelbundet f\u00f6r m\u00f6ten med sjukv\u00e5rdsminister Acko Ankarberg Johansson, men denna g\u00e5ng var det ett m\u00f6te med enbart oss p\u00e5 regional niv\u00e5. Bra och praktiskt att kunna ha kontakt p\u00e5 detta s\u00e4tt mellan kollegorna!<\/p>\n<p><strong>M\u00f6te mellan revisionen och regionutvecklingsn\u00e4mnden<\/strong><br \/>\nTorsdagen fortsatte med att vi fr\u00e5n regionutvecklingsn\u00e4mnden hade \u00e5rets f\u00f6rsta m\u00f6te med regionens revisorer, f\u00f6r avst\u00e4mning av bokslut, m\u00e5luppfyllelse och en del andra fr\u00e5gor fr\u00e5n revisionen. Som vanligt god st\u00e4mning, bra dialog och v\u00e4rdefullt att stanna upp kring en bredd av fr\u00e5gor kopplat till regionutvecklingsn\u00e4mndens ansvarsomr\u00e5den.<\/p>\n<p><strong>Politikerforum &#8211; dialog med regeringen om regionala utvecklingsfr\u00e5gor<\/strong><br \/>\nIdag fredag h\u00f6lls \u00e5rets f\u00f6rsta dialog mellan regionerna och regeringen om regionala utvecklingsfr\u00e5gor &#8211; Politikerforum. Nytt f\u00f6r denna dialog var att forumet numera leds av statssekreterare Daniel Liljeberg, som har eftertr\u00e4tt Dan Ericsson som landsbygdsministerns statssekreterare. F\u00f6rsta punkt p\u00e5 dagordningen var bes\u00f6k av infrastruktur- och bostadsminister Andreas Carlson, som f\u00f6redrog aktuella fr\u00e5gor inom infrastruktur- och transport. Mycket positivt \u00e4r p\u00e5 g\u00e5ng och flera ber\u00f6mmande ord framf\u00f6rdes fr\u00e5n olika delar av landet och olika partipolitiska f\u00f6retr\u00e4dare! Forumet hade ocks\u00e5 ett pass om regeringens forsknings- och innovationsproposition, med medverkan b\u00e5de av statssekreterare p\u00e5 utbildningsdepartementet, generaldirekt\u00f6ren f\u00f6r Vinnova och verkst\u00e4lllande direkt\u00f6ren f\u00f6r Swedish Incubators and Science Parks. \u00c4ven fr\u00e5gor om varsel och omst\u00e4llning, EU:s sammanh\u00e5llningspolitik och den p\u00e5g\u00e5ende skogspolitiska utredningen stod p\u00e5 dagordningen. Som vanligt v\u00e4rdefullt med denna m\u00f6jlighet till dialog direkt med regeringen!<\/p>\n<p>N\u00e4r nu arbetsveckan g\u00e5r mot sitt slut, v\u00e4ntar f\u00f6r min del en helg i huvudstaden, d\u00e4r jag stannar kvar efter dagens Politikerforum. Jag hoppas att ni alla f\u00e5r en trevlig helg!<\/p>\n<p>Med v\u00e4nlig h\u00e4lsning<br \/>\nPer Larsson<br \/>\nRegionr\u00e5d &#8211; Ordf\u00f6rande i Regionutvecklingsn\u00e4mnden<br \/>\nGruppledare f\u00f6r Kristdemokraterna i Region \u00d6sterg\u00f6tland<br \/>\ntfn 010-103 72 84 (arb)<br \/>\ntfn 0702-88 21 34 (mobil)<br \/>\nper.larsson@regionostergotland.se<\/p>\n<p>&nbsp;<\/p>\n","protected":false},"excerpt":{"rendered":"<p>Hej! Den h\u00e4r veckan har det varit sportlov i \u00d6sterg\u00f6tland, och det har m\u00e4rkts p\u00e5 en mindre m\u00e4ngd m\u00f6ten och aktiviteter, och att en del har haft semester f\u00f6r till exempel skid\u00e5kning. Men f\u00f6r en del av oss har det varit n\u00e5gorlunda som vanligt, med att antal m\u00f6ten och aktiviteter. Exempelvis har veckan avslutat med <a class=\"read-more-link\" href=\"https:\/\/wp.kristdemokraterna.se\/regionostergotland\/nyhetsbrev-vecka-8-9\/\">Read More<\/a><\/p>\n","protected":false},"author":737,"featured_media":0,"comment_status":"closed","ping_status":"closed","sticky":false,"template":"","format":"standard","meta":{"_acf_changed":false,"footnotes":""},"categories":[1],"tags":[],"class_list":["post-2375","post","type-post","status-publish","format-standard","hentry","category-nyheter"],"acf":[],"yoast_head":"<!-- This site is optimized with the Yoast SEO plugin v27.5 - https:\/\/yoast.com\/product\/yoast-seo-wordpress\/ -->\n<title>Nyhetsbrev vecka 8 - i Region \u00d6sterg\u00f6tland<\/title>\n<meta name=\"robots\" content=\"index, follow, max-snippet:-1, max-image-preview:large, max-video-preview:-1\" \/>\n<link rel=\"canonical\" href=\"https:\/\/wp.kristdemokraterna.se\/regionostergotland\/nyhetsbrev-vecka-8-9\/\" \/>\n<meta property=\"og:locale\" content=\"sv_SE\" \/>\n<meta property=\"og:type\" content=\"article\" \/>\n<meta property=\"og:title\" content=\"Nyhetsbrev vecka 8 - i Region \u00d6sterg\u00f6tland\" \/>\n<meta property=\"og:description\" content=\"Hej! Den h\u00e4r veckan har det varit sportlov i \u00d6sterg\u00f6tland, och det har m\u00e4rkts p\u00e5 en mindre m\u00e4ngd m\u00f6ten och aktiviteter, och att en del har haft semester f\u00f6r till exempel skid\u00e5kning. Men f\u00f6r en del av oss har det varit n\u00e5gorlunda som vanligt, med att antal m\u00f6ten och aktiviteter. Exempelvis har veckan avslutat med Read More\" \/>\n<meta property=\"og:url\" content=\"https:\/\/wp.kristdemokraterna.se\/regionostergotland\/nyhetsbrev-vecka-8-9\/\" \/>\n<meta property=\"og:site_name\" content=\"i Region \u00d6sterg\u00f6tland\" \/>\n<meta property=\"article:published_time\" content=\"2025-02-21T13:58:25+00:00\" \/>\n<meta property=\"og:image\" content=\"http:\/\/wp.kristdemokraterna.se\/regionostergotland\/files\/2025\/02\/bild-nyhetsbrev-2025-vecka-8-1024x533.jpg\" \/>\n\t<meta property=\"og:image:width\" content=\"1024\" \/>\n\t<meta property=\"og:image:height\" content=\"533\" \/>\n\t<meta property=\"og:image:type\" content=\"image\/jpeg\" \/>\n<meta name=\"author\" content=\"regionostergotland\" \/>\n<meta name=\"twitter:card\" content=\"summary_large_image\" \/>\n<meta name=\"twitter:label1\" content=\"Skriven av\" \/>\n\t<meta name=\"twitter:data1\" content=\"regionostergotland\" \/>\n\t<meta name=\"twitter:label2\" content=\"Ber\u00e4knad l\u00e4stid\" \/>\n\t<meta name=\"twitter:data2\" content=\"3 minuter\" \/>\n<script type=\"application\/ld+json\" class=\"yoast-schema-graph\">{\"@context\":\"https:\\\/\\\/schema.org\",\"@graph\":[{\"@type\":\"Article\",\"@id\":\"https:\\\/\\\/wp.kristdemokraterna.se\\\/regionostergotland\\\/nyhetsbrev-vecka-8-9\\\/#article\",\"isPartOf\":{\"@id\":\"https:\\\/\\\/wp.kristdemokraterna.se\\\/regionostergotland\\\/nyhetsbrev-vecka-8-9\\\/\"},\"author\":{\"name\":\"regionostergotland\",\"@id\":\"https:\\\/\\\/wp.kristdemokraterna.se\\\/regionostergotland\\\/#\\\/schema\\\/person\\\/74c3c4f502fcc489722a7be0dfe0088c\"},\"headline\":\"Nyhetsbrev vecka 8\",\"datePublished\":\"2025-02-21T13:58:25+00:00\",\"mainEntityOfPage\":{\"@id\":\"https:\\\/\\\/wp.kristdemokraterna.se\\\/regionostergotland\\\/nyhetsbrev-vecka-8-9\\\/\"},\"wordCount\":708,\"articleSection\":[\"Nyheter\"],\"inLanguage\":\"sv-SE\"},{\"@type\":\"WebPage\",\"@id\":\"https:\\\/\\\/wp.kristdemokraterna.se\\\/regionostergotland\\\/nyhetsbrev-vecka-8-9\\\/\",\"url\":\"https:\\\/\\\/wp.kristdemokraterna.se\\\/regionostergotland\\\/nyhetsbrev-vecka-8-9\\\/\",\"name\":\"Nyhetsbrev vecka 8 - i Region \u00d6sterg\u00f6tland\",\"isPartOf\":{\"@id\":\"https:\\\/\\\/wp.kristdemokraterna.se\\\/regionostergotland\\\/#website\"},\"datePublished\":\"2025-02-21T13:58:25+00:00\",\"author\":{\"@id\":\"https:\\\/\\\/wp.kristdemokraterna.se\\\/regionostergotland\\\/#\\\/schema\\\/person\\\/74c3c4f502fcc489722a7be0dfe0088c\"},\"breadcrumb\":{\"@id\":\"https:\\\/\\\/wp.kristdemokraterna.se\\\/regionostergotland\\\/nyhetsbrev-vecka-8-9\\\/#breadcrumb\"},\"inLanguage\":\"sv-SE\",\"potentialAction\":[{\"@type\":\"ReadAction\",\"target\":[\"https:\\\/\\\/wp.kristdemokraterna.se\\\/regionostergotland\\\/nyhetsbrev-vecka-8-9\\\/\"]}]},{\"@type\":\"BreadcrumbList\",\"@id\":\"https:\\\/\\\/wp.kristdemokraterna.se\\\/regionostergotland\\\/nyhetsbrev-vecka-8-9\\\/#breadcrumb\",\"itemListElement\":[{\"@type\":\"ListItem\",\"position\":1,\"name\":\"Hem\",\"item\":\"https:\\\/\\\/wp.kristdemokraterna.se\\\/regionostergotland\\\/\"},{\"@type\":\"ListItem\",\"position\":2,\"name\":\"Nyhetsbrev vecka 8\"}]},{\"@type\":\"WebSite\",\"@id\":\"https:\\\/\\\/wp.kristdemokraterna.se\\\/regionostergotland\\\/#website\",\"url\":\"https:\\\/\\\/wp.kristdemokraterna.se\\\/regionostergotland\\\/\",\"name\":\"i Region \u00d6sterg\u00f6tland\",\"description\":\"\",\"inLanguage\":\"sv-SE\"},{\"@type\":\"Person\",\"@id\":\"https:\\\/\\\/wp.kristdemokraterna.se\\\/regionostergotland\\\/#\\\/schema\\\/person\\\/74c3c4f502fcc489722a7be0dfe0088c\",\"name\":\"regionostergotland\",\"image\":{\"@type\":\"ImageObject\",\"inLanguage\":\"sv-SE\",\"@id\":\"https:\\\/\\\/secure.gravatar.com\\\/avatar\\\/8fb8f0a216e627554da57506bfaf78d677f45512f24f703e185ec701423b1e92?s=96&d=mm&r=g\",\"url\":\"https:\\\/\\\/secure.gravatar.com\\\/avatar\\\/8fb8f0a216e627554da57506bfaf78d677f45512f24f703e185ec701423b1e92?s=96&d=mm&r=g\",\"contentUrl\":\"https:\\\/\\\/secure.gravatar.com\\\/avatar\\\/8fb8f0a216e627554da57506bfaf78d677f45512f24f703e185ec701423b1e92?s=96&d=mm&r=g\",\"caption\":\"regionostergotland\"},\"url\":\"https:\\\/\\\/wp.kristdemokraterna.se\\\/regionostergotland\\\/author\\\/regionostergotland\\\/\"}]}<\/script>\n<!-- \/ Yoast SEO plugin. -->","yoast_head_json":{"title":"Nyhetsbrev vecka 8 - i Region \u00d6sterg\u00f6tland","robots":{"index":"index","follow":"follow","max-snippet":"max-snippet:-1","max-image-preview":"max-image-preview:large","max-video-preview":"max-video-preview:-1"},"canonical":"https:\/\/wp.kristdemokraterna.se\/regionostergotland\/nyhetsbrev-vecka-8-9\/","og_locale":"sv_SE","og_type":"article","og_title":"Nyhetsbrev vecka 8 - i Region \u00d6sterg\u00f6tland","og_description":"Hej! Den h\u00e4r veckan har det varit sportlov i \u00d6sterg\u00f6tland, och det har m\u00e4rkts p\u00e5 en mindre m\u00e4ngd m\u00f6ten och aktiviteter, och att en del har haft semester f\u00f6r till exempel skid\u00e5kning. Men f\u00f6r en del av oss har det varit n\u00e5gorlunda som vanligt, med att antal m\u00f6ten och aktiviteter. Exempelvis har veckan avslutat med Read More","og_url":"https:\/\/wp.kristdemokraterna.se\/regionostergotland\/nyhetsbrev-vecka-8-9\/","og_site_name":"i Region \u00d6sterg\u00f6tland","article_published_time":"2025-02-21T13:58:25+00:00","og_image":[{"width":1024,"height":533,"url":"http:\/\/wp.kristdemokraterna.se\/regionostergotland\/files\/2025\/02\/bild-nyhetsbrev-2025-vecka-8-1024x533.jpg","type":"image\/jpeg"}],"author":"regionostergotland","twitter_card":"summary_large_image","twitter_misc":{"Skriven av":"regionostergotland","Ber\u00e4knad l\u00e4stid":"3 minuter"},"schema":{"@context":"https:\/\/schema.org","@graph":[{"@type":"Article","@id":"https:\/\/wp.kristdemokraterna.se\/regionostergotland\/nyhetsbrev-vecka-8-9\/#article","isPartOf":{"@id":"https:\/\/wp.kristdemokraterna.se\/regionostergotland\/nyhetsbrev-vecka-8-9\/"},"author":{"name":"regionostergotland","@id":"https:\/\/wp.kristdemokraterna.se\/regionostergotland\/#\/schema\/person\/74c3c4f502fcc489722a7be0dfe0088c"},"headline":"Nyhetsbrev vecka 8","datePublished":"2025-02-21T13:58:25+00:00","mainEntityOfPage":{"@id":"https:\/\/wp.kristdemokraterna.se\/regionostergotland\/nyhetsbrev-vecka-8-9\/"},"wordCount":708,"articleSection":["Nyheter"],"inLanguage":"sv-SE"},{"@type":"WebPage","@id":"https:\/\/wp.kristdemokraterna.se\/regionostergotland\/nyhetsbrev-vecka-8-9\/","url":"https:\/\/wp.kristdemokraterna.se\/regionostergotland\/nyhetsbrev-vecka-8-9\/","name":"Nyhetsbrev vecka 8 - i Region \u00d6sterg\u00f6tland","isPartOf":{"@id":"https:\/\/wp.kristdemokraterna.se\/regionostergotland\/#website"},"datePublished":"2025-02-21T13:58:25+00:00","author":{"@id":"https:\/\/wp.kristdemokraterna.se\/regionostergotland\/#\/schema\/person\/74c3c4f502fcc489722a7be0dfe0088c"},"breadcrumb":{"@id":"https:\/\/wp.kristdemokraterna.se\/regionostergotland\/nyhetsbrev-vecka-8-9\/#breadcrumb"},"inLanguage":"sv-SE","potentialAction":[{"@type":"ReadAction","target":["https:\/\/wp.kristdemokraterna.se\/regionostergotland\/nyhetsbrev-vecka-8-9\/"]}]},{"@type":"BreadcrumbList","@id":"https:\/\/wp.kristdemokraterna.se\/regionostergotland\/nyhetsbrev-vecka-8-9\/#breadcrumb","itemListElement":[{"@type":"ListItem","position":1,"name":"Hem","item":"https:\/\/wp.kristdemokraterna.se\/regionostergotland\/"},{"@type":"ListItem","position":2,"name":"Nyhetsbrev vecka 8"}]},{"@type":"WebSite","@id":"https:\/\/wp.kristdemokraterna.se\/regionostergotland\/#website","url":"https:\/\/wp.kristdemokraterna.se\/regionostergotland\/","name":"i Region \u00d6sterg\u00f6tland","description":"","inLanguage":"sv-SE"},{"@type":"Person","@id":"https:\/\/wp.kristdemokraterna.se\/regionostergotland\/#\/schema\/person\/74c3c4f502fcc489722a7be0dfe0088c","name":"regionostergotland","image":{"@type":"ImageObject","inLanguage":"sv-SE","@id":"https:\/\/secure.gravatar.com\/avatar\/8fb8f0a216e627554da57506bfaf78d677f45512f24f703e185ec701423b1e92?s=96&d=mm&r=g","url":"https:\/\/secure.gravatar.com\/avatar\/8fb8f0a216e627554da57506bfaf78d677f45512f24f703e185ec701423b1e92?s=96&d=mm&r=g","contentUrl":"https:\/\/secure.gravatar.com\/avatar\/8fb8f0a216e627554da57506bfaf78d677f45512f24f703e185ec701423b1e92?s=96&d=mm&r=g","caption":"regionostergotland"},"url":"https:\/\/wp.kristdemokraterna.se\/regionostergotland\/author\/regionostergotland\/"}]}},"_links":{"self":[{"href":"https:\/\/wp.kristdemokraterna.se\/regionostergotland\/wp-json\/wp\/v2\/posts\/2375","targetHints":{"allow":["GET"]}}],"collection":[{"href":"https:\/\/wp.kristdemokraterna.se\/regionostergotland\/wp-json\/wp\/v2\/posts"}],"about":[{"href":"https:\/\/wp.kristdemokraterna.se\/regionostergotland\/wp-json\/wp\/v2\/types\/post"}],"author":[{"embeddable":true,"href":"https:\/\/wp.kristdemokraterna.se\/regionostergotland\/wp-json\/wp\/v2\/users\/737"}],"replies":[{"embeddable":true,"href":"https:\/\/wp.kristdemokraterna.se\/regionostergotland\/wp-json\/wp\/v2\/comments?post=2375"}],"version-history":[{"count":1,"href":"https:\/\/wp.kristdemokraterna.se\/regionostergotland\/wp-json\/wp\/v2\/posts\/2375\/revisions"}],"predecessor-version":[{"id":2377,"href":"https:\/\/wp.kristdemokraterna.se\/regionostergotland\/wp-json\/wp\/v2\/posts\/2375\/revisions\/2377"}],"wp:attachment":[{"href":"https:\/\/wp.kristdemokraterna.se\/regionostergotland\/wp-json\/wp\/v2\/media?parent=2375"}],"wp:term":[{"taxonomy":"category","embeddable":true,"href":"https:\/\/wp.kristdemokraterna.se\/regionostergotland\/wp-json\/wp\/v2\/categories?post=2375"},{"taxonomy":"post_tag","embeddable":true,"href":"https:\/\/wp.kristdemokraterna.se\/regionostergotland\/wp-json\/wp\/v2\/tags?post=2375"}],"curies":[{"name":"wp","href":"https:\/\/api.w.org\/{rel}","templated":true}]}}