{"id":975,"date":"2019-04-29T09:35:12","date_gmt":"2019-04-29T07:35:12","guid":{"rendered":"http:\/\/wp.kristdemokraterna.se\/regionostergotland\/?p=975"},"modified":"2019-11-15T10:29:06","modified_gmt":"2019-11-15T09:29:06","slug":"nyhetsbrev-vecka-16-17","status":"publish","type":"post","link":"https:\/\/wp.kristdemokraterna.se\/regionostergotland\/nyhetsbrev-vecka-16-17\/","title":{"rendered":"Nyhetsbrev vecka 16-17"},"content":{"rendered":"<p><span class=\"   \">Hej!<\/p>\n<p>Efter p\u00e5sklov f\u00f6r nyhetsbrevet \u00e4r det nu dags att f\u00f6rfatta ett dubbelnummer f\u00f6r att spegla tv\u00e5 veckors aktiviteter i regionpolitiken. Opinionssiffrorna f\u00f6r Kristdemokraterna forts\u00e4tter att stiga, m\u00e5nga nya medlemmar deltar i olika partiaktiviteter och solen har gett h\u00e4rligt v\u00e5r- och f\u00f6rsommarv\u00e4der den senaste tiden. Och en hel del har h\u00e4nt p\u00e5 regionfronten. N\u00e5got av det kommer h\u00e4r nedan i n\u00e5gra stycken. Trevlig l\u00e4sning!<\/span><\/p>\n<p><!--more--><\/p>\n<p><span class=\"   \"><strong>M\u00f6te med Riksteatern \u00d6sterg\u00f6tland<\/strong><br \/>\n<\/span><span class=\"   \">I veckan f\u00f6re p\u00e5sk, stilla veckan, var det ocks\u00e5 aningen lugnare i kalendern. Men n\u00e5gra m\u00f6ten hanns med, bl.a. ett intressant bes\u00f6k hos Riksteatern \u00d6sterg\u00f6tland, som hyr in sig i n\u00e5gra rum i det hus i Norrk\u00f6ping, d\u00e4r \u00d6stg\u00f6tateaterns ledning huserar. Riksteatern arbetar \u00f6ver hela Sverige med att f\u00f6rse teatersalonger i sm\u00e5 och stora st\u00e4der med f\u00f6rest\u00e4llningar av sm\u00e5 och stora teaterensembler. I varje region finns en regional organisation, med en styrelse, och i de flesta kommuner i \u00d6sterg\u00f6tland finns en lokal f\u00f6rening. P\u00e5 regional niv\u00e5 i \u00d6sterg\u00f6tland finns en teaterkonsulent anst\u00e4lld, Ulf Th\u00f6rn, som ocks\u00e5 har en del uppdrag fr\u00e5n Region \u00d6sterg\u00f6tland. Riksteatern har ett formellt verksamhetsuppdrag fr\u00e5n Region \u00d6sterg\u00f6tland, som uppdateras \u00e5rligen. Vid m\u00f6tet deltog regionutvecklingsn\u00e4mndens presidium, Maria Brusman, som \u00e4r strateg f\u00f6r scenkonstfr\u00e5gor p\u00e5 kulturenheten i Region \u00d6sterg\u00f6tland, samt fr\u00e5n Riksteatern \u00d6sterg\u00f6tland, teaterkonsult Ulf Th\u00f6rn samt Lena Lundman, ordf\u00f6rande och Jan-Olof Dahlstr\u00f6m, vice ordf\u00f6rande.<\/p>\n<p><\/span><span class=\"fcsB   \"><b>\u00c5rst\u00e4mma<\/b> <b>och<\/b> <b>styrelsem\u00f6te<\/b> <b>f\u00f6r<\/b> <b>Almi<\/b> <b>\u00d6sterg\u00f6tland<\/b><br \/>\n<\/span><span class=\"   \">P\u00e5 onsdagen innan p\u00e5sk, h\u00f6lls \u00e5rsst\u00e4mma och f\u00f6rsta styrelsem\u00f6te f\u00f6r den nya mandatperioden, f\u00f6r Almi \u00d6sterg\u00f6tland. Som jag har ber\u00e4ttat i tidigare nyhetbrev, \u00e4r Almi \u00d6sterg\u00f6tland, regionens viktigaste verktyg i tillv\u00e4xtfr\u00e5gor, och arbetar framf\u00f6rallt med r\u00e5dgivning och utl\u00e5ning av pengar till nya och befintliga sm\u00e5 och medelstora f\u00f6retag i \u00d6sterg\u00f6tland. Almi har ocks\u00e5 drivit flera projekt, bl.a. kring s\u00e4rskilda tillv\u00e4xtf\u00f6retag, f\u00f6retagande bland kvinnor och bland personer med utl\u00e4ndsk bakgrund. F\u00f6retag som f\u00e5tt st\u00f6d av Almi g\u00e5r ofta mycket bra efter sina kontakter med Almi. Almi \u00d6sterg\u00f6tland \u00e4gs till 51 procent av moderbolaget Almi p\u00e5 nationell niv\u00e5, som helt och h\u00e5llet \u00e4gs av staten via N\u00e4ringsdepartementet, och till 49 procent av Region \u00d6sterg\u00f6tland. Det inneb\u00e4r att h\u00e4lften av styrelseledam\u00f6terna i Almi \u00d6sterg\u00f6tland utses av Region \u00d6sterg\u00f6tland. I samband med st\u00e4mman fick Elisabeth Edlund (S) och jag fortsatt f\u00f6rtroende f\u00f6r en ny mandatperiod, och Annette Ohlsson (M) och Magnus Liwing (L) valdes in som nya ledam\u00f6ter.<\/p>\n<p><\/span><span class=\"fcsB   \"><b>Presidiem\u00f6te<\/b> <b>med<\/b> <b>Regionutvecklingsn\u00e4mndens<\/b> <b>presidium<\/b><br \/>\n<\/span><span class=\"   \">I tisdags var det en f\u00f6rmiddag med presidiem\u00f6ten f\u00f6r Regionutvecklingsn\u00e4mnden (RUN) och Trafik- och samh\u00e4llsplaneringsn\u00e4mnden (TSN). F\u00f6rst hade TSN eget presidiem\u00f6te, sedan hade RUN och TSN gemensamt presidiem\u00f6te och slutligen avh\u00f6ll RUN eget presidiem\u00f6te. P\u00e5 dagordningen f\u00f6r det gemensamma presidiem\u00f6tet stod bl.a. juryarbete f\u00f6r utseende av \u00e5rets landsbygdsstipendiat. Stipendiet delas ut i samband med \u00d6stg\u00f6tadagarna f\u00f6rsta helgen i september, men redan nu, i god tid innan sommaruppeh\u00e5ll o.s.v., sker juryarbetet. Vilket f\u00f6rslag juryn, som allts\u00e5 best\u00e5r av de b\u00e5da presidierna, landade i avsl\u00f6jar jag inte i f\u00f6rv\u00e4g, utan h\u00e5ll \u00f6gon och \u00f6ron \u00f6ppna fram\u00f6ver! P\u00e5 RUN:s eget presidiem\u00f6te f\u00f6rberedde vi bl.a. n\u00e4mndsammantr\u00e4det 8 maj och fick en f\u00f6redragning av Emil Selse, strateg p\u00e5 enheten f\u00f6r tillv\u00e4xt, om den nationella satsning p\u00e5 naturturism som Region \u00d6sterg\u00f6tland deltar i, bl.a. i samband med en stor internationell naturturismkonferens som arrangeras i Sverige i september.<\/p>\n<p><\/span><span class=\"fcsB   \"><b>M\u00e5ndagsm\u00f6te<\/b> <b>pr\u00e4glat<\/b> <b>av<\/b> <b>skattefr\u00e5gan<\/b><br \/>\n<\/span><span class=\"   \">Eftersom m\u00e5ndagen i f\u00f6rra veckan var Annandag P\u00e5sk, var m\u00e5ndagsm\u00f6tet f\u00f6rlagt till onsdagen! Vi hade f\u00f6r avsikt att arbeta med Kristdemokraternas och Moderaterans gemensamma f\u00f6rslag till strategisk plan och tre\u00e5rsbudget 2020-2022. Och det gjorde vi ocks\u00e5, p\u00e5 s\u00e4tt och vis. P\u00e5 morgonen m\u00f6ttes vi n\u00e4mligen av debattartikel i Corren fr\u00e5n den styrande minoriteten i regionen (S-MP-C-L) med avsiktsf\u00f6rklaringen att h\u00f6ja regionens skatteuttag med 85 \u00f6re. Eftersom vi har en hel del kritik mot f\u00f6rslaget, beh\u00f6vde redan inbokade debattartiklar i torsdagstidningarna justeras och pressmeddelande f\u00f6rfattas. Pressmeddelandet i sin helhet kan du l\u00e4sa h\u00e4r: (<\/span>https:\/\/wp.kristdemokraterna.se\/regionostergotland\/hojd-skatt-loser-inte-vardens-problem\/<span class=\"   \">).<br \/>\nDebattartikel i Corren kan du l\u00e4sa h\u00e4r: (<\/span><a href=\"https:\/\/www.corren.se\/asikter\/debatt\/hojd-skatt-ar-ingen-losning-om6036367.aspx\" target=\"_blank\" rel=\"noopener noreferrer\">https:\/\/www.corren.se\/asikter\/debatt\/hojd-skatt-ar-ingen-losning-om6036367.aspx<\/a><span class=\"   \">).<br \/>\nNyhetsartikel i Corren: (<\/span><a href=\"https:\/\/www.corren.se\/nyheter\/oppositionen-en-panikatgard-om6036855.aspx\" target=\"_blank\" rel=\"noopener noreferrer\">https:\/\/www.corren.se\/nyheter\/oppositionen-en-panikatgard-om6036855.aspx<\/a><span class=\"   \">).<br \/>\nNyhetsinslag i P4 \u00d6sterg\u00f6tland: (<\/span><a href=\"https:\/\/sverigesradio.se\/sida\/artikel.aspx?programid=160&amp;artikel=7204904&amp;fbclid=IwAR1GKH5JsJj6v5IT9B71ANcZJ6ybnQXK6OafL1q0-PTadO19p6SBtfEQ1V0\" target=\"_blank\" rel=\"noopener noreferrer\">https:\/\/sverigesradio.se\/sida\/artikel.aspx?programid=160&amp;artikel=7204904&amp;fbclid=IwAR1GKH5JsJj6v5IT9B71ANcZJ6ybnQXK6OafL1q0-PTadO19p6SBtfEQ1V0<\/a><span class=\"   \">)<\/p>\n<p><\/span><span class=\"fcsB   \"><b>Sammantr\u00e4de<\/b> <b>med<\/b> <b>Regionfullm\u00e4ktige<\/b><br \/>\n<\/span><span class=\"   \">I torsdags var det dags f\u00f6r \u00e5rets andra sammantr\u00e4de med regionfullm\u00e4ktige. Fyra av Kristdemokraternas ordinarie ledam\u00f6ter hade av olika sk\u00e4l f\u00f6rhinder att delta, varf\u00f6r fyra ers\u00e4ttare var med och tj\u00e4nstgjorde. Det innebar att Kristdemokraternas lag under dagen var de ordinarie ledam\u00f6terna Per Larsson, Elvira Wibeck, Anders Eksmo och Nils-Ingvar Graan, f\u00f6rste ers\u00e4ttarna Denis\u00e9 Cassel och Anna Broman Butler, andre ers\u00e4ttarna Gunilla Sj\u00f6sten och Edite J\u00e4rpehag samt tredje ers\u00e4ttare Bengt-Ove Karlsson. P\u00e5 plats var ocks\u00e5 avg\u00e5ende lekmannarevisor Jan-Bertil Widmark och nytilltr\u00e4dde lekmannarevisorn Jan Gyllenhammar. Huvud\u00e4rendet f\u00f6r sammantr\u00e4det var regionens \u00e5rsredovisning f\u00f6r 2018, som v\u00e5llade m\u00e5nga debattinl\u00e4gg, mycket med tanke p\u00e5 det rekordd\u00e5liga ekonomiska resultatet. Fullm\u00e4ktigesammantr\u00e4det fastst\u00e4llde ocks\u00e5 marknadsf\u00f6ringsstrategi f\u00f6r Region \u00d6sterg\u00f6tland och antog nytt reglemente och uppdaterade avgifter f\u00f6r regionens folkh\u00f6gskola Lunnevad, bland m\u00e5nga andra \u00e4renden. Tack till alla kristdemokrater f\u00f6r era insatser i torsdags!<\/p>\n<p><\/span><span class=\"fcsB   \"><b>Utbildningsdag<\/b> <b>med<\/b> <b>styrelsen<\/b> <b>f\u00f6r<\/b> <b>M\u00e4lardalstrafik<\/b><br \/>\n<\/span><span class=\"   \">Som jag ber\u00e4ttat om i tidigare nyhetsbrev ing\u00e5r Region \u00d6sterg\u00f6tland i samarbetet M\u00e4lardalstrafik, som ansvarar f\u00f6r regional t\u00e5gtrafik mellan \u00d6sterg\u00f6tlands, S\u00f6dermanlands, \u00d6rebro, V\u00e4stmanlands, Uppsala och Stockholms l\u00e4n. Sedan samarbetet b\u00f6rjade, och sedan \u00d6sterg\u00f6tland kom med 2012, har samarbetet f\u00f6rdjupats och utvecklats. Nu finns gemensam taxa (Movingo) och de f\u00f6rsta nya t\u00e5gen ska snart levereras (M\u00e4lart\u00e5g). I maj \u00e4r det \u00e5rsst\u00e4mma f\u00f6r M\u00e4lardalstrafik och d\u00e5 tilltr\u00e4der den nya styrelsen f\u00f6r de kommande fyra \u00e5ren. Fr\u00e5n Region \u00d6sterg\u00f6tland \u00e4r Jan Owe-Larsson (M) som ordinarie ledamot och jag som ers\u00e4ttare fr\u00e5n oppositionen kvar sedan f\u00f6rra mandatperioden. F\u00f6r de styrande partierna \u00e4r Julie Tran (C) och Martin Toll\u00e9n (S) nya som ledamot respektive ers\u00e4ttare. I fredags h\u00f6lls en utbildningsdag f\u00f6r den tilltr\u00e4dande styrelsen i Stockholm, d\u00e4r verksamheten och framtidsfr\u00e5gor gicks igenom grundligt.<\/p>\n<p>Nu \u00e4r det dags att ta tag i den nya veckan, som ut\u00f6ver en del sammantr\u00e4den ocks\u00e5 inneh\u00e5ller Valborgsfirande. Jag \u00f6nskar er alla en fin vecka!<\/span><span class=\"   \"><br \/>\n<\/span><span class=\"   \"><br \/>\n<\/span><span class=\"   \">Med v\u00e4nlig h\u00e4lsning<br \/>\nPer Larsson<br \/>\nOppositionsr\u00e5d och gruppledare<br \/>\nKristdemokraterna i Region \u00d6sterg\u00f6tland<br \/>\ntfn 010-103 72 84 (arb)<br \/>\ntfn 013-14 11 59 (bost)<br \/>\ntfn 0702-88 21 34 (mobil)<br \/>\n<\/span><a target=\"_blank\" rel=\"noopener noreferrer\">mailto:per.larsson@kristdemokraterna.se<\/a><\/p>\n","protected":false},"excerpt":{"rendered":"<p>Hej! Efter p\u00e5sklov f\u00f6r nyhetsbrevet \u00e4r det nu dags att f\u00f6rfatta ett dubbelnummer f\u00f6r att spegla tv\u00e5 veckors aktiviteter i regionpolitiken. Opinionssiffrorna f\u00f6r Kristdemokraterna forts\u00e4tter att stiga, m\u00e5nga nya medlemmar deltar i olika partiaktiviteter och solen har gett h\u00e4rligt v\u00e5r- och f\u00f6rsommarv\u00e4der den senaste tiden. Och en hel del har h\u00e4nt p\u00e5 regionfronten. N\u00e5got av <a class=\"read-more-link\" href=\"https:\/\/wp.kristdemokraterna.se\/regionostergotland\/nyhetsbrev-vecka-16-17\/\">Read More<\/a><\/p>\n","protected":false},"author":737,"featured_media":407,"comment_status":"closed","ping_status":"closed","sticky":false,"template":"","format":"standard","meta":{"_acf_changed":false,"footnotes":""},"categories":[1],"tags":[],"class_list":["post-975","post","type-post","status-publish","format-standard","hentry","category-nyheter"],"acf":[],"yoast_head":"<!-- This site is optimized with the Yoast SEO plugin v27.5 - https:\/\/yoast.com\/product\/yoast-seo-wordpress\/ -->\n<title>Nyhetsbrev vecka 16-17 - i Region \u00d6sterg\u00f6tland<\/title>\n<meta name=\"robots\" content=\"index, follow, max-snippet:-1, max-image-preview:large, max-video-preview:-1\" \/>\n<link rel=\"canonical\" href=\"https:\/\/wp.kristdemokraterna.se\/regionostergotland\/nyhetsbrev-vecka-16-17\/\" \/>\n<meta property=\"og:locale\" content=\"sv_SE\" \/>\n<meta property=\"og:type\" content=\"article\" \/>\n<meta property=\"og:title\" content=\"Nyhetsbrev vecka 16-17 - i Region \u00d6sterg\u00f6tland\" \/>\n<meta property=\"og:description\" content=\"Hej! Efter p\u00e5sklov f\u00f6r nyhetsbrevet \u00e4r det nu dags att f\u00f6rfatta ett dubbelnummer f\u00f6r att spegla tv\u00e5 veckors aktiviteter i regionpolitiken. Opinionssiffrorna f\u00f6r Kristdemokraterna forts\u00e4tter att stiga, m\u00e5nga nya medlemmar deltar i olika partiaktiviteter och solen har gett h\u00e4rligt v\u00e5r- och f\u00f6rsommarv\u00e4der den senaste tiden. Och en hel del har h\u00e4nt p\u00e5 regionfronten. N\u00e5got av Read More\" \/>\n<meta property=\"og:url\" content=\"https:\/\/wp.kristdemokraterna.se\/regionostergotland\/nyhetsbrev-vecka-16-17\/\" \/>\n<meta property=\"og:site_name\" content=\"i Region \u00d6sterg\u00f6tland\" \/>\n<meta property=\"article:published_time\" content=\"2019-04-29T07:35:12+00:00\" \/>\n<meta property=\"article:modified_time\" content=\"2019-11-15T09:29:06+00:00\" \/>\n<meta property=\"og:image\" content=\"https:\/\/wp.kristdemokraterna.se\/regionostergotland\/files\/2017\/04\/pl_nyhetsbrev_profilbild_small_v2.jpg\" \/>\n\t<meta property=\"og:image:width\" content=\"400\" \/>\n\t<meta property=\"og:image:height\" content=\"500\" \/>\n\t<meta property=\"og:image:type\" content=\"image\/jpeg\" \/>\n<meta name=\"author\" content=\"regionostergotland\" \/>\n<meta name=\"twitter:card\" content=\"summary_large_image\" \/>\n<meta name=\"twitter:label1\" content=\"Skriven av\" \/>\n\t<meta name=\"twitter:data1\" content=\"regionostergotland\" \/>\n\t<meta name=\"twitter:label2\" content=\"Ber\u00e4knad l\u00e4stid\" \/>\n\t<meta name=\"twitter:data2\" content=\"6 minuter\" \/>\n<script type=\"application\/ld+json\" class=\"yoast-schema-graph\">{\"@context\":\"https:\\\/\\\/schema.org\",\"@graph\":[{\"@type\":\"Article\",\"@id\":\"https:\\\/\\\/wp.kristdemokraterna.se\\\/regionostergotland\\\/nyhetsbrev-vecka-16-17\\\/#article\",\"isPartOf\":{\"@id\":\"https:\\\/\\\/wp.kristdemokraterna.se\\\/regionostergotland\\\/nyhetsbrev-vecka-16-17\\\/\"},\"author\":{\"name\":\"regionostergotland\",\"@id\":\"https:\\\/\\\/wp.kristdemokraterna.se\\\/regionostergotland\\\/#\\\/schema\\\/person\\\/74c3c4f502fcc489722a7be0dfe0088c\"},\"headline\":\"Nyhetsbrev vecka 16-17\",\"datePublished\":\"2019-04-29T07:35:12+00:00\",\"dateModified\":\"2019-11-15T09:29:06+00:00\",\"mainEntityOfPage\":{\"@id\":\"https:\\\/\\\/wp.kristdemokraterna.se\\\/regionostergotland\\\/nyhetsbrev-vecka-16-17\\\/\"},\"wordCount\":1242,\"image\":{\"@id\":\"https:\\\/\\\/wp.kristdemokraterna.se\\\/regionostergotland\\\/nyhetsbrev-vecka-16-17\\\/#primaryimage\"},\"thumbnailUrl\":\"https:\\\/\\\/wp.kristdemokraterna.se\\\/regionostergotland\\\/files\\\/2017\\\/04\\\/pl_nyhetsbrev_profilbild_small_v2.jpg\",\"articleSection\":[\"Nyheter\"],\"inLanguage\":\"sv-SE\"},{\"@type\":\"WebPage\",\"@id\":\"https:\\\/\\\/wp.kristdemokraterna.se\\\/regionostergotland\\\/nyhetsbrev-vecka-16-17\\\/\",\"url\":\"https:\\\/\\\/wp.kristdemokraterna.se\\\/regionostergotland\\\/nyhetsbrev-vecka-16-17\\\/\",\"name\":\"Nyhetsbrev vecka 16-17 - i Region \u00d6sterg\u00f6tland\",\"isPartOf\":{\"@id\":\"https:\\\/\\\/wp.kristdemokraterna.se\\\/regionostergotland\\\/#website\"},\"primaryImageOfPage\":{\"@id\":\"https:\\\/\\\/wp.kristdemokraterna.se\\\/regionostergotland\\\/nyhetsbrev-vecka-16-17\\\/#primaryimage\"},\"image\":{\"@id\":\"https:\\\/\\\/wp.kristdemokraterna.se\\\/regionostergotland\\\/nyhetsbrev-vecka-16-17\\\/#primaryimage\"},\"thumbnailUrl\":\"https:\\\/\\\/wp.kristdemokraterna.se\\\/regionostergotland\\\/files\\\/2017\\\/04\\\/pl_nyhetsbrev_profilbild_small_v2.jpg\",\"datePublished\":\"2019-04-29T07:35:12+00:00\",\"dateModified\":\"2019-11-15T09:29:06+00:00\",\"author\":{\"@id\":\"https:\\\/\\\/wp.kristdemokraterna.se\\\/regionostergotland\\\/#\\\/schema\\\/person\\\/74c3c4f502fcc489722a7be0dfe0088c\"},\"breadcrumb\":{\"@id\":\"https:\\\/\\\/wp.kristdemokraterna.se\\\/regionostergotland\\\/nyhetsbrev-vecka-16-17\\\/#breadcrumb\"},\"inLanguage\":\"sv-SE\",\"potentialAction\":[{\"@type\":\"ReadAction\",\"target\":[\"https:\\\/\\\/wp.kristdemokraterna.se\\\/regionostergotland\\\/nyhetsbrev-vecka-16-17\\\/\"]}]},{\"@type\":\"ImageObject\",\"inLanguage\":\"sv-SE\",\"@id\":\"https:\\\/\\\/wp.kristdemokraterna.se\\\/regionostergotland\\\/nyhetsbrev-vecka-16-17\\\/#primaryimage\",\"url\":\"https:\\\/\\\/wp.kristdemokraterna.se\\\/regionostergotland\\\/files\\\/2017\\\/04\\\/pl_nyhetsbrev_profilbild_small_v2.jpg\",\"contentUrl\":\"https:\\\/\\\/wp.kristdemokraterna.se\\\/regionostergotland\\\/files\\\/2017\\\/04\\\/pl_nyhetsbrev_profilbild_small_v2.jpg\",\"width\":400,\"height\":500},{\"@type\":\"BreadcrumbList\",\"@id\":\"https:\\\/\\\/wp.kristdemokraterna.se\\\/regionostergotland\\\/nyhetsbrev-vecka-16-17\\\/#breadcrumb\",\"itemListElement\":[{\"@type\":\"ListItem\",\"position\":1,\"name\":\"Hem\",\"item\":\"https:\\\/\\\/wp.kristdemokraterna.se\\\/regionostergotland\\\/\"},{\"@type\":\"ListItem\",\"position\":2,\"name\":\"Nyhetsbrev vecka 16-17\"}]},{\"@type\":\"WebSite\",\"@id\":\"https:\\\/\\\/wp.kristdemokraterna.se\\\/regionostergotland\\\/#website\",\"url\":\"https:\\\/\\\/wp.kristdemokraterna.se\\\/regionostergotland\\\/\",\"name\":\"i Region \u00d6sterg\u00f6tland\",\"description\":\"\",\"inLanguage\":\"sv-SE\"},{\"@type\":\"Person\",\"@id\":\"https:\\\/\\\/wp.kristdemokraterna.se\\\/regionostergotland\\\/#\\\/schema\\\/person\\\/74c3c4f502fcc489722a7be0dfe0088c\",\"name\":\"regionostergotland\",\"image\":{\"@type\":\"ImageObject\",\"inLanguage\":\"sv-SE\",\"@id\":\"https:\\\/\\\/secure.gravatar.com\\\/avatar\\\/8fb8f0a216e627554da57506bfaf78d677f45512f24f703e185ec701423b1e92?s=96&d=mm&r=g\",\"url\":\"https:\\\/\\\/secure.gravatar.com\\\/avatar\\\/8fb8f0a216e627554da57506bfaf78d677f45512f24f703e185ec701423b1e92?s=96&d=mm&r=g\",\"contentUrl\":\"https:\\\/\\\/secure.gravatar.com\\\/avatar\\\/8fb8f0a216e627554da57506bfaf78d677f45512f24f703e185ec701423b1e92?s=96&d=mm&r=g\",\"caption\":\"regionostergotland\"},\"url\":\"https:\\\/\\\/wp.kristdemokraterna.se\\\/regionostergotland\\\/author\\\/regionostergotland\\\/\"}]}<\/script>\n<!-- \/ Yoast SEO plugin. -->","yoast_head_json":{"title":"Nyhetsbrev vecka 16-17 - i Region \u00d6sterg\u00f6tland","robots":{"index":"index","follow":"follow","max-snippet":"max-snippet:-1","max-image-preview":"max-image-preview:large","max-video-preview":"max-video-preview:-1"},"canonical":"https:\/\/wp.kristdemokraterna.se\/regionostergotland\/nyhetsbrev-vecka-16-17\/","og_locale":"sv_SE","og_type":"article","og_title":"Nyhetsbrev vecka 16-17 - i Region \u00d6sterg\u00f6tland","og_description":"Hej! Efter p\u00e5sklov f\u00f6r nyhetsbrevet \u00e4r det nu dags att f\u00f6rfatta ett dubbelnummer f\u00f6r att spegla tv\u00e5 veckors aktiviteter i regionpolitiken. Opinionssiffrorna f\u00f6r Kristdemokraterna forts\u00e4tter att stiga, m\u00e5nga nya medlemmar deltar i olika partiaktiviteter och solen har gett h\u00e4rligt v\u00e5r- och f\u00f6rsommarv\u00e4der den senaste tiden. Och en hel del har h\u00e4nt p\u00e5 regionfronten. N\u00e5got av Read More","og_url":"https:\/\/wp.kristdemokraterna.se\/regionostergotland\/nyhetsbrev-vecka-16-17\/","og_site_name":"i Region \u00d6sterg\u00f6tland","article_published_time":"2019-04-29T07:35:12+00:00","article_modified_time":"2019-11-15T09:29:06+00:00","og_image":[{"width":400,"height":500,"url":"https:\/\/wp.kristdemokraterna.se\/regionostergotland\/files\/2017\/04\/pl_nyhetsbrev_profilbild_small_v2.jpg","type":"image\/jpeg"}],"author":"regionostergotland","twitter_card":"summary_large_image","twitter_misc":{"Skriven av":"regionostergotland","Ber\u00e4knad l\u00e4stid":"6 minuter"},"schema":{"@context":"https:\/\/schema.org","@graph":[{"@type":"Article","@id":"https:\/\/wp.kristdemokraterna.se\/regionostergotland\/nyhetsbrev-vecka-16-17\/#article","isPartOf":{"@id":"https:\/\/wp.kristdemokraterna.se\/regionostergotland\/nyhetsbrev-vecka-16-17\/"},"author":{"name":"regionostergotland","@id":"https:\/\/wp.kristdemokraterna.se\/regionostergotland\/#\/schema\/person\/74c3c4f502fcc489722a7be0dfe0088c"},"headline":"Nyhetsbrev vecka 16-17","datePublished":"2019-04-29T07:35:12+00:00","dateModified":"2019-11-15T09:29:06+00:00","mainEntityOfPage":{"@id":"https:\/\/wp.kristdemokraterna.se\/regionostergotland\/nyhetsbrev-vecka-16-17\/"},"wordCount":1242,"image":{"@id":"https:\/\/wp.kristdemokraterna.se\/regionostergotland\/nyhetsbrev-vecka-16-17\/#primaryimage"},"thumbnailUrl":"https:\/\/wp.kristdemokraterna.se\/regionostergotland\/files\/2017\/04\/pl_nyhetsbrev_profilbild_small_v2.jpg","articleSection":["Nyheter"],"inLanguage":"sv-SE"},{"@type":"WebPage","@id":"https:\/\/wp.kristdemokraterna.se\/regionostergotland\/nyhetsbrev-vecka-16-17\/","url":"https:\/\/wp.kristdemokraterna.se\/regionostergotland\/nyhetsbrev-vecka-16-17\/","name":"Nyhetsbrev vecka 16-17 - i Region \u00d6sterg\u00f6tland","isPartOf":{"@id":"https:\/\/wp.kristdemokraterna.se\/regionostergotland\/#website"},"primaryImageOfPage":{"@id":"https:\/\/wp.kristdemokraterna.se\/regionostergotland\/nyhetsbrev-vecka-16-17\/#primaryimage"},"image":{"@id":"https:\/\/wp.kristdemokraterna.se\/regionostergotland\/nyhetsbrev-vecka-16-17\/#primaryimage"},"thumbnailUrl":"https:\/\/wp.kristdemokraterna.se\/regionostergotland\/files\/2017\/04\/pl_nyhetsbrev_profilbild_small_v2.jpg","datePublished":"2019-04-29T07:35:12+00:00","dateModified":"2019-11-15T09:29:06+00:00","author":{"@id":"https:\/\/wp.kristdemokraterna.se\/regionostergotland\/#\/schema\/person\/74c3c4f502fcc489722a7be0dfe0088c"},"breadcrumb":{"@id":"https:\/\/wp.kristdemokraterna.se\/regionostergotland\/nyhetsbrev-vecka-16-17\/#breadcrumb"},"inLanguage":"sv-SE","potentialAction":[{"@type":"ReadAction","target":["https:\/\/wp.kristdemokraterna.se\/regionostergotland\/nyhetsbrev-vecka-16-17\/"]}]},{"@type":"ImageObject","inLanguage":"sv-SE","@id":"https:\/\/wp.kristdemokraterna.se\/regionostergotland\/nyhetsbrev-vecka-16-17\/#primaryimage","url":"https:\/\/wp.kristdemokraterna.se\/regionostergotland\/files\/2017\/04\/pl_nyhetsbrev_profilbild_small_v2.jpg","contentUrl":"https:\/\/wp.kristdemokraterna.se\/regionostergotland\/files\/2017\/04\/pl_nyhetsbrev_profilbild_small_v2.jpg","width":400,"height":500},{"@type":"BreadcrumbList","@id":"https:\/\/wp.kristdemokraterna.se\/regionostergotland\/nyhetsbrev-vecka-16-17\/#breadcrumb","itemListElement":[{"@type":"ListItem","position":1,"name":"Hem","item":"https:\/\/wp.kristdemokraterna.se\/regionostergotland\/"},{"@type":"ListItem","position":2,"name":"Nyhetsbrev vecka 16-17"}]},{"@type":"WebSite","@id":"https:\/\/wp.kristdemokraterna.se\/regionostergotland\/#website","url":"https:\/\/wp.kristdemokraterna.se\/regionostergotland\/","name":"i Region \u00d6sterg\u00f6tland","description":"","inLanguage":"sv-SE"},{"@type":"Person","@id":"https:\/\/wp.kristdemokraterna.se\/regionostergotland\/#\/schema\/person\/74c3c4f502fcc489722a7be0dfe0088c","name":"regionostergotland","image":{"@type":"ImageObject","inLanguage":"sv-SE","@id":"https:\/\/secure.gravatar.com\/avatar\/8fb8f0a216e627554da57506bfaf78d677f45512f24f703e185ec701423b1e92?s=96&d=mm&r=g","url":"https:\/\/secure.gravatar.com\/avatar\/8fb8f0a216e627554da57506bfaf78d677f45512f24f703e185ec701423b1e92?s=96&d=mm&r=g","contentUrl":"https:\/\/secure.gravatar.com\/avatar\/8fb8f0a216e627554da57506bfaf78d677f45512f24f703e185ec701423b1e92?s=96&d=mm&r=g","caption":"regionostergotland"},"url":"https:\/\/wp.kristdemokraterna.se\/regionostergotland\/author\/regionostergotland\/"}]}},"_links":{"self":[{"href":"https:\/\/wp.kristdemokraterna.se\/regionostergotland\/wp-json\/wp\/v2\/posts\/975","targetHints":{"allow":["GET"]}}],"collection":[{"href":"https:\/\/wp.kristdemokraterna.se\/regionostergotland\/wp-json\/wp\/v2\/posts"}],"about":[{"href":"https:\/\/wp.kristdemokraterna.se\/regionostergotland\/wp-json\/wp\/v2\/types\/post"}],"author":[{"embeddable":true,"href":"https:\/\/wp.kristdemokraterna.se\/regionostergotland\/wp-json\/wp\/v2\/users\/737"}],"replies":[{"embeddable":true,"href":"https:\/\/wp.kristdemokraterna.se\/regionostergotland\/wp-json\/wp\/v2\/comments?post=975"}],"version-history":[{"count":1,"href":"https:\/\/wp.kristdemokraterna.se\/regionostergotland\/wp-json\/wp\/v2\/posts\/975\/revisions"}],"predecessor-version":[{"id":976,"href":"https:\/\/wp.kristdemokraterna.se\/regionostergotland\/wp-json\/wp\/v2\/posts\/975\/revisions\/976"}],"wp:featuredmedia":[{"embeddable":true,"href":"https:\/\/wp.kristdemokraterna.se\/regionostergotland\/wp-json\/wp\/v2\/media\/407"}],"wp:attachment":[{"href":"https:\/\/wp.kristdemokraterna.se\/regionostergotland\/wp-json\/wp\/v2\/media?parent=975"}],"wp:term":[{"taxonomy":"category","embeddable":true,"href":"https:\/\/wp.kristdemokraterna.se\/regionostergotland\/wp-json\/wp\/v2\/categories?post=975"},{"taxonomy":"post_tag","embeddable":true,"href":"https:\/\/wp.kristdemokraterna.se\/regionostergotland\/wp-json\/wp\/v2\/tags?post=975"}],"curies":[{"name":"wp","href":"https:\/\/api.w.org\/{rel}","templated":true}]}}