{"id":1033,"date":"2022-09-19T19:22:17","date_gmt":"2022-09-19T17:22:17","guid":{"rendered":"https:\/\/wp.kristdemokraterna.se\/sandviken\/?p=1033"},"modified":"2024-12-23T19:39:20","modified_gmt":"2024-12-23T18:39:20","slug":"motion-ortsutvecklingsgrupp","status":"publish","type":"post","link":"https:\/\/wp.kristdemokraterna.se\/sandviken\/motion-ortsutvecklingsgrupp\/","title":{"rendered":"Motion &#8211; Ortsutvecklingsgrupp"},"content":{"rendered":"<div id=\"root\">\n<div class=\"PSPDFKit-Container\">\n<div class=\"PSPDFKit-Root\">\n<div class=\"PSPDFKit-3fcb1mrm37q5up5gbn3c5q7f96\">\n<div>\n<div class=\"PSPDFKit-Container PSPDFKit-browser-engine-edge PSPDFKit-browser-system-windows  PSPDFKit-width-xl PSPDFKit-85jpbmt8g28vq4v152qau53fnt  PSPDFKit-backend-standalone\">\n<div class=\"PSPDFKit-4twhdrjsen9ajus37uqmtxwmay\">\n<div class=\"PSPDFKit-31b3uj7nzmddchv723abmy4qu1\">\n<div>\n<div>\n<div class=\"PSPDFKit-Viewport PSPDFKit-cksjnfe4rtcj5jw74z6zutx8e\" role=\"application\">\n<div class=\"PSPDFKit-Scroll PSPDFKit-ntvhr1qekjn7j326yccx8m9gk\">\n<div>\n<div class=\"PSPDFKit-8p86gkt6g6hn7476wfky6ka98u\" data-testid=\"viewport\">\n<div>\n<div>\n<div class=\"PSPDFKit-Zoom\">\n<div>\n<div class=\"PSPDFKit-Spread\" data-spread-index=\"0\">\n<div>\n<div>\n<div>\n<div>\n<section class=\"PSPDFKit-Page PSPDFKit-Page-Rotation-0-degree PSPDFKit-5n4p2xw22yc7wfzum66h4dvppd PSPDFKit-5xupdwena6uabmu9kpv3mqfdwz\" data-page-index=\"0\" data-page-is-loaded=\"true\">\n<div>\n<div class=\"PSPDFKit-7gjegpzk7znma7erwdvdza5ypz\">\n<h3 class=\"PSPDFKit-56n1nqnnrb1vp96tz5hfxdeh29\"><span class=\"PSPDFKit-6sac9jfr3tkfj891p6bzuaurjz PSPDFKit-7ueugkc3n8r9d1x6ve8eyrzr1e PSPDFKit-7r92wqbyrypf78kb6d9dentg6f PSPDFKit-Text\"><span class=\"PSPDFKit-8eut5gztkfn71zukw49x824t2\" data-page-index=\"0\" data-textline-id=\"1\">Motion<\/span><\/span><\/h3>\n<h4 class=\"PSPDFKit-56n1nqnnrb1vp96tz5hfxdeh29\"><span class=\"PSPDFKit-6sac9jfr3tkfj891p6bzuaurjz PSPDFKit-7ueugkc3n8r9d1x6ve8eyrzr1e PSPDFKit-7r92wqbyrypf78kb6d9dentg6f PSPDFKit-Text\"><span class=\"PSPDFKit-8eut5gztkfn71zukw49x824t2\" data-page-index=\"0\" data-textline-id=\"3\">Ortsutvecklingsgrupp<\/span><\/span><\/h4>\n<p class=\"PSPDFKit-56n1nqnnrb1vp96tz5hfxdeh29\"><span class=\"PSPDFKit-6sac9jfr3tkfj891p6bzuaurjz PSPDFKit-7ueugkc3n8r9d1x6ve8eyrzr1e PSPDFKit-7r92wqbyrypf78kb6d9dentg6f PSPDFKit-Text\"><span class=\"PSPDFKit-8eut5gztkfn71zukw49x824t2\" data-page-index=\"0\" data-textline-id=\"4\">En Ortutvecklingsgrupps syfte \u00e4r att Demokratiskt tillvara kommuninv\u00e5narnas \u00e5sikter<\/span><\/span><span class=\"PSPDFKit-6sac9jfr3tkfj891p6bzuaurjz PSPDFKit-7ueugkc3n8r9d1x6ve8eyrzr1e PSPDFKit-7r92wqbyrypf78kb6d9dentg6f PSPDFKit-Text\"><span class=\"PSPDFKit-8eut5gztkfn71zukw49x824t2\" data-page-index=\"0\" data-textline-id=\"5\">och intressen samt stimulera intressen och engagemang.<\/span><\/span><\/p>\n<div class=\"PSPDFKit-56n1nqnnrb1vp96tz5hfxdeh29\"><span class=\"PSPDFKit-6sac9jfr3tkfj891p6bzuaurjz PSPDFKit-7ueugkc3n8r9d1x6ve8eyrzr1e PSPDFKit-7r92wqbyrypf78kb6d9dentg6f PSPDFKit-Text\"><span class=\"PSPDFKit-8eut5gztkfn71zukw49x824t2\" data-page-index=\"0\" data-textline-id=\"6\">Att inv\u00e5narna i tidigt skede \u00e4r med i processerna som st\u00e4rker engagemanget och <\/span><\/span><span class=\"PSPDFKit-6sac9jfr3tkfj891p6bzuaurjz PSPDFKit-7ueugkc3n8r9d1x6ve8eyrzr1e PSPDFKit-7r92wqbyrypf78kb6d9dentg6f PSPDFKit-Text\"><span class=\"PSPDFKit-8eut5gztkfn71zukw49x824t2\" data-page-index=\"0\" data-textline-id=\"7\">man k\u00e4nner en delaktighet och att Sandviken som kommun f\u00e5r en helhet,<\/span><\/span><\/div>\n<div class=\"PSPDFKit-56n1nqnnrb1vp96tz5hfxdeh29\"><span class=\"PSPDFKit-6sac9jfr3tkfj891p6bzuaurjz PSPDFKit-7ueugkc3n8r9d1x6ve8eyrzr1e PSPDFKit-7r92wqbyrypf78kb6d9dentg6f PSPDFKit-Text\"><span class=\"PSPDFKit-8eut5gztkfn71zukw49x824t2\" data-page-index=\"0\" data-textline-id=\"7\"> i st\u00e4llet f\u00f6r <\/span><\/span><span class=\"PSPDFKit-6sac9jfr3tkfj891p6bzuaurjz PSPDFKit-7ueugkc3n8r9d1x6ve8eyrzr1e PSPDFKit-7r92wqbyrypf78kb6d9dentg6f PSPDFKit-Text\"><span class=\"PSPDFKit-8eut5gztkfn71zukw49x824t2\" data-page-index=\"0\" data-textline-id=\"8\">vi och dom \u2013 centralort mot \u00f6vriga orter.<\/span><\/span><span class=\"PSPDFKit-6sac9jfr3tkfj891p6bzuaurjz PSPDFKit-7ueugkc3n8r9d1x6ve8eyrzr1e PSPDFKit-7r92wqbyrypf78kb6d9dentg6f PSPDFKit-Text\"><span class=\"PSPDFKit-8eut5gztkfn71zukw49x824t2\" data-page-index=\"0\" data-textline-id=\"9\">Ortutvecklingsgruppen best\u00e5r av representanter fr\u00e5n varje ort, n\u00e4ringsliv och<\/span><\/span><span class=\"PSPDFKit-6sac9jfr3tkfj891p6bzuaurjz PSPDFKit-7ueugkc3n8r9d1x6ve8eyrzr1e PSPDFKit-7r92wqbyrypf78kb6d9dentg6f PSPDFKit-Text\"><span class=\"PSPDFKit-8eut5gztkfn71zukw49x824t2\" data-page-index=\"0\" data-textline-id=\"10\">representanter fr\u00e5n kommunen. Verksamhetsplan och formalia <\/span><\/span><span class=\"PSPDFKit-6sac9jfr3tkfj891p6bzuaurjz PSPDFKit-7ueugkc3n8r9d1x6ve8eyrzr1e PSPDFKit-7r92wqbyrypf78kb6d9dentg6f PSPDFKit-Text\"><span class=\"PSPDFKit-8eut5gztkfn71zukw49x824t2\" data-page-index=\"0\" data-textline-id=\"11\">\u00c4mnen som tas upp \u00e4r framf\u00f6r allt det som ber\u00f6r varje ort vad den har behov att<\/span><\/span><span class=\"PSPDFKit-6sac9jfr3tkfj891p6bzuaurjz PSPDFKit-7ueugkc3n8r9d1x6ve8eyrzr1e PSPDFKit-7r92wqbyrypf78kb6d9dentg6f PSPDFKit-Text\"><span class=\"PSPDFKit-8eut5gztkfn71zukw49x824t2\" data-page-index=\"0\" data-textline-id=\"12\">f\u00f6r\u00e4ndra,\/f\u00f6rb\u00e4ttra\/utveckla, tex. ena orten kan se behov av bostadsbyggande f\u00f6r<\/span><\/span><span class=\"PSPDFKit-6sac9jfr3tkfj891p6bzuaurjz PSPDFKit-7ueugkc3n8r9d1x6ve8eyrzr1e PSPDFKit-7r92wqbyrypf78kb6d9dentg6f PSPDFKit-Text\"><span class=\"PSPDFKit-8eut5gztkfn71zukw49x824t2\" data-page-index=\"0\" data-textline-id=\"13\">\u00e4ldre medan den andra orten kan ha behov av bostadsbyggande f\u00f6r ungdomar<\/span><\/span><\/div>\n<div class=\"PSPDFKit-56n1nqnnrb1vp96tz5hfxdeh29\"><span class=\"PSPDFKit-6sac9jfr3tkfj891p6bzuaurjz PSPDFKit-7ueugkc3n8r9d1x6ve8eyrzr1e PSPDFKit-7r92wqbyrypf78kb6d9dentg6f PSPDFKit-Text\"><span class=\"PSPDFKit-8eut5gztkfn71zukw49x824t2\" data-page-index=\"0\" data-textline-id=\"14\">Andra omr\u00e5den kan vara:<\/span><\/span><\/div>\n<div class=\"PSPDFKit-56n1nqnnrb1vp96tz5hfxdeh29\"><span class=\"PSPDFKit-6sac9jfr3tkfj891p6bzuaurjz PSPDFKit-7ueugkc3n8r9d1x6ve8eyrzr1e PSPDFKit-7r92wqbyrypf78kb6d9dentg6f PSPDFKit-Text\"><span class=\"PSPDFKit-8eut5gztkfn71zukw49x824t2\" data-page-index=\"0\" data-textline-id=\"15\">Trygghetsvandringar fr\u00e5n lokalpoliser<\/span><\/span><\/div>\n<div class=\"PSPDFKit-56n1nqnnrb1vp96tz5hfxdeh29\"><span class=\"PSPDFKit-6sac9jfr3tkfj891p6bzuaurjz PSPDFKit-7ueugkc3n8r9d1x6ve8eyrzr1e PSPDFKit-7r92wqbyrypf78kb6d9dentg6f PSPDFKit-Text\"><span class=\"PSPDFKit-8eut5gztkfn71zukw49x824t2\" data-page-index=\"0\" data-textline-id=\"16\">Utveckling av biblioteken i varje ort som ortens egna knytpunkt.<\/span><\/span><\/div>\n<div class=\"PSPDFKit-56n1nqnnrb1vp96tz5hfxdeh29\"><span class=\"PSPDFKit-6sac9jfr3tkfj891p6bzuaurjz PSPDFKit-7ueugkc3n8r9d1x6ve8eyrzr1e PSPDFKit-7r92wqbyrypf78kb6d9dentg6f PSPDFKit-Text\"><span class=\"PSPDFKit-8eut5gztkfn71zukw49x824t2\" data-page-index=\"0\" data-textline-id=\"17\">Servicegraden p\u00e5 orterna och dess niv\u00e5.<\/span><\/span><\/div>\n<div class=\"PSPDFKit-56n1nqnnrb1vp96tz5hfxdeh29\"><span class=\"PSPDFKit-6sac9jfr3tkfj891p6bzuaurjz PSPDFKit-7ueugkc3n8r9d1x6ve8eyrzr1e PSPDFKit-7r92wqbyrypf78kb6d9dentg6f PSPDFKit-Text\"><span class=\"PSPDFKit-8eut5gztkfn71zukw49x824t2\" data-page-index=\"0\" data-textline-id=\"18\">Kommunikationer med centralorten och pendlingsm\u00f6jligheter till och fr\u00e5n arbeten.<\/span><\/span><\/div>\n<div class=\"PSPDFKit-56n1nqnnrb1vp96tz5hfxdeh29\"><span class=\"PSPDFKit-6sac9jfr3tkfj891p6bzuaurjz PSPDFKit-7ueugkc3n8r9d1x6ve8eyrzr1e PSPDFKit-7r92wqbyrypf78kb6d9dentg6f PSPDFKit-Text\"><span class=\"PSPDFKit-8eut5gztkfn71zukw49x824t2\" data-page-index=\"0\" data-textline-id=\"19\">N\u00e4ringslivet \u2013 orternas krav p\u00e5 centralorten f\u00f6r att bli att bli en motor i handeln.<\/span><\/span><\/div>\n<div class=\"PSPDFKit-56n1nqnnrb1vp96tz5hfxdeh29\"><span class=\"PSPDFKit-6sac9jfr3tkfj891p6bzuaurjz PSPDFKit-7ueugkc3n8r9d1x6ve8eyrzr1e PSPDFKit-7r92wqbyrypf78kb6d9dentg6f PSPDFKit-Text\"><span class=\"PSPDFKit-8eut5gztkfn71zukw49x824t2\" data-page-index=\"0\" data-textline-id=\"20\">Skolan som motor f\u00f6r inflyttning<\/span><\/span><\/div>\n<div class=\"PSPDFKit-56n1nqnnrb1vp96tz5hfxdeh29\"><span class=\"PSPDFKit-6sac9jfr3tkfj891p6bzuaurjz PSPDFKit-7ueugkc3n8r9d1x6ve8eyrzr1e PSPDFKit-7r92wqbyrypf78kb6d9dentg6f PSPDFKit-Text\"><span class=\"PSPDFKit-8eut5gztkfn71zukw49x824t2\" data-page-index=\"0\" data-textline-id=\"21\">\u00d6versiktsplanen \u2013 denna grupp blir en viktig remissinstans.<\/span><\/span><\/div>\n<div class=\"PSPDFKit-56n1nqnnrb1vp96tz5hfxdeh29\"><span class=\"PSPDFKit-6sac9jfr3tkfj891p6bzuaurjz PSPDFKit-7ueugkc3n8r9d1x6ve8eyrzr1e PSPDFKit-7r92wqbyrypf78kb6d9dentg6f PSPDFKit-Text\"><span class=\"PSPDFKit-8eut5gztkfn71zukw49x824t2\" data-page-index=\"0\" data-textline-id=\"22\">F\u00f6reningar \u2013 samarbeten och arrangemang.<\/span><\/span><\/div>\n<div class=\"PSPDFKit-56n1nqnnrb1vp96tz5hfxdeh29\"><span class=\"PSPDFKit-6sac9jfr3tkfj891p6bzuaurjz PSPDFKit-7ueugkc3n8r9d1x6ve8eyrzr1e PSPDFKit-7r92wqbyrypf78kb6d9dentg6f PSPDFKit-Text\"><span class=\"PSPDFKit-8eut5gztkfn71zukw49x824t2\" data-page-index=\"0\" data-textline-id=\"23\">Bjuda in experter d\u00e5 det beh\u00f6vs f\u00f6r\u00e4ndringar.<\/span><\/span><\/div>\n<div class=\"PSPDFKit-56n1nqnnrb1vp96tz5hfxdeh29\"><span class=\"PSPDFKit-6sac9jfr3tkfj891p6bzuaurjz PSPDFKit-7ueugkc3n8r9d1x6ve8eyrzr1e PSPDFKit-7r92wqbyrypf78kb6d9dentg6f PSPDFKit-Text\"><span class=\"PSPDFKit-8eut5gztkfn71zukw49x824t2\" data-page-index=\"0\" data-textline-id=\"24\">Att med denna grupp s\u00f6ka landsbygdsutvecklingsst\u00f6d och andra bidrag eller <\/span><\/span><span class=\"PSPDFKit-6sac9jfr3tkfj891p6bzuaurjz PSPDFKit-7ueugkc3n8r9d1x6ve8eyrzr1e PSPDFKit-7r92wqbyrypf78kb6d9dentg6f PSPDFKit-Text\"><span class=\"PSPDFKit-8eut5gztkfn71zukw49x824t2\" data-page-index=\"0\" data-textline-id=\"25\">st\u00f6dinsatser hos myndigheter.<\/span><\/span><\/div>\n<div class=\"PSPDFKit-56n1nqnnrb1vp96tz5hfxdeh29\"><span class=\"PSPDFKit-6sac9jfr3tkfj891p6bzuaurjz PSPDFKit-7ueugkc3n8r9d1x6ve8eyrzr1e PSPDFKit-7r92wqbyrypf78kb6d9dentg6f PSPDFKit-Text\"><span class=\"PSPDFKit-8eut5gztkfn71zukw49x824t2\" data-page-index=\"0\" data-textline-id=\"26\">Denna grupp skall vara f\u00f6r\u00e4nderlig d\u00e5 det kommer nya utmaningar med tiden.<\/span><\/span><\/div>\n<div><\/div>\n<p class=\"PSPDFKit-56n1nqnnrb1vp96tz5hfxdeh29\"><span class=\"PSPDFKit-6sac9jfr3tkfj891p6bzuaurjz PSPDFKit-7ueugkc3n8r9d1x6ve8eyrzr1e PSPDFKit-7r92wqbyrypf78kb6d9dentg6f PSPDFKit-Text\"><span class=\"PSPDFKit-8eut5gztkfn71zukw49x824t2\" data-page-index=\"0\" data-textline-id=\"27\">Kristdemokraterna i Sandviken f\u00f6resl\u00e5r kommunfullm\u00e4ktige att<\/span><\/span><\/p>\n<div class=\"PSPDFKit-56n1nqnnrb1vp96tz5hfxdeh29\"><span class=\"PSPDFKit-6sac9jfr3tkfj891p6bzuaurjz PSPDFKit-7ueugkc3n8r9d1x6ve8eyrzr1e PSPDFKit-7r92wqbyrypf78kb6d9dentg6f PSPDFKit-Text\"><span class=\"PSPDFKit-8eut5gztkfn71zukw49x824t2\" data-page-index=\"0\" data-textline-id=\"28\">Besluta om inr\u00e4ttande av en ortsutvecklingsgrupp<\/span><\/span><\/div>\n<div><\/div>\n<div class=\"PSPDFKit-56n1nqnnrb1vp96tz5hfxdeh29\"><span class=\"PSPDFKit-6sac9jfr3tkfj891p6bzuaurjz PSPDFKit-7ueugkc3n8r9d1x6ve8eyrzr1e PSPDFKit-7r92wqbyrypf78kb6d9dentg6f PSPDFKit-Text\"><span class=\"PSPDFKit-8eut5gztkfn71zukw49x824t2\" data-page-index=\"0\" data-textline-id=\"29\">Sandviken 2022-09-14<\/span><\/span><\/div>\n<div class=\"PSPDFKit-56n1nqnnrb1vp96tz5hfxdeh29\"><span class=\"PSPDFKit-6sac9jfr3tkfj891p6bzuaurjz PSPDFKit-7ueugkc3n8r9d1x6ve8eyrzr1e PSPDFKit-7r92wqbyrypf78kb6d9dentg6f PSPDFKit-Text\"><span class=\"PSPDFKit-8eut5gztkfn71zukw49x824t2\" data-page-index=\"0\" data-textline-id=\"30\">Leif J\u00f6nsson<\/span><\/span><\/div>\n<div><\/div>\n<\/div>\n<\/div>\n<\/section>\n<\/div>\n<\/div>\n<\/div>\n<\/div>\n<\/div>\n<\/div>\n<\/div>\n<\/div>\n<\/div>\n<\/div>\n<div>======================================================<\/div>\n<div>\u00a02023-05-23<br \/>\nKommunfullm\u00e4ktige beslutar att avsl\u00e5 motionen.<br \/>\nSammanfattning av \u00e4rendet;<br \/>\nUnder kommunfullm\u00e4ktiges sammantr\u00e4de den 19 september 2022 anm\u00e4lde<br \/>\nLeif J\u00f6nsson (KD) en motion om att inf\u00f6ra en ortutvecklingsgrupp i<br \/>\nSandvikens kommun. Motionen ska senast vara besvarad under<br \/>\nkommunfullm\u00e4ktiges sammantr\u00e4de den 15 maj 2023.<br \/>\nEnligt motionen f\u00f6resl\u00e5s ortutvecklingsgruppen ge medborgare en chans att<br \/>\ntidigt delta i processer f\u00f6r att st\u00e4rka engagemang och delaktighet. Gruppen<br \/>\nska best\u00e5 av representanter fr\u00e5n varje ort, n\u00e4ringslivet och tj\u00e4nstepersoner<br \/>\nfr\u00e5n kommunen. Ortutvecklingsgruppen ska behandla \u00e4renden som de olika<br \/>\norterna har behov av att f\u00f6r\u00e4ndra, f\u00f6rb\u00e4ttra eller utveckla. Att involvera<br \/>\nmedborgare tidigt i processer ska st\u00e4rka engagemanget och skapa delaktighet<br \/>\noch en helhet i kommunen, i st\u00e4llet f\u00f6r vi och dem och centralort kontra<br \/>\n\u00f6vriga orter.<br \/>\nAv utredningen framg\u00e5r en beskrivning av Sveriges politiska system och hur<br \/>\ndeltagardemokratiska innovationer s\u00e5 som grupper, r\u00e5d, medborgarf\u00f6rslag<br \/>\nmed mera kan st\u00e4rka det demokratiska systemet mellan de allm\u00e4nna valen.<br \/>\nDet \u00e4r viktigt att deltagardemokratiska aktiviteter skapar ett j\u00e4mlikt<br \/>\ndeltagande och att de inte st\u00e4rker redan starka grupper. Aspekter som \u00e4r<br \/>\nviktiga vid utformandet av deltagardemokratiska innovationer. Utredningen<br \/>\nredovisar \u00e4ven valdeltagande i ett geografiskt perspektiv och utifr\u00e5n olika<br \/>\ngrupper, f\u00f6r att analysera representativiteten i kommunen.<br \/>\nSandvikens kommun till\u00e4mpar idag ett antal aktiviteter f\u00f6r demokratiskt<br \/>\ndeltagande. Kommunen tillhandah\u00e5ller m\u00f6jligheter f\u00f6r medborgare att delta i<br \/>\nmedborgardialoger, medborgarf\u00f6rslag och allm\u00e4nhetens fr\u00e5gestund.<br \/>\nKommunen har \u00e4ven tv\u00e5 politiskt tillsatta r\u00e5d; kommunala handikappr\u00e5det<br \/>\noch det kommunala pension\u00e4rsr\u00e5det. R\u00e5den syftar till att vara ett verktyg f\u00f6r<br \/>\nsamr\u00e5d, f\u00f6rankring och information mellan kommunen och de som r\u00e5den<br \/>\nf\u00f6retr\u00e4der.<br \/>\nUt\u00f6ver dessa aktiviteter \u00e4r det viktigt att n\u00e4mna en grundsten i det<br \/>\ndemokratiska systemet, deltagande i politiska partier<\/div>\n<\/div>\n<\/div>\n<\/div>\n<\/div>\n<\/div>\n<\/div>\n<\/div>\n<div>Utifr\u00e5n att Sandvikens kommun idag till\u00e4mpar ett antal deltagardemokratiska<br \/>\naktiviteter och utifr\u00e5n utredningens redovisning av hur valdeltagandet och<br \/>\nrepresentationen i kommunen har sett ut geografiskt och i olika grupper,<br \/>\nbed\u00f6ms en ortutvecklingsgrupp inte bidra till \u00f6kad j\u00e4mlikhet i det<br \/>\ndemokratiska deltagandet. Kommunfullm\u00e4ktige f\u00f6resl\u00e5s d\u00e4rmed att avsl\u00e5<br \/>\nmotionen.<\/div>\n<div><\/div>\n<\/div>\n<\/div>\n<div>\n<div><\/div>\n<div>\n<div><\/div>\n<\/div>\n<div>\n<div><\/div>\n<\/div>\n<div><\/div>\n<\/div>\n<\/div>\n<\/div>\n<\/div>\n<\/div>\n<div id=\"a11y-status-message\" role=\"status\" aria-live=\"polite\"><\/div>\n","protected":false},"excerpt":{"rendered":"<p>Motion Ortsutvecklingsgrupp En Ortutvecklingsgrupps syfte \u00e4r att Demokratiskt tillvara kommuninv\u00e5narnas \u00e5sikteroch intressen samt stimulera intressen och engagemang. Att inv\u00e5narna i tidigt skede \u00e4r med i processerna som st\u00e4rker engagemanget och man k\u00e4nner en delaktighet och att Sandviken som kommun f\u00e5r en helhet, i st\u00e4llet f\u00f6r vi och dom \u2013 centralort mot \u00f6vriga orter.Ortutvecklingsgruppen best\u00e5r av <a class=\"read-more-link\" href=\"https:\/\/wp.kristdemokraterna.se\/sandviken\/motion-ortsutvecklingsgrupp\/\">L\u00e4s mer<\/a><\/p>\n","protected":false},"author":827,"featured_media":0,"comment_status":"closed","ping_status":"closed","sticky":false,"template":"","format":"standard","meta":{"_acf_changed":false,"footnotes":""},"categories":[36,31],"tags":[],"class_list":["post-1033","post","type-post","status-publish","format-standard","hentry","category-i-sandviken","category-motioner"],"acf":[],"yoast_head":"<!-- This site is optimized with the Yoast SEO plugin v27.4 - https:\/\/yoast.com\/product\/yoast-seo-wordpress\/ -->\n<title>Motion - Ortsutvecklingsgrupp - Kristdemokraterna Sandviken<\/title>\n<meta name=\"robots\" content=\"index, follow, max-snippet:-1, max-image-preview:large, max-video-preview:-1\" \/>\n<link rel=\"canonical\" href=\"https:\/\/wp.kristdemokraterna.se\/sandviken\/motion-ortsutvecklingsgrupp\/\" \/>\n<meta property=\"og:locale\" content=\"sv_SE\" \/>\n<meta property=\"og:type\" content=\"article\" \/>\n<meta property=\"og:title\" content=\"Motion - Ortsutvecklingsgrupp - Kristdemokraterna Sandviken\" \/>\n<meta property=\"og:description\" content=\"Motion Ortsutvecklingsgrupp En Ortutvecklingsgrupps syfte \u00e4r att Demokratiskt tillvara kommuninv\u00e5narnas \u00e5sikteroch intressen samt stimulera intressen och engagemang. Att inv\u00e5narna i tidigt skede \u00e4r med i processerna som st\u00e4rker engagemanget och man k\u00e4nner en delaktighet och att Sandviken som kommun f\u00e5r en helhet, i st\u00e4llet f\u00f6r vi och dom \u2013 centralort mot \u00f6vriga orter.Ortutvecklingsgruppen best\u00e5r av L\u00e4s mer\" \/>\n<meta property=\"og:url\" content=\"https:\/\/wp.kristdemokraterna.se\/sandviken\/motion-ortsutvecklingsgrupp\/\" \/>\n<meta property=\"og:site_name\" content=\"Kristdemokraterna Sandviken\" \/>\n<meta property=\"article:published_time\" content=\"2022-09-19T17:22:17+00:00\" \/>\n<meta property=\"article:modified_time\" content=\"2024-12-23T18:39:20+00:00\" \/>\n<meta name=\"author\" content=\"Nille\" \/>\n<meta name=\"twitter:card\" content=\"summary_large_image\" \/>\n<meta name=\"twitter:label1\" content=\"Skriven av\" \/>\n\t<meta name=\"twitter:data1\" content=\"Nille\" \/>\n\t<meta name=\"twitter:label2\" content=\"Ber\u00e4knad l\u00e4stid\" \/>\n\t<meta name=\"twitter:data2\" content=\"3 minuter\" \/>\n<script type=\"application\/ld+json\" class=\"yoast-schema-graph\">{\"@context\":\"https:\\\/\\\/schema.org\",\"@graph\":[{\"@type\":\"Article\",\"@id\":\"https:\\\/\\\/wp.kristdemokraterna.se\\\/sandviken\\\/motion-ortsutvecklingsgrupp\\\/#article\",\"isPartOf\":{\"@id\":\"https:\\\/\\\/wp.kristdemokraterna.se\\\/sandviken\\\/motion-ortsutvecklingsgrupp\\\/\"},\"author\":{\"name\":\"Nille\",\"@id\":\"https:\\\/\\\/wp.kristdemokraterna.se\\\/sandviken\\\/#\\\/schema\\\/person\\\/d46e374f9aebfb76c84157434f7a0a9a\"},\"headline\":\"Motion &#8211; Ortsutvecklingsgrupp\",\"datePublished\":\"2022-09-19T17:22:17+00:00\",\"dateModified\":\"2024-12-23T18:39:20+00:00\",\"mainEntityOfPage\":{\"@id\":\"https:\\\/\\\/wp.kristdemokraterna.se\\\/sandviken\\\/motion-ortsutvecklingsgrupp\\\/\"},\"wordCount\":634,\"articleSection\":[\"a ) I Sandviken\",\"f) Motioner\"],\"inLanguage\":\"sv-SE\"},{\"@type\":\"WebPage\",\"@id\":\"https:\\\/\\\/wp.kristdemokraterna.se\\\/sandviken\\\/motion-ortsutvecklingsgrupp\\\/\",\"url\":\"https:\\\/\\\/wp.kristdemokraterna.se\\\/sandviken\\\/motion-ortsutvecklingsgrupp\\\/\",\"name\":\"Motion - Ortsutvecklingsgrupp - Kristdemokraterna Sandviken\",\"isPartOf\":{\"@id\":\"https:\\\/\\\/wp.kristdemokraterna.se\\\/sandviken\\\/#website\"},\"datePublished\":\"2022-09-19T17:22:17+00:00\",\"dateModified\":\"2024-12-23T18:39:20+00:00\",\"author\":{\"@id\":\"https:\\\/\\\/wp.kristdemokraterna.se\\\/sandviken\\\/#\\\/schema\\\/person\\\/d46e374f9aebfb76c84157434f7a0a9a\"},\"breadcrumb\":{\"@id\":\"https:\\\/\\\/wp.kristdemokraterna.se\\\/sandviken\\\/motion-ortsutvecklingsgrupp\\\/#breadcrumb\"},\"inLanguage\":\"sv-SE\",\"potentialAction\":[{\"@type\":\"ReadAction\",\"target\":[\"https:\\\/\\\/wp.kristdemokraterna.se\\\/sandviken\\\/motion-ortsutvecklingsgrupp\\\/\"]}]},{\"@type\":\"BreadcrumbList\",\"@id\":\"https:\\\/\\\/wp.kristdemokraterna.se\\\/sandviken\\\/motion-ortsutvecklingsgrupp\\\/#breadcrumb\",\"itemListElement\":[{\"@type\":\"ListItem\",\"position\":1,\"name\":\"Hem\",\"item\":\"https:\\\/\\\/wp.kristdemokraterna.se\\\/sandviken\\\/\"},{\"@type\":\"ListItem\",\"position\":2,\"name\":\"Motion &#8211; Ortsutvecklingsgrupp\"}]},{\"@type\":\"WebSite\",\"@id\":\"https:\\\/\\\/wp.kristdemokraterna.se\\\/sandviken\\\/#website\",\"url\":\"https:\\\/\\\/wp.kristdemokraterna.se\\\/sandviken\\\/\",\"name\":\"Kristdemokraterna Sandviken\",\"description\":\"Trygghet f\u00f6r livet!\",\"inLanguage\":\"sv-SE\"},{\"@type\":\"Person\",\"@id\":\"https:\\\/\\\/wp.kristdemokraterna.se\\\/sandviken\\\/#\\\/schema\\\/person\\\/d46e374f9aebfb76c84157434f7a0a9a\",\"name\":\"Nille\",\"image\":{\"@type\":\"ImageObject\",\"inLanguage\":\"sv-SE\",\"@id\":\"https:\\\/\\\/secure.gravatar.com\\\/avatar\\\/ab1896902a03ea9e6067acd05f3e16a396844716305e4781a447055d24f4b1dc?s=96&d=mm&r=g\",\"url\":\"https:\\\/\\\/secure.gravatar.com\\\/avatar\\\/ab1896902a03ea9e6067acd05f3e16a396844716305e4781a447055d24f4b1dc?s=96&d=mm&r=g\",\"contentUrl\":\"https:\\\/\\\/secure.gravatar.com\\\/avatar\\\/ab1896902a03ea9e6067acd05f3e16a396844716305e4781a447055d24f4b1dc?s=96&d=mm&r=g\",\"caption\":\"Nille\"},\"sameAs\":[\"Nille Wiklander\"],\"url\":\"https:\\\/\\\/wp.kristdemokraterna.se\\\/sandviken\\\/author\\\/nille\\\/\"}]}<\/script>\n<!-- \/ Yoast SEO plugin. -->","yoast_head_json":{"title":"Motion - Ortsutvecklingsgrupp - Kristdemokraterna Sandviken","robots":{"index":"index","follow":"follow","max-snippet":"max-snippet:-1","max-image-preview":"max-image-preview:large","max-video-preview":"max-video-preview:-1"},"canonical":"https:\/\/wp.kristdemokraterna.se\/sandviken\/motion-ortsutvecklingsgrupp\/","og_locale":"sv_SE","og_type":"article","og_title":"Motion - Ortsutvecklingsgrupp - Kristdemokraterna Sandviken","og_description":"Motion Ortsutvecklingsgrupp En Ortutvecklingsgrupps syfte \u00e4r att Demokratiskt tillvara kommuninv\u00e5narnas \u00e5sikteroch intressen samt stimulera intressen och engagemang. Att inv\u00e5narna i tidigt skede \u00e4r med i processerna som st\u00e4rker engagemanget och man k\u00e4nner en delaktighet och att Sandviken som kommun f\u00e5r en helhet, i st\u00e4llet f\u00f6r vi och dom \u2013 centralort mot \u00f6vriga orter.Ortutvecklingsgruppen best\u00e5r av L\u00e4s mer","og_url":"https:\/\/wp.kristdemokraterna.se\/sandviken\/motion-ortsutvecklingsgrupp\/","og_site_name":"Kristdemokraterna Sandviken","article_published_time":"2022-09-19T17:22:17+00:00","article_modified_time":"2024-12-23T18:39:20+00:00","author":"Nille","twitter_card":"summary_large_image","twitter_misc":{"Skriven av":"Nille","Ber\u00e4knad l\u00e4stid":"3 minuter"},"schema":{"@context":"https:\/\/schema.org","@graph":[{"@type":"Article","@id":"https:\/\/wp.kristdemokraterna.se\/sandviken\/motion-ortsutvecklingsgrupp\/#article","isPartOf":{"@id":"https:\/\/wp.kristdemokraterna.se\/sandviken\/motion-ortsutvecklingsgrupp\/"},"author":{"name":"Nille","@id":"https:\/\/wp.kristdemokraterna.se\/sandviken\/#\/schema\/person\/d46e374f9aebfb76c84157434f7a0a9a"},"headline":"Motion &#8211; Ortsutvecklingsgrupp","datePublished":"2022-09-19T17:22:17+00:00","dateModified":"2024-12-23T18:39:20+00:00","mainEntityOfPage":{"@id":"https:\/\/wp.kristdemokraterna.se\/sandviken\/motion-ortsutvecklingsgrupp\/"},"wordCount":634,"articleSection":["a ) I Sandviken","f) Motioner"],"inLanguage":"sv-SE"},{"@type":"WebPage","@id":"https:\/\/wp.kristdemokraterna.se\/sandviken\/motion-ortsutvecklingsgrupp\/","url":"https:\/\/wp.kristdemokraterna.se\/sandviken\/motion-ortsutvecklingsgrupp\/","name":"Motion - Ortsutvecklingsgrupp - Kristdemokraterna Sandviken","isPartOf":{"@id":"https:\/\/wp.kristdemokraterna.se\/sandviken\/#website"},"datePublished":"2022-09-19T17:22:17+00:00","dateModified":"2024-12-23T18:39:20+00:00","author":{"@id":"https:\/\/wp.kristdemokraterna.se\/sandviken\/#\/schema\/person\/d46e374f9aebfb76c84157434f7a0a9a"},"breadcrumb":{"@id":"https:\/\/wp.kristdemokraterna.se\/sandviken\/motion-ortsutvecklingsgrupp\/#breadcrumb"},"inLanguage":"sv-SE","potentialAction":[{"@type":"ReadAction","target":["https:\/\/wp.kristdemokraterna.se\/sandviken\/motion-ortsutvecklingsgrupp\/"]}]},{"@type":"BreadcrumbList","@id":"https:\/\/wp.kristdemokraterna.se\/sandviken\/motion-ortsutvecklingsgrupp\/#breadcrumb","itemListElement":[{"@type":"ListItem","position":1,"name":"Hem","item":"https:\/\/wp.kristdemokraterna.se\/sandviken\/"},{"@type":"ListItem","position":2,"name":"Motion &#8211; Ortsutvecklingsgrupp"}]},{"@type":"WebSite","@id":"https:\/\/wp.kristdemokraterna.se\/sandviken\/#website","url":"https:\/\/wp.kristdemokraterna.se\/sandviken\/","name":"Kristdemokraterna Sandviken","description":"Trygghet f\u00f6r livet!","inLanguage":"sv-SE"},{"@type":"Person","@id":"https:\/\/wp.kristdemokraterna.se\/sandviken\/#\/schema\/person\/d46e374f9aebfb76c84157434f7a0a9a","name":"Nille","image":{"@type":"ImageObject","inLanguage":"sv-SE","@id":"https:\/\/secure.gravatar.com\/avatar\/ab1896902a03ea9e6067acd05f3e16a396844716305e4781a447055d24f4b1dc?s=96&d=mm&r=g","url":"https:\/\/secure.gravatar.com\/avatar\/ab1896902a03ea9e6067acd05f3e16a396844716305e4781a447055d24f4b1dc?s=96&d=mm&r=g","contentUrl":"https:\/\/secure.gravatar.com\/avatar\/ab1896902a03ea9e6067acd05f3e16a396844716305e4781a447055d24f4b1dc?s=96&d=mm&r=g","caption":"Nille"},"sameAs":["Nille Wiklander"],"url":"https:\/\/wp.kristdemokraterna.se\/sandviken\/author\/nille\/"}]}},"_links":{"self":[{"href":"https:\/\/wp.kristdemokraterna.se\/sandviken\/wp-json\/wp\/v2\/posts\/1033","targetHints":{"allow":["GET"]}}],"collection":[{"href":"https:\/\/wp.kristdemokraterna.se\/sandviken\/wp-json\/wp\/v2\/posts"}],"about":[{"href":"https:\/\/wp.kristdemokraterna.se\/sandviken\/wp-json\/wp\/v2\/types\/post"}],"author":[{"embeddable":true,"href":"https:\/\/wp.kristdemokraterna.se\/sandviken\/wp-json\/wp\/v2\/users\/827"}],"replies":[{"embeddable":true,"href":"https:\/\/wp.kristdemokraterna.se\/sandviken\/wp-json\/wp\/v2\/comments?post=1033"}],"version-history":[{"count":1,"href":"https:\/\/wp.kristdemokraterna.se\/sandviken\/wp-json\/wp\/v2\/posts\/1033\/revisions"}],"predecessor-version":[{"id":1035,"href":"https:\/\/wp.kristdemokraterna.se\/sandviken\/wp-json\/wp\/v2\/posts\/1033\/revisions\/1035"}],"wp:attachment":[{"href":"https:\/\/wp.kristdemokraterna.se\/sandviken\/wp-json\/wp\/v2\/media?parent=1033"}],"wp:term":[{"taxonomy":"category","embeddable":true,"href":"https:\/\/wp.kristdemokraterna.se\/sandviken\/wp-json\/wp\/v2\/categories?post=1033"},{"taxonomy":"post_tag","embeddable":true,"href":"https:\/\/wp.kristdemokraterna.se\/sandviken\/wp-json\/wp\/v2\/tags?post=1033"}],"curies":[{"name":"wp","href":"https:\/\/api.w.org\/{rel}","templated":true}]}}