{"id":1036,"date":"2023-02-20T21:29:20","date_gmt":"2023-02-20T20:29:20","guid":{"rendered":"https:\/\/wp.kristdemokraterna.se\/sandviken\/?p=1036"},"modified":"2024-12-23T21:51:39","modified_gmt":"2024-12-23T20:51:39","slug":"motion-vald-i-nara-relationer","status":"publish","type":"post","link":"https:\/\/wp.kristdemokraterna.se\/sandviken\/motion-vald-i-nara-relationer\/","title":{"rendered":"Motion &#8211; V\u00e5ld i n\u00e4ra relationer"},"content":{"rendered":"<h3><span class=\"PSPDFKit-6sac9jfr3tkfj891p6bzuaurjz PSPDFKit-7ueugkc3n8r9d1x6ve8eyrzr1e PSPDFKit-7r92wqbyrypf78kb6d9dentg6f PSPDFKit-Text\"><span class=\"PSPDFKit-8eut5gztkfn71zukw49x824t2\" data-page-index=\"0\" data-textline-id=\"1\">Motion <\/span><\/span><\/h3>\n<h4><span class=\"PSPDFKit-6sac9jfr3tkfj891p6bzuaurjz PSPDFKit-7ueugkc3n8r9d1x6ve8eyrzr1e PSPDFKit-7r92wqbyrypf78kb6d9dentg6f PSPDFKit-Text\"><span class=\"PSPDFKit-8eut5gztkfn71zukw49x824t2\" data-page-index=\"0\" data-textline-id=\"3\">Utbildning av \u00e4ldre- och omsorgspersonal om v\u00e5ld i n\u00e4ra relationer bland \u00e4ldre<\/span><\/span><\/h4>\n<p><span class=\"PSPDFKit-6sac9jfr3tkfj891p6bzuaurjz PSPDFKit-7ueugkc3n8r9d1x6ve8eyrzr1e PSPDFKit-7r92wqbyrypf78kb6d9dentg6f PSPDFKit-Text\"><span class=\"PSPDFKit-8eut5gztkfn71zukw49x824t2\" data-page-index=\"0\" data-textline-id=\"4\">Fr\u00e5gan om v\u00e5ld i n\u00e4ra relationer \u00e4r viktig att lyfta fram och v\u00e5ga prata om. Det \u00e4r ocks\u00e5 <\/span><\/span><span class=\"PSPDFKit-6sac9jfr3tkfj891p6bzuaurjz PSPDFKit-7ueugkc3n8r9d1x6ve8eyrzr1e PSPDFKit-7r92wqbyrypf78kb6d9dentg6f PSPDFKit-Text\"><span class=\"PSPDFKit-8eut5gztkfn71zukw49x824t2\" data-page-index=\"0\" data-textline-id=\"5\">viktigt att det finns kunskap som g\u00f6r att samtalen inte bara blir prat utan leder till f\u00f6r\u00e4ndring.<\/span><\/span><span class=\"PSPDFKit-6sac9jfr3tkfj891p6bzuaurjz PSPDFKit-7ueugkc3n8r9d1x6ve8eyrzr1e PSPDFKit-7r92wqbyrypf78kb6d9dentg6f PSPDFKit-Text\"><span class=\"PSPDFKit-8eut5gztkfn71zukw49x824t2\" data-page-index=\"0\" data-textline-id=\"6\">Ett omr\u00e5de som f\u00f6rtj\u00e4nar mer uppm\u00e4rksamhet \u00e4r v\u00e5ld mot \u00e4ldre. Ett citat fr\u00e5n en<\/span><\/span><span class=\"PSPDFKit-6sac9jfr3tkfj891p6bzuaurjz PSPDFKit-7ueugkc3n8r9d1x6ve8eyrzr1e PSPDFKit-7r92wqbyrypf78kb6d9dentg6f PSPDFKit-Text\"><span class=\"PSPDFKit-8eut5gztkfn71zukw49x824t2\" data-page-index=\"0\" data-textline-id=\"7\">undersk\u00f6terska p\u00e5 Gotland sammanfattar problematiken v\u00e4ldigt v\u00e4l: \u201dVi inom hemtj\u00e4nsten<\/span><\/span><span class=\"PSPDFKit-6sac9jfr3tkfj891p6bzuaurjz PSPDFKit-7ueugkc3n8r9d1x6ve8eyrzr1e PSPDFKit-7r92wqbyrypf78kb6d9dentg6f PSPDFKit-Text\"><span class=\"PSPDFKit-8eut5gztkfn71zukw49x824t2\" data-page-index=\"0\" data-textline-id=\"8\">s\u00e5g saker som skedde i hemmen och som vi k\u00e4nde inte var r\u00e4tt. Det kunde handla om hur vi<\/span><\/span><span class=\"PSPDFKit-6sac9jfr3tkfj891p6bzuaurjz PSPDFKit-7ueugkc3n8r9d1x6ve8eyrzr1e PSPDFKit-7r92wqbyrypf78kb6d9dentg6f PSPDFKit-Text\"><span class=\"PSPDFKit-8eut5gztkfn71zukw49x824t2\" data-page-index=\"0\" data-textline-id=\"9\">upplevde relationen mellan gifta par eller att vi s\u00e5g bl\u00e5m\u00e4rken. Men vi visste aldrig vad vi<\/span><\/span><span class=\"PSPDFKit-6sac9jfr3tkfj891p6bzuaurjz PSPDFKit-7ueugkc3n8r9d1x6ve8eyrzr1e PSPDFKit-7r92wqbyrypf78kb6d9dentg6f PSPDFKit-Text\"><span class=\"PSPDFKit-8eut5gztkfn71zukw49x824t2\" data-page-index=\"0\" data-textline-id=\"10\">skulle g\u00f6ra. Vi stod handfallna.\u201d P\u00e5 Gotland har man sedan ca tio \u00e5r jobbat strukturerat med<\/span><\/span><span class=\"PSPDFKit-6sac9jfr3tkfj891p6bzuaurjz PSPDFKit-7ueugkc3n8r9d1x6ve8eyrzr1e PSPDFKit-7r92wqbyrypf78kb6d9dentg6f PSPDFKit-Text\"><span class=\"PSPDFKit-8eut5gztkfn71zukw49x824t2\" data-page-index=\"0\" data-textline-id=\"11\">dessa fr\u00e5gor och det togs fram en s\u00e4rskild plan \u2013 FREDA. Den syftade till att ge de anst\u00e4llda i<\/span><\/span><span class=\"PSPDFKit-6sac9jfr3tkfj891p6bzuaurjz PSPDFKit-7ueugkc3n8r9d1x6ve8eyrzr1e PSPDFKit-7r92wqbyrypf78kb6d9dentg6f PSPDFKit-Text\"><span class=\"PSPDFKit-8eut5gztkfn71zukw49x824t2\" data-page-index=\"0\" data-textline-id=\"12\">hemtj\u00e4nsten kunskap och verktyg f\u00f6r hur man ska agera om man misst\u00e4nker att n\u00e5gon brukare<\/span><\/span><span class=\"PSPDFKit-6sac9jfr3tkfj891p6bzuaurjz PSPDFKit-7ueugkc3n8r9d1x6ve8eyrzr1e PSPDFKit-7r92wqbyrypf78kb6d9dentg6f PSPDFKit-Text\"><span class=\"PSPDFKit-8eut5gztkfn71zukw49x824t2\" data-page-index=\"0\" data-textline-id=\"13\">uts\u00e4tts f\u00f6r v\u00e5ld.<\/span><\/span><span class=\"PSPDFKit-6sac9jfr3tkfj891p6bzuaurjz PSPDFKit-7ueugkc3n8r9d1x6ve8eyrzr1e PSPDFKit-7r92wqbyrypf78kb6d9dentg6f PSPDFKit-Text\"><span class=\"PSPDFKit-8eut5gztkfn71zukw49x824t2\" data-page-index=\"0\" data-textline-id=\"14\">Gotlands arbete har f\u00e5tt st\u00f6d av Socialstyrelsen och har \u00e4ven inspirerat m\u00e5nga andra<\/span><\/span><span class=\"PSPDFKit-6sac9jfr3tkfj891p6bzuaurjz PSPDFKit-7ueugkc3n8r9d1x6ve8eyrzr1e PSPDFKit-7r92wqbyrypf78kb6d9dentg6f PSPDFKit-Text\"><span class=\"PSPDFKit-8eut5gztkfn71zukw49x824t2\" data-page-index=\"0\" data-textline-id=\"15\">kommuner. Det finns ett behov av att ocks\u00e5 v\u00e5r kommun \u00f6kar ambitionen f\u00f6r att h\u00f6ja<\/span><\/span><span class=\"PSPDFKit-6sac9jfr3tkfj891p6bzuaurjz PSPDFKit-7ueugkc3n8r9d1x6ve8eyrzr1e PSPDFKit-7r92wqbyrypf78kb6d9dentg6f PSPDFKit-Text\"><span class=\"PSPDFKit-8eut5gztkfn71zukw49x824t2\" data-page-index=\"0\" data-textline-id=\"16\">kompetensen hos personal inom \u00e4ldre- och omsorgsverksamheten. Vi beh\u00f6ver en v\u00e4l<\/span><\/span><span class=\"PSPDFKit-6sac9jfr3tkfj891p6bzuaurjz PSPDFKit-7ueugkc3n8r9d1x6ve8eyrzr1e PSPDFKit-7r92wqbyrypf78kb6d9dentg6f PSPDFKit-Text\"><span class=\"PSPDFKit-8eut5gztkfn71zukw49x824t2\" data-page-index=\"0\" data-textline-id=\"17\">genomt\u00e4nkt intern struktur f\u00f6r att f\u00f6rb\u00e4ttra st\u00f6det till v\u00e5ldsutsatta \u00e4ldre och personer med<\/span><\/span><span class=\"PSPDFKit-6sac9jfr3tkfj891p6bzuaurjz PSPDFKit-7ueugkc3n8r9d1x6ve8eyrzr1e PSPDFKit-7r92wqbyrypf78kb6d9dentg6f PSPDFKit-Text\"><span class=\"PSPDFKit-8eut5gztkfn71zukw49x824t2\" data-page-index=\"0\" data-textline-id=\"18\">funktionsneds\u00e4ttningar.<\/span><\/span><span class=\"PSPDFKit-6sac9jfr3tkfj891p6bzuaurjz PSPDFKit-7ueugkc3n8r9d1x6ve8eyrzr1e PSPDFKit-7r92wqbyrypf78kb6d9dentg6f PSPDFKit-Text\"><span class=\"PSPDFKit-8eut5gztkfn71zukw49x824t2\" data-page-index=\"0\" data-textline-id=\"19\">I detta arbete \u00e4r det ocks\u00e5 viktigt att p\u00e5minna sig om att v\u00e5ldet kan finnas i olika former och<\/span><\/span><span class=\"PSPDFKit-6sac9jfr3tkfj891p6bzuaurjz PSPDFKit-7ueugkc3n8r9d1x6ve8eyrzr1e PSPDFKit-7r92wqbyrypf78kb6d9dentg6f PSPDFKit-Text\"><span class=\"PSPDFKit-8eut5gztkfn71zukw49x824t2\" data-page-index=\"0\" data-textline-id=\"20\">se olika ut. Oftast t\u00e4nker vi p\u00e5 kvinna som offer och mannen som f\u00f6r\u00f6vare. Men v\u00e5ldet kan<\/span><\/span><span class=\"PSPDFKit-6sac9jfr3tkfj891p6bzuaurjz PSPDFKit-7ueugkc3n8r9d1x6ve8eyrzr1e PSPDFKit-7r92wqbyrypf78kb6d9dentg6f PSPDFKit-Text\"><span class=\"PSPDFKit-8eut5gztkfn71zukw49x824t2\" data-page-index=\"0\" data-textline-id=\"21\">\u00e4ven g\u00e5 den motsatta v\u00e4gen, d\u00e4r det \u00e4r mannen som \u00e4r ett offer. N\u00e5got som Akillesjourerna<\/span><\/span><span class=\"PSPDFKit-6sac9jfr3tkfj891p6bzuaurjz PSPDFKit-7ueugkc3n8r9d1x6ve8eyrzr1e PSPDFKit-7r92wqbyrypf78kb6d9dentg6f PSPDFKit-Text\"><span class=\"PSPDFKit-8eut5gztkfn71zukw49x824t2\" data-page-index=\"0\" data-textline-id=\"22\">f\u00f6rs\u00f6ker att uppm\u00e4rksamma. V\u00e5ldet kan f\u00f6rst\u00e5s \u00e4ven f\u00f6rgifta en samk\u00f6nad relation. \u00c4ldre kan<\/span><\/span><span class=\"PSPDFKit-6sac9jfr3tkfj891p6bzuaurjz PSPDFKit-7ueugkc3n8r9d1x6ve8eyrzr1e PSPDFKit-7r92wqbyrypf78kb6d9dentg6f PSPDFKit-Text\"><span class=\"PSPDFKit-8eut5gztkfn71zukw49x824t2\" data-page-index=\"0\" data-textline-id=\"23\">ocks\u00e5 uts\u00e4ttas f\u00f6r v\u00e5ld av dennes yngre anh\u00f6riga. Det \u00e4r ocks\u00e5 viktigt att komma ih\u00e5g att v\u00e5ld<\/span><\/span><span class=\"PSPDFKit-6sac9jfr3tkfj891p6bzuaurjz PSPDFKit-7ueugkc3n8r9d1x6ve8eyrzr1e PSPDFKit-7r92wqbyrypf78kb6d9dentg6f PSPDFKit-Text\"><span class=\"PSPDFKit-8eut5gztkfn71zukw49x824t2\" data-page-index=\"0\" data-textline-id=\"24\">f\u00f6rekommer i olika former, exempelvis fysiskt, psykiskt, sexuellt och ekonomiskt v\u00e5ld. Det<\/span><\/span><span class=\"PSPDFKit-6sac9jfr3tkfj891p6bzuaurjz PSPDFKit-7ueugkc3n8r9d1x6ve8eyrzr1e PSPDFKit-7r92wqbyrypf78kb6d9dentg6f PSPDFKit-Text\"><span class=\"PSPDFKit-8eut5gztkfn71zukw49x824t2\" data-page-index=\"0\" data-textline-id=\"25\">finns fortfarande m\u00e5nga stereotypa f\u00f6rest\u00e4llningar som i sin tur bygger p\u00e5 bristande kunskap.<\/span><\/span><\/p>\n<p><span class=\"PSPDFKit-6sac9jfr3tkfj891p6bzuaurjz PSPDFKit-7ueugkc3n8r9d1x6ve8eyrzr1e PSPDFKit-7r92wqbyrypf78kb6d9dentg6f PSPDFKit-Text\"><span class=\"PSPDFKit-8eut5gztkfn71zukw49x824t2\" data-page-index=\"0\" data-textline-id=\"26\">Mot denna bakgrund \u00e4r det d\u00e4rf\u00f6r angel\u00e4get att Sandvikens kommun beslutar att:<br \/>\nTa fram en<\/span><\/span><span class=\"PSPDFKit-6sac9jfr3tkfj891p6bzuaurjz PSPDFKit-7ueugkc3n8r9d1x6ve8eyrzr1e PSPDFKit-7r92wqbyrypf78kb6d9dentg6f PSPDFKit-Text\"><span class=\"PSPDFKit-8eut5gztkfn71zukw49x824t2\" data-page-index=\"0\" data-textline-id=\"27\">utbildningsplan och h\u00f6ja kompetensen f\u00f6r personal inom \u00e4ldre och omsorgsverksamheterna<br \/>\n<\/span><\/span><span class=\"PSPDFKit-6sac9jfr3tkfj891p6bzuaurjz PSPDFKit-7ueugkc3n8r9d1x6ve8eyrzr1e PSPDFKit-7r92wqbyrypf78kb6d9dentg6f PSPDFKit-Text\"><span class=\"PSPDFKit-8eut5gztkfn71zukw49x824t2\" data-page-index=\"0\" data-textline-id=\"28\">inom fr\u00e5gor som r\u00f6r v\u00e5ld i n\u00e4ra relationer bland \u00e4ldre.<br \/>\n<\/span><\/span><\/p>\n<p><span class=\"PSPDFKit-6sac9jfr3tkfj891p6bzuaurjz PSPDFKit-7ueugkc3n8r9d1x6ve8eyrzr1e PSPDFKit-7r92wqbyrypf78kb6d9dentg6f PSPDFKit-Text\"><span class=\"PSPDFKit-8eut5gztkfn71zukw49x824t2\" data-page-index=\"0\" data-textline-id=\"29\">Kristdemokraterna i Sandviken<br \/>\n<\/span><\/span><span class=\"PSPDFKit-6sac9jfr3tkfj891p6bzuaurjz PSPDFKit-7ueugkc3n8r9d1x6ve8eyrzr1e PSPDFKit-7r92wqbyrypf78kb6d9dentg6f PSPDFKit-Text\"><span class=\"PSPDFKit-8eut5gztkfn71zukw49x824t2\" data-page-index=\"0\" data-textline-id=\"30\">Rebekka Markstr\u00f6m Jeanette Fors\u00e9n<br \/>\n<\/span><\/span><span class=\"PSPDFKit-6sac9jfr3tkfj891p6bzuaurjz PSPDFKit-7ueugkc3n8r9d1x6ve8eyrzr1e PSPDFKit-7r92wqbyrypf78kb6d9dentg6f PSPDFKit-Text\"><span class=\"PSPDFKit-8eut5gztkfn71zukw49x824t2\" data-page-index=\"0\" data-textline-id=\"31\">Sandviken i februari 2023<\/span><\/span><\/p>\n<p>===============================================<\/p>\n<p>2023-09-18<\/p>\n<p>Kommunfullm\u00e4ktige beslutar att anse motionen besvarad.<br \/>\nSammanfattning av \u00e4rendet<br \/>\nKristdemokraterna i Sandviken (KD), genom Rebekka Markstr\u00f6m och<br \/>\nJeanette Fors\u00e9n, har f\u00f6rfattat en motion till Kommunfullm\u00e4ktige (KF)<br \/>\nang\u00e5ende v\u00e5ld i n\u00e4ra relation hos \u00e4ldre, dnr KS2023\/128. KF beslutade<br \/>\n2023-02-20 att motionen ska besvaras senast september 2023. KF f\u00f6rv\u00e4ntar<br \/>\nsig svar fr\u00e5n omsorgsn\u00e4mnden senast 31 juli 2023.<br \/>\nKD beskriver i sitt \u00e4rende bland annat vikten av att lyfta fram och v\u00e5ga prata<br \/>\nom v\u00e5ld i n\u00e4ra relation, vikten av kunskap som g\u00f6r att samtalen kan leda till<br \/>\nf\u00f6r\u00e4ndring samt att ett omr\u00e5de som f\u00f6rtj\u00e4nar mer uppm\u00e4rksamhet \u00e4r v\u00e5ld<br \/>\nmot \u00e4ldre.<br \/>\nMot bakgrund av detta anser de att det \u00e4r angel\u00e4get att Sandvikens kommun<br \/>\nbeslutar att: Ta fram en utbildningsplan och h\u00f6ja kompetensen f\u00f6r personal<br \/>\ninom \u00e4ldre och omsorgsverksamheterna inom fr\u00e5gor som r\u00f6r v\u00e5ld i n\u00e4ra<br \/>\nrelationer bland \u00e4ldre.<\/p>\n<p><strong>Svar fr\u00e5n omsorgsf\u00f6rvaltningen<\/strong><br \/>\nOmsorgsf\u00f6rvaltningen i Sandvikens kommun deltar aktivt och kontinuerligt i<br \/>\nkommunens gemensamma n\u00e4tverk f\u00f6r samverkan f\u00f6r att f\u00f6rebygga v\u00e5ld i<br \/>\nn\u00e4ra relationer. F\u00f6rvaltningen har \u00e4ven deltagit i utbildningen \u201dEn kommun<br \/>\nfri fr\u00e5n v\u00e5ld\u201d som L\u00e4nsstyrelsen G\u00e4vleborg anordnade i samverkan med<br \/>\norganisationen M\u00c4N. Denna utbildning, som p\u00e5gick under \u00e5ren 2021\u20132022,<br \/>\nsyftade till att st\u00e4rka kommunens strategiska\u202fv\u00e5ldsf\u00f6rebyggande\u202farbete.<br \/>\nMedarbetare i omsorgsf\u00f6rvaltningen har \u00e4ven deltagit p\u00e5 en utbildning som<br \/>\nspecifikt behandlade v\u00e5ld i n\u00e4ra relationer bland \u00e4ldre.<br \/>\nSyftet med ovanst\u00e5ende arbete \u00e4r att etablera arbetsmetoder och tankes\u00e4tt<br \/>\nsom underl\u00e4ttar att uppt\u00e4cka och f\u00f6rebygga v\u00e5ld i n\u00e4ra relationer. P\u00e5 det<br \/>\nsenaste m\u00f6tet samtalades bland annat om det nya lagkravet som kr\u00e4ver st\u00f6rre<br \/>\ninsatser av kommunen vad g\u00e4ller brottsprevention.<\/p>\n<p>&nbsp;<\/p>\n","protected":false},"excerpt":{"rendered":"<p>Motion Utbildning av \u00e4ldre- och omsorgspersonal om v\u00e5ld i n\u00e4ra relationer bland \u00e4ldre Fr\u00e5gan om v\u00e5ld i n\u00e4ra relationer \u00e4r viktig att lyfta fram och v\u00e5ga prata om. Det \u00e4r ocks\u00e5 viktigt att det finns kunskap som g\u00f6r att samtalen inte bara blir prat utan leder till f\u00f6r\u00e4ndring.Ett omr\u00e5de som f\u00f6rtj\u00e4nar mer uppm\u00e4rksamhet \u00e4r v\u00e5ld <a class=\"read-more-link\" href=\"https:\/\/wp.kristdemokraterna.se\/sandviken\/motion-vald-i-nara-relationer\/\">L\u00e4s mer<\/a><\/p>\n","protected":false},"author":827,"featured_media":0,"comment_status":"closed","ping_status":"closed","sticky":false,"template":"","format":"standard","meta":{"_acf_changed":false,"footnotes":""},"categories":[36,31],"tags":[],"class_list":["post-1036","post","type-post","status-publish","format-standard","hentry","category-i-sandviken","category-motioner"],"acf":[],"yoast_head":"<!-- This site is optimized with the Yoast SEO plugin v27.4 - https:\/\/yoast.com\/product\/yoast-seo-wordpress\/ -->\n<title>Motion - V\u00e5ld i n\u00e4ra relationer - Kristdemokraterna Sandviken<\/title>\n<meta name=\"robots\" content=\"index, follow, max-snippet:-1, max-image-preview:large, max-video-preview:-1\" \/>\n<link rel=\"canonical\" href=\"https:\/\/wp.kristdemokraterna.se\/sandviken\/motion-vald-i-nara-relationer\/\" \/>\n<meta property=\"og:locale\" content=\"sv_SE\" \/>\n<meta property=\"og:type\" content=\"article\" \/>\n<meta property=\"og:title\" content=\"Motion - V\u00e5ld i n\u00e4ra relationer - Kristdemokraterna Sandviken\" \/>\n<meta property=\"og:description\" content=\"Motion Utbildning av \u00e4ldre- och omsorgspersonal om v\u00e5ld i n\u00e4ra relationer bland \u00e4ldre Fr\u00e5gan om v\u00e5ld i n\u00e4ra relationer \u00e4r viktig att lyfta fram och v\u00e5ga prata om. Det \u00e4r ocks\u00e5 viktigt att det finns kunskap som g\u00f6r att samtalen inte bara blir prat utan leder till f\u00f6r\u00e4ndring.Ett omr\u00e5de som f\u00f6rtj\u00e4nar mer uppm\u00e4rksamhet \u00e4r v\u00e5ld L\u00e4s mer\" \/>\n<meta property=\"og:url\" content=\"https:\/\/wp.kristdemokraterna.se\/sandviken\/motion-vald-i-nara-relationer\/\" \/>\n<meta property=\"og:site_name\" content=\"Kristdemokraterna Sandviken\" \/>\n<meta property=\"article:published_time\" content=\"2023-02-20T20:29:20+00:00\" \/>\n<meta property=\"article:modified_time\" content=\"2024-12-23T20:51:39+00:00\" \/>\n<meta name=\"author\" content=\"Nille\" \/>\n<meta name=\"twitter:card\" content=\"summary_large_image\" \/>\n<meta name=\"twitter:label1\" content=\"Skriven av\" \/>\n\t<meta name=\"twitter:data1\" content=\"Nille\" \/>\n\t<meta name=\"twitter:label2\" content=\"Ber\u00e4knad l\u00e4stid\" \/>\n\t<meta name=\"twitter:data2\" content=\"4 minuter\" \/>\n<script type=\"application\/ld+json\" class=\"yoast-schema-graph\">{\"@context\":\"https:\\\/\\\/schema.org\",\"@graph\":[{\"@type\":\"Article\",\"@id\":\"https:\\\/\\\/wp.kristdemokraterna.se\\\/sandviken\\\/motion-vald-i-nara-relationer\\\/#article\",\"isPartOf\":{\"@id\":\"https:\\\/\\\/wp.kristdemokraterna.se\\\/sandviken\\\/motion-vald-i-nara-relationer\\\/\"},\"author\":{\"name\":\"Nille\",\"@id\":\"https:\\\/\\\/wp.kristdemokraterna.se\\\/sandviken\\\/#\\\/schema\\\/person\\\/d46e374f9aebfb76c84157434f7a0a9a\"},\"headline\":\"Motion &#8211; V\u00e5ld i n\u00e4ra relationer\",\"datePublished\":\"2023-02-20T20:29:20+00:00\",\"dateModified\":\"2024-12-23T20:51:39+00:00\",\"mainEntityOfPage\":{\"@id\":\"https:\\\/\\\/wp.kristdemokraterna.se\\\/sandviken\\\/motion-vald-i-nara-relationer\\\/\"},\"wordCount\":778,\"articleSection\":[\"a ) I Sandviken\",\"f) Motioner\"],\"inLanguage\":\"sv-SE\"},{\"@type\":\"WebPage\",\"@id\":\"https:\\\/\\\/wp.kristdemokraterna.se\\\/sandviken\\\/motion-vald-i-nara-relationer\\\/\",\"url\":\"https:\\\/\\\/wp.kristdemokraterna.se\\\/sandviken\\\/motion-vald-i-nara-relationer\\\/\",\"name\":\"Motion - V\u00e5ld i n\u00e4ra relationer - Kristdemokraterna Sandviken\",\"isPartOf\":{\"@id\":\"https:\\\/\\\/wp.kristdemokraterna.se\\\/sandviken\\\/#website\"},\"datePublished\":\"2023-02-20T20:29:20+00:00\",\"dateModified\":\"2024-12-23T20:51:39+00:00\",\"author\":{\"@id\":\"https:\\\/\\\/wp.kristdemokraterna.se\\\/sandviken\\\/#\\\/schema\\\/person\\\/d46e374f9aebfb76c84157434f7a0a9a\"},\"breadcrumb\":{\"@id\":\"https:\\\/\\\/wp.kristdemokraterna.se\\\/sandviken\\\/motion-vald-i-nara-relationer\\\/#breadcrumb\"},\"inLanguage\":\"sv-SE\",\"potentialAction\":[{\"@type\":\"ReadAction\",\"target\":[\"https:\\\/\\\/wp.kristdemokraterna.se\\\/sandviken\\\/motion-vald-i-nara-relationer\\\/\"]}]},{\"@type\":\"BreadcrumbList\",\"@id\":\"https:\\\/\\\/wp.kristdemokraterna.se\\\/sandviken\\\/motion-vald-i-nara-relationer\\\/#breadcrumb\",\"itemListElement\":[{\"@type\":\"ListItem\",\"position\":1,\"name\":\"Hem\",\"item\":\"https:\\\/\\\/wp.kristdemokraterna.se\\\/sandviken\\\/\"},{\"@type\":\"ListItem\",\"position\":2,\"name\":\"Motion &#8211; V\u00e5ld i n\u00e4ra relationer\"}]},{\"@type\":\"WebSite\",\"@id\":\"https:\\\/\\\/wp.kristdemokraterna.se\\\/sandviken\\\/#website\",\"url\":\"https:\\\/\\\/wp.kristdemokraterna.se\\\/sandviken\\\/\",\"name\":\"Kristdemokraterna Sandviken\",\"description\":\"Trygghet f\u00f6r livet!\",\"inLanguage\":\"sv-SE\"},{\"@type\":\"Person\",\"@id\":\"https:\\\/\\\/wp.kristdemokraterna.se\\\/sandviken\\\/#\\\/schema\\\/person\\\/d46e374f9aebfb76c84157434f7a0a9a\",\"name\":\"Nille\",\"image\":{\"@type\":\"ImageObject\",\"inLanguage\":\"sv-SE\",\"@id\":\"https:\\\/\\\/secure.gravatar.com\\\/avatar\\\/ab1896902a03ea9e6067acd05f3e16a396844716305e4781a447055d24f4b1dc?s=96&d=mm&r=g\",\"url\":\"https:\\\/\\\/secure.gravatar.com\\\/avatar\\\/ab1896902a03ea9e6067acd05f3e16a396844716305e4781a447055d24f4b1dc?s=96&d=mm&r=g\",\"contentUrl\":\"https:\\\/\\\/secure.gravatar.com\\\/avatar\\\/ab1896902a03ea9e6067acd05f3e16a396844716305e4781a447055d24f4b1dc?s=96&d=mm&r=g\",\"caption\":\"Nille\"},\"sameAs\":[\"Nille Wiklander\"],\"url\":\"https:\\\/\\\/wp.kristdemokraterna.se\\\/sandviken\\\/author\\\/nille\\\/\"}]}<\/script>\n<!-- \/ Yoast SEO plugin. -->","yoast_head_json":{"title":"Motion - V\u00e5ld i n\u00e4ra relationer - Kristdemokraterna Sandviken","robots":{"index":"index","follow":"follow","max-snippet":"max-snippet:-1","max-image-preview":"max-image-preview:large","max-video-preview":"max-video-preview:-1"},"canonical":"https:\/\/wp.kristdemokraterna.se\/sandviken\/motion-vald-i-nara-relationer\/","og_locale":"sv_SE","og_type":"article","og_title":"Motion - V\u00e5ld i n\u00e4ra relationer - Kristdemokraterna Sandviken","og_description":"Motion Utbildning av \u00e4ldre- och omsorgspersonal om v\u00e5ld i n\u00e4ra relationer bland \u00e4ldre Fr\u00e5gan om v\u00e5ld i n\u00e4ra relationer \u00e4r viktig att lyfta fram och v\u00e5ga prata om. Det \u00e4r ocks\u00e5 viktigt att det finns kunskap som g\u00f6r att samtalen inte bara blir prat utan leder till f\u00f6r\u00e4ndring.Ett omr\u00e5de som f\u00f6rtj\u00e4nar mer uppm\u00e4rksamhet \u00e4r v\u00e5ld L\u00e4s mer","og_url":"https:\/\/wp.kristdemokraterna.se\/sandviken\/motion-vald-i-nara-relationer\/","og_site_name":"Kristdemokraterna Sandviken","article_published_time":"2023-02-20T20:29:20+00:00","article_modified_time":"2024-12-23T20:51:39+00:00","author":"Nille","twitter_card":"summary_large_image","twitter_misc":{"Skriven av":"Nille","Ber\u00e4knad l\u00e4stid":"4 minuter"},"schema":{"@context":"https:\/\/schema.org","@graph":[{"@type":"Article","@id":"https:\/\/wp.kristdemokraterna.se\/sandviken\/motion-vald-i-nara-relationer\/#article","isPartOf":{"@id":"https:\/\/wp.kristdemokraterna.se\/sandviken\/motion-vald-i-nara-relationer\/"},"author":{"name":"Nille","@id":"https:\/\/wp.kristdemokraterna.se\/sandviken\/#\/schema\/person\/d46e374f9aebfb76c84157434f7a0a9a"},"headline":"Motion &#8211; V\u00e5ld i n\u00e4ra relationer","datePublished":"2023-02-20T20:29:20+00:00","dateModified":"2024-12-23T20:51:39+00:00","mainEntityOfPage":{"@id":"https:\/\/wp.kristdemokraterna.se\/sandviken\/motion-vald-i-nara-relationer\/"},"wordCount":778,"articleSection":["a ) I Sandviken","f) Motioner"],"inLanguage":"sv-SE"},{"@type":"WebPage","@id":"https:\/\/wp.kristdemokraterna.se\/sandviken\/motion-vald-i-nara-relationer\/","url":"https:\/\/wp.kristdemokraterna.se\/sandviken\/motion-vald-i-nara-relationer\/","name":"Motion - V\u00e5ld i n\u00e4ra relationer - Kristdemokraterna Sandviken","isPartOf":{"@id":"https:\/\/wp.kristdemokraterna.se\/sandviken\/#website"},"datePublished":"2023-02-20T20:29:20+00:00","dateModified":"2024-12-23T20:51:39+00:00","author":{"@id":"https:\/\/wp.kristdemokraterna.se\/sandviken\/#\/schema\/person\/d46e374f9aebfb76c84157434f7a0a9a"},"breadcrumb":{"@id":"https:\/\/wp.kristdemokraterna.se\/sandviken\/motion-vald-i-nara-relationer\/#breadcrumb"},"inLanguage":"sv-SE","potentialAction":[{"@type":"ReadAction","target":["https:\/\/wp.kristdemokraterna.se\/sandviken\/motion-vald-i-nara-relationer\/"]}]},{"@type":"BreadcrumbList","@id":"https:\/\/wp.kristdemokraterna.se\/sandviken\/motion-vald-i-nara-relationer\/#breadcrumb","itemListElement":[{"@type":"ListItem","position":1,"name":"Hem","item":"https:\/\/wp.kristdemokraterna.se\/sandviken\/"},{"@type":"ListItem","position":2,"name":"Motion &#8211; V\u00e5ld i n\u00e4ra relationer"}]},{"@type":"WebSite","@id":"https:\/\/wp.kristdemokraterna.se\/sandviken\/#website","url":"https:\/\/wp.kristdemokraterna.se\/sandviken\/","name":"Kristdemokraterna Sandviken","description":"Trygghet f\u00f6r livet!","inLanguage":"sv-SE"},{"@type":"Person","@id":"https:\/\/wp.kristdemokraterna.se\/sandviken\/#\/schema\/person\/d46e374f9aebfb76c84157434f7a0a9a","name":"Nille","image":{"@type":"ImageObject","inLanguage":"sv-SE","@id":"https:\/\/secure.gravatar.com\/avatar\/ab1896902a03ea9e6067acd05f3e16a396844716305e4781a447055d24f4b1dc?s=96&d=mm&r=g","url":"https:\/\/secure.gravatar.com\/avatar\/ab1896902a03ea9e6067acd05f3e16a396844716305e4781a447055d24f4b1dc?s=96&d=mm&r=g","contentUrl":"https:\/\/secure.gravatar.com\/avatar\/ab1896902a03ea9e6067acd05f3e16a396844716305e4781a447055d24f4b1dc?s=96&d=mm&r=g","caption":"Nille"},"sameAs":["Nille Wiklander"],"url":"https:\/\/wp.kristdemokraterna.se\/sandviken\/author\/nille\/"}]}},"_links":{"self":[{"href":"https:\/\/wp.kristdemokraterna.se\/sandviken\/wp-json\/wp\/v2\/posts\/1036","targetHints":{"allow":["GET"]}}],"collection":[{"href":"https:\/\/wp.kristdemokraterna.se\/sandviken\/wp-json\/wp\/v2\/posts"}],"about":[{"href":"https:\/\/wp.kristdemokraterna.se\/sandviken\/wp-json\/wp\/v2\/types\/post"}],"author":[{"embeddable":true,"href":"https:\/\/wp.kristdemokraterna.se\/sandviken\/wp-json\/wp\/v2\/users\/827"}],"replies":[{"embeddable":true,"href":"https:\/\/wp.kristdemokraterna.se\/sandviken\/wp-json\/wp\/v2\/comments?post=1036"}],"version-history":[{"count":2,"href":"https:\/\/wp.kristdemokraterna.se\/sandviken\/wp-json\/wp\/v2\/posts\/1036\/revisions"}],"predecessor-version":[{"id":1040,"href":"https:\/\/wp.kristdemokraterna.se\/sandviken\/wp-json\/wp\/v2\/posts\/1036\/revisions\/1040"}],"wp:attachment":[{"href":"https:\/\/wp.kristdemokraterna.se\/sandviken\/wp-json\/wp\/v2\/media?parent=1036"}],"wp:term":[{"taxonomy":"category","embeddable":true,"href":"https:\/\/wp.kristdemokraterna.se\/sandviken\/wp-json\/wp\/v2\/categories?post=1036"},{"taxonomy":"post_tag","embeddable":true,"href":"https:\/\/wp.kristdemokraterna.se\/sandviken\/wp-json\/wp\/v2\/tags?post=1036"}],"curies":[{"name":"wp","href":"https:\/\/api.w.org\/{rel}","templated":true}]}}