{"id":569,"date":"2018-08-17T10:08:53","date_gmt":"2018-08-17T08:08:53","guid":{"rendered":"http:\/\/wp.kristdemokraterna.se\/sandviken\/?p=569"},"modified":"2024-12-09T13:04:37","modified_gmt":"2024-12-09T12:04:37","slug":"ligger-sandvikens-gymnasieskola-i-fas-med-antalet-elever","status":"publish","type":"post","link":"https:\/\/wp.kristdemokraterna.se\/sandviken\/ligger-sandvikens-gymnasieskola-i-fas-med-antalet-elever\/","title":{"rendered":"Ins\u00e4ndare- Ligger Sandvikens gymnasieskola i fas med antalet elever?"},"content":{"rendered":"<h3>Ins\u00e4ndare- Ligger Sandvikens gymnasieskola i fas med antalet elever?<\/h3>\n<p>Den fr\u00e5gan kan man st\u00e4lla sig n\u00e4r det kommer signaler fr\u00e5n Sandvikens grundskolors Studie och yrkesv\u00e4gledare d\u00e4r man ber\u00e4ttar att elever med beh\u00f6righet inte f\u00e5r plats inom gymnasieskolan. Vissa elever f\u00e5r inte plats p\u00e5 den utbildning man s\u00f6kt utan slussas ist\u00e4llet \u00f6ver till andra program som \u00f6verhuvudtaget inte st\u00e4mmer \u00f6verrens med elevens \u00f6nskem\u00e5l eller f\u00f6rm\u00e5gor. Elever som k\u00e4mpat f\u00f6r att n\u00e5 meritpo\u00e4ngen till ett visst program och klarat detta, kanske med hj\u00e4lp av sommarskola, f\u00e5r \u00e4nd\u00e5 inte n\u00e5gon plats d\u00e5 utbildningen \u00e4r full. N\u00e5gra elever h\u00e4nvisas till G\u00e4vle. Det finns ocks\u00e5 elever som inte vet vad man ska ta v\u00e4gen, ingen plats i gymnasieskolan.<\/p>\n<p>Det man fr\u00e5gar sig \u00e4r om Sandvikens Kunskapsf\u00f6rvaltning inte alls har n\u00e5gon framf\u00f6rh\u00e5llning i antalet elever som kommer att s\u00f6ka till gymnasiets olika program??<\/p>\n<p>Hur stora kullar som g\u00e5r ut fr\u00e5n grundskolorna??<\/p>\n<p>Ungdomarna \u00e4r v\u00e5r framtid, gl\u00f6m inte detta. H\u00e4r kan vi inte \u00e5terigen skylla p\u00e5 resursbrist.<\/p>\n<p>Ta ansvar f\u00f6r v\u00e5r framtid, \u00a0ta ansvar f\u00f6r v\u00e5ra barn och ungdomars r\u00e4tt till god utbildning.<\/p>\n<p>Majvor Lisselg, Toppkandidat till Kommunfullm\u00e4ktige<\/p>\n","protected":false},"excerpt":{"rendered":"<p>Ins\u00e4ndare- Ligger Sandvikens gymnasieskola i fas med antalet elever? Den fr\u00e5gan kan man st\u00e4lla sig n\u00e4r det kommer signaler fr\u00e5n Sandvikens grundskolors Studie och yrkesv\u00e4gledare d\u00e4r man ber\u00e4ttar att elever med beh\u00f6righet inte f\u00e5r plats inom gymnasieskolan. Vissa elever f\u00e5r inte plats p\u00e5 den utbildning man s\u00f6kt utan slussas ist\u00e4llet \u00f6ver till andra program som <a class=\"read-more-link\" href=\"https:\/\/wp.kristdemokraterna.se\/sandviken\/ligger-sandvikens-gymnasieskola-i-fas-med-antalet-elever\/\">L\u00e4s mer<\/a><\/p>\n","protected":false},"author":432,"featured_media":0,"comment_status":"closed","ping_status":"closed","sticky":false,"template":"","format":"standard","meta":{"_acf_changed":false,"footnotes":""},"categories":[36,35],"tags":[],"class_list":["post-569","post","type-post","status-publish","format-standard","hentry","category-i-sandviken","category-insandare"],"acf":[],"yoast_head":"<!-- This site is optimized with the Yoast SEO plugin v27.4 - https:\/\/yoast.com\/product\/yoast-seo-wordpress\/ -->\n<title>Ins\u00e4ndare- Ligger Sandvikens gymnasieskola i fas med antalet elever? - Kristdemokraterna Sandviken<\/title>\n<meta name=\"robots\" content=\"index, follow, max-snippet:-1, max-image-preview:large, max-video-preview:-1\" \/>\n<link rel=\"canonical\" href=\"https:\/\/wp.kristdemokraterna.se\/sandviken\/ligger-sandvikens-gymnasieskola-i-fas-med-antalet-elever\/\" \/>\n<meta property=\"og:locale\" content=\"sv_SE\" \/>\n<meta property=\"og:type\" content=\"article\" \/>\n<meta property=\"og:title\" content=\"Ins\u00e4ndare- Ligger Sandvikens gymnasieskola i fas med antalet elever? - Kristdemokraterna Sandviken\" \/>\n<meta property=\"og:description\" content=\"Ins\u00e4ndare- Ligger Sandvikens gymnasieskola i fas med antalet elever? Den fr\u00e5gan kan man st\u00e4lla sig n\u00e4r det kommer signaler fr\u00e5n Sandvikens grundskolors Studie och yrkesv\u00e4gledare d\u00e4r man ber\u00e4ttar att elever med beh\u00f6righet inte f\u00e5r plats inom gymnasieskolan. Vissa elever f\u00e5r inte plats p\u00e5 den utbildning man s\u00f6kt utan slussas ist\u00e4llet \u00f6ver till andra program som L\u00e4s mer\" \/>\n<meta property=\"og:url\" content=\"https:\/\/wp.kristdemokraterna.se\/sandviken\/ligger-sandvikens-gymnasieskola-i-fas-med-antalet-elever\/\" \/>\n<meta property=\"og:site_name\" content=\"Kristdemokraterna Sandviken\" \/>\n<meta property=\"article:published_time\" content=\"2018-08-17T08:08:53+00:00\" \/>\n<meta property=\"article:modified_time\" content=\"2024-12-09T12:04:37+00:00\" \/>\n<meta name=\"author\" content=\"sandviken\" \/>\n<meta name=\"twitter:card\" content=\"summary_large_image\" \/>\n<meta name=\"twitter:label1\" content=\"Skriven av\" \/>\n\t<meta name=\"twitter:data1\" content=\"sandviken\" \/>\n\t<meta name=\"twitter:label2\" content=\"Ber\u00e4knad l\u00e4stid\" \/>\n\t<meta name=\"twitter:data2\" content=\"1 minut\" \/>\n<script type=\"application\/ld+json\" class=\"yoast-schema-graph\">{\"@context\":\"https:\\\/\\\/schema.org\",\"@graph\":[{\"@type\":\"Article\",\"@id\":\"https:\\\/\\\/wp.kristdemokraterna.se\\\/sandviken\\\/ligger-sandvikens-gymnasieskola-i-fas-med-antalet-elever\\\/#article\",\"isPartOf\":{\"@id\":\"https:\\\/\\\/wp.kristdemokraterna.se\\\/sandviken\\\/ligger-sandvikens-gymnasieskola-i-fas-med-antalet-elever\\\/\"},\"author\":{\"name\":\"sandviken\",\"@id\":\"https:\\\/\\\/wp.kristdemokraterna.se\\\/sandviken\\\/#\\\/schema\\\/person\\\/c2b332d3f7af9932491b335892763859\"},\"headline\":\"Ins\u00e4ndare- Ligger Sandvikens gymnasieskola i fas med antalet elever?\",\"datePublished\":\"2018-08-17T08:08:53+00:00\",\"dateModified\":\"2024-12-09T12:04:37+00:00\",\"mainEntityOfPage\":{\"@id\":\"https:\\\/\\\/wp.kristdemokraterna.se\\\/sandviken\\\/ligger-sandvikens-gymnasieskola-i-fas-med-antalet-elever\\\/\"},\"wordCount\":235,\"articleSection\":[\"a ) I Sandviken\",\"b) Ins\u00e4ndare\"],\"inLanguage\":\"sv-SE\"},{\"@type\":\"WebPage\",\"@id\":\"https:\\\/\\\/wp.kristdemokraterna.se\\\/sandviken\\\/ligger-sandvikens-gymnasieskola-i-fas-med-antalet-elever\\\/\",\"url\":\"https:\\\/\\\/wp.kristdemokraterna.se\\\/sandviken\\\/ligger-sandvikens-gymnasieskola-i-fas-med-antalet-elever\\\/\",\"name\":\"Ins\u00e4ndare- Ligger Sandvikens gymnasieskola i fas med antalet elever? - Kristdemokraterna Sandviken\",\"isPartOf\":{\"@id\":\"https:\\\/\\\/wp.kristdemokraterna.se\\\/sandviken\\\/#website\"},\"datePublished\":\"2018-08-17T08:08:53+00:00\",\"dateModified\":\"2024-12-09T12:04:37+00:00\",\"author\":{\"@id\":\"https:\\\/\\\/wp.kristdemokraterna.se\\\/sandviken\\\/#\\\/schema\\\/person\\\/c2b332d3f7af9932491b335892763859\"},\"breadcrumb\":{\"@id\":\"https:\\\/\\\/wp.kristdemokraterna.se\\\/sandviken\\\/ligger-sandvikens-gymnasieskola-i-fas-med-antalet-elever\\\/#breadcrumb\"},\"inLanguage\":\"sv-SE\",\"potentialAction\":[{\"@type\":\"ReadAction\",\"target\":[\"https:\\\/\\\/wp.kristdemokraterna.se\\\/sandviken\\\/ligger-sandvikens-gymnasieskola-i-fas-med-antalet-elever\\\/\"]}]},{\"@type\":\"BreadcrumbList\",\"@id\":\"https:\\\/\\\/wp.kristdemokraterna.se\\\/sandviken\\\/ligger-sandvikens-gymnasieskola-i-fas-med-antalet-elever\\\/#breadcrumb\",\"itemListElement\":[{\"@type\":\"ListItem\",\"position\":1,\"name\":\"Hem\",\"item\":\"https:\\\/\\\/wp.kristdemokraterna.se\\\/sandviken\\\/\"},{\"@type\":\"ListItem\",\"position\":2,\"name\":\"Ins\u00e4ndare- Ligger Sandvikens gymnasieskola i fas med antalet elever?\"}]},{\"@type\":\"WebSite\",\"@id\":\"https:\\\/\\\/wp.kristdemokraterna.se\\\/sandviken\\\/#website\",\"url\":\"https:\\\/\\\/wp.kristdemokraterna.se\\\/sandviken\\\/\",\"name\":\"Kristdemokraterna Sandviken\",\"description\":\"Trygghet f\u00f6r livet!\",\"inLanguage\":\"sv-SE\"},{\"@type\":\"Person\",\"@id\":\"https:\\\/\\\/wp.kristdemokraterna.se\\\/sandviken\\\/#\\\/schema\\\/person\\\/c2b332d3f7af9932491b335892763859\",\"name\":\"sandviken\",\"image\":{\"@type\":\"ImageObject\",\"inLanguage\":\"sv-SE\",\"@id\":\"https:\\\/\\\/secure.gravatar.com\\\/avatar\\\/8995ff52e47cc5be49606159ccd40a42cdf7e0728f83c8a4fab5e732824505af?s=96&d=mm&r=g\",\"url\":\"https:\\\/\\\/secure.gravatar.com\\\/avatar\\\/8995ff52e47cc5be49606159ccd40a42cdf7e0728f83c8a4fab5e732824505af?s=96&d=mm&r=g\",\"contentUrl\":\"https:\\\/\\\/secure.gravatar.com\\\/avatar\\\/8995ff52e47cc5be49606159ccd40a42cdf7e0728f83c8a4fab5e732824505af?s=96&d=mm&r=g\",\"caption\":\"sandviken\"},\"url\":\"https:\\\/\\\/wp.kristdemokraterna.se\\\/sandviken\\\/author\\\/sandviken\\\/\"}]}<\/script>\n<!-- \/ Yoast SEO plugin. -->","yoast_head_json":{"title":"Ins\u00e4ndare- Ligger Sandvikens gymnasieskola i fas med antalet elever? - Kristdemokraterna Sandviken","robots":{"index":"index","follow":"follow","max-snippet":"max-snippet:-1","max-image-preview":"max-image-preview:large","max-video-preview":"max-video-preview:-1"},"canonical":"https:\/\/wp.kristdemokraterna.se\/sandviken\/ligger-sandvikens-gymnasieskola-i-fas-med-antalet-elever\/","og_locale":"sv_SE","og_type":"article","og_title":"Ins\u00e4ndare- Ligger Sandvikens gymnasieskola i fas med antalet elever? - Kristdemokraterna Sandviken","og_description":"Ins\u00e4ndare- Ligger Sandvikens gymnasieskola i fas med antalet elever? Den fr\u00e5gan kan man st\u00e4lla sig n\u00e4r det kommer signaler fr\u00e5n Sandvikens grundskolors Studie och yrkesv\u00e4gledare d\u00e4r man ber\u00e4ttar att elever med beh\u00f6righet inte f\u00e5r plats inom gymnasieskolan. Vissa elever f\u00e5r inte plats p\u00e5 den utbildning man s\u00f6kt utan slussas ist\u00e4llet \u00f6ver till andra program som L\u00e4s mer","og_url":"https:\/\/wp.kristdemokraterna.se\/sandviken\/ligger-sandvikens-gymnasieskola-i-fas-med-antalet-elever\/","og_site_name":"Kristdemokraterna Sandviken","article_published_time":"2018-08-17T08:08:53+00:00","article_modified_time":"2024-12-09T12:04:37+00:00","author":"sandviken","twitter_card":"summary_large_image","twitter_misc":{"Skriven av":"sandviken","Ber\u00e4knad l\u00e4stid":"1 minut"},"schema":{"@context":"https:\/\/schema.org","@graph":[{"@type":"Article","@id":"https:\/\/wp.kristdemokraterna.se\/sandviken\/ligger-sandvikens-gymnasieskola-i-fas-med-antalet-elever\/#article","isPartOf":{"@id":"https:\/\/wp.kristdemokraterna.se\/sandviken\/ligger-sandvikens-gymnasieskola-i-fas-med-antalet-elever\/"},"author":{"name":"sandviken","@id":"https:\/\/wp.kristdemokraterna.se\/sandviken\/#\/schema\/person\/c2b332d3f7af9932491b335892763859"},"headline":"Ins\u00e4ndare- Ligger Sandvikens gymnasieskola i fas med antalet elever?","datePublished":"2018-08-17T08:08:53+00:00","dateModified":"2024-12-09T12:04:37+00:00","mainEntityOfPage":{"@id":"https:\/\/wp.kristdemokraterna.se\/sandviken\/ligger-sandvikens-gymnasieskola-i-fas-med-antalet-elever\/"},"wordCount":235,"articleSection":["a ) I Sandviken","b) Ins\u00e4ndare"],"inLanguage":"sv-SE"},{"@type":"WebPage","@id":"https:\/\/wp.kristdemokraterna.se\/sandviken\/ligger-sandvikens-gymnasieskola-i-fas-med-antalet-elever\/","url":"https:\/\/wp.kristdemokraterna.se\/sandviken\/ligger-sandvikens-gymnasieskola-i-fas-med-antalet-elever\/","name":"Ins\u00e4ndare- Ligger Sandvikens gymnasieskola i fas med antalet elever? - Kristdemokraterna Sandviken","isPartOf":{"@id":"https:\/\/wp.kristdemokraterna.se\/sandviken\/#website"},"datePublished":"2018-08-17T08:08:53+00:00","dateModified":"2024-12-09T12:04:37+00:00","author":{"@id":"https:\/\/wp.kristdemokraterna.se\/sandviken\/#\/schema\/person\/c2b332d3f7af9932491b335892763859"},"breadcrumb":{"@id":"https:\/\/wp.kristdemokraterna.se\/sandviken\/ligger-sandvikens-gymnasieskola-i-fas-med-antalet-elever\/#breadcrumb"},"inLanguage":"sv-SE","potentialAction":[{"@type":"ReadAction","target":["https:\/\/wp.kristdemokraterna.se\/sandviken\/ligger-sandvikens-gymnasieskola-i-fas-med-antalet-elever\/"]}]},{"@type":"BreadcrumbList","@id":"https:\/\/wp.kristdemokraterna.se\/sandviken\/ligger-sandvikens-gymnasieskola-i-fas-med-antalet-elever\/#breadcrumb","itemListElement":[{"@type":"ListItem","position":1,"name":"Hem","item":"https:\/\/wp.kristdemokraterna.se\/sandviken\/"},{"@type":"ListItem","position":2,"name":"Ins\u00e4ndare- Ligger Sandvikens gymnasieskola i fas med antalet elever?"}]},{"@type":"WebSite","@id":"https:\/\/wp.kristdemokraterna.se\/sandviken\/#website","url":"https:\/\/wp.kristdemokraterna.se\/sandviken\/","name":"Kristdemokraterna Sandviken","description":"Trygghet f\u00f6r livet!","inLanguage":"sv-SE"},{"@type":"Person","@id":"https:\/\/wp.kristdemokraterna.se\/sandviken\/#\/schema\/person\/c2b332d3f7af9932491b335892763859","name":"sandviken","image":{"@type":"ImageObject","inLanguage":"sv-SE","@id":"https:\/\/secure.gravatar.com\/avatar\/8995ff52e47cc5be49606159ccd40a42cdf7e0728f83c8a4fab5e732824505af?s=96&d=mm&r=g","url":"https:\/\/secure.gravatar.com\/avatar\/8995ff52e47cc5be49606159ccd40a42cdf7e0728f83c8a4fab5e732824505af?s=96&d=mm&r=g","contentUrl":"https:\/\/secure.gravatar.com\/avatar\/8995ff52e47cc5be49606159ccd40a42cdf7e0728f83c8a4fab5e732824505af?s=96&d=mm&r=g","caption":"sandviken"},"url":"https:\/\/wp.kristdemokraterna.se\/sandviken\/author\/sandviken\/"}]}},"_links":{"self":[{"href":"https:\/\/wp.kristdemokraterna.se\/sandviken\/wp-json\/wp\/v2\/posts\/569","targetHints":{"allow":["GET"]}}],"collection":[{"href":"https:\/\/wp.kristdemokraterna.se\/sandviken\/wp-json\/wp\/v2\/posts"}],"about":[{"href":"https:\/\/wp.kristdemokraterna.se\/sandviken\/wp-json\/wp\/v2\/types\/post"}],"author":[{"embeddable":true,"href":"https:\/\/wp.kristdemokraterna.se\/sandviken\/wp-json\/wp\/v2\/users\/432"}],"replies":[{"embeddable":true,"href":"https:\/\/wp.kristdemokraterna.se\/sandviken\/wp-json\/wp\/v2\/comments?post=569"}],"version-history":[{"count":6,"href":"https:\/\/wp.kristdemokraterna.se\/sandviken\/wp-json\/wp\/v2\/posts\/569\/revisions"}],"predecessor-version":[{"id":1005,"href":"https:\/\/wp.kristdemokraterna.se\/sandviken\/wp-json\/wp\/v2\/posts\/569\/revisions\/1005"}],"wp:attachment":[{"href":"https:\/\/wp.kristdemokraterna.se\/sandviken\/wp-json\/wp\/v2\/media?parent=569"}],"wp:term":[{"taxonomy":"category","embeddable":true,"href":"https:\/\/wp.kristdemokraterna.se\/sandviken\/wp-json\/wp\/v2\/categories?post=569"},{"taxonomy":"post_tag","embeddable":true,"href":"https:\/\/wp.kristdemokraterna.se\/sandviken\/wp-json\/wp\/v2\/tags?post=569"}],"curies":[{"name":"wp","href":"https:\/\/api.w.org\/{rel}","templated":true}]}}