{"id":669,"date":"2020-04-13T21:23:14","date_gmt":"2020-04-13T19:23:14","guid":{"rendered":"http:\/\/wp.kristdemokraterna.se\/sandviken\/?p=669"},"modified":"2024-12-09T13:00:00","modified_gmt":"2024-12-09T12:00:00","slug":"motion-markanvisningar-for-medborgarforslag","status":"publish","type":"post","link":"https:\/\/wp.kristdemokraterna.se\/sandviken\/motion-markanvisningar-for-medborgarforslag\/","title":{"rendered":"Motion &#8211; Markanvisningar f\u00f6r medborgarf\u00f6rslag"},"content":{"rendered":"<h3>Motion &#8211; Markanvisningar f\u00f6r medborgarf\u00f6rslag<\/h3>\n<p>\u00d6nskem\u00e5l om att Sandvikens kommun anl\u00e4gger utegym och hundrastg\u00e5rdar, \u00e4r n\u00e5gra av de vanligaste medborgarf\u00f6rslagen.<br \/>\nDe flesta avsl\u00e5s med h\u00e4nvisning till en anstr\u00e4ngd ekonomi.<br \/>\nVid kommunfullm\u00e4ktige i februari, informerade rektor Ylva F\u00e4ltholm om H\u00f6gskolans goda samarbete med f\u00f6retag i regionen. Rubriken var \u201dsamarbete en v\u00e4g till framg\u00e5ng\u201d.<br \/>\nD\u00e5 v\u00e4cktes min tanke. Ge utrymme f\u00f6r de lokala f\u00f6retagen och f\u00f6r civilsamh\u00e4llet att bidra till kommunens utveckling.<\/p>\n<p>Vid samma fullm\u00e4ktige l\u00e4ste kommunalr\u00e5d Per-Ola Gr\u00f6nberg (L) upp Kultur-och fritidsn\u00e4mndens svar, p\u00e5 ett medborgarf\u00f6rslag, om att anl\u00e4gga ett utegym vid lekplatsen p\u00e5 K\u00e4llgr\u00e4nd.<br \/>\n\u201dKultur- och fritidsn\u00e4mnden delar f\u00f6rslagsst\u00e4llarens uppfattning att utegym kan bidra till folkh\u00e4lsan. I kommunens kultur- och fritidspolitiska program st\u00e5r bland annat att lek, spontanidrott, utomhusaktiviteter och m\u00f6jlighet till r\u00f6relse under trygga f\u00f6rh\u00e5llanden ska lyftas fram. Kultur- och fritidsn\u00e4mnden har inte budgeterat f\u00f6r fler utegym i budget f\u00f6r 2020-2022 ut\u00f6ver de som redan \u00e4r planerade.<br \/>\nKultur- och fritidsn\u00e4mnden f\u00f6resl\u00e5r d\u00e4rf\u00f6r att kommunfullm\u00e4ktige avsl\u00e5r f\u00f6rslaget.\u201d<\/p>\n<p>Per-Ola Gr\u00f6nberg (L) avslutade med att s\u00e4ga.<\/p>\n<p>\u201dJag h\u00e5ller med \u00e4ven jag i beslutet att avsl\u00e5 motionen. Och kan v\u00e4l tycka att inte skattebetalarna i v\u00e5ran kommun ska vara gemensamt ansvariga f\u00f6r ett utegym, i mina kvarter. D\u00e4remot s\u00e5 har vi en villaf\u00f6rening, som jag ocks\u00e5 \u00e4r medlem i , som skulle kunna ta den h\u00e4r fr\u00e5gan om f\u00f6rslagsst\u00e4llaren l\u00e4gger en motion till villaf\u00f6reningen. S\u00e5 kanske villaf\u00f6reningen kan ansvara f\u00f6r det h\u00e4r f\u00f6r oss n\u00e4rboende, som skulle nyttja det h\u00e4r utegymmet och inte skattebetalare i resten av kommunen.\u201d<\/p>\n<p>Avslag allts\u00e5, och en uppmaning till civilsamh\u00e4llet.<\/p>\n<p>I kommunens vision 2025 st\u00e5r det , \u201d vi g\u00f6r varandra b\u00e4ttre\u201d. L\u00e5t det starta med att Sandvikens kommun planerar f\u00f6r att i st\u00f6rre utstr\u00e4ckning, genom markanvisningar, ska kunna tillm\u00f6tesg\u00e5 medborgarnas f\u00f6rslag.<\/p>\n<p>Jag f\u00f6resl\u00e5r<\/p>\n<p>&#8211; att Sandvikens kommun inventerar l\u00e4mpliga platser, d\u00e4r civilsamh\u00e4llet kan ges utrymme att bygga och f\u00f6rvalta anl\u00e4ggningar med nyttjander\u00e4ttsavtal.<\/p>\n<p>Som till exempel, utegym, hundrastg\u00e5rdar, tennisv\u00e4ggar och pumptrackbanor, med mera.<\/p>\n<p>Sandviken 11 mars 2020<\/p>\n<p>Nille Wiklander<\/p>\n<p>Kristdemokraterna<\/p>\n","protected":false},"excerpt":{"rendered":"<p>Motion &#8211; Markanvisningar f\u00f6r medborgarf\u00f6rslag \u00d6nskem\u00e5l om att Sandvikens kommun anl\u00e4gger utegym och hundrastg\u00e5rdar, \u00e4r n\u00e5gra av de vanligaste medborgarf\u00f6rslagen. De flesta avsl\u00e5s med h\u00e4nvisning till en anstr\u00e4ngd ekonomi. Vid kommunfullm\u00e4ktige i februari, informerade rektor Ylva F\u00e4ltholm om H\u00f6gskolans goda samarbete med f\u00f6retag i regionen. Rubriken var \u201dsamarbete en v\u00e4g till framg\u00e5ng\u201d. D\u00e5 v\u00e4cktes min <a class=\"read-more-link\" href=\"https:\/\/wp.kristdemokraterna.se\/sandviken\/motion-markanvisningar-for-medborgarforslag\/\">L\u00e4s mer<\/a><\/p>\n","protected":false},"author":827,"featured_media":0,"comment_status":"closed","ping_status":"closed","sticky":false,"template":"","format":"standard","meta":{"_acf_changed":false,"footnotes":""},"categories":[36,31],"tags":[],"class_list":["post-669","post","type-post","status-publish","format-standard","hentry","category-i-sandviken","category-motioner"],"acf":[],"yoast_head":"<!-- This site is optimized with the Yoast SEO plugin v27.4 - https:\/\/yoast.com\/product\/yoast-seo-wordpress\/ -->\n<title>Motion - Markanvisningar f\u00f6r medborgarf\u00f6rslag - Kristdemokraterna Sandviken<\/title>\n<meta name=\"robots\" content=\"index, follow, max-snippet:-1, max-image-preview:large, max-video-preview:-1\" \/>\n<link rel=\"canonical\" href=\"https:\/\/wp.kristdemokraterna.se\/sandviken\/motion-markanvisningar-for-medborgarforslag\/\" \/>\n<meta property=\"og:locale\" content=\"sv_SE\" \/>\n<meta property=\"og:type\" content=\"article\" \/>\n<meta property=\"og:title\" content=\"Motion - Markanvisningar f\u00f6r medborgarf\u00f6rslag - Kristdemokraterna Sandviken\" \/>\n<meta property=\"og:description\" content=\"Motion &#8211; Markanvisningar f\u00f6r medborgarf\u00f6rslag \u00d6nskem\u00e5l om att Sandvikens kommun anl\u00e4gger utegym och hundrastg\u00e5rdar, \u00e4r n\u00e5gra av de vanligaste medborgarf\u00f6rslagen. De flesta avsl\u00e5s med h\u00e4nvisning till en anstr\u00e4ngd ekonomi. Vid kommunfullm\u00e4ktige i februari, informerade rektor Ylva F\u00e4ltholm om H\u00f6gskolans goda samarbete med f\u00f6retag i regionen. Rubriken var \u201dsamarbete en v\u00e4g till framg\u00e5ng\u201d. D\u00e5 v\u00e4cktes min L\u00e4s mer\" \/>\n<meta property=\"og:url\" content=\"https:\/\/wp.kristdemokraterna.se\/sandviken\/motion-markanvisningar-for-medborgarforslag\/\" \/>\n<meta property=\"og:site_name\" content=\"Kristdemokraterna Sandviken\" \/>\n<meta property=\"article:published_time\" content=\"2020-04-13T19:23:14+00:00\" \/>\n<meta property=\"article:modified_time\" content=\"2024-12-09T12:00:00+00:00\" \/>\n<meta name=\"author\" content=\"Nille\" \/>\n<meta name=\"twitter:card\" content=\"summary_large_image\" \/>\n<meta name=\"twitter:label1\" content=\"Skriven av\" \/>\n\t<meta name=\"twitter:data1\" content=\"Nille\" \/>\n\t<meta name=\"twitter:label2\" content=\"Ber\u00e4knad l\u00e4stid\" \/>\n\t<meta name=\"twitter:data2\" content=\"2 minuter\" \/>\n<script type=\"application\/ld+json\" class=\"yoast-schema-graph\">{\"@context\":\"https:\\\/\\\/schema.org\",\"@graph\":[{\"@type\":\"Article\",\"@id\":\"https:\\\/\\\/wp.kristdemokraterna.se\\\/sandviken\\\/motion-markanvisningar-for-medborgarforslag\\\/#article\",\"isPartOf\":{\"@id\":\"https:\\\/\\\/wp.kristdemokraterna.se\\\/sandviken\\\/motion-markanvisningar-for-medborgarforslag\\\/\"},\"author\":{\"name\":\"Nille\",\"@id\":\"https:\\\/\\\/wp.kristdemokraterna.se\\\/sandviken\\\/#\\\/schema\\\/person\\\/d46e374f9aebfb76c84157434f7a0a9a\"},\"headline\":\"Motion &#8211; Markanvisningar f\u00f6r medborgarf\u00f6rslag\",\"datePublished\":\"2020-04-13T19:23:14+00:00\",\"dateModified\":\"2024-12-09T12:00:00+00:00\",\"mainEntityOfPage\":{\"@id\":\"https:\\\/\\\/wp.kristdemokraterna.se\\\/sandviken\\\/motion-markanvisningar-for-medborgarforslag\\\/\"},\"wordCount\":414,\"articleSection\":[\"a ) I Sandviken\",\"f) Motioner\"],\"inLanguage\":\"sv-SE\"},{\"@type\":\"WebPage\",\"@id\":\"https:\\\/\\\/wp.kristdemokraterna.se\\\/sandviken\\\/motion-markanvisningar-for-medborgarforslag\\\/\",\"url\":\"https:\\\/\\\/wp.kristdemokraterna.se\\\/sandviken\\\/motion-markanvisningar-for-medborgarforslag\\\/\",\"name\":\"Motion - Markanvisningar f\u00f6r medborgarf\u00f6rslag - Kristdemokraterna Sandviken\",\"isPartOf\":{\"@id\":\"https:\\\/\\\/wp.kristdemokraterna.se\\\/sandviken\\\/#website\"},\"datePublished\":\"2020-04-13T19:23:14+00:00\",\"dateModified\":\"2024-12-09T12:00:00+00:00\",\"author\":{\"@id\":\"https:\\\/\\\/wp.kristdemokraterna.se\\\/sandviken\\\/#\\\/schema\\\/person\\\/d46e374f9aebfb76c84157434f7a0a9a\"},\"breadcrumb\":{\"@id\":\"https:\\\/\\\/wp.kristdemokraterna.se\\\/sandviken\\\/motion-markanvisningar-for-medborgarforslag\\\/#breadcrumb\"},\"inLanguage\":\"sv-SE\",\"potentialAction\":[{\"@type\":\"ReadAction\",\"target\":[\"https:\\\/\\\/wp.kristdemokraterna.se\\\/sandviken\\\/motion-markanvisningar-for-medborgarforslag\\\/\"]}]},{\"@type\":\"BreadcrumbList\",\"@id\":\"https:\\\/\\\/wp.kristdemokraterna.se\\\/sandviken\\\/motion-markanvisningar-for-medborgarforslag\\\/#breadcrumb\",\"itemListElement\":[{\"@type\":\"ListItem\",\"position\":1,\"name\":\"Hem\",\"item\":\"https:\\\/\\\/wp.kristdemokraterna.se\\\/sandviken\\\/\"},{\"@type\":\"ListItem\",\"position\":2,\"name\":\"Motion &#8211; Markanvisningar f\u00f6r medborgarf\u00f6rslag\"}]},{\"@type\":\"WebSite\",\"@id\":\"https:\\\/\\\/wp.kristdemokraterna.se\\\/sandviken\\\/#website\",\"url\":\"https:\\\/\\\/wp.kristdemokraterna.se\\\/sandviken\\\/\",\"name\":\"Kristdemokraterna Sandviken\",\"description\":\"Trygghet f\u00f6r livet!\",\"inLanguage\":\"sv-SE\"},{\"@type\":\"Person\",\"@id\":\"https:\\\/\\\/wp.kristdemokraterna.se\\\/sandviken\\\/#\\\/schema\\\/person\\\/d46e374f9aebfb76c84157434f7a0a9a\",\"name\":\"Nille\",\"image\":{\"@type\":\"ImageObject\",\"inLanguage\":\"sv-SE\",\"@id\":\"https:\\\/\\\/secure.gravatar.com\\\/avatar\\\/ab1896902a03ea9e6067acd05f3e16a396844716305e4781a447055d24f4b1dc?s=96&d=mm&r=g\",\"url\":\"https:\\\/\\\/secure.gravatar.com\\\/avatar\\\/ab1896902a03ea9e6067acd05f3e16a396844716305e4781a447055d24f4b1dc?s=96&d=mm&r=g\",\"contentUrl\":\"https:\\\/\\\/secure.gravatar.com\\\/avatar\\\/ab1896902a03ea9e6067acd05f3e16a396844716305e4781a447055d24f4b1dc?s=96&d=mm&r=g\",\"caption\":\"Nille\"},\"sameAs\":[\"Nille Wiklander\"],\"url\":\"https:\\\/\\\/wp.kristdemokraterna.se\\\/sandviken\\\/author\\\/nille\\\/\"}]}<\/script>\n<!-- \/ Yoast SEO plugin. -->","yoast_head_json":{"title":"Motion - Markanvisningar f\u00f6r medborgarf\u00f6rslag - Kristdemokraterna Sandviken","robots":{"index":"index","follow":"follow","max-snippet":"max-snippet:-1","max-image-preview":"max-image-preview:large","max-video-preview":"max-video-preview:-1"},"canonical":"https:\/\/wp.kristdemokraterna.se\/sandviken\/motion-markanvisningar-for-medborgarforslag\/","og_locale":"sv_SE","og_type":"article","og_title":"Motion - Markanvisningar f\u00f6r medborgarf\u00f6rslag - Kristdemokraterna Sandviken","og_description":"Motion &#8211; Markanvisningar f\u00f6r medborgarf\u00f6rslag \u00d6nskem\u00e5l om att Sandvikens kommun anl\u00e4gger utegym och hundrastg\u00e5rdar, \u00e4r n\u00e5gra av de vanligaste medborgarf\u00f6rslagen. De flesta avsl\u00e5s med h\u00e4nvisning till en anstr\u00e4ngd ekonomi. Vid kommunfullm\u00e4ktige i februari, informerade rektor Ylva F\u00e4ltholm om H\u00f6gskolans goda samarbete med f\u00f6retag i regionen. Rubriken var \u201dsamarbete en v\u00e4g till framg\u00e5ng\u201d. D\u00e5 v\u00e4cktes min L\u00e4s mer","og_url":"https:\/\/wp.kristdemokraterna.se\/sandviken\/motion-markanvisningar-for-medborgarforslag\/","og_site_name":"Kristdemokraterna Sandviken","article_published_time":"2020-04-13T19:23:14+00:00","article_modified_time":"2024-12-09T12:00:00+00:00","author":"Nille","twitter_card":"summary_large_image","twitter_misc":{"Skriven av":"Nille","Ber\u00e4knad l\u00e4stid":"2 minuter"},"schema":{"@context":"https:\/\/schema.org","@graph":[{"@type":"Article","@id":"https:\/\/wp.kristdemokraterna.se\/sandviken\/motion-markanvisningar-for-medborgarforslag\/#article","isPartOf":{"@id":"https:\/\/wp.kristdemokraterna.se\/sandviken\/motion-markanvisningar-for-medborgarforslag\/"},"author":{"name":"Nille","@id":"https:\/\/wp.kristdemokraterna.se\/sandviken\/#\/schema\/person\/d46e374f9aebfb76c84157434f7a0a9a"},"headline":"Motion &#8211; Markanvisningar f\u00f6r medborgarf\u00f6rslag","datePublished":"2020-04-13T19:23:14+00:00","dateModified":"2024-12-09T12:00:00+00:00","mainEntityOfPage":{"@id":"https:\/\/wp.kristdemokraterna.se\/sandviken\/motion-markanvisningar-for-medborgarforslag\/"},"wordCount":414,"articleSection":["a ) I Sandviken","f) Motioner"],"inLanguage":"sv-SE"},{"@type":"WebPage","@id":"https:\/\/wp.kristdemokraterna.se\/sandviken\/motion-markanvisningar-for-medborgarforslag\/","url":"https:\/\/wp.kristdemokraterna.se\/sandviken\/motion-markanvisningar-for-medborgarforslag\/","name":"Motion - Markanvisningar f\u00f6r medborgarf\u00f6rslag - Kristdemokraterna Sandviken","isPartOf":{"@id":"https:\/\/wp.kristdemokraterna.se\/sandviken\/#website"},"datePublished":"2020-04-13T19:23:14+00:00","dateModified":"2024-12-09T12:00:00+00:00","author":{"@id":"https:\/\/wp.kristdemokraterna.se\/sandviken\/#\/schema\/person\/d46e374f9aebfb76c84157434f7a0a9a"},"breadcrumb":{"@id":"https:\/\/wp.kristdemokraterna.se\/sandviken\/motion-markanvisningar-for-medborgarforslag\/#breadcrumb"},"inLanguage":"sv-SE","potentialAction":[{"@type":"ReadAction","target":["https:\/\/wp.kristdemokraterna.se\/sandviken\/motion-markanvisningar-for-medborgarforslag\/"]}]},{"@type":"BreadcrumbList","@id":"https:\/\/wp.kristdemokraterna.se\/sandviken\/motion-markanvisningar-for-medborgarforslag\/#breadcrumb","itemListElement":[{"@type":"ListItem","position":1,"name":"Hem","item":"https:\/\/wp.kristdemokraterna.se\/sandviken\/"},{"@type":"ListItem","position":2,"name":"Motion &#8211; Markanvisningar f\u00f6r medborgarf\u00f6rslag"}]},{"@type":"WebSite","@id":"https:\/\/wp.kristdemokraterna.se\/sandviken\/#website","url":"https:\/\/wp.kristdemokraterna.se\/sandviken\/","name":"Kristdemokraterna Sandviken","description":"Trygghet f\u00f6r livet!","inLanguage":"sv-SE"},{"@type":"Person","@id":"https:\/\/wp.kristdemokraterna.se\/sandviken\/#\/schema\/person\/d46e374f9aebfb76c84157434f7a0a9a","name":"Nille","image":{"@type":"ImageObject","inLanguage":"sv-SE","@id":"https:\/\/secure.gravatar.com\/avatar\/ab1896902a03ea9e6067acd05f3e16a396844716305e4781a447055d24f4b1dc?s=96&d=mm&r=g","url":"https:\/\/secure.gravatar.com\/avatar\/ab1896902a03ea9e6067acd05f3e16a396844716305e4781a447055d24f4b1dc?s=96&d=mm&r=g","contentUrl":"https:\/\/secure.gravatar.com\/avatar\/ab1896902a03ea9e6067acd05f3e16a396844716305e4781a447055d24f4b1dc?s=96&d=mm&r=g","caption":"Nille"},"sameAs":["Nille Wiklander"],"url":"https:\/\/wp.kristdemokraterna.se\/sandviken\/author\/nille\/"}]}},"_links":{"self":[{"href":"https:\/\/wp.kristdemokraterna.se\/sandviken\/wp-json\/wp\/v2\/posts\/669","targetHints":{"allow":["GET"]}}],"collection":[{"href":"https:\/\/wp.kristdemokraterna.se\/sandviken\/wp-json\/wp\/v2\/posts"}],"about":[{"href":"https:\/\/wp.kristdemokraterna.se\/sandviken\/wp-json\/wp\/v2\/types\/post"}],"author":[{"embeddable":true,"href":"https:\/\/wp.kristdemokraterna.se\/sandviken\/wp-json\/wp\/v2\/users\/827"}],"replies":[{"embeddable":true,"href":"https:\/\/wp.kristdemokraterna.se\/sandviken\/wp-json\/wp\/v2\/comments?post=669"}],"version-history":[{"count":11,"href":"https:\/\/wp.kristdemokraterna.se\/sandviken\/wp-json\/wp\/v2\/posts\/669\/revisions"}],"predecessor-version":[{"id":995,"href":"https:\/\/wp.kristdemokraterna.se\/sandviken\/wp-json\/wp\/v2\/posts\/669\/revisions\/995"}],"wp:attachment":[{"href":"https:\/\/wp.kristdemokraterna.se\/sandviken\/wp-json\/wp\/v2\/media?parent=669"}],"wp:term":[{"taxonomy":"category","embeddable":true,"href":"https:\/\/wp.kristdemokraterna.se\/sandviken\/wp-json\/wp\/v2\/categories?post=669"},{"taxonomy":"post_tag","embeddable":true,"href":"https:\/\/wp.kristdemokraterna.se\/sandviken\/wp-json\/wp\/v2\/tags?post=669"}],"curies":[{"name":"wp","href":"https:\/\/api.w.org\/{rel}","templated":true}]}}