{"id":710,"date":"2020-06-11T17:17:12","date_gmt":"2020-06-11T15:17:12","guid":{"rendered":"http:\/\/wp.kristdemokraterna.se\/sandviken\/?p=710"},"modified":"2024-12-09T12:59:27","modified_gmt":"2024-12-09T11:59:27","slug":"motion-utarbeta-och-faststalla-en-lokalhandlingsplan-for-suicidprevention","status":"publish","type":"post","link":"https:\/\/wp.kristdemokraterna.se\/sandviken\/motion-utarbeta-och-faststalla-en-lokalhandlingsplan-for-suicidprevention\/","title":{"rendered":"Motion- Utarbeta och fastst\u00e4lla en lokalhandlingsplan f\u00f6r suicidprevention"},"content":{"rendered":"<h3>Motion- Utarbeta och fastst\u00e4lla en lokalhandlingsplan f\u00f6r suicidprevention<\/h3>\n<p>I maj 2020 besvarades en interpellation fr\u00e5n Kristdemokraterna i Sandviken d\u00e4r en av fr\u00e5gorna var om kommunen utarbetat en lokal handlingsplan f\u00f6r att motverka suicidprevention.<\/p>\n<p>Ifr\u00e5n interpellationssvaret kan man l\u00e4sa f\u00f6ljande: \u201dNej det finns ingen lokal handlingsplan framtagen.\u201d<br \/>\n\u201d\u00c5tg\u00e4rder att f\u00f6rebygga och motverka psykisk oh\u00e4lsa st\u00e5r p\u00e5 agendan inom samtliga av f\u00f6rvaltningarna kunskap-, omsorgs- samt individ- och familjeomsorgsf\u00f6rvaltningarna men har inte fokus p\u00e5 kommunmedborgare i allm\u00e4nhet, utan p\u00e5 de individer som \u00e4r aktuella inom respektive f\u00f6rvaltning.\u201d<\/p>\n<p>Vid ett eventuellt framtagande av en kommunalhandlingsplan \u00e4r det viktigt att den utg\u00e5r fr\u00e5n den regionala handlingsplanen. I ett s\u00e5dant arbete m\u00e5ste alla f\u00f6rvaltningar\/n\u00e4mnder som arbetar med social h\u00e5llbarhet involveras. I ett utdrag ur sammanfattningen av den regionala handlingsplanen kan man l\u00e4sas f\u00f6ljande:<\/p>\n<p>\u201dG\u00e4vleborgs l\u00e4n ligger h\u00f6gt n\u00e4r det g\u00e4ller antal suicid, b\u00e5de bland kvinnor och m\u00e4n. Cirka 40 personer i l\u00e4net tar sitt liv varje \u00e5r och s\u00e5 har det sett ut under m\u00e5nga \u00e5r. I november 2017 inr\u00e4ttades en samordningsfunktion f\u00f6r suicidprevention p\u00e5 avdelningen Folkh\u00e4lsa och H\u00e5llbarhet, Region G\u00e4vleborg. Syftet med funktionen \u00e4r att st\u00f6dja utvecklingen av ett kunskapsbaserat regionalt och lokalt suicidpreventivt arbete och samordna de suicidpreventiva insatserna i G\u00e4vleborgs l\u00e4n. Samordningsfunktionen har under 2018 arbetat fram en regional handlingsplan f\u00f6r suicidprevention i bred samverkan och dialog med profession, sakkunniga samt brukar- och patientorganisationer i l\u00e4net. Handlingsplanen kan vara ett st\u00f6d f\u00f6r lokala handlingsplaner. I de lokala handlingsplanerna b\u00f6r h\u00e4nsyn till den lokala l\u00e4gesbilden tas.\u201d<\/p>\n<p>Mot bakgrund av ovanst\u00e5ende f\u00f6resl\u00e5r Kristdemokraterna att kommunfullm\u00e4ktige beslutar:<\/p>\n<p>att utarbeta och fastst\u00e4lla en lokal handlingsplan f\u00f6r suicidprevention utifr\u00e5n den lokala l\u00e4gesbilden och med f\u00f6rankring i den regionala handlingsplanen.<\/p>\n<p>Leif J\u00f6nsson, Majvor Lisselg, Benjamin\u00a0 Nordstr\u00f6m<br \/>\nKristdemokraterna Sandviken<\/p>\n","protected":false},"excerpt":{"rendered":"<p>Motion- Utarbeta och fastst\u00e4lla en lokalhandlingsplan f\u00f6r suicidprevention I maj 2020 besvarades en interpellation fr\u00e5n Kristdemokraterna i Sandviken d\u00e4r en av fr\u00e5gorna var om kommunen utarbetat en lokal handlingsplan f\u00f6r att motverka suicidprevention. Ifr\u00e5n interpellationssvaret kan man l\u00e4sa f\u00f6ljande: \u201dNej det finns ingen lokal handlingsplan framtagen.\u201d \u201d\u00c5tg\u00e4rder att f\u00f6rebygga och motverka psykisk oh\u00e4lsa st\u00e5r p\u00e5 <a class=\"read-more-link\" href=\"https:\/\/wp.kristdemokraterna.se\/sandviken\/motion-utarbeta-och-faststalla-en-lokalhandlingsplan-for-suicidprevention\/\">L\u00e4s mer<\/a><\/p>\n","protected":false},"author":827,"featured_media":0,"comment_status":"closed","ping_status":"closed","sticky":false,"template":"","format":"standard","meta":{"_acf_changed":false,"footnotes":""},"categories":[36,31],"tags":[],"class_list":["post-710","post","type-post","status-publish","format-standard","hentry","category-i-sandviken","category-motioner"],"acf":[],"yoast_head":"<!-- This site is optimized with the Yoast SEO plugin v27.4 - https:\/\/yoast.com\/product\/yoast-seo-wordpress\/ -->\n<title>Motion- Utarbeta och fastst\u00e4lla en lokalhandlingsplan f\u00f6r suicidprevention - Kristdemokraterna Sandviken<\/title>\n<meta name=\"robots\" content=\"index, follow, max-snippet:-1, max-image-preview:large, max-video-preview:-1\" \/>\n<link rel=\"canonical\" href=\"https:\/\/wp.kristdemokraterna.se\/sandviken\/motion-utarbeta-och-faststalla-en-lokalhandlingsplan-for-suicidprevention\/\" \/>\n<meta property=\"og:locale\" content=\"sv_SE\" \/>\n<meta property=\"og:type\" content=\"article\" \/>\n<meta property=\"og:title\" content=\"Motion- Utarbeta och fastst\u00e4lla en lokalhandlingsplan f\u00f6r suicidprevention - Kristdemokraterna Sandviken\" \/>\n<meta property=\"og:description\" content=\"Motion- Utarbeta och fastst\u00e4lla en lokalhandlingsplan f\u00f6r suicidprevention I maj 2020 besvarades en interpellation fr\u00e5n Kristdemokraterna i Sandviken d\u00e4r en av fr\u00e5gorna var om kommunen utarbetat en lokal handlingsplan f\u00f6r att motverka suicidprevention. Ifr\u00e5n interpellationssvaret kan man l\u00e4sa f\u00f6ljande: \u201dNej det finns ingen lokal handlingsplan framtagen.\u201d \u201d\u00c5tg\u00e4rder att f\u00f6rebygga och motverka psykisk oh\u00e4lsa st\u00e5r p\u00e5 L\u00e4s mer\" \/>\n<meta property=\"og:url\" content=\"https:\/\/wp.kristdemokraterna.se\/sandviken\/motion-utarbeta-och-faststalla-en-lokalhandlingsplan-for-suicidprevention\/\" \/>\n<meta property=\"og:site_name\" content=\"Kristdemokraterna Sandviken\" \/>\n<meta property=\"article:published_time\" content=\"2020-06-11T15:17:12+00:00\" \/>\n<meta property=\"article:modified_time\" content=\"2024-12-09T11:59:27+00:00\" \/>\n<meta name=\"author\" content=\"Nille\" \/>\n<meta name=\"twitter:card\" content=\"summary_large_image\" \/>\n<meta name=\"twitter:label1\" content=\"Skriven av\" \/>\n\t<meta name=\"twitter:data1\" content=\"Nille\" \/>\n\t<meta name=\"twitter:label2\" content=\"Ber\u00e4knad l\u00e4stid\" \/>\n\t<meta name=\"twitter:data2\" content=\"2 minuter\" \/>\n<script type=\"application\/ld+json\" class=\"yoast-schema-graph\">{\"@context\":\"https:\\\/\\\/schema.org\",\"@graph\":[{\"@type\":\"Article\",\"@id\":\"https:\\\/\\\/wp.kristdemokraterna.se\\\/sandviken\\\/motion-utarbeta-och-faststalla-en-lokalhandlingsplan-for-suicidprevention\\\/#article\",\"isPartOf\":{\"@id\":\"https:\\\/\\\/wp.kristdemokraterna.se\\\/sandviken\\\/motion-utarbeta-och-faststalla-en-lokalhandlingsplan-for-suicidprevention\\\/\"},\"author\":{\"name\":\"Nille\",\"@id\":\"https:\\\/\\\/wp.kristdemokraterna.se\\\/sandviken\\\/#\\\/schema\\\/person\\\/d46e374f9aebfb76c84157434f7a0a9a\"},\"headline\":\"Motion- Utarbeta och fastst\u00e4lla en lokalhandlingsplan f\u00f6r suicidprevention\",\"datePublished\":\"2020-06-11T15:17:12+00:00\",\"dateModified\":\"2024-12-09T11:59:27+00:00\",\"mainEntityOfPage\":{\"@id\":\"https:\\\/\\\/wp.kristdemokraterna.se\\\/sandviken\\\/motion-utarbeta-och-faststalla-en-lokalhandlingsplan-for-suicidprevention\\\/\"},\"wordCount\":347,\"articleSection\":[\"a ) I Sandviken\",\"f) Motioner\"],\"inLanguage\":\"sv-SE\"},{\"@type\":\"WebPage\",\"@id\":\"https:\\\/\\\/wp.kristdemokraterna.se\\\/sandviken\\\/motion-utarbeta-och-faststalla-en-lokalhandlingsplan-for-suicidprevention\\\/\",\"url\":\"https:\\\/\\\/wp.kristdemokraterna.se\\\/sandviken\\\/motion-utarbeta-och-faststalla-en-lokalhandlingsplan-for-suicidprevention\\\/\",\"name\":\"Motion- Utarbeta och fastst\u00e4lla en lokalhandlingsplan f\u00f6r suicidprevention - Kristdemokraterna Sandviken\",\"isPartOf\":{\"@id\":\"https:\\\/\\\/wp.kristdemokraterna.se\\\/sandviken\\\/#website\"},\"datePublished\":\"2020-06-11T15:17:12+00:00\",\"dateModified\":\"2024-12-09T11:59:27+00:00\",\"author\":{\"@id\":\"https:\\\/\\\/wp.kristdemokraterna.se\\\/sandviken\\\/#\\\/schema\\\/person\\\/d46e374f9aebfb76c84157434f7a0a9a\"},\"breadcrumb\":{\"@id\":\"https:\\\/\\\/wp.kristdemokraterna.se\\\/sandviken\\\/motion-utarbeta-och-faststalla-en-lokalhandlingsplan-for-suicidprevention\\\/#breadcrumb\"},\"inLanguage\":\"sv-SE\",\"potentialAction\":[{\"@type\":\"ReadAction\",\"target\":[\"https:\\\/\\\/wp.kristdemokraterna.se\\\/sandviken\\\/motion-utarbeta-och-faststalla-en-lokalhandlingsplan-for-suicidprevention\\\/\"]}]},{\"@type\":\"BreadcrumbList\",\"@id\":\"https:\\\/\\\/wp.kristdemokraterna.se\\\/sandviken\\\/motion-utarbeta-och-faststalla-en-lokalhandlingsplan-for-suicidprevention\\\/#breadcrumb\",\"itemListElement\":[{\"@type\":\"ListItem\",\"position\":1,\"name\":\"Hem\",\"item\":\"https:\\\/\\\/wp.kristdemokraterna.se\\\/sandviken\\\/\"},{\"@type\":\"ListItem\",\"position\":2,\"name\":\"Motion- Utarbeta och fastst\u00e4lla en lokalhandlingsplan f\u00f6r suicidprevention\"}]},{\"@type\":\"WebSite\",\"@id\":\"https:\\\/\\\/wp.kristdemokraterna.se\\\/sandviken\\\/#website\",\"url\":\"https:\\\/\\\/wp.kristdemokraterna.se\\\/sandviken\\\/\",\"name\":\"Kristdemokraterna Sandviken\",\"description\":\"Trygghet f\u00f6r livet!\",\"inLanguage\":\"sv-SE\"},{\"@type\":\"Person\",\"@id\":\"https:\\\/\\\/wp.kristdemokraterna.se\\\/sandviken\\\/#\\\/schema\\\/person\\\/d46e374f9aebfb76c84157434f7a0a9a\",\"name\":\"Nille\",\"image\":{\"@type\":\"ImageObject\",\"inLanguage\":\"sv-SE\",\"@id\":\"https:\\\/\\\/secure.gravatar.com\\\/avatar\\\/ab1896902a03ea9e6067acd05f3e16a396844716305e4781a447055d24f4b1dc?s=96&d=mm&r=g\",\"url\":\"https:\\\/\\\/secure.gravatar.com\\\/avatar\\\/ab1896902a03ea9e6067acd05f3e16a396844716305e4781a447055d24f4b1dc?s=96&d=mm&r=g\",\"contentUrl\":\"https:\\\/\\\/secure.gravatar.com\\\/avatar\\\/ab1896902a03ea9e6067acd05f3e16a396844716305e4781a447055d24f4b1dc?s=96&d=mm&r=g\",\"caption\":\"Nille\"},\"sameAs\":[\"Nille Wiklander\"],\"url\":\"https:\\\/\\\/wp.kristdemokraterna.se\\\/sandviken\\\/author\\\/nille\\\/\"}]}<\/script>\n<!-- \/ Yoast SEO plugin. -->","yoast_head_json":{"title":"Motion- Utarbeta och fastst\u00e4lla en lokalhandlingsplan f\u00f6r suicidprevention - Kristdemokraterna Sandviken","robots":{"index":"index","follow":"follow","max-snippet":"max-snippet:-1","max-image-preview":"max-image-preview:large","max-video-preview":"max-video-preview:-1"},"canonical":"https:\/\/wp.kristdemokraterna.se\/sandviken\/motion-utarbeta-och-faststalla-en-lokalhandlingsplan-for-suicidprevention\/","og_locale":"sv_SE","og_type":"article","og_title":"Motion- Utarbeta och fastst\u00e4lla en lokalhandlingsplan f\u00f6r suicidprevention - Kristdemokraterna Sandviken","og_description":"Motion- Utarbeta och fastst\u00e4lla en lokalhandlingsplan f\u00f6r suicidprevention I maj 2020 besvarades en interpellation fr\u00e5n Kristdemokraterna i Sandviken d\u00e4r en av fr\u00e5gorna var om kommunen utarbetat en lokal handlingsplan f\u00f6r att motverka suicidprevention. Ifr\u00e5n interpellationssvaret kan man l\u00e4sa f\u00f6ljande: \u201dNej det finns ingen lokal handlingsplan framtagen.\u201d \u201d\u00c5tg\u00e4rder att f\u00f6rebygga och motverka psykisk oh\u00e4lsa st\u00e5r p\u00e5 L\u00e4s mer","og_url":"https:\/\/wp.kristdemokraterna.se\/sandviken\/motion-utarbeta-och-faststalla-en-lokalhandlingsplan-for-suicidprevention\/","og_site_name":"Kristdemokraterna Sandviken","article_published_time":"2020-06-11T15:17:12+00:00","article_modified_time":"2024-12-09T11:59:27+00:00","author":"Nille","twitter_card":"summary_large_image","twitter_misc":{"Skriven av":"Nille","Ber\u00e4knad l\u00e4stid":"2 minuter"},"schema":{"@context":"https:\/\/schema.org","@graph":[{"@type":"Article","@id":"https:\/\/wp.kristdemokraterna.se\/sandviken\/motion-utarbeta-och-faststalla-en-lokalhandlingsplan-for-suicidprevention\/#article","isPartOf":{"@id":"https:\/\/wp.kristdemokraterna.se\/sandviken\/motion-utarbeta-och-faststalla-en-lokalhandlingsplan-for-suicidprevention\/"},"author":{"name":"Nille","@id":"https:\/\/wp.kristdemokraterna.se\/sandviken\/#\/schema\/person\/d46e374f9aebfb76c84157434f7a0a9a"},"headline":"Motion- Utarbeta och fastst\u00e4lla en lokalhandlingsplan f\u00f6r suicidprevention","datePublished":"2020-06-11T15:17:12+00:00","dateModified":"2024-12-09T11:59:27+00:00","mainEntityOfPage":{"@id":"https:\/\/wp.kristdemokraterna.se\/sandviken\/motion-utarbeta-och-faststalla-en-lokalhandlingsplan-for-suicidprevention\/"},"wordCount":347,"articleSection":["a ) I Sandviken","f) Motioner"],"inLanguage":"sv-SE"},{"@type":"WebPage","@id":"https:\/\/wp.kristdemokraterna.se\/sandviken\/motion-utarbeta-och-faststalla-en-lokalhandlingsplan-for-suicidprevention\/","url":"https:\/\/wp.kristdemokraterna.se\/sandviken\/motion-utarbeta-och-faststalla-en-lokalhandlingsplan-for-suicidprevention\/","name":"Motion- Utarbeta och fastst\u00e4lla en lokalhandlingsplan f\u00f6r suicidprevention - Kristdemokraterna Sandviken","isPartOf":{"@id":"https:\/\/wp.kristdemokraterna.se\/sandviken\/#website"},"datePublished":"2020-06-11T15:17:12+00:00","dateModified":"2024-12-09T11:59:27+00:00","author":{"@id":"https:\/\/wp.kristdemokraterna.se\/sandviken\/#\/schema\/person\/d46e374f9aebfb76c84157434f7a0a9a"},"breadcrumb":{"@id":"https:\/\/wp.kristdemokraterna.se\/sandviken\/motion-utarbeta-och-faststalla-en-lokalhandlingsplan-for-suicidprevention\/#breadcrumb"},"inLanguage":"sv-SE","potentialAction":[{"@type":"ReadAction","target":["https:\/\/wp.kristdemokraterna.se\/sandviken\/motion-utarbeta-och-faststalla-en-lokalhandlingsplan-for-suicidprevention\/"]}]},{"@type":"BreadcrumbList","@id":"https:\/\/wp.kristdemokraterna.se\/sandviken\/motion-utarbeta-och-faststalla-en-lokalhandlingsplan-for-suicidprevention\/#breadcrumb","itemListElement":[{"@type":"ListItem","position":1,"name":"Hem","item":"https:\/\/wp.kristdemokraterna.se\/sandviken\/"},{"@type":"ListItem","position":2,"name":"Motion- Utarbeta och fastst\u00e4lla en lokalhandlingsplan f\u00f6r suicidprevention"}]},{"@type":"WebSite","@id":"https:\/\/wp.kristdemokraterna.se\/sandviken\/#website","url":"https:\/\/wp.kristdemokraterna.se\/sandviken\/","name":"Kristdemokraterna Sandviken","description":"Trygghet f\u00f6r livet!","inLanguage":"sv-SE"},{"@type":"Person","@id":"https:\/\/wp.kristdemokraterna.se\/sandviken\/#\/schema\/person\/d46e374f9aebfb76c84157434f7a0a9a","name":"Nille","image":{"@type":"ImageObject","inLanguage":"sv-SE","@id":"https:\/\/secure.gravatar.com\/avatar\/ab1896902a03ea9e6067acd05f3e16a396844716305e4781a447055d24f4b1dc?s=96&d=mm&r=g","url":"https:\/\/secure.gravatar.com\/avatar\/ab1896902a03ea9e6067acd05f3e16a396844716305e4781a447055d24f4b1dc?s=96&d=mm&r=g","contentUrl":"https:\/\/secure.gravatar.com\/avatar\/ab1896902a03ea9e6067acd05f3e16a396844716305e4781a447055d24f4b1dc?s=96&d=mm&r=g","caption":"Nille"},"sameAs":["Nille Wiklander"],"url":"https:\/\/wp.kristdemokraterna.se\/sandviken\/author\/nille\/"}]}},"_links":{"self":[{"href":"https:\/\/wp.kristdemokraterna.se\/sandviken\/wp-json\/wp\/v2\/posts\/710","targetHints":{"allow":["GET"]}}],"collection":[{"href":"https:\/\/wp.kristdemokraterna.se\/sandviken\/wp-json\/wp\/v2\/posts"}],"about":[{"href":"https:\/\/wp.kristdemokraterna.se\/sandviken\/wp-json\/wp\/v2\/types\/post"}],"author":[{"embeddable":true,"href":"https:\/\/wp.kristdemokraterna.se\/sandviken\/wp-json\/wp\/v2\/users\/827"}],"replies":[{"embeddable":true,"href":"https:\/\/wp.kristdemokraterna.se\/sandviken\/wp-json\/wp\/v2\/comments?post=710"}],"version-history":[{"count":6,"href":"https:\/\/wp.kristdemokraterna.se\/sandviken\/wp-json\/wp\/v2\/posts\/710\/revisions"}],"predecessor-version":[{"id":1012,"href":"https:\/\/wp.kristdemokraterna.se\/sandviken\/wp-json\/wp\/v2\/posts\/710\/revisions\/1012"}],"wp:attachment":[{"href":"https:\/\/wp.kristdemokraterna.se\/sandviken\/wp-json\/wp\/v2\/media?parent=710"}],"wp:term":[{"taxonomy":"category","embeddable":true,"href":"https:\/\/wp.kristdemokraterna.se\/sandviken\/wp-json\/wp\/v2\/categories?post=710"},{"taxonomy":"post_tag","embeddable":true,"href":"https:\/\/wp.kristdemokraterna.se\/sandviken\/wp-json\/wp\/v2\/tags?post=710"}],"curies":[{"name":"wp","href":"https:\/\/api.w.org\/{rel}","templated":true}]}}