{"id":729,"date":"2020-11-11T18:04:31","date_gmt":"2020-11-11T17:04:31","guid":{"rendered":"http:\/\/wp.kristdemokraterna.se\/sandviken\/?p=729"},"modified":"2024-12-09T12:56:19","modified_gmt":"2024-12-09T11:56:19","slug":"interpellation-har-sandvikens-kommun-forberett-sina-verksamheter-sedan-barnkonventionens-ikrafttradande-som-lag-den-1-januari-2020","status":"publish","type":"post","link":"https:\/\/wp.kristdemokraterna.se\/sandviken\/interpellation-har-sandvikens-kommun-forberett-sina-verksamheter-sedan-barnkonventionens-ikrafttradande-som-lag-den-1-januari-2020\/","title":{"rendered":"Interpellation &#8211; Har Sandvikens kommun f\u00f6rberett sina verksamheter sedan barnkonventionens ikrafttr\u00e4dande som lag den 1 januari 2020?"},"content":{"rendered":"<h2>Interpellation<br \/>\nTill kommunfullm\u00e4ktige<\/h2>\n<h3>Har Sandvikens kommun f\u00f6rberett sina verksamheter<br \/>\nsedan barnkonventionens ikrafttr\u00e4dande som lag den<br \/>\n1 januari 2020?<\/h3>\n<p>Enligt en f\u00e4rsk kartl\u00e4ggning som genomf\u00f6rts av Barnens r\u00e4tt i<br \/>\nsamh\u00e4llet (Bris), s\u00e5 saknar 85 kommuner fortfarande en strategi f\u00f6r<br \/>\nhur de skall efterleva barnkonventionen och s\u00e4kerst\u00e4lla barnens<br \/>\nr\u00e4ttigheter. Bris p\u00e5pekar i sin rapport att kommunerna, ut\u00f6ver att ha<br \/>\nen strategi f\u00f6r barnr\u00e4tt, \u00e4ven m\u00e5ste utse en ansvarig person f\u00f6r<br \/>\nbarnr\u00e4ttsfr\u00e5gor med tydliga befogenheter.<\/p>\n<p>Mot bakgrund av ovanst\u00e5ende vill vi kristdemokrater ha<br \/>\nsvar p\u00e5 f\u00f6ljande fr\u00e5gor:<\/p>\n<ul>\n<li>Har kommunen utarbetat en strategi f\u00f6r efterlevnaden av<br \/>\nbarnkonventionen sedan dess ikrafttr\u00e4dande som lag den 1 januari 2020?<\/li>\n<li>\u00a0Om s\u00e5 \u00e4r fallet &#8211; hur \u00e4r strategin utformad?<\/li>\n<li>\u00a0Har kommunen utsett n\u00e5gon ansvarig person i barnr\u00e4ttsfr\u00e5gor<br \/>\nmed tillr\u00e4ckligt tydliga befogenheter<\/li>\n<\/ul>\n<p>Leif J\u00f6nsson<br \/>\nKristdemokraterna<br \/>\nSandviken<\/p>\n","protected":false},"excerpt":{"rendered":"<p>Interpellation Till kommunfullm\u00e4ktige Har Sandvikens kommun f\u00f6rberett sina verksamheter sedan barnkonventionens ikrafttr\u00e4dande som lag den 1 januari 2020? Enligt en f\u00e4rsk kartl\u00e4ggning som genomf\u00f6rts av Barnens r\u00e4tt i samh\u00e4llet (Bris), s\u00e5 saknar 85 kommuner fortfarande en strategi f\u00f6r hur de skall efterleva barnkonventionen och s\u00e4kerst\u00e4lla barnens r\u00e4ttigheter. Bris p\u00e5pekar i sin rapport att kommunerna, ut\u00f6ver <a class=\"read-more-link\" href=\"https:\/\/wp.kristdemokraterna.se\/sandviken\/interpellation-har-sandvikens-kommun-forberett-sina-verksamheter-sedan-barnkonventionens-ikrafttradande-som-lag-den-1-januari-2020\/\">L\u00e4s mer<\/a><\/p>\n","protected":false},"author":432,"featured_media":0,"comment_status":"closed","ping_status":"closed","sticky":false,"template":"","format":"standard","meta":{"_acf_changed":false,"footnotes":""},"categories":[36,32],"tags":[],"class_list":["post-729","post","type-post","status-publish","format-standard","hentry","category-i-sandviken","category-interpellationer"],"acf":[],"yoast_head":"<!-- This site is optimized with the Yoast SEO plugin v27.4 - https:\/\/yoast.com\/product\/yoast-seo-wordpress\/ -->\n<title>Interpellation - Har Sandvikens kommun f\u00f6rberett sina verksamheter sedan barnkonventionens ikrafttr\u00e4dande som lag den 1 januari 2020? - Kristdemokraterna Sandviken<\/title>\n<meta name=\"robots\" content=\"index, follow, max-snippet:-1, max-image-preview:large, max-video-preview:-1\" \/>\n<link rel=\"canonical\" href=\"https:\/\/wp.kristdemokraterna.se\/sandviken\/interpellation-har-sandvikens-kommun-forberett-sina-verksamheter-sedan-barnkonventionens-ikrafttradande-som-lag-den-1-januari-2020\/\" \/>\n<meta property=\"og:locale\" content=\"sv_SE\" \/>\n<meta property=\"og:type\" content=\"article\" \/>\n<meta property=\"og:title\" content=\"Interpellation - Har Sandvikens kommun f\u00f6rberett sina verksamheter sedan barnkonventionens ikrafttr\u00e4dande som lag den 1 januari 2020? - Kristdemokraterna Sandviken\" \/>\n<meta property=\"og:description\" content=\"Interpellation Till kommunfullm\u00e4ktige Har Sandvikens kommun f\u00f6rberett sina verksamheter sedan barnkonventionens ikrafttr\u00e4dande som lag den 1 januari 2020? Enligt en f\u00e4rsk kartl\u00e4ggning som genomf\u00f6rts av Barnens r\u00e4tt i samh\u00e4llet (Bris), s\u00e5 saknar 85 kommuner fortfarande en strategi f\u00f6r hur de skall efterleva barnkonventionen och s\u00e4kerst\u00e4lla barnens r\u00e4ttigheter. Bris p\u00e5pekar i sin rapport att kommunerna, ut\u00f6ver L\u00e4s mer\" \/>\n<meta property=\"og:url\" content=\"https:\/\/wp.kristdemokraterna.se\/sandviken\/interpellation-har-sandvikens-kommun-forberett-sina-verksamheter-sedan-barnkonventionens-ikrafttradande-som-lag-den-1-januari-2020\/\" \/>\n<meta property=\"og:site_name\" content=\"Kristdemokraterna Sandviken\" \/>\n<meta property=\"article:published_time\" content=\"2020-11-11T17:04:31+00:00\" \/>\n<meta property=\"article:modified_time\" content=\"2024-12-09T11:56:19+00:00\" \/>\n<meta name=\"author\" content=\"sandviken\" \/>\n<meta name=\"twitter:card\" content=\"summary_large_image\" \/>\n<meta name=\"twitter:label1\" content=\"Skriven av\" \/>\n\t<meta name=\"twitter:data1\" content=\"sandviken\" \/>\n\t<meta name=\"twitter:label2\" content=\"Ber\u00e4knad l\u00e4stid\" \/>\n\t<meta name=\"twitter:data2\" content=\"1 minut\" \/>\n<script type=\"application\/ld+json\" class=\"yoast-schema-graph\">{\"@context\":\"https:\\\/\\\/schema.org\",\"@graph\":[{\"@type\":\"Article\",\"@id\":\"https:\\\/\\\/wp.kristdemokraterna.se\\\/sandviken\\\/interpellation-har-sandvikens-kommun-forberett-sina-verksamheter-sedan-barnkonventionens-ikrafttradande-som-lag-den-1-januari-2020\\\/#article\",\"isPartOf\":{\"@id\":\"https:\\\/\\\/wp.kristdemokraterna.se\\\/sandviken\\\/interpellation-har-sandvikens-kommun-forberett-sina-verksamheter-sedan-barnkonventionens-ikrafttradande-som-lag-den-1-januari-2020\\\/\"},\"author\":{\"name\":\"sandviken\",\"@id\":\"https:\\\/\\\/wp.kristdemokraterna.se\\\/sandviken\\\/#\\\/schema\\\/person\\\/c2b332d3f7af9932491b335892763859\"},\"headline\":\"Interpellation &#8211; Har Sandvikens kommun f\u00f6rberett sina verksamheter sedan barnkonventionens ikrafttr\u00e4dande som lag den 1 januari 2020?\",\"datePublished\":\"2020-11-11T17:04:31+00:00\",\"dateModified\":\"2024-12-09T11:56:19+00:00\",\"mainEntityOfPage\":{\"@id\":\"https:\\\/\\\/wp.kristdemokraterna.se\\\/sandviken\\\/interpellation-har-sandvikens-kommun-forberett-sina-verksamheter-sedan-barnkonventionens-ikrafttradande-som-lag-den-1-januari-2020\\\/\"},\"wordCount\":169,\"articleSection\":[\"a ) I Sandviken\",\"e) Interpellationer\"],\"inLanguage\":\"sv-SE\"},{\"@type\":\"WebPage\",\"@id\":\"https:\\\/\\\/wp.kristdemokraterna.se\\\/sandviken\\\/interpellation-har-sandvikens-kommun-forberett-sina-verksamheter-sedan-barnkonventionens-ikrafttradande-som-lag-den-1-januari-2020\\\/\",\"url\":\"https:\\\/\\\/wp.kristdemokraterna.se\\\/sandviken\\\/interpellation-har-sandvikens-kommun-forberett-sina-verksamheter-sedan-barnkonventionens-ikrafttradande-som-lag-den-1-januari-2020\\\/\",\"name\":\"Interpellation - Har Sandvikens kommun f\u00f6rberett sina verksamheter sedan barnkonventionens ikrafttr\u00e4dande som lag den 1 januari 2020? - Kristdemokraterna Sandviken\",\"isPartOf\":{\"@id\":\"https:\\\/\\\/wp.kristdemokraterna.se\\\/sandviken\\\/#website\"},\"datePublished\":\"2020-11-11T17:04:31+00:00\",\"dateModified\":\"2024-12-09T11:56:19+00:00\",\"author\":{\"@id\":\"https:\\\/\\\/wp.kristdemokraterna.se\\\/sandviken\\\/#\\\/schema\\\/person\\\/c2b332d3f7af9932491b335892763859\"},\"breadcrumb\":{\"@id\":\"https:\\\/\\\/wp.kristdemokraterna.se\\\/sandviken\\\/interpellation-har-sandvikens-kommun-forberett-sina-verksamheter-sedan-barnkonventionens-ikrafttradande-som-lag-den-1-januari-2020\\\/#breadcrumb\"},\"inLanguage\":\"sv-SE\",\"potentialAction\":[{\"@type\":\"ReadAction\",\"target\":[\"https:\\\/\\\/wp.kristdemokraterna.se\\\/sandviken\\\/interpellation-har-sandvikens-kommun-forberett-sina-verksamheter-sedan-barnkonventionens-ikrafttradande-som-lag-den-1-januari-2020\\\/\"]}]},{\"@type\":\"BreadcrumbList\",\"@id\":\"https:\\\/\\\/wp.kristdemokraterna.se\\\/sandviken\\\/interpellation-har-sandvikens-kommun-forberett-sina-verksamheter-sedan-barnkonventionens-ikrafttradande-som-lag-den-1-januari-2020\\\/#breadcrumb\",\"itemListElement\":[{\"@type\":\"ListItem\",\"position\":1,\"name\":\"Hem\",\"item\":\"https:\\\/\\\/wp.kristdemokraterna.se\\\/sandviken\\\/\"},{\"@type\":\"ListItem\",\"position\":2,\"name\":\"Interpellation &#8211; Har Sandvikens kommun f\u00f6rberett sina verksamheter sedan barnkonventionens ikrafttr\u00e4dande som lag den 1 januari 2020?\"}]},{\"@type\":\"WebSite\",\"@id\":\"https:\\\/\\\/wp.kristdemokraterna.se\\\/sandviken\\\/#website\",\"url\":\"https:\\\/\\\/wp.kristdemokraterna.se\\\/sandviken\\\/\",\"name\":\"Kristdemokraterna Sandviken\",\"description\":\"Trygghet f\u00f6r livet!\",\"inLanguage\":\"sv-SE\"},{\"@type\":\"Person\",\"@id\":\"https:\\\/\\\/wp.kristdemokraterna.se\\\/sandviken\\\/#\\\/schema\\\/person\\\/c2b332d3f7af9932491b335892763859\",\"name\":\"sandviken\",\"image\":{\"@type\":\"ImageObject\",\"inLanguage\":\"sv-SE\",\"@id\":\"https:\\\/\\\/secure.gravatar.com\\\/avatar\\\/8995ff52e47cc5be49606159ccd40a42cdf7e0728f83c8a4fab5e732824505af?s=96&d=mm&r=g\",\"url\":\"https:\\\/\\\/secure.gravatar.com\\\/avatar\\\/8995ff52e47cc5be49606159ccd40a42cdf7e0728f83c8a4fab5e732824505af?s=96&d=mm&r=g\",\"contentUrl\":\"https:\\\/\\\/secure.gravatar.com\\\/avatar\\\/8995ff52e47cc5be49606159ccd40a42cdf7e0728f83c8a4fab5e732824505af?s=96&d=mm&r=g\",\"caption\":\"sandviken\"},\"url\":\"https:\\\/\\\/wp.kristdemokraterna.se\\\/sandviken\\\/author\\\/sandviken\\\/\"}]}<\/script>\n<!-- \/ Yoast SEO plugin. -->","yoast_head_json":{"title":"Interpellation - Har Sandvikens kommun f\u00f6rberett sina verksamheter sedan barnkonventionens ikrafttr\u00e4dande som lag den 1 januari 2020? - Kristdemokraterna Sandviken","robots":{"index":"index","follow":"follow","max-snippet":"max-snippet:-1","max-image-preview":"max-image-preview:large","max-video-preview":"max-video-preview:-1"},"canonical":"https:\/\/wp.kristdemokraterna.se\/sandviken\/interpellation-har-sandvikens-kommun-forberett-sina-verksamheter-sedan-barnkonventionens-ikrafttradande-som-lag-den-1-januari-2020\/","og_locale":"sv_SE","og_type":"article","og_title":"Interpellation - Har Sandvikens kommun f\u00f6rberett sina verksamheter sedan barnkonventionens ikrafttr\u00e4dande som lag den 1 januari 2020? - Kristdemokraterna Sandviken","og_description":"Interpellation Till kommunfullm\u00e4ktige Har Sandvikens kommun f\u00f6rberett sina verksamheter sedan barnkonventionens ikrafttr\u00e4dande som lag den 1 januari 2020? Enligt en f\u00e4rsk kartl\u00e4ggning som genomf\u00f6rts av Barnens r\u00e4tt i samh\u00e4llet (Bris), s\u00e5 saknar 85 kommuner fortfarande en strategi f\u00f6r hur de skall efterleva barnkonventionen och s\u00e4kerst\u00e4lla barnens r\u00e4ttigheter. Bris p\u00e5pekar i sin rapport att kommunerna, ut\u00f6ver L\u00e4s mer","og_url":"https:\/\/wp.kristdemokraterna.se\/sandviken\/interpellation-har-sandvikens-kommun-forberett-sina-verksamheter-sedan-barnkonventionens-ikrafttradande-som-lag-den-1-januari-2020\/","og_site_name":"Kristdemokraterna Sandviken","article_published_time":"2020-11-11T17:04:31+00:00","article_modified_time":"2024-12-09T11:56:19+00:00","author":"sandviken","twitter_card":"summary_large_image","twitter_misc":{"Skriven av":"sandviken","Ber\u00e4knad l\u00e4stid":"1 minut"},"schema":{"@context":"https:\/\/schema.org","@graph":[{"@type":"Article","@id":"https:\/\/wp.kristdemokraterna.se\/sandviken\/interpellation-har-sandvikens-kommun-forberett-sina-verksamheter-sedan-barnkonventionens-ikrafttradande-som-lag-den-1-januari-2020\/#article","isPartOf":{"@id":"https:\/\/wp.kristdemokraterna.se\/sandviken\/interpellation-har-sandvikens-kommun-forberett-sina-verksamheter-sedan-barnkonventionens-ikrafttradande-som-lag-den-1-januari-2020\/"},"author":{"name":"sandviken","@id":"https:\/\/wp.kristdemokraterna.se\/sandviken\/#\/schema\/person\/c2b332d3f7af9932491b335892763859"},"headline":"Interpellation &#8211; Har Sandvikens kommun f\u00f6rberett sina verksamheter sedan barnkonventionens ikrafttr\u00e4dande som lag den 1 januari 2020?","datePublished":"2020-11-11T17:04:31+00:00","dateModified":"2024-12-09T11:56:19+00:00","mainEntityOfPage":{"@id":"https:\/\/wp.kristdemokraterna.se\/sandviken\/interpellation-har-sandvikens-kommun-forberett-sina-verksamheter-sedan-barnkonventionens-ikrafttradande-som-lag-den-1-januari-2020\/"},"wordCount":169,"articleSection":["a ) I Sandviken","e) Interpellationer"],"inLanguage":"sv-SE"},{"@type":"WebPage","@id":"https:\/\/wp.kristdemokraterna.se\/sandviken\/interpellation-har-sandvikens-kommun-forberett-sina-verksamheter-sedan-barnkonventionens-ikrafttradande-som-lag-den-1-januari-2020\/","url":"https:\/\/wp.kristdemokraterna.se\/sandviken\/interpellation-har-sandvikens-kommun-forberett-sina-verksamheter-sedan-barnkonventionens-ikrafttradande-som-lag-den-1-januari-2020\/","name":"Interpellation - Har Sandvikens kommun f\u00f6rberett sina verksamheter sedan barnkonventionens ikrafttr\u00e4dande som lag den 1 januari 2020? - Kristdemokraterna Sandviken","isPartOf":{"@id":"https:\/\/wp.kristdemokraterna.se\/sandviken\/#website"},"datePublished":"2020-11-11T17:04:31+00:00","dateModified":"2024-12-09T11:56:19+00:00","author":{"@id":"https:\/\/wp.kristdemokraterna.se\/sandviken\/#\/schema\/person\/c2b332d3f7af9932491b335892763859"},"breadcrumb":{"@id":"https:\/\/wp.kristdemokraterna.se\/sandviken\/interpellation-har-sandvikens-kommun-forberett-sina-verksamheter-sedan-barnkonventionens-ikrafttradande-som-lag-den-1-januari-2020\/#breadcrumb"},"inLanguage":"sv-SE","potentialAction":[{"@type":"ReadAction","target":["https:\/\/wp.kristdemokraterna.se\/sandviken\/interpellation-har-sandvikens-kommun-forberett-sina-verksamheter-sedan-barnkonventionens-ikrafttradande-som-lag-den-1-januari-2020\/"]}]},{"@type":"BreadcrumbList","@id":"https:\/\/wp.kristdemokraterna.se\/sandviken\/interpellation-har-sandvikens-kommun-forberett-sina-verksamheter-sedan-barnkonventionens-ikrafttradande-som-lag-den-1-januari-2020\/#breadcrumb","itemListElement":[{"@type":"ListItem","position":1,"name":"Hem","item":"https:\/\/wp.kristdemokraterna.se\/sandviken\/"},{"@type":"ListItem","position":2,"name":"Interpellation &#8211; Har Sandvikens kommun f\u00f6rberett sina verksamheter sedan barnkonventionens ikrafttr\u00e4dande som lag den 1 januari 2020?"}]},{"@type":"WebSite","@id":"https:\/\/wp.kristdemokraterna.se\/sandviken\/#website","url":"https:\/\/wp.kristdemokraterna.se\/sandviken\/","name":"Kristdemokraterna Sandviken","description":"Trygghet f\u00f6r livet!","inLanguage":"sv-SE"},{"@type":"Person","@id":"https:\/\/wp.kristdemokraterna.se\/sandviken\/#\/schema\/person\/c2b332d3f7af9932491b335892763859","name":"sandviken","image":{"@type":"ImageObject","inLanguage":"sv-SE","@id":"https:\/\/secure.gravatar.com\/avatar\/8995ff52e47cc5be49606159ccd40a42cdf7e0728f83c8a4fab5e732824505af?s=96&d=mm&r=g","url":"https:\/\/secure.gravatar.com\/avatar\/8995ff52e47cc5be49606159ccd40a42cdf7e0728f83c8a4fab5e732824505af?s=96&d=mm&r=g","contentUrl":"https:\/\/secure.gravatar.com\/avatar\/8995ff52e47cc5be49606159ccd40a42cdf7e0728f83c8a4fab5e732824505af?s=96&d=mm&r=g","caption":"sandviken"},"url":"https:\/\/wp.kristdemokraterna.se\/sandviken\/author\/sandviken\/"}]}},"_links":{"self":[{"href":"https:\/\/wp.kristdemokraterna.se\/sandviken\/wp-json\/wp\/v2\/posts\/729","targetHints":{"allow":["GET"]}}],"collection":[{"href":"https:\/\/wp.kristdemokraterna.se\/sandviken\/wp-json\/wp\/v2\/posts"}],"about":[{"href":"https:\/\/wp.kristdemokraterna.se\/sandviken\/wp-json\/wp\/v2\/types\/post"}],"author":[{"embeddable":true,"href":"https:\/\/wp.kristdemokraterna.se\/sandviken\/wp-json\/wp\/v2\/users\/432"}],"replies":[{"embeddable":true,"href":"https:\/\/wp.kristdemokraterna.se\/sandviken\/wp-json\/wp\/v2\/comments?post=729"}],"version-history":[{"count":4,"href":"https:\/\/wp.kristdemokraterna.se\/sandviken\/wp-json\/wp\/v2\/posts\/729\/revisions"}],"predecessor-version":[{"id":988,"href":"https:\/\/wp.kristdemokraterna.se\/sandviken\/wp-json\/wp\/v2\/posts\/729\/revisions\/988"}],"wp:attachment":[{"href":"https:\/\/wp.kristdemokraterna.se\/sandviken\/wp-json\/wp\/v2\/media?parent=729"}],"wp:term":[{"taxonomy":"category","embeddable":true,"href":"https:\/\/wp.kristdemokraterna.se\/sandviken\/wp-json\/wp\/v2\/categories?post=729"},{"taxonomy":"post_tag","embeddable":true,"href":"https:\/\/wp.kristdemokraterna.se\/sandviken\/wp-json\/wp\/v2\/tags?post=729"}],"curies":[{"name":"wp","href":"https:\/\/api.w.org\/{rel}","templated":true}]}}