{"id":863,"date":"2021-11-14T21:42:19","date_gmt":"2021-11-14T20:42:19","guid":{"rendered":"https:\/\/wp.kristdemokraterna.se\/sandviken\/?p=863"},"modified":"2024-12-10T12:50:52","modified_gmt":"2024-12-10T11:50:52","slug":"budget-2022","status":"publish","type":"post","link":"https:\/\/wp.kristdemokraterna.se\/sandviken\/budget-2022\/","title":{"rendered":"Budgetf\u00f6rslag 2022"},"content":{"rendered":"<h4>Kristdemokraternas budgetf\u00f6rslag 2022 f\u00f6r Sandvikens kommun<\/h4>\n<h4>En budget f\u00f6r framtiden<\/h4>\n<p><strong>1. Inledning<\/strong><\/p>\n<p>Sandviken \u00e4r en fantastisk kommun<br \/>\n&#8211; fr\u00e5n berg till \u00e4lv, med skogar, sj\u00f6ar och myrar.<br \/>\n\u25cf Bra geografiskt l\u00e4ge.<br \/>\n\u25cf Goda kommunikationer nationellt och internationellt.<br \/>\n\u25cf Sp\u00e4nnande etableringar p\u00e5 g\u00e5ng.<br \/>\n\u25cf Rikt sport-och kulturliv, g\u00f6r att Sandviken \u00e4r i Sverigetopp som kulturkommun.<\/p>\n<p>Utmaningarna som v\u00e5r kommun st\u00e5r inf\u00f6r \u00e4r dock stora.<br \/>\n\u25cf Skolresultaten \u00e4r l\u00e5ga.<br \/>\n\u25cf Otryggheten \u00f6kar.<br \/>\n\u25cf Ofrivillig ensamhet bland \u00e4ldre \u00f6kar.<br \/>\n\u25cf Psykisk oh\u00e4lsa \u00f6kar.<br \/>\n\u25cf Arbetsl\u00f6sheten \u00e4r h\u00f6g.<\/p>\n<p>Vi Kristdemokrater ser dessa utmaningar och \u00e4r,<br \/>\n\u25cf Beredda att ta tag i dem.<br \/>\n\u25cf Prioritera de mest utsatta och kommande generationer.<br \/>\n\u25cf F\u00f6rvalta varje skattekrona vi f\u00e5r f\u00f6rtroende f\u00f6r.<\/p>\n<p>Vi Kristdemokrater vill,<br \/>\n\u25cf \u00d6ka skolresultaten.<br \/>\n\u25cf \u00d6ka tryggheten.<br \/>\n\u25cf Bygga ut v\u00e4lf\u00e4rden.<br \/>\n\u25cf St\u00f6tta det lokala n\u00e4ringslivet.<\/p>\n<p>Vi Kristdemokrater vill att,<br \/>\n\u25cf Civilsamh\u00e4llet som g\u00f6r ett ov\u00e4rderligt arbete, ges st\u00f6d och f\u00f6renklade regler.<br \/>\n\u25cf Samarbetet inom hela kommunkoncernen f\u00f6rb\u00e4ttras.<br \/>\n\u25cf Alla bolag och n\u00e4mnder ska dra \u00e5t samma h\u00e5ll.<\/p>\n<p>Vi Kristdemokrater anser att,<br \/>\n\u25cf Familjen \u00e4r samh\u00e4llets viktigaste byggsten.<br \/>\n\u25cf Barn som f\u00e5r v\u00e4xa upp i trygga familjer, f\u00e5r goda f\u00f6ruts\u00e4ttningar<br \/>\n\u25cf Politiken ska st\u00f6dja familjerna, inte styra dem.<br \/>\n\u25cf F\u00f6rebyggande arbete att st\u00e4rka familjerna m\u00e5ste alltid finnas och v\u00e4rnas.<br \/>\n\u25cf Skolan skall se,bekr\u00e4fta,lyfta och inspirera v\u00e5ra barn och unga.<br \/>\n\u25cf Pedagoger ers\u00e4tter dock aldrig mamma eller pappa.<br \/>\n\u25cf Samarbetet mellan det offentliga och f\u00f6r\u00e4ldrarna m\u00e5ste utvecklas och st\u00e4rkas<br \/>\n\u25cf F\u00f6r\u00e4ldraansvaret m\u00e5ste \u00e5tervinnas och st\u00f6ttas, inte fr\u00e5ntas.<\/p>\n<p><strong>2. Kristdemokraternas budget f\u00f6r Sandvikens kommun 2022<\/strong><br \/>\nV\u00e5r budget m\u00f6jligg\u00f6r en effektiv och balanserad ekonomi.<br \/>\nDen avser att bygga en gemenskap i samh\u00e4llsbygget d\u00e4r m\u00e4nniskan \u00e4r i centrum.<\/p>\n<p>Kristdemokraterna vill med denna budget skapa f\u00f6ruts\u00e4ttningar,<br \/>\natt Sandvikens kommun skall vara ett samh\u00e4lle, d\u00e4r man kan utvecklas under trygga f\u00f6rh\u00e5llanden. Oavsett var man bor mellan berg och \u00e4lv.<\/p>\n<p>Budget 2022 KD Differens (S) (L) (C)<br \/>\nKommunfullm\u00e4ktige 8 650 \u2212750<br \/>\nKommunstyrelse 223 000 \u22123 000<br \/>\nKommunstyrelse projektmedel *1) 21 600 1 900<br \/>\nKunskapsn\u00e4mnden *2) 1 014 000 4 100<br \/>\nOmsorgsn\u00e4mnden *3) 700 000 3 600<br \/>\nIndivid- och Familjeomsorgsn\u00e4mnden *4) 221 700 2 100<br \/>\nKultur- och Fritidsn\u00e4mnden *5) 137 500 \u2212700<br \/>\nArbetslivsn\u00e4mnden *6) 88 900 700<br \/>\nV\u00e4stra G\u00e4striklands Samh\u00e4llsbyggnadsn\u00e4mnd *7) 56 800 500<br \/>\n\u00d6verf\u00f6rmyndarn\u00e4mnden 4 850 \u221250<br \/>\nTotalt 2 477 000 8 400<br \/>\nFinansiellt m\u00e5l 31 600 \u22128 400<br \/>\nTotal ram 2 508 600 0<\/p>\n<p>Investeringsbudget<br \/>\n\u00c5r 2022 260 miljoner<br \/>\n\u00c5r 2023 330 miljoner, prel<br \/>\n\u00c5r 2024 300 miljoner, prel<\/p>\n<p>3 *1 ) Kommunstyrelsens projektmedel<br \/>\nVi avs\u00e4tter 500 TSEK till ett projekt att \u00f6ka inflyttningen till Sandviken. Kvoten mellan dagl\u00f6nekostnader och nattl\u00f6nekostnader \u00e4r 1,1. Det vill s\u00e4ga att dagl\u00f6neutbetalningarna \u00e4r 500 MSEK mer \u00e4n dom som bor och \u00f6vernattar och betalar skatt h\u00e4r. Att halvera underskottet ger 150 TSEK per \u00e5r bara i skatteint\u00e4kter. \u00d6vrigt or\u00e4knat. Visst kostnaderna \u00f6kar f\u00f6r barnomsorg och skola, men torde kompenseras av int\u00e4kter i skatt fr\u00e5n handeln t.ex.<\/p>\n<p>*2) Kunskapsn\u00e4mnden, KUN<br \/>\nVi avs\u00e4tter 200 TSEK till en aktivitet som skall informera f\u00f6r\u00e4ldrar, speciellt invandrarf\u00f6r\u00e4ldrar, varf\u00f6r skolan och svenska spr\u00e5ket \u00e4r viktigt f\u00f6r deras barn och f\u00f6r dom sj\u00e4lva. Detta i samarbete med IFO.<br \/>\nVi avs\u00e4tter 200 TSEK som bidrag till en studieresa till Auschwitz,eller information om de grymheter som beg\u00e5s mot folkgrupper.<br \/>\nKunskapsn\u00e4mnden skall organisera sig inom ramen f\u00f6r den f\u00f6reslagna budgeten, s\u00e5 att det blir<br \/>\n&#8211; Ett starkt ledarskap med fokus p\u00e5 \u00f6kat resultat.<br \/>\n&#8211; En utbyggd och v\u00e4l fungerande elevh\u00e4lsa med kuratorer.<br \/>\n&#8211; M\u00f6jligt f\u00f6r pedagogerna att vara pedagoger.<br \/>\n&#8211; En skola d\u00e4r alla l\u00e4s-och skrivsv\u00e5righeter utreds. Och hj\u00e4lpinsatser organiseras.<br \/>\n&#8211; En skola d\u00e4r ingen g\u00e5r i en klass som inte motsvarar hens kunskaper.<br \/>\n&#8211; En skola med motion och r\u00f6relse.<br \/>\n&#8211; Fler h\u00f6gskolef\u00f6rberedande program.<br \/>\n&#8211; Ett gymnasieprogram med fotbollsinriktning.<\/p>\n<p>Samarbete<br \/>\nKunskapsn\u00e4mnden skall samarbeta med Kultur- och Fritidsn\u00e4mnden<br \/>\nvid byggandet av multihallar. Samt samarbeta med v\u00e5ra grannkommuner G\u00e4vle, Hofors och Ockelbo avseende gymnasieprogram.<\/p>\n<p>*3) Omsorgsn\u00e4mnden<br \/>\nVi avs\u00e4tter 200 TSEK f\u00f6r att kunna anlita gymnasieelever i omsorgen. Eleverna skall vara en resurs, och ska t ex kunna hj\u00e4lpa till med l\u00e4sning,spel och promenader. Detta leder till att visa ungdomarna vilka m\u00f6jligheter det finns till arbete inom omsorgen. Och det st\u00e4rker<br \/>\nrelationerna mellan generationerna. Den ofrivilliga ensamheten \u00e4r ett annat omr\u00e5de som m\u00e5ste analyseras och bearbetas. Att s\u00e4tta in insatser d\u00e4r inneb\u00e4r, att kostnader kan besparas omsorgen framgent.<\/p>\n<p>Samarbete<br \/>\nSamarbete mellan Omsorgsn\u00e4mnden och Sandvikenhus AB \u00e4r viktig f\u00f6r att f\u00e5nga upp den ofrivilliga ensamheten.<\/p>\n<p>4 *4) Individ- och Familjeomsorgsn\u00e4mnden, IFO<br \/>\nKostnaderna f\u00f6r barn- och omsorgsv\u00e5rden \u00f6kar lavinartat.<br \/>\nH\u00e4r kr\u00e4vs insatser f\u00f6r att komma till r\u00e4tta med grundproblemet.<br \/>\nBarn och ungas h\u00e4lsa \u00e4r det viktigaste och h\u00e4r skall f\u00f6rebyggande insatser prioriteras.<br \/>\nF\u00f6rs\u00f6rjningsst\u00f6d beh\u00f6vs under \u00f6verg\u00e5ngstider, men fokus skall vara att f\u00e5 alla i egen f\u00f6rs\u00f6rjning.<br \/>\nF\u00e4ltsamordnarna beh\u00f6vs mer \u00e4n n\u00e5gonsin. Det f\u00f6rebyggande arbetet skall g\u00f6ra att vi f\u00e5r bort ungdomarna fr\u00e5n gator och torg, och att skolresultaten kan f\u00f6rb\u00e4ttras.<br \/>\nM\u00f6dracentralen \u00e4r viktig f\u00f6r att f\u00e5nga upp problem och brister i spr\u00e5kf\u00f6rst\u00e5else.<\/p>\n<p>Samarbete<br \/>\nIFO och Arbetslivsn\u00e4mnden ska tillsammans verka f\u00f6r att f\u00e5 s\u00e5 m\u00e5nga som m\u00f6jligt f\u00e5r arbeta 100 % av sin f\u00f6rm\u00e5ga. Detta minskar kostnaderna f\u00f6r f\u00f6rs\u00f6rjningsst\u00f6d och ger b\u00e4ttre h\u00e4lsa. IFO och Kunskapsn\u00e4mnden ska tillsammans f\u00e5nga upp dom som inte sk\u00f6ter sin skolg\u00e5ng.<\/p>\n<p>*5) Kultur- och Fritidsn\u00e4mnden, KUN<br \/>\nJernvallen multihall och Parkallen Allaktivitetshall ska byggas i Sandvikens centralort och<br \/>\nStorviks t\u00e4tort. Och Storviksbadet f\u00e5r leva vidare.<br \/>\nAtt kommunen i kommande detaljplaner och i bygget av nya anl\u00e4ggningar ger civilsamh\u00e4llet m\u00f6jlighet att bidra och samverka. Detta kan ske genom att bland annat anvisa och uppl\u00e5ta mark till motionsanl\u00e4ggningar, hundrastg\u00e5rdar m m.<\/p>\n<p>Samarbete<br \/>\nMulti- och allaktivitetshallarna b\u00f6r byggas i samr\u00e5d med Kunskapsn\u00e4mnden med beaktande av skolhusplan 2030.<\/p>\n<p>*6) Arbetslivsn\u00e4mnden<br \/>\nDet r\u00e5der en oviss framtid betr\u00e4ffande extratj\u00e4nster i samarbetet med Arbetsf\u00f6rmedlingen.<\/p>\n<p>Samarbete<br \/>\nArbetslivsn\u00e4mnden skall samarbeta med IFO i projektet fr\u00e5n f\u00f6rs\u00f6rjningsst\u00f6d till egen f\u00f6rs\u00f6rjning.<\/p>\n<p>7*) V\u00e4stra G\u00e4striklands Samh\u00e4llsbyggnadsn\u00e4mnd, VGS<br \/>\nGenom \u00e5terst\u00e4llande av v\u00e5tmarker kan koldioxidutsl\u00e4ppen fr\u00e5n samtliga bilar i Sverige kompenserar till fullo. VGS b\u00f6r inventera vilka omr\u00e5den inom Sandvikens kommun som kan och b\u00f6r \u00e5terst\u00e4llas, samt erbjuda ber\u00f6rda mark\u00e4gare assistans vid ans\u00f6kningar om bidrag till<br \/>\n\u00e5tg\u00e4rder och deltaga i arbetet med r\u00e5d.<br \/>\nVindbruksplanen skall ses \u00f6ver. Bland annat b\u00f6r ett respektavst\u00e5nd inf\u00f6ras. Det vill s\u00e4ga, avst\u00e5ndet till n\u00e4rmast boende fr\u00e5n ett vindkraftsaggregat b\u00f6r vara f\u00f6rslagsvis 7 g\u00e5nger verkets h\u00f6jd. Vilket inneb\u00e4r minst 2 000 meter vid 280 meters h\u00f6jd.<\/p>\n<p>Samarbete<br \/>\nF\u00f6rutom de i n\u00e4mnden ing\u00e5ende kommunerna b\u00f6r \u00e4ven grannkommunerna konsulteras i fr\u00e5gorna r\u00f6rande v\u00e5tmarker och vindkraftverk.<\/p>\n<p>5<br \/>\n<strong>Generellt<\/strong><br \/>\nM\u00e5ls\u00e4ttningen f\u00f6r Sandvikens kommun b\u00f6r vara att:<br \/>\nSenast \u00e5r 2023 ska Sandvikens kommun vara bland de 50 h\u00f6gst rankade kommunerna p\u00e5 Svenskt N\u00e4ringslivs ranking av f\u00f6retagsklimatet.<br \/>\nSandvikens kommun \u00e4r en viktig del av G\u00e4vleborgsregionen och bidrar med ett starkt och h\u00f6gteknologiskt n\u00e4ringsliv med flera globala teknikf\u00f6retag med internationell spetskompetens och h\u00f6g med exportandel. I kommunen finns ocks\u00e5 ett stort antal entrepren\u00f6rer som g\u00f6r stor skillnad i den gemensamma samh\u00e4llsutvecklingen<br \/>\nEtt gott f\u00f6retagsklimat bidrar till f\u00f6retagens investeringsvilja och lockar nya f\u00f6retag att etablera sig.<br \/>\nSamarbetet, mellan och n\u00e4mnder och n\u00e4mnder , bolag och bolag, bolag och n\u00e4mnder och vise versa, skall f\u00f6rb\u00e4ttras och f\u00f6rfinas, f\u00f6r att n\u00e5 ett bra resultat i hela kommunkoncernen.<br \/>\nVarje beslut skall f\u00f6reg\u00e5s av en konsekvensanalys.<br \/>\nUppf\u00f6ljning av beslutade insatser, f\u00f6r\u00e4ndringar och aktiviteter sker inte systematiskt och skall d\u00e4rf\u00f6r f\u00f6rb\u00e4ttras.<br \/>\nBarnkonventionen \u00e4r nu lag och skall efterlevas. Det beh\u00f6vs en instruktion f\u00f6r hur \u00e4renden skall behandlas. En barnkonsekvensanalys skall alltid utf\u00f6ras.<br \/>\nHela kommunen skall leva och utvecklas. Det finns utvecklingspotential i v\u00e5ra t\u00e4torter.<br \/>\nI den nya Visionen f\u00f6r Sandviken, s\u00e5 beskriver vi oss som den \u201cAktiva kommunen\u201d. Nu kommer utmaningen att bygga den \u201cattraktiva kommunen\u201d. Under pandemin s\u00e5 har det visat sig att 40 % av inv\u00e5narna i storst\u00e4derna \u00f6nskar flytta ut p\u00e5 landsbygden. D\u00e5 \u00e4r det viktigt att<br \/>\nbeh\u00e5lla skolorna i v\u00e5ra t\u00e4torter och utveckla gymnasieskolan till n\u00e5got mycket b\u00e4ttre.<br \/>\nByggandet av nya bost\u00e4der utanf\u00f6r centralorten b\u00f6r inledas omg\u00e5ende. Det \u00e4r f\u00f6r den attraktiva kommunen ocks\u00e5 viktigt, att vi beh\u00e5ller och v\u00e5rdar v\u00e5r fantastiska natur och dess djurliv. Vi f\u00f6rvaltar v\u00e5r jord till kommande generationer, d\u00e4rf\u00f6r s\u00e4ger vi ett rungande nej till etablering av en vindkraftsindustri i Galmsj\u00f6myran.<\/p>\n<p>November 2021<br \/>\nKristdemokraterna Sandviken<\/p>\n","protected":false},"excerpt":{"rendered":"<p>Kristdemokraternas budgetf\u00f6rslag 2022 f\u00f6r Sandvikens kommun En budget f\u00f6r framtiden 1. Inledning Sandviken \u00e4r en fantastisk kommun &#8211; fr\u00e5n berg till \u00e4lv, med skogar, sj\u00f6ar och myrar. \u25cf Bra geografiskt l\u00e4ge. \u25cf Goda kommunikationer nationellt och internationellt. \u25cf Sp\u00e4nnande etableringar p\u00e5 g\u00e5ng. \u25cf Rikt sport-och kulturliv, g\u00f6r att Sandviken \u00e4r i Sverigetopp som kulturkommun. Utmaningarna <a class=\"read-more-link\" href=\"https:\/\/wp.kristdemokraterna.se\/sandviken\/budget-2022\/\">L\u00e4s mer<\/a><\/p>\n","protected":false},"author":432,"featured_media":0,"comment_status":"closed","ping_status":"closed","sticky":false,"template":"","format":"standard","meta":{"_acf_changed":false,"footnotes":""},"categories":[36,30],"tags":[],"class_list":["post-863","post","type-post","status-publish","format-standard","hentry","category-i-sandviken","category-budget"],"acf":[],"yoast_head":"<!-- This site is optimized with the Yoast SEO plugin v27.4 - https:\/\/yoast.com\/product\/yoast-seo-wordpress\/ -->\n<title>Budgetf\u00f6rslag 2022 - Kristdemokraterna Sandviken<\/title>\n<meta name=\"robots\" content=\"index, follow, max-snippet:-1, max-image-preview:large, max-video-preview:-1\" \/>\n<link rel=\"canonical\" href=\"https:\/\/wp.kristdemokraterna.se\/sandviken\/budget-2022\/\" \/>\n<meta property=\"og:locale\" content=\"sv_SE\" \/>\n<meta property=\"og:type\" content=\"article\" \/>\n<meta property=\"og:title\" content=\"Budgetf\u00f6rslag 2022 - Kristdemokraterna Sandviken\" \/>\n<meta property=\"og:description\" content=\"Kristdemokraternas budgetf\u00f6rslag 2022 f\u00f6r Sandvikens kommun En budget f\u00f6r framtiden 1. Inledning Sandviken \u00e4r en fantastisk kommun &#8211; fr\u00e5n berg till \u00e4lv, med skogar, sj\u00f6ar och myrar. \u25cf Bra geografiskt l\u00e4ge. \u25cf Goda kommunikationer nationellt och internationellt. \u25cf Sp\u00e4nnande etableringar p\u00e5 g\u00e5ng. \u25cf Rikt sport-och kulturliv, g\u00f6r att Sandviken \u00e4r i Sverigetopp som kulturkommun. Utmaningarna L\u00e4s mer\" \/>\n<meta property=\"og:url\" content=\"https:\/\/wp.kristdemokraterna.se\/sandviken\/budget-2022\/\" \/>\n<meta property=\"og:site_name\" content=\"Kristdemokraterna Sandviken\" \/>\n<meta property=\"article:published_time\" content=\"2021-11-14T20:42:19+00:00\" \/>\n<meta property=\"article:modified_time\" content=\"2024-12-10T11:50:52+00:00\" \/>\n<meta name=\"author\" content=\"sandviken\" \/>\n<meta name=\"twitter:card\" content=\"summary_large_image\" \/>\n<meta name=\"twitter:label1\" content=\"Skriven av\" \/>\n\t<meta name=\"twitter:data1\" content=\"sandviken\" \/>\n\t<meta name=\"twitter:label2\" content=\"Ber\u00e4knad l\u00e4stid\" \/>\n\t<meta name=\"twitter:data2\" content=\"7 minuter\" \/>\n<script type=\"application\/ld+json\" class=\"yoast-schema-graph\">{\"@context\":\"https:\\\/\\\/schema.org\",\"@graph\":[{\"@type\":\"Article\",\"@id\":\"https:\\\/\\\/wp.kristdemokraterna.se\\\/sandviken\\\/budget-2022\\\/#article\",\"isPartOf\":{\"@id\":\"https:\\\/\\\/wp.kristdemokraterna.se\\\/sandviken\\\/budget-2022\\\/\"},\"author\":{\"name\":\"sandviken\",\"@id\":\"https:\\\/\\\/wp.kristdemokraterna.se\\\/sandviken\\\/#\\\/schema\\\/person\\\/c2b332d3f7af9932491b335892763859\"},\"headline\":\"Budgetf\u00f6rslag 2022\",\"datePublished\":\"2021-11-14T20:42:19+00:00\",\"dateModified\":\"2024-12-10T11:50:52+00:00\",\"mainEntityOfPage\":{\"@id\":\"https:\\\/\\\/wp.kristdemokraterna.se\\\/sandviken\\\/budget-2022\\\/\"},\"wordCount\":1520,\"articleSection\":[\"a ) I Sandviken\",\"g ) Budget\"],\"inLanguage\":\"sv-SE\"},{\"@type\":\"WebPage\",\"@id\":\"https:\\\/\\\/wp.kristdemokraterna.se\\\/sandviken\\\/budget-2022\\\/\",\"url\":\"https:\\\/\\\/wp.kristdemokraterna.se\\\/sandviken\\\/budget-2022\\\/\",\"name\":\"Budgetf\u00f6rslag 2022 - Kristdemokraterna Sandviken\",\"isPartOf\":{\"@id\":\"https:\\\/\\\/wp.kristdemokraterna.se\\\/sandviken\\\/#website\"},\"datePublished\":\"2021-11-14T20:42:19+00:00\",\"dateModified\":\"2024-12-10T11:50:52+00:00\",\"author\":{\"@id\":\"https:\\\/\\\/wp.kristdemokraterna.se\\\/sandviken\\\/#\\\/schema\\\/person\\\/c2b332d3f7af9932491b335892763859\"},\"breadcrumb\":{\"@id\":\"https:\\\/\\\/wp.kristdemokraterna.se\\\/sandviken\\\/budget-2022\\\/#breadcrumb\"},\"inLanguage\":\"sv-SE\",\"potentialAction\":[{\"@type\":\"ReadAction\",\"target\":[\"https:\\\/\\\/wp.kristdemokraterna.se\\\/sandviken\\\/budget-2022\\\/\"]}]},{\"@type\":\"BreadcrumbList\",\"@id\":\"https:\\\/\\\/wp.kristdemokraterna.se\\\/sandviken\\\/budget-2022\\\/#breadcrumb\",\"itemListElement\":[{\"@type\":\"ListItem\",\"position\":1,\"name\":\"Hem\",\"item\":\"https:\\\/\\\/wp.kristdemokraterna.se\\\/sandviken\\\/\"},{\"@type\":\"ListItem\",\"position\":2,\"name\":\"Budgetf\u00f6rslag 2022\"}]},{\"@type\":\"WebSite\",\"@id\":\"https:\\\/\\\/wp.kristdemokraterna.se\\\/sandviken\\\/#website\",\"url\":\"https:\\\/\\\/wp.kristdemokraterna.se\\\/sandviken\\\/\",\"name\":\"Kristdemokraterna Sandviken\",\"description\":\"Trygghet f\u00f6r livet!\",\"inLanguage\":\"sv-SE\"},{\"@type\":\"Person\",\"@id\":\"https:\\\/\\\/wp.kristdemokraterna.se\\\/sandviken\\\/#\\\/schema\\\/person\\\/c2b332d3f7af9932491b335892763859\",\"name\":\"sandviken\",\"image\":{\"@type\":\"ImageObject\",\"inLanguage\":\"sv-SE\",\"@id\":\"https:\\\/\\\/secure.gravatar.com\\\/avatar\\\/8995ff52e47cc5be49606159ccd40a42cdf7e0728f83c8a4fab5e732824505af?s=96&d=mm&r=g\",\"url\":\"https:\\\/\\\/secure.gravatar.com\\\/avatar\\\/8995ff52e47cc5be49606159ccd40a42cdf7e0728f83c8a4fab5e732824505af?s=96&d=mm&r=g\",\"contentUrl\":\"https:\\\/\\\/secure.gravatar.com\\\/avatar\\\/8995ff52e47cc5be49606159ccd40a42cdf7e0728f83c8a4fab5e732824505af?s=96&d=mm&r=g\",\"caption\":\"sandviken\"},\"url\":\"https:\\\/\\\/wp.kristdemokraterna.se\\\/sandviken\\\/author\\\/sandviken\\\/\"}]}<\/script>\n<!-- \/ Yoast SEO plugin. -->","yoast_head_json":{"title":"Budgetf\u00f6rslag 2022 - Kristdemokraterna Sandviken","robots":{"index":"index","follow":"follow","max-snippet":"max-snippet:-1","max-image-preview":"max-image-preview:large","max-video-preview":"max-video-preview:-1"},"canonical":"https:\/\/wp.kristdemokraterna.se\/sandviken\/budget-2022\/","og_locale":"sv_SE","og_type":"article","og_title":"Budgetf\u00f6rslag 2022 - Kristdemokraterna Sandviken","og_description":"Kristdemokraternas budgetf\u00f6rslag 2022 f\u00f6r Sandvikens kommun En budget f\u00f6r framtiden 1. Inledning Sandviken \u00e4r en fantastisk kommun &#8211; fr\u00e5n berg till \u00e4lv, med skogar, sj\u00f6ar och myrar. \u25cf Bra geografiskt l\u00e4ge. \u25cf Goda kommunikationer nationellt och internationellt. \u25cf Sp\u00e4nnande etableringar p\u00e5 g\u00e5ng. \u25cf Rikt sport-och kulturliv, g\u00f6r att Sandviken \u00e4r i Sverigetopp som kulturkommun. Utmaningarna L\u00e4s mer","og_url":"https:\/\/wp.kristdemokraterna.se\/sandviken\/budget-2022\/","og_site_name":"Kristdemokraterna Sandviken","article_published_time":"2021-11-14T20:42:19+00:00","article_modified_time":"2024-12-10T11:50:52+00:00","author":"sandviken","twitter_card":"summary_large_image","twitter_misc":{"Skriven av":"sandviken","Ber\u00e4knad l\u00e4stid":"7 minuter"},"schema":{"@context":"https:\/\/schema.org","@graph":[{"@type":"Article","@id":"https:\/\/wp.kristdemokraterna.se\/sandviken\/budget-2022\/#article","isPartOf":{"@id":"https:\/\/wp.kristdemokraterna.se\/sandviken\/budget-2022\/"},"author":{"name":"sandviken","@id":"https:\/\/wp.kristdemokraterna.se\/sandviken\/#\/schema\/person\/c2b332d3f7af9932491b335892763859"},"headline":"Budgetf\u00f6rslag 2022","datePublished":"2021-11-14T20:42:19+00:00","dateModified":"2024-12-10T11:50:52+00:00","mainEntityOfPage":{"@id":"https:\/\/wp.kristdemokraterna.se\/sandviken\/budget-2022\/"},"wordCount":1520,"articleSection":["a ) I Sandviken","g ) Budget"],"inLanguage":"sv-SE"},{"@type":"WebPage","@id":"https:\/\/wp.kristdemokraterna.se\/sandviken\/budget-2022\/","url":"https:\/\/wp.kristdemokraterna.se\/sandviken\/budget-2022\/","name":"Budgetf\u00f6rslag 2022 - Kristdemokraterna Sandviken","isPartOf":{"@id":"https:\/\/wp.kristdemokraterna.se\/sandviken\/#website"},"datePublished":"2021-11-14T20:42:19+00:00","dateModified":"2024-12-10T11:50:52+00:00","author":{"@id":"https:\/\/wp.kristdemokraterna.se\/sandviken\/#\/schema\/person\/c2b332d3f7af9932491b335892763859"},"breadcrumb":{"@id":"https:\/\/wp.kristdemokraterna.se\/sandviken\/budget-2022\/#breadcrumb"},"inLanguage":"sv-SE","potentialAction":[{"@type":"ReadAction","target":["https:\/\/wp.kristdemokraterna.se\/sandviken\/budget-2022\/"]}]},{"@type":"BreadcrumbList","@id":"https:\/\/wp.kristdemokraterna.se\/sandviken\/budget-2022\/#breadcrumb","itemListElement":[{"@type":"ListItem","position":1,"name":"Hem","item":"https:\/\/wp.kristdemokraterna.se\/sandviken\/"},{"@type":"ListItem","position":2,"name":"Budgetf\u00f6rslag 2022"}]},{"@type":"WebSite","@id":"https:\/\/wp.kristdemokraterna.se\/sandviken\/#website","url":"https:\/\/wp.kristdemokraterna.se\/sandviken\/","name":"Kristdemokraterna Sandviken","description":"Trygghet f\u00f6r livet!","inLanguage":"sv-SE"},{"@type":"Person","@id":"https:\/\/wp.kristdemokraterna.se\/sandviken\/#\/schema\/person\/c2b332d3f7af9932491b335892763859","name":"sandviken","image":{"@type":"ImageObject","inLanguage":"sv-SE","@id":"https:\/\/secure.gravatar.com\/avatar\/8995ff52e47cc5be49606159ccd40a42cdf7e0728f83c8a4fab5e732824505af?s=96&d=mm&r=g","url":"https:\/\/secure.gravatar.com\/avatar\/8995ff52e47cc5be49606159ccd40a42cdf7e0728f83c8a4fab5e732824505af?s=96&d=mm&r=g","contentUrl":"https:\/\/secure.gravatar.com\/avatar\/8995ff52e47cc5be49606159ccd40a42cdf7e0728f83c8a4fab5e732824505af?s=96&d=mm&r=g","caption":"sandviken"},"url":"https:\/\/wp.kristdemokraterna.se\/sandviken\/author\/sandviken\/"}]}},"_links":{"self":[{"href":"https:\/\/wp.kristdemokraterna.se\/sandviken\/wp-json\/wp\/v2\/posts\/863","targetHints":{"allow":["GET"]}}],"collection":[{"href":"https:\/\/wp.kristdemokraterna.se\/sandviken\/wp-json\/wp\/v2\/posts"}],"about":[{"href":"https:\/\/wp.kristdemokraterna.se\/sandviken\/wp-json\/wp\/v2\/types\/post"}],"author":[{"embeddable":true,"href":"https:\/\/wp.kristdemokraterna.se\/sandviken\/wp-json\/wp\/v2\/users\/432"}],"replies":[{"embeddable":true,"href":"https:\/\/wp.kristdemokraterna.se\/sandviken\/wp-json\/wp\/v2\/comments?post=863"}],"version-history":[{"count":4,"href":"https:\/\/wp.kristdemokraterna.se\/sandviken\/wp-json\/wp\/v2\/posts\/863\/revisions"}],"predecessor-version":[{"id":1017,"href":"https:\/\/wp.kristdemokraterna.se\/sandviken\/wp-json\/wp\/v2\/posts\/863\/revisions\/1017"}],"wp:attachment":[{"href":"https:\/\/wp.kristdemokraterna.se\/sandviken\/wp-json\/wp\/v2\/media?parent=863"}],"wp:term":[{"taxonomy":"category","embeddable":true,"href":"https:\/\/wp.kristdemokraterna.se\/sandviken\/wp-json\/wp\/v2\/categories?post=863"},{"taxonomy":"post_tag","embeddable":true,"href":"https:\/\/wp.kristdemokraterna.se\/sandviken\/wp-json\/wp\/v2\/tags?post=863"}],"curies":[{"name":"wp","href":"https:\/\/api.w.org\/{rel}","templated":true}]}}