{"id":1282,"date":"2015-03-16T12:00:40","date_gmt":"2015-03-16T11:00:40","guid":{"rendered":"http:\/\/wp.kristdemokraterna.se\/savsjo\/?p=1282"},"modified":"2015-03-16T12:05:01","modified_gmt":"2015-03-16T11:05:01","slug":"erika-anna-karin-och-stefan-valjer-partiledaren","status":"publish","type":"post","link":"https:\/\/wp.kristdemokraterna.se\/savsjo\/erika-anna-karin-och-stefan-valjer-partiledaren\/","title":{"rendered":"De v\u00e4ljer nya partiledaren"},"content":{"rendered":"<p>L\u00f6rdag 21\/3 f\u00f6resl\u00e5s distriktsst\u00e4mman utse Anna-Karin Yngvesson, Stefan Gustafsson som ombud med Erika Karlsson Mallander som ers\u00e4ttare \u00a0till rikstinget d\u00e4r ny partiledare ska utses. Valberedningen har lanserat bara en partiledare, Ebba Busch Thor, s\u00e5 det valet \u00e4r enkelt. P\u00e5 rikstinget utses ocks\u00e5\u00a0partistyrelse och det \u00e4r viktigt att det blir en bes\u00e4ttning som kan komplettera och st\u00f6dja den nya partiledaren. Lokalavdelningens f\u00f6rslag \u00e4r att utse Jakob Forssmed som f\u00f6rste vice ordf\u00f6rande och David Lega som andre vice ordf\u00f6rande. I \u00f6vrigt till partistyrelsen f\u00f6resl\u00e5s Andreas Carlsson, Emma Henriksson, Lars Adaktusson och Caroline Szyber.<\/p>\n","protected":false},"excerpt":{"rendered":"<p>L\u00f6rdag 21\/3 f\u00f6resl\u00e5s distriktsst\u00e4mman utse Anna-Karin Yngvesson, Stefan Gustafsson som ombud med Erika Karlsson Mallander som ers\u00e4ttare \u00a0till rikstinget d\u00e4r ny partiledare ska utses. Valberedningen har lanserat bara en partiledare, Ebba Busch Thor, s\u00e5 det valet \u00e4r enkelt. P\u00e5 rikstinget utses ocks\u00e5\u00a0partistyrelse och det \u00e4r viktigt att det blir en bes\u00e4ttning som kan komplettera och <a class=\"read-more-link\" href=\"https:\/\/wp.kristdemokraterna.se\/savsjo\/erika-anna-karin-och-stefan-valjer-partiledaren\/\">Read More<\/a><\/p>\n","protected":false},"author":430,"featured_media":1283,"comment_status":"closed","ping_status":"closed","sticky":false,"template":"","format":"standard","meta":{"_acf_changed":false,"footnotes":""},"categories":[1],"tags":[],"class_list":["post-1282","post","type-post","status-publish","format-standard","has-post-thumbnail","hentry","category-okategoriserade"],"acf":[],"yoast_head":"<!-- This site is optimized with the Yoast SEO plugin v27.4 - https:\/\/yoast.com\/product\/yoast-seo-wordpress\/ -->\n<title>De v\u00e4ljer nya partiledaren - S\u00e4vsj\u00f6<\/title>\n<meta name=\"robots\" content=\"index, follow, max-snippet:-1, max-image-preview:large, max-video-preview:-1\" \/>\n<link rel=\"canonical\" href=\"https:\/\/wp.kristdemokraterna.se\/savsjo\/erika-anna-karin-och-stefan-valjer-partiledaren\/\" \/>\n<meta property=\"og:locale\" content=\"sv_SE\" \/>\n<meta property=\"og:type\" content=\"article\" \/>\n<meta property=\"og:title\" content=\"De v\u00e4ljer nya partiledaren - S\u00e4vsj\u00f6\" \/>\n<meta property=\"og:description\" content=\"L\u00f6rdag 21\/3 f\u00f6resl\u00e5s distriktsst\u00e4mman utse Anna-Karin Yngvesson, Stefan Gustafsson som ombud med Erika Karlsson Mallander som ers\u00e4ttare \u00a0till rikstinget d\u00e4r ny partiledare ska utses. Valberedningen har lanserat bara en partiledare, Ebba Busch Thor, s\u00e5 det valet \u00e4r enkelt. P\u00e5 rikstinget utses ocks\u00e5\u00a0partistyrelse och det \u00e4r viktigt att det blir en bes\u00e4ttning som kan komplettera och Read More\" \/>\n<meta property=\"og:url\" content=\"https:\/\/wp.kristdemokraterna.se\/savsjo\/erika-anna-karin-och-stefan-valjer-partiledaren\/\" \/>\n<meta property=\"og:site_name\" content=\"S\u00e4vsj\u00f6\" \/>\n<meta property=\"article:published_time\" content=\"2015-03-16T11:00:40+00:00\" \/>\n<meta property=\"article:modified_time\" content=\"2015-03-16T11:05:01+00:00\" \/>\n<meta property=\"og:image\" content=\"https:\/\/wp.kristdemokraterna.se\/savsjo\/files\/2015\/03\/anna-karin-stefan-erika.jpg\" \/>\n\t<meta property=\"og:image:width\" content=\"500\" \/>\n\t<meta property=\"og:image:height\" content=\"300\" \/>\n\t<meta property=\"og:image:type\" content=\"image\/jpeg\" \/>\n<meta name=\"author\" content=\"Stefan Gustafsson\" \/>\n<meta name=\"twitter:card\" content=\"summary_large_image\" \/>\n<meta name=\"twitter:label1\" content=\"Skriven av\" \/>\n\t<meta name=\"twitter:data1\" content=\"Stefan Gustafsson\" \/>\n\t<meta name=\"twitter:label2\" content=\"Ber\u00e4knad l\u00e4stid\" \/>\n\t<meta name=\"twitter:data2\" content=\"1 minut\" \/>\n<script type=\"application\/ld+json\" class=\"yoast-schema-graph\">{\"@context\":\"https:\\\/\\\/schema.org\",\"@graph\":[{\"@type\":\"Article\",\"@id\":\"https:\\\/\\\/wp.kristdemokraterna.se\\\/savsjo\\\/erika-anna-karin-och-stefan-valjer-partiledaren\\\/#article\",\"isPartOf\":{\"@id\":\"https:\\\/\\\/wp.kristdemokraterna.se\\\/savsjo\\\/erika-anna-karin-och-stefan-valjer-partiledaren\\\/\"},\"author\":{\"name\":\"Stefan Gustafsson\",\"@id\":\"https:\\\/\\\/wp.kristdemokraterna.se\\\/savsjo\\\/#\\\/schema\\\/person\\\/66a08fa678592f794fe60a50b249978a\"},\"headline\":\"De v\u00e4ljer nya partiledaren\",\"datePublished\":\"2015-03-16T11:00:40+00:00\",\"dateModified\":\"2015-03-16T11:05:01+00:00\",\"mainEntityOfPage\":{\"@id\":\"https:\\\/\\\/wp.kristdemokraterna.se\\\/savsjo\\\/erika-anna-karin-och-stefan-valjer-partiledaren\\\/\"},\"wordCount\":110,\"image\":{\"@id\":\"https:\\\/\\\/wp.kristdemokraterna.se\\\/savsjo\\\/erika-anna-karin-och-stefan-valjer-partiledaren\\\/#primaryimage\"},\"thumbnailUrl\":\"https:\\\/\\\/wp.kristdemokraterna.se\\\/savsjo\\\/files\\\/2015\\\/03\\\/anna-karin-stefan-erika.jpg\",\"inLanguage\":\"sv-SE\"},{\"@type\":\"WebPage\",\"@id\":\"https:\\\/\\\/wp.kristdemokraterna.se\\\/savsjo\\\/erika-anna-karin-och-stefan-valjer-partiledaren\\\/\",\"url\":\"https:\\\/\\\/wp.kristdemokraterna.se\\\/savsjo\\\/erika-anna-karin-och-stefan-valjer-partiledaren\\\/\",\"name\":\"De v\u00e4ljer nya partiledaren - S\u00e4vsj\u00f6\",\"isPartOf\":{\"@id\":\"https:\\\/\\\/wp.kristdemokraterna.se\\\/savsjo\\\/#website\"},\"primaryImageOfPage\":{\"@id\":\"https:\\\/\\\/wp.kristdemokraterna.se\\\/savsjo\\\/erika-anna-karin-och-stefan-valjer-partiledaren\\\/#primaryimage\"},\"image\":{\"@id\":\"https:\\\/\\\/wp.kristdemokraterna.se\\\/savsjo\\\/erika-anna-karin-och-stefan-valjer-partiledaren\\\/#primaryimage\"},\"thumbnailUrl\":\"https:\\\/\\\/wp.kristdemokraterna.se\\\/savsjo\\\/files\\\/2015\\\/03\\\/anna-karin-stefan-erika.jpg\",\"datePublished\":\"2015-03-16T11:00:40+00:00\",\"dateModified\":\"2015-03-16T11:05:01+00:00\",\"author\":{\"@id\":\"https:\\\/\\\/wp.kristdemokraterna.se\\\/savsjo\\\/#\\\/schema\\\/person\\\/66a08fa678592f794fe60a50b249978a\"},\"breadcrumb\":{\"@id\":\"https:\\\/\\\/wp.kristdemokraterna.se\\\/savsjo\\\/erika-anna-karin-och-stefan-valjer-partiledaren\\\/#breadcrumb\"},\"inLanguage\":\"sv-SE\",\"potentialAction\":[{\"@type\":\"ReadAction\",\"target\":[\"https:\\\/\\\/wp.kristdemokraterna.se\\\/savsjo\\\/erika-anna-karin-och-stefan-valjer-partiledaren\\\/\"]}]},{\"@type\":\"ImageObject\",\"inLanguage\":\"sv-SE\",\"@id\":\"https:\\\/\\\/wp.kristdemokraterna.se\\\/savsjo\\\/erika-anna-karin-och-stefan-valjer-partiledaren\\\/#primaryimage\",\"url\":\"https:\\\/\\\/wp.kristdemokraterna.se\\\/savsjo\\\/files\\\/2015\\\/03\\\/anna-karin-stefan-erika.jpg\",\"contentUrl\":\"https:\\\/\\\/wp.kristdemokraterna.se\\\/savsjo\\\/files\\\/2015\\\/03\\\/anna-karin-stefan-erika.jpg\",\"width\":500,\"height\":300},{\"@type\":\"BreadcrumbList\",\"@id\":\"https:\\\/\\\/wp.kristdemokraterna.se\\\/savsjo\\\/erika-anna-karin-och-stefan-valjer-partiledaren\\\/#breadcrumb\",\"itemListElement\":[{\"@type\":\"ListItem\",\"position\":1,\"name\":\"Hem\",\"item\":\"https:\\\/\\\/wp.kristdemokraterna.se\\\/savsjo\\\/\"},{\"@type\":\"ListItem\",\"position\":2,\"name\":\"De v\u00e4ljer nya partiledaren\"}]},{\"@type\":\"WebSite\",\"@id\":\"https:\\\/\\\/wp.kristdemokraterna.se\\\/savsjo\\\/#website\",\"url\":\"https:\\\/\\\/wp.kristdemokraterna.se\\\/savsjo\\\/\",\"name\":\"S\u00e4vsj\u00f6\",\"description\":\"\",\"inLanguage\":\"sv-SE\"},{\"@type\":\"Person\",\"@id\":\"https:\\\/\\\/wp.kristdemokraterna.se\\\/savsjo\\\/#\\\/schema\\\/person\\\/66a08fa678592f794fe60a50b249978a\",\"name\":\"Stefan Gustafsson\",\"image\":{\"@type\":\"ImageObject\",\"inLanguage\":\"sv-SE\",\"@id\":\"https:\\\/\\\/secure.gravatar.com\\\/avatar\\\/d183d0fd8830afddde9ab5386edf3b3480a63f1fb3291da52adec75b3b7b6f60?s=96&r=g\",\"url\":\"https:\\\/\\\/secure.gravatar.com\\\/avatar\\\/d183d0fd8830afddde9ab5386edf3b3480a63f1fb3291da52adec75b3b7b6f60?s=96&r=g\",\"contentUrl\":\"https:\\\/\\\/secure.gravatar.com\\\/avatar\\\/d183d0fd8830afddde9ab5386edf3b3480a63f1fb3291da52adec75b3b7b6f60?s=96&r=g\",\"caption\":\"Stefan Gustafsson\"},\"url\":\"https:\\\/\\\/wp.kristdemokraterna.se\\\/savsjo\\\/author\\\/stgu\\\/\"}]}<\/script>\n<!-- \/ Yoast SEO plugin. -->","yoast_head_json":{"title":"De v\u00e4ljer nya partiledaren - S\u00e4vsj\u00f6","robots":{"index":"index","follow":"follow","max-snippet":"max-snippet:-1","max-image-preview":"max-image-preview:large","max-video-preview":"max-video-preview:-1"},"canonical":"https:\/\/wp.kristdemokraterna.se\/savsjo\/erika-anna-karin-och-stefan-valjer-partiledaren\/","og_locale":"sv_SE","og_type":"article","og_title":"De v\u00e4ljer nya partiledaren - S\u00e4vsj\u00f6","og_description":"L\u00f6rdag 21\/3 f\u00f6resl\u00e5s distriktsst\u00e4mman utse Anna-Karin Yngvesson, Stefan Gustafsson som ombud med Erika Karlsson Mallander som ers\u00e4ttare \u00a0till rikstinget d\u00e4r ny partiledare ska utses. Valberedningen har lanserat bara en partiledare, Ebba Busch Thor, s\u00e5 det valet \u00e4r enkelt. P\u00e5 rikstinget utses ocks\u00e5\u00a0partistyrelse och det \u00e4r viktigt att det blir en bes\u00e4ttning som kan komplettera och Read More","og_url":"https:\/\/wp.kristdemokraterna.se\/savsjo\/erika-anna-karin-och-stefan-valjer-partiledaren\/","og_site_name":"S\u00e4vsj\u00f6","article_published_time":"2015-03-16T11:00:40+00:00","article_modified_time":"2015-03-16T11:05:01+00:00","og_image":[{"width":500,"height":300,"url":"https:\/\/wp.kristdemokraterna.se\/savsjo\/files\/2015\/03\/anna-karin-stefan-erika.jpg","type":"image\/jpeg"}],"author":"Stefan Gustafsson","twitter_card":"summary_large_image","twitter_misc":{"Skriven av":"Stefan Gustafsson","Ber\u00e4knad l\u00e4stid":"1 minut"},"schema":{"@context":"https:\/\/schema.org","@graph":[{"@type":"Article","@id":"https:\/\/wp.kristdemokraterna.se\/savsjo\/erika-anna-karin-och-stefan-valjer-partiledaren\/#article","isPartOf":{"@id":"https:\/\/wp.kristdemokraterna.se\/savsjo\/erika-anna-karin-och-stefan-valjer-partiledaren\/"},"author":{"name":"Stefan Gustafsson","@id":"https:\/\/wp.kristdemokraterna.se\/savsjo\/#\/schema\/person\/66a08fa678592f794fe60a50b249978a"},"headline":"De v\u00e4ljer nya partiledaren","datePublished":"2015-03-16T11:00:40+00:00","dateModified":"2015-03-16T11:05:01+00:00","mainEntityOfPage":{"@id":"https:\/\/wp.kristdemokraterna.se\/savsjo\/erika-anna-karin-och-stefan-valjer-partiledaren\/"},"wordCount":110,"image":{"@id":"https:\/\/wp.kristdemokraterna.se\/savsjo\/erika-anna-karin-och-stefan-valjer-partiledaren\/#primaryimage"},"thumbnailUrl":"https:\/\/wp.kristdemokraterna.se\/savsjo\/files\/2015\/03\/anna-karin-stefan-erika.jpg","inLanguage":"sv-SE"},{"@type":"WebPage","@id":"https:\/\/wp.kristdemokraterna.se\/savsjo\/erika-anna-karin-och-stefan-valjer-partiledaren\/","url":"https:\/\/wp.kristdemokraterna.se\/savsjo\/erika-anna-karin-och-stefan-valjer-partiledaren\/","name":"De v\u00e4ljer nya partiledaren - S\u00e4vsj\u00f6","isPartOf":{"@id":"https:\/\/wp.kristdemokraterna.se\/savsjo\/#website"},"primaryImageOfPage":{"@id":"https:\/\/wp.kristdemokraterna.se\/savsjo\/erika-anna-karin-och-stefan-valjer-partiledaren\/#primaryimage"},"image":{"@id":"https:\/\/wp.kristdemokraterna.se\/savsjo\/erika-anna-karin-och-stefan-valjer-partiledaren\/#primaryimage"},"thumbnailUrl":"https:\/\/wp.kristdemokraterna.se\/savsjo\/files\/2015\/03\/anna-karin-stefan-erika.jpg","datePublished":"2015-03-16T11:00:40+00:00","dateModified":"2015-03-16T11:05:01+00:00","author":{"@id":"https:\/\/wp.kristdemokraterna.se\/savsjo\/#\/schema\/person\/66a08fa678592f794fe60a50b249978a"},"breadcrumb":{"@id":"https:\/\/wp.kristdemokraterna.se\/savsjo\/erika-anna-karin-och-stefan-valjer-partiledaren\/#breadcrumb"},"inLanguage":"sv-SE","potentialAction":[{"@type":"ReadAction","target":["https:\/\/wp.kristdemokraterna.se\/savsjo\/erika-anna-karin-och-stefan-valjer-partiledaren\/"]}]},{"@type":"ImageObject","inLanguage":"sv-SE","@id":"https:\/\/wp.kristdemokraterna.se\/savsjo\/erika-anna-karin-och-stefan-valjer-partiledaren\/#primaryimage","url":"https:\/\/wp.kristdemokraterna.se\/savsjo\/files\/2015\/03\/anna-karin-stefan-erika.jpg","contentUrl":"https:\/\/wp.kristdemokraterna.se\/savsjo\/files\/2015\/03\/anna-karin-stefan-erika.jpg","width":500,"height":300},{"@type":"BreadcrumbList","@id":"https:\/\/wp.kristdemokraterna.se\/savsjo\/erika-anna-karin-och-stefan-valjer-partiledaren\/#breadcrumb","itemListElement":[{"@type":"ListItem","position":1,"name":"Hem","item":"https:\/\/wp.kristdemokraterna.se\/savsjo\/"},{"@type":"ListItem","position":2,"name":"De v\u00e4ljer nya partiledaren"}]},{"@type":"WebSite","@id":"https:\/\/wp.kristdemokraterna.se\/savsjo\/#website","url":"https:\/\/wp.kristdemokraterna.se\/savsjo\/","name":"S\u00e4vsj\u00f6","description":"","inLanguage":"sv-SE"},{"@type":"Person","@id":"https:\/\/wp.kristdemokraterna.se\/savsjo\/#\/schema\/person\/66a08fa678592f794fe60a50b249978a","name":"Stefan Gustafsson","image":{"@type":"ImageObject","inLanguage":"sv-SE","@id":"https:\/\/secure.gravatar.com\/avatar\/d183d0fd8830afddde9ab5386edf3b3480a63f1fb3291da52adec75b3b7b6f60?s=96&r=g","url":"https:\/\/secure.gravatar.com\/avatar\/d183d0fd8830afddde9ab5386edf3b3480a63f1fb3291da52adec75b3b7b6f60?s=96&r=g","contentUrl":"https:\/\/secure.gravatar.com\/avatar\/d183d0fd8830afddde9ab5386edf3b3480a63f1fb3291da52adec75b3b7b6f60?s=96&r=g","caption":"Stefan Gustafsson"},"url":"https:\/\/wp.kristdemokraterna.se\/savsjo\/author\/stgu\/"}]}},"_links":{"self":[{"href":"https:\/\/wp.kristdemokraterna.se\/savsjo\/wp-json\/wp\/v2\/posts\/1282","targetHints":{"allow":["GET"]}}],"collection":[{"href":"https:\/\/wp.kristdemokraterna.se\/savsjo\/wp-json\/wp\/v2\/posts"}],"about":[{"href":"https:\/\/wp.kristdemokraterna.se\/savsjo\/wp-json\/wp\/v2\/types\/post"}],"author":[{"embeddable":true,"href":"https:\/\/wp.kristdemokraterna.se\/savsjo\/wp-json\/wp\/v2\/users\/430"}],"replies":[{"embeddable":true,"href":"https:\/\/wp.kristdemokraterna.se\/savsjo\/wp-json\/wp\/v2\/comments?post=1282"}],"version-history":[{"count":5,"href":"https:\/\/wp.kristdemokraterna.se\/savsjo\/wp-json\/wp\/v2\/posts\/1282\/revisions"}],"predecessor-version":[{"id":1288,"href":"https:\/\/wp.kristdemokraterna.se\/savsjo\/wp-json\/wp\/v2\/posts\/1282\/revisions\/1288"}],"wp:featuredmedia":[{"embeddable":true,"href":"https:\/\/wp.kristdemokraterna.se\/savsjo\/wp-json\/wp\/v2\/media\/1283"}],"wp:attachment":[{"href":"https:\/\/wp.kristdemokraterna.se\/savsjo\/wp-json\/wp\/v2\/media?parent=1282"}],"wp:term":[{"taxonomy":"category","embeddable":true,"href":"https:\/\/wp.kristdemokraterna.se\/savsjo\/wp-json\/wp\/v2\/categories?post=1282"},{"taxonomy":"post_tag","embeddable":true,"href":"https:\/\/wp.kristdemokraterna.se\/savsjo\/wp-json\/wp\/v2\/tags?post=1282"}],"curies":[{"name":"wp","href":"https:\/\/api.w.org\/{rel}","templated":true}]}}