{"id":1319,"date":"2015-03-21T16:12:42","date_gmt":"2015-03-21T15:12:42","guid":{"rendered":"http:\/\/wp.kristdemokraterna.se\/savsjo\/?p=1319"},"modified":"2015-03-22T16:13:31","modified_gmt":"2015-03-22T15:13:31","slug":"stefan-vald-till-distriktspresidie","status":"publish","type":"post","link":"https:\/\/wp.kristdemokraterna.se\/savsjo\/stefan-vald-till-distriktspresidie\/","title":{"rendered":"Stefan vald till distriktspresidie"},"content":{"rendered":"<p>Kristdemokraterna i J\u00f6nk\u00f6pings l\u00e4n har haft sin v\u00e5rst\u00e4mma. En viktig del var att v\u00e4lja distriktsstyrelse, rikstingsombud och behandla en rad motioner som l\u00e4mnats in om allt fr\u00e5n k\u00e4rnkraftsavveckling till mer r\u00f6kfria zoner. Som presidie f\u00f6r distriktet kommande \u00e5r uts\u00e5gs Andreas Carlson, Camilla Rinaldo Miller och Stefan Gustafsson. En stor utmaning \u00e4r att nu p\u00e5b\u00f6rja arbetet utifr\u00e5n en valanalys med sikte p\u00e5 valet 2018.<\/p>\n","protected":false},"excerpt":{"rendered":"<p>Kristdemokraterna i J\u00f6nk\u00f6pings l\u00e4n har haft sin v\u00e5rst\u00e4mma. En viktig del var att v\u00e4lja distriktsstyrelse, rikstingsombud och behandla en rad motioner som l\u00e4mnats in om allt fr\u00e5n k\u00e4rnkraftsavveckling till mer r\u00f6kfria zoner. Som presidie f\u00f6r distriktet kommande \u00e5r uts\u00e5gs Andreas Carlson, Camilla Rinaldo Miller och Stefan Gustafsson. En stor utmaning \u00e4r att nu p\u00e5b\u00f6rja arbetet <a class=\"read-more-link\" href=\"https:\/\/wp.kristdemokraterna.se\/savsjo\/stefan-vald-till-distriktspresidie\/\">Read More<\/a><\/p>\n","protected":false},"author":430,"featured_media":1314,"comment_status":"closed","ping_status":"closed","sticky":false,"template":"","format":"standard","meta":{"_acf_changed":false,"footnotes":""},"categories":[1],"tags":[],"class_list":["post-1319","post","type-post","status-publish","format-standard","has-post-thumbnail","hentry","category-okategoriserade"],"acf":[],"yoast_head":"<!-- This site is optimized with the Yoast SEO plugin v27.4 - https:\/\/yoast.com\/product\/yoast-seo-wordpress\/ -->\n<title>Stefan vald till distriktspresidie - S\u00e4vsj\u00f6<\/title>\n<meta name=\"robots\" content=\"index, follow, max-snippet:-1, max-image-preview:large, max-video-preview:-1\" \/>\n<link rel=\"canonical\" href=\"https:\/\/wp.kristdemokraterna.se\/savsjo\/stefan-vald-till-distriktspresidie\/\" \/>\n<meta property=\"og:locale\" content=\"sv_SE\" \/>\n<meta property=\"og:type\" content=\"article\" \/>\n<meta property=\"og:title\" content=\"Stefan vald till distriktspresidie - S\u00e4vsj\u00f6\" \/>\n<meta property=\"og:description\" content=\"Kristdemokraterna i J\u00f6nk\u00f6pings l\u00e4n har haft sin v\u00e5rst\u00e4mma. En viktig del var att v\u00e4lja distriktsstyrelse, rikstingsombud och behandla en rad motioner som l\u00e4mnats in om allt fr\u00e5n k\u00e4rnkraftsavveckling till mer r\u00f6kfria zoner. Som presidie f\u00f6r distriktet kommande \u00e5r uts\u00e5gs Andreas Carlson, Camilla Rinaldo Miller och Stefan Gustafsson. En stor utmaning \u00e4r att nu p\u00e5b\u00f6rja arbetet Read More\" \/>\n<meta property=\"og:url\" content=\"https:\/\/wp.kristdemokraterna.se\/savsjo\/stefan-vald-till-distriktspresidie\/\" \/>\n<meta property=\"og:site_name\" content=\"S\u00e4vsj\u00f6\" \/>\n<meta property=\"article:published_time\" content=\"2015-03-21T15:12:42+00:00\" \/>\n<meta property=\"article:modified_time\" content=\"2015-03-22T15:13:31+00:00\" \/>\n<meta property=\"og:image\" content=\"https:\/\/wp.kristdemokraterna.se\/savsjo\/files\/2015\/03\/ds-presidie.jpg\" \/>\n\t<meta property=\"og:image:width\" content=\"500\" \/>\n\t<meta property=\"og:image:height\" content=\"300\" \/>\n\t<meta property=\"og:image:type\" content=\"image\/jpeg\" \/>\n<meta name=\"author\" content=\"Stefan Gustafsson\" \/>\n<meta name=\"twitter:card\" content=\"summary_large_image\" \/>\n<meta name=\"twitter:label1\" content=\"Skriven av\" \/>\n\t<meta name=\"twitter:data1\" content=\"Stefan Gustafsson\" \/>\n<script type=\"application\/ld+json\" class=\"yoast-schema-graph\">{\"@context\":\"https:\\\/\\\/schema.org\",\"@graph\":[{\"@type\":\"Article\",\"@id\":\"https:\\\/\\\/wp.kristdemokraterna.se\\\/savsjo\\\/stefan-vald-till-distriktspresidie\\\/#article\",\"isPartOf\":{\"@id\":\"https:\\\/\\\/wp.kristdemokraterna.se\\\/savsjo\\\/stefan-vald-till-distriktspresidie\\\/\"},\"author\":{\"name\":\"Stefan Gustafsson\",\"@id\":\"https:\\\/\\\/wp.kristdemokraterna.se\\\/savsjo\\\/#\\\/schema\\\/person\\\/66a08fa678592f794fe60a50b249978a\"},\"headline\":\"Stefan vald till distriktspresidie\",\"datePublished\":\"2015-03-21T15:12:42+00:00\",\"dateModified\":\"2015-03-22T15:13:31+00:00\",\"mainEntityOfPage\":{\"@id\":\"https:\\\/\\\/wp.kristdemokraterna.se\\\/savsjo\\\/stefan-vald-till-distriktspresidie\\\/\"},\"wordCount\":81,\"image\":{\"@id\":\"https:\\\/\\\/wp.kristdemokraterna.se\\\/savsjo\\\/stefan-vald-till-distriktspresidie\\\/#primaryimage\"},\"thumbnailUrl\":\"https:\\\/\\\/wp.kristdemokraterna.se\\\/savsjo\\\/files\\\/2015\\\/03\\\/ds-presidie.jpg\",\"inLanguage\":\"sv-SE\"},{\"@type\":\"WebPage\",\"@id\":\"https:\\\/\\\/wp.kristdemokraterna.se\\\/savsjo\\\/stefan-vald-till-distriktspresidie\\\/\",\"url\":\"https:\\\/\\\/wp.kristdemokraterna.se\\\/savsjo\\\/stefan-vald-till-distriktspresidie\\\/\",\"name\":\"Stefan vald till distriktspresidie - S\u00e4vsj\u00f6\",\"isPartOf\":{\"@id\":\"https:\\\/\\\/wp.kristdemokraterna.se\\\/savsjo\\\/#website\"},\"primaryImageOfPage\":{\"@id\":\"https:\\\/\\\/wp.kristdemokraterna.se\\\/savsjo\\\/stefan-vald-till-distriktspresidie\\\/#primaryimage\"},\"image\":{\"@id\":\"https:\\\/\\\/wp.kristdemokraterna.se\\\/savsjo\\\/stefan-vald-till-distriktspresidie\\\/#primaryimage\"},\"thumbnailUrl\":\"https:\\\/\\\/wp.kristdemokraterna.se\\\/savsjo\\\/files\\\/2015\\\/03\\\/ds-presidie.jpg\",\"datePublished\":\"2015-03-21T15:12:42+00:00\",\"dateModified\":\"2015-03-22T15:13:31+00:00\",\"author\":{\"@id\":\"https:\\\/\\\/wp.kristdemokraterna.se\\\/savsjo\\\/#\\\/schema\\\/person\\\/66a08fa678592f794fe60a50b249978a\"},\"breadcrumb\":{\"@id\":\"https:\\\/\\\/wp.kristdemokraterna.se\\\/savsjo\\\/stefan-vald-till-distriktspresidie\\\/#breadcrumb\"},\"inLanguage\":\"sv-SE\",\"potentialAction\":[{\"@type\":\"ReadAction\",\"target\":[\"https:\\\/\\\/wp.kristdemokraterna.se\\\/savsjo\\\/stefan-vald-till-distriktspresidie\\\/\"]}]},{\"@type\":\"ImageObject\",\"inLanguage\":\"sv-SE\",\"@id\":\"https:\\\/\\\/wp.kristdemokraterna.se\\\/savsjo\\\/stefan-vald-till-distriktspresidie\\\/#primaryimage\",\"url\":\"https:\\\/\\\/wp.kristdemokraterna.se\\\/savsjo\\\/files\\\/2015\\\/03\\\/ds-presidie.jpg\",\"contentUrl\":\"https:\\\/\\\/wp.kristdemokraterna.se\\\/savsjo\\\/files\\\/2015\\\/03\\\/ds-presidie.jpg\",\"width\":500,\"height\":300},{\"@type\":\"BreadcrumbList\",\"@id\":\"https:\\\/\\\/wp.kristdemokraterna.se\\\/savsjo\\\/stefan-vald-till-distriktspresidie\\\/#breadcrumb\",\"itemListElement\":[{\"@type\":\"ListItem\",\"position\":1,\"name\":\"Hem\",\"item\":\"https:\\\/\\\/wp.kristdemokraterna.se\\\/savsjo\\\/\"},{\"@type\":\"ListItem\",\"position\":2,\"name\":\"Stefan vald till distriktspresidie\"}]},{\"@type\":\"WebSite\",\"@id\":\"https:\\\/\\\/wp.kristdemokraterna.se\\\/savsjo\\\/#website\",\"url\":\"https:\\\/\\\/wp.kristdemokraterna.se\\\/savsjo\\\/\",\"name\":\"S\u00e4vsj\u00f6\",\"description\":\"\",\"inLanguage\":\"sv-SE\"},{\"@type\":\"Person\",\"@id\":\"https:\\\/\\\/wp.kristdemokraterna.se\\\/savsjo\\\/#\\\/schema\\\/person\\\/66a08fa678592f794fe60a50b249978a\",\"name\":\"Stefan Gustafsson\",\"image\":{\"@type\":\"ImageObject\",\"inLanguage\":\"sv-SE\",\"@id\":\"https:\\\/\\\/secure.gravatar.com\\\/avatar\\\/d183d0fd8830afddde9ab5386edf3b3480a63f1fb3291da52adec75b3b7b6f60?s=96&r=g\",\"url\":\"https:\\\/\\\/secure.gravatar.com\\\/avatar\\\/d183d0fd8830afddde9ab5386edf3b3480a63f1fb3291da52adec75b3b7b6f60?s=96&r=g\",\"contentUrl\":\"https:\\\/\\\/secure.gravatar.com\\\/avatar\\\/d183d0fd8830afddde9ab5386edf3b3480a63f1fb3291da52adec75b3b7b6f60?s=96&r=g\",\"caption\":\"Stefan Gustafsson\"},\"url\":\"https:\\\/\\\/wp.kristdemokraterna.se\\\/savsjo\\\/author\\\/stgu\\\/\"}]}<\/script>\n<!-- \/ Yoast SEO plugin. -->","yoast_head_json":{"title":"Stefan vald till distriktspresidie - S\u00e4vsj\u00f6","robots":{"index":"index","follow":"follow","max-snippet":"max-snippet:-1","max-image-preview":"max-image-preview:large","max-video-preview":"max-video-preview:-1"},"canonical":"https:\/\/wp.kristdemokraterna.se\/savsjo\/stefan-vald-till-distriktspresidie\/","og_locale":"sv_SE","og_type":"article","og_title":"Stefan vald till distriktspresidie - S\u00e4vsj\u00f6","og_description":"Kristdemokraterna i J\u00f6nk\u00f6pings l\u00e4n har haft sin v\u00e5rst\u00e4mma. En viktig del var att v\u00e4lja distriktsstyrelse, rikstingsombud och behandla en rad motioner som l\u00e4mnats in om allt fr\u00e5n k\u00e4rnkraftsavveckling till mer r\u00f6kfria zoner. Som presidie f\u00f6r distriktet kommande \u00e5r uts\u00e5gs Andreas Carlson, Camilla Rinaldo Miller och Stefan Gustafsson. En stor utmaning \u00e4r att nu p\u00e5b\u00f6rja arbetet Read More","og_url":"https:\/\/wp.kristdemokraterna.se\/savsjo\/stefan-vald-till-distriktspresidie\/","og_site_name":"S\u00e4vsj\u00f6","article_published_time":"2015-03-21T15:12:42+00:00","article_modified_time":"2015-03-22T15:13:31+00:00","og_image":[{"width":500,"height":300,"url":"https:\/\/wp.kristdemokraterna.se\/savsjo\/files\/2015\/03\/ds-presidie.jpg","type":"image\/jpeg"}],"author":"Stefan Gustafsson","twitter_card":"summary_large_image","twitter_misc":{"Skriven av":"Stefan Gustafsson"},"schema":{"@context":"https:\/\/schema.org","@graph":[{"@type":"Article","@id":"https:\/\/wp.kristdemokraterna.se\/savsjo\/stefan-vald-till-distriktspresidie\/#article","isPartOf":{"@id":"https:\/\/wp.kristdemokraterna.se\/savsjo\/stefan-vald-till-distriktspresidie\/"},"author":{"name":"Stefan Gustafsson","@id":"https:\/\/wp.kristdemokraterna.se\/savsjo\/#\/schema\/person\/66a08fa678592f794fe60a50b249978a"},"headline":"Stefan vald till distriktspresidie","datePublished":"2015-03-21T15:12:42+00:00","dateModified":"2015-03-22T15:13:31+00:00","mainEntityOfPage":{"@id":"https:\/\/wp.kristdemokraterna.se\/savsjo\/stefan-vald-till-distriktspresidie\/"},"wordCount":81,"image":{"@id":"https:\/\/wp.kristdemokraterna.se\/savsjo\/stefan-vald-till-distriktspresidie\/#primaryimage"},"thumbnailUrl":"https:\/\/wp.kristdemokraterna.se\/savsjo\/files\/2015\/03\/ds-presidie.jpg","inLanguage":"sv-SE"},{"@type":"WebPage","@id":"https:\/\/wp.kristdemokraterna.se\/savsjo\/stefan-vald-till-distriktspresidie\/","url":"https:\/\/wp.kristdemokraterna.se\/savsjo\/stefan-vald-till-distriktspresidie\/","name":"Stefan vald till distriktspresidie - S\u00e4vsj\u00f6","isPartOf":{"@id":"https:\/\/wp.kristdemokraterna.se\/savsjo\/#website"},"primaryImageOfPage":{"@id":"https:\/\/wp.kristdemokraterna.se\/savsjo\/stefan-vald-till-distriktspresidie\/#primaryimage"},"image":{"@id":"https:\/\/wp.kristdemokraterna.se\/savsjo\/stefan-vald-till-distriktspresidie\/#primaryimage"},"thumbnailUrl":"https:\/\/wp.kristdemokraterna.se\/savsjo\/files\/2015\/03\/ds-presidie.jpg","datePublished":"2015-03-21T15:12:42+00:00","dateModified":"2015-03-22T15:13:31+00:00","author":{"@id":"https:\/\/wp.kristdemokraterna.se\/savsjo\/#\/schema\/person\/66a08fa678592f794fe60a50b249978a"},"breadcrumb":{"@id":"https:\/\/wp.kristdemokraterna.se\/savsjo\/stefan-vald-till-distriktspresidie\/#breadcrumb"},"inLanguage":"sv-SE","potentialAction":[{"@type":"ReadAction","target":["https:\/\/wp.kristdemokraterna.se\/savsjo\/stefan-vald-till-distriktspresidie\/"]}]},{"@type":"ImageObject","inLanguage":"sv-SE","@id":"https:\/\/wp.kristdemokraterna.se\/savsjo\/stefan-vald-till-distriktspresidie\/#primaryimage","url":"https:\/\/wp.kristdemokraterna.se\/savsjo\/files\/2015\/03\/ds-presidie.jpg","contentUrl":"https:\/\/wp.kristdemokraterna.se\/savsjo\/files\/2015\/03\/ds-presidie.jpg","width":500,"height":300},{"@type":"BreadcrumbList","@id":"https:\/\/wp.kristdemokraterna.se\/savsjo\/stefan-vald-till-distriktspresidie\/#breadcrumb","itemListElement":[{"@type":"ListItem","position":1,"name":"Hem","item":"https:\/\/wp.kristdemokraterna.se\/savsjo\/"},{"@type":"ListItem","position":2,"name":"Stefan vald till distriktspresidie"}]},{"@type":"WebSite","@id":"https:\/\/wp.kristdemokraterna.se\/savsjo\/#website","url":"https:\/\/wp.kristdemokraterna.se\/savsjo\/","name":"S\u00e4vsj\u00f6","description":"","inLanguage":"sv-SE"},{"@type":"Person","@id":"https:\/\/wp.kristdemokraterna.se\/savsjo\/#\/schema\/person\/66a08fa678592f794fe60a50b249978a","name":"Stefan Gustafsson","image":{"@type":"ImageObject","inLanguage":"sv-SE","@id":"https:\/\/secure.gravatar.com\/avatar\/d183d0fd8830afddde9ab5386edf3b3480a63f1fb3291da52adec75b3b7b6f60?s=96&r=g","url":"https:\/\/secure.gravatar.com\/avatar\/d183d0fd8830afddde9ab5386edf3b3480a63f1fb3291da52adec75b3b7b6f60?s=96&r=g","contentUrl":"https:\/\/secure.gravatar.com\/avatar\/d183d0fd8830afddde9ab5386edf3b3480a63f1fb3291da52adec75b3b7b6f60?s=96&r=g","caption":"Stefan Gustafsson"},"url":"https:\/\/wp.kristdemokraterna.se\/savsjo\/author\/stgu\/"}]}},"_links":{"self":[{"href":"https:\/\/wp.kristdemokraterna.se\/savsjo\/wp-json\/wp\/v2\/posts\/1319","targetHints":{"allow":["GET"]}}],"collection":[{"href":"https:\/\/wp.kristdemokraterna.se\/savsjo\/wp-json\/wp\/v2\/posts"}],"about":[{"href":"https:\/\/wp.kristdemokraterna.se\/savsjo\/wp-json\/wp\/v2\/types\/post"}],"author":[{"embeddable":true,"href":"https:\/\/wp.kristdemokraterna.se\/savsjo\/wp-json\/wp\/v2\/users\/430"}],"replies":[{"embeddable":true,"href":"https:\/\/wp.kristdemokraterna.se\/savsjo\/wp-json\/wp\/v2\/comments?post=1319"}],"version-history":[{"count":1,"href":"https:\/\/wp.kristdemokraterna.se\/savsjo\/wp-json\/wp\/v2\/posts\/1319\/revisions"}],"predecessor-version":[{"id":1320,"href":"https:\/\/wp.kristdemokraterna.se\/savsjo\/wp-json\/wp\/v2\/posts\/1319\/revisions\/1320"}],"wp:featuredmedia":[{"embeddable":true,"href":"https:\/\/wp.kristdemokraterna.se\/savsjo\/wp-json\/wp\/v2\/media\/1314"}],"wp:attachment":[{"href":"https:\/\/wp.kristdemokraterna.se\/savsjo\/wp-json\/wp\/v2\/media?parent=1319"}],"wp:term":[{"taxonomy":"category","embeddable":true,"href":"https:\/\/wp.kristdemokraterna.se\/savsjo\/wp-json\/wp\/v2\/categories?post=1319"},{"taxonomy":"post_tag","embeddable":true,"href":"https:\/\/wp.kristdemokraterna.se\/savsjo\/wp-json\/wp\/v2\/tags?post=1319"}],"curies":[{"name":"wp","href":"https:\/\/api.w.org\/{rel}","templated":true}]}}