{"id":1461,"date":"2015-06-10T20:36:41","date_gmt":"2015-06-10T18:36:41","guid":{"rendered":"http:\/\/wp.kristdemokraterna.se\/savsjo\/?p=1461"},"modified":"2015-06-10T21:32:32","modified_gmt":"2015-06-10T19:32:32","slug":"kraftsamling-for-nolltolerans-mot-droger","status":"publish","type":"post","link":"https:\/\/wp.kristdemokraterna.se\/savsjo\/kraftsamling-for-nolltolerans-mot-droger\/","title":{"rendered":"Kraftsamling f\u00f6r nolltolerans mot droger"},"content":{"rendered":"<p>Utifr\u00e5n \u00a0<a href=\"http:\/\/wp.kristdemokraterna.se\/savsjo\/valmanifest-i-kommunvalet-2014\/\">vall\u00f6ftet<\/a> om 0-tolerans mot droger bland unga genomf\u00f6rs nu ett\u00a0speciellt ungdomspaket av aktiviteter med b\u00f6rjan vid skolavslutningen med ett &#8221;Avslutningstjofr\u00e4s. Kommunens v\u00e4lf\u00e4rdsr\u00e5d har f\u00e5tt redovisningar fr\u00e5n polis, \u00a0v\u00e5rd- och f\u00e4ltassistenter om \u00f6kande bekymmer med droger bland unga. V\u00e4lf\u00e4rdsr\u00e5det best\u00e4mde d\u00e4rf\u00f6r att g\u00f6ra ett paket d\u00e4r flera hj\u00e4lps \u00e5t i en gemensam kraftsamling. Till arrangemang i samband med skolavslutning st\u00e4ller v\u00e4lf\u00e4rdsr\u00e5d, skola och kultur- &amp; fritid upp med 10 tkr var i en gemensam satsning p\u00e5 30 tkr. \u00a0Skolan finansierar speciella tobakskontrakt med 10 tkr. Till s\u00e4rskilda insatser under \u00e5ret avs\u00e4tter v\u00e4lf\u00e4rdsr\u00e5det 60 tkr i en satsning som leds av kultur- &amp; fritid, social och skola gemensamt. \u00a0Sammantaget en extra satsning under \u00e5ret med 100.000 kronor.<\/p>\n","protected":false},"excerpt":{"rendered":"<p>Utifr\u00e5n \u00a0vall\u00f6ftet om 0-tolerans mot droger bland unga genomf\u00f6rs nu ett\u00a0speciellt ungdomspaket av aktiviteter med b\u00f6rjan vid skolavslutningen med ett &#8221;Avslutningstjofr\u00e4s. Kommunens v\u00e4lf\u00e4rdsr\u00e5d har f\u00e5tt redovisningar fr\u00e5n polis, \u00a0v\u00e5rd- och f\u00e4ltassistenter om \u00f6kande bekymmer med droger bland unga. V\u00e4lf\u00e4rdsr\u00e5det best\u00e4mde d\u00e4rf\u00f6r att g\u00f6ra ett paket d\u00e4r flera hj\u00e4lps \u00e5t i en gemensam kraftsamling. Till arrangemang <a class=\"read-more-link\" href=\"https:\/\/wp.kristdemokraterna.se\/savsjo\/kraftsamling-for-nolltolerans-mot-droger\/\">Read More<\/a><\/p>\n","protected":false},"author":430,"featured_media":1462,"comment_status":"closed","ping_status":"closed","sticky":false,"template":"","format":"standard","meta":{"_acf_changed":false,"footnotes":""},"categories":[1],"tags":[],"class_list":["post-1461","post","type-post","status-publish","format-standard","has-post-thumbnail","hentry","category-okategoriserade"],"acf":[],"yoast_head":"<!-- This site is optimized with the Yoast SEO plugin v27.4 - https:\/\/yoast.com\/product\/yoast-seo-wordpress\/ -->\n<title>Kraftsamling f\u00f6r nolltolerans mot droger - S\u00e4vsj\u00f6<\/title>\n<meta name=\"robots\" content=\"index, follow, max-snippet:-1, max-image-preview:large, max-video-preview:-1\" \/>\n<link rel=\"canonical\" href=\"https:\/\/wp.kristdemokraterna.se\/savsjo\/kraftsamling-for-nolltolerans-mot-droger\/\" \/>\n<meta property=\"og:locale\" content=\"sv_SE\" \/>\n<meta property=\"og:type\" content=\"article\" \/>\n<meta property=\"og:title\" content=\"Kraftsamling f\u00f6r nolltolerans mot droger - S\u00e4vsj\u00f6\" \/>\n<meta property=\"og:description\" content=\"Utifr\u00e5n \u00a0vall\u00f6ftet om 0-tolerans mot droger bland unga genomf\u00f6rs nu ett\u00a0speciellt ungdomspaket av aktiviteter med b\u00f6rjan vid skolavslutningen med ett &#8221;Avslutningstjofr\u00e4s. Kommunens v\u00e4lf\u00e4rdsr\u00e5d har f\u00e5tt redovisningar fr\u00e5n polis, \u00a0v\u00e5rd- och f\u00e4ltassistenter om \u00f6kande bekymmer med droger bland unga. V\u00e4lf\u00e4rdsr\u00e5det best\u00e4mde d\u00e4rf\u00f6r att g\u00f6ra ett paket d\u00e4r flera hj\u00e4lps \u00e5t i en gemensam kraftsamling. Till arrangemang Read More\" \/>\n<meta property=\"og:url\" content=\"https:\/\/wp.kristdemokraterna.se\/savsjo\/kraftsamling-for-nolltolerans-mot-droger\/\" \/>\n<meta property=\"og:site_name\" content=\"S\u00e4vsj\u00f6\" \/>\n<meta property=\"article:published_time\" content=\"2015-06-10T18:36:41+00:00\" \/>\n<meta property=\"article:modified_time\" content=\"2015-06-10T19:32:32+00:00\" \/>\n<meta property=\"og:image\" content=\"https:\/\/wp.kristdemokraterna.se\/savsjo\/files\/2015\/06\/avslutningstjofras2015.jpg\" \/>\n\t<meta property=\"og:image:width\" content=\"500\" \/>\n\t<meta property=\"og:image:height\" content=\"300\" \/>\n\t<meta property=\"og:image:type\" content=\"image\/jpeg\" \/>\n<meta name=\"author\" content=\"Stefan Gustafsson\" \/>\n<meta name=\"twitter:card\" content=\"summary_large_image\" \/>\n<meta name=\"twitter:label1\" content=\"Skriven av\" \/>\n\t<meta name=\"twitter:data1\" content=\"Stefan Gustafsson\" \/>\n\t<meta name=\"twitter:label2\" content=\"Ber\u00e4knad l\u00e4stid\" \/>\n\t<meta name=\"twitter:data2\" content=\"1 minut\" \/>\n<script type=\"application\/ld+json\" class=\"yoast-schema-graph\">{\"@context\":\"https:\\\/\\\/schema.org\",\"@graph\":[{\"@type\":\"Article\",\"@id\":\"https:\\\/\\\/wp.kristdemokraterna.se\\\/savsjo\\\/kraftsamling-for-nolltolerans-mot-droger\\\/#article\",\"isPartOf\":{\"@id\":\"https:\\\/\\\/wp.kristdemokraterna.se\\\/savsjo\\\/kraftsamling-for-nolltolerans-mot-droger\\\/\"},\"author\":{\"name\":\"Stefan Gustafsson\",\"@id\":\"https:\\\/\\\/wp.kristdemokraterna.se\\\/savsjo\\\/#\\\/schema\\\/person\\\/66a08fa678592f794fe60a50b249978a\"},\"headline\":\"Kraftsamling f\u00f6r nolltolerans mot droger\",\"datePublished\":\"2015-06-10T18:36:41+00:00\",\"dateModified\":\"2015-06-10T19:32:32+00:00\",\"mainEntityOfPage\":{\"@id\":\"https:\\\/\\\/wp.kristdemokraterna.se\\\/savsjo\\\/kraftsamling-for-nolltolerans-mot-droger\\\/\"},\"wordCount\":148,\"image\":{\"@id\":\"https:\\\/\\\/wp.kristdemokraterna.se\\\/savsjo\\\/kraftsamling-for-nolltolerans-mot-droger\\\/#primaryimage\"},\"thumbnailUrl\":\"https:\\\/\\\/wp.kristdemokraterna.se\\\/savsjo\\\/files\\\/2015\\\/06\\\/avslutningstjofras2015.jpg\",\"inLanguage\":\"sv-SE\"},{\"@type\":\"WebPage\",\"@id\":\"https:\\\/\\\/wp.kristdemokraterna.se\\\/savsjo\\\/kraftsamling-for-nolltolerans-mot-droger\\\/\",\"url\":\"https:\\\/\\\/wp.kristdemokraterna.se\\\/savsjo\\\/kraftsamling-for-nolltolerans-mot-droger\\\/\",\"name\":\"Kraftsamling f\u00f6r nolltolerans mot droger - S\u00e4vsj\u00f6\",\"isPartOf\":{\"@id\":\"https:\\\/\\\/wp.kristdemokraterna.se\\\/savsjo\\\/#website\"},\"primaryImageOfPage\":{\"@id\":\"https:\\\/\\\/wp.kristdemokraterna.se\\\/savsjo\\\/kraftsamling-for-nolltolerans-mot-droger\\\/#primaryimage\"},\"image\":{\"@id\":\"https:\\\/\\\/wp.kristdemokraterna.se\\\/savsjo\\\/kraftsamling-for-nolltolerans-mot-droger\\\/#primaryimage\"},\"thumbnailUrl\":\"https:\\\/\\\/wp.kristdemokraterna.se\\\/savsjo\\\/files\\\/2015\\\/06\\\/avslutningstjofras2015.jpg\",\"datePublished\":\"2015-06-10T18:36:41+00:00\",\"dateModified\":\"2015-06-10T19:32:32+00:00\",\"author\":{\"@id\":\"https:\\\/\\\/wp.kristdemokraterna.se\\\/savsjo\\\/#\\\/schema\\\/person\\\/66a08fa678592f794fe60a50b249978a\"},\"breadcrumb\":{\"@id\":\"https:\\\/\\\/wp.kristdemokraterna.se\\\/savsjo\\\/kraftsamling-for-nolltolerans-mot-droger\\\/#breadcrumb\"},\"inLanguage\":\"sv-SE\",\"potentialAction\":[{\"@type\":\"ReadAction\",\"target\":[\"https:\\\/\\\/wp.kristdemokraterna.se\\\/savsjo\\\/kraftsamling-for-nolltolerans-mot-droger\\\/\"]}]},{\"@type\":\"ImageObject\",\"inLanguage\":\"sv-SE\",\"@id\":\"https:\\\/\\\/wp.kristdemokraterna.se\\\/savsjo\\\/kraftsamling-for-nolltolerans-mot-droger\\\/#primaryimage\",\"url\":\"https:\\\/\\\/wp.kristdemokraterna.se\\\/savsjo\\\/files\\\/2015\\\/06\\\/avslutningstjofras2015.jpg\",\"contentUrl\":\"https:\\\/\\\/wp.kristdemokraterna.se\\\/savsjo\\\/files\\\/2015\\\/06\\\/avslutningstjofras2015.jpg\",\"width\":500,\"height\":300},{\"@type\":\"BreadcrumbList\",\"@id\":\"https:\\\/\\\/wp.kristdemokraterna.se\\\/savsjo\\\/kraftsamling-for-nolltolerans-mot-droger\\\/#breadcrumb\",\"itemListElement\":[{\"@type\":\"ListItem\",\"position\":1,\"name\":\"Hem\",\"item\":\"https:\\\/\\\/wp.kristdemokraterna.se\\\/savsjo\\\/\"},{\"@type\":\"ListItem\",\"position\":2,\"name\":\"Kraftsamling f\u00f6r nolltolerans mot droger\"}]},{\"@type\":\"WebSite\",\"@id\":\"https:\\\/\\\/wp.kristdemokraterna.se\\\/savsjo\\\/#website\",\"url\":\"https:\\\/\\\/wp.kristdemokraterna.se\\\/savsjo\\\/\",\"name\":\"S\u00e4vsj\u00f6\",\"description\":\"\",\"inLanguage\":\"sv-SE\"},{\"@type\":\"Person\",\"@id\":\"https:\\\/\\\/wp.kristdemokraterna.se\\\/savsjo\\\/#\\\/schema\\\/person\\\/66a08fa678592f794fe60a50b249978a\",\"name\":\"Stefan Gustafsson\",\"image\":{\"@type\":\"ImageObject\",\"inLanguage\":\"sv-SE\",\"@id\":\"https:\\\/\\\/secure.gravatar.com\\\/avatar\\\/d183d0fd8830afddde9ab5386edf3b3480a63f1fb3291da52adec75b3b7b6f60?s=96&r=g\",\"url\":\"https:\\\/\\\/secure.gravatar.com\\\/avatar\\\/d183d0fd8830afddde9ab5386edf3b3480a63f1fb3291da52adec75b3b7b6f60?s=96&r=g\",\"contentUrl\":\"https:\\\/\\\/secure.gravatar.com\\\/avatar\\\/d183d0fd8830afddde9ab5386edf3b3480a63f1fb3291da52adec75b3b7b6f60?s=96&r=g\",\"caption\":\"Stefan Gustafsson\"},\"url\":\"https:\\\/\\\/wp.kristdemokraterna.se\\\/savsjo\\\/author\\\/stgu\\\/\"}]}<\/script>\n<!-- \/ Yoast SEO plugin. -->","yoast_head_json":{"title":"Kraftsamling f\u00f6r nolltolerans mot droger - S\u00e4vsj\u00f6","robots":{"index":"index","follow":"follow","max-snippet":"max-snippet:-1","max-image-preview":"max-image-preview:large","max-video-preview":"max-video-preview:-1"},"canonical":"https:\/\/wp.kristdemokraterna.se\/savsjo\/kraftsamling-for-nolltolerans-mot-droger\/","og_locale":"sv_SE","og_type":"article","og_title":"Kraftsamling f\u00f6r nolltolerans mot droger - S\u00e4vsj\u00f6","og_description":"Utifr\u00e5n \u00a0vall\u00f6ftet om 0-tolerans mot droger bland unga genomf\u00f6rs nu ett\u00a0speciellt ungdomspaket av aktiviteter med b\u00f6rjan vid skolavslutningen med ett &#8221;Avslutningstjofr\u00e4s. Kommunens v\u00e4lf\u00e4rdsr\u00e5d har f\u00e5tt redovisningar fr\u00e5n polis, \u00a0v\u00e5rd- och f\u00e4ltassistenter om \u00f6kande bekymmer med droger bland unga. V\u00e4lf\u00e4rdsr\u00e5det best\u00e4mde d\u00e4rf\u00f6r att g\u00f6ra ett paket d\u00e4r flera hj\u00e4lps \u00e5t i en gemensam kraftsamling. Till arrangemang Read More","og_url":"https:\/\/wp.kristdemokraterna.se\/savsjo\/kraftsamling-for-nolltolerans-mot-droger\/","og_site_name":"S\u00e4vsj\u00f6","article_published_time":"2015-06-10T18:36:41+00:00","article_modified_time":"2015-06-10T19:32:32+00:00","og_image":[{"width":500,"height":300,"url":"https:\/\/wp.kristdemokraterna.se\/savsjo\/files\/2015\/06\/avslutningstjofras2015.jpg","type":"image\/jpeg"}],"author":"Stefan Gustafsson","twitter_card":"summary_large_image","twitter_misc":{"Skriven av":"Stefan Gustafsson","Ber\u00e4knad l\u00e4stid":"1 minut"},"schema":{"@context":"https:\/\/schema.org","@graph":[{"@type":"Article","@id":"https:\/\/wp.kristdemokraterna.se\/savsjo\/kraftsamling-for-nolltolerans-mot-droger\/#article","isPartOf":{"@id":"https:\/\/wp.kristdemokraterna.se\/savsjo\/kraftsamling-for-nolltolerans-mot-droger\/"},"author":{"name":"Stefan Gustafsson","@id":"https:\/\/wp.kristdemokraterna.se\/savsjo\/#\/schema\/person\/66a08fa678592f794fe60a50b249978a"},"headline":"Kraftsamling f\u00f6r nolltolerans mot droger","datePublished":"2015-06-10T18:36:41+00:00","dateModified":"2015-06-10T19:32:32+00:00","mainEntityOfPage":{"@id":"https:\/\/wp.kristdemokraterna.se\/savsjo\/kraftsamling-for-nolltolerans-mot-droger\/"},"wordCount":148,"image":{"@id":"https:\/\/wp.kristdemokraterna.se\/savsjo\/kraftsamling-for-nolltolerans-mot-droger\/#primaryimage"},"thumbnailUrl":"https:\/\/wp.kristdemokraterna.se\/savsjo\/files\/2015\/06\/avslutningstjofras2015.jpg","inLanguage":"sv-SE"},{"@type":"WebPage","@id":"https:\/\/wp.kristdemokraterna.se\/savsjo\/kraftsamling-for-nolltolerans-mot-droger\/","url":"https:\/\/wp.kristdemokraterna.se\/savsjo\/kraftsamling-for-nolltolerans-mot-droger\/","name":"Kraftsamling f\u00f6r nolltolerans mot droger - S\u00e4vsj\u00f6","isPartOf":{"@id":"https:\/\/wp.kristdemokraterna.se\/savsjo\/#website"},"primaryImageOfPage":{"@id":"https:\/\/wp.kristdemokraterna.se\/savsjo\/kraftsamling-for-nolltolerans-mot-droger\/#primaryimage"},"image":{"@id":"https:\/\/wp.kristdemokraterna.se\/savsjo\/kraftsamling-for-nolltolerans-mot-droger\/#primaryimage"},"thumbnailUrl":"https:\/\/wp.kristdemokraterna.se\/savsjo\/files\/2015\/06\/avslutningstjofras2015.jpg","datePublished":"2015-06-10T18:36:41+00:00","dateModified":"2015-06-10T19:32:32+00:00","author":{"@id":"https:\/\/wp.kristdemokraterna.se\/savsjo\/#\/schema\/person\/66a08fa678592f794fe60a50b249978a"},"breadcrumb":{"@id":"https:\/\/wp.kristdemokraterna.se\/savsjo\/kraftsamling-for-nolltolerans-mot-droger\/#breadcrumb"},"inLanguage":"sv-SE","potentialAction":[{"@type":"ReadAction","target":["https:\/\/wp.kristdemokraterna.se\/savsjo\/kraftsamling-for-nolltolerans-mot-droger\/"]}]},{"@type":"ImageObject","inLanguage":"sv-SE","@id":"https:\/\/wp.kristdemokraterna.se\/savsjo\/kraftsamling-for-nolltolerans-mot-droger\/#primaryimage","url":"https:\/\/wp.kristdemokraterna.se\/savsjo\/files\/2015\/06\/avslutningstjofras2015.jpg","contentUrl":"https:\/\/wp.kristdemokraterna.se\/savsjo\/files\/2015\/06\/avslutningstjofras2015.jpg","width":500,"height":300},{"@type":"BreadcrumbList","@id":"https:\/\/wp.kristdemokraterna.se\/savsjo\/kraftsamling-for-nolltolerans-mot-droger\/#breadcrumb","itemListElement":[{"@type":"ListItem","position":1,"name":"Hem","item":"https:\/\/wp.kristdemokraterna.se\/savsjo\/"},{"@type":"ListItem","position":2,"name":"Kraftsamling f\u00f6r nolltolerans mot droger"}]},{"@type":"WebSite","@id":"https:\/\/wp.kristdemokraterna.se\/savsjo\/#website","url":"https:\/\/wp.kristdemokraterna.se\/savsjo\/","name":"S\u00e4vsj\u00f6","description":"","inLanguage":"sv-SE"},{"@type":"Person","@id":"https:\/\/wp.kristdemokraterna.se\/savsjo\/#\/schema\/person\/66a08fa678592f794fe60a50b249978a","name":"Stefan Gustafsson","image":{"@type":"ImageObject","inLanguage":"sv-SE","@id":"https:\/\/secure.gravatar.com\/avatar\/d183d0fd8830afddde9ab5386edf3b3480a63f1fb3291da52adec75b3b7b6f60?s=96&r=g","url":"https:\/\/secure.gravatar.com\/avatar\/d183d0fd8830afddde9ab5386edf3b3480a63f1fb3291da52adec75b3b7b6f60?s=96&r=g","contentUrl":"https:\/\/secure.gravatar.com\/avatar\/d183d0fd8830afddde9ab5386edf3b3480a63f1fb3291da52adec75b3b7b6f60?s=96&r=g","caption":"Stefan Gustafsson"},"url":"https:\/\/wp.kristdemokraterna.se\/savsjo\/author\/stgu\/"}]}},"_links":{"self":[{"href":"https:\/\/wp.kristdemokraterna.se\/savsjo\/wp-json\/wp\/v2\/posts\/1461","targetHints":{"allow":["GET"]}}],"collection":[{"href":"https:\/\/wp.kristdemokraterna.se\/savsjo\/wp-json\/wp\/v2\/posts"}],"about":[{"href":"https:\/\/wp.kristdemokraterna.se\/savsjo\/wp-json\/wp\/v2\/types\/post"}],"author":[{"embeddable":true,"href":"https:\/\/wp.kristdemokraterna.se\/savsjo\/wp-json\/wp\/v2\/users\/430"}],"replies":[{"embeddable":true,"href":"https:\/\/wp.kristdemokraterna.se\/savsjo\/wp-json\/wp\/v2\/comments?post=1461"}],"version-history":[{"count":10,"href":"https:\/\/wp.kristdemokraterna.se\/savsjo\/wp-json\/wp\/v2\/posts\/1461\/revisions"}],"predecessor-version":[{"id":1472,"href":"https:\/\/wp.kristdemokraterna.se\/savsjo\/wp-json\/wp\/v2\/posts\/1461\/revisions\/1472"}],"wp:featuredmedia":[{"embeddable":true,"href":"https:\/\/wp.kristdemokraterna.se\/savsjo\/wp-json\/wp\/v2\/media\/1462"}],"wp:attachment":[{"href":"https:\/\/wp.kristdemokraterna.se\/savsjo\/wp-json\/wp\/v2\/media?parent=1461"}],"wp:term":[{"taxonomy":"category","embeddable":true,"href":"https:\/\/wp.kristdemokraterna.se\/savsjo\/wp-json\/wp\/v2\/categories?post=1461"},{"taxonomy":"post_tag","embeddable":true,"href":"https:\/\/wp.kristdemokraterna.se\/savsjo\/wp-json\/wp\/v2\/tags?post=1461"}],"curies":[{"name":"wp","href":"https:\/\/api.w.org\/{rel}","templated":true}]}}