{"id":1474,"date":"2015-06-17T10:35:57","date_gmt":"2015-06-17T08:35:57","guid":{"rendered":"http:\/\/wp.kristdemokraterna.se\/savsjo\/?p=1474"},"modified":"2015-06-17T10:40:57","modified_gmt":"2015-06-17T08:40:57","slug":"anna-karin-tackar-och-lyckonskar-b-o","status":"publish","type":"post","link":"https:\/\/wp.kristdemokraterna.se\/savsjo\/anna-karin-tackar-och-lyckonskar-b-o\/","title":{"rendered":"Anna-Karin tackar och lyck\u00f6nskar B-O"},"content":{"rendered":"<p>&#8221;Det \u00e4r ett stort och fint arbete fr\u00e5n Barn- &amp; utbildningsf\u00f6rvaltningens utvecklingsledare Bengt-Olov &#8221;B-O&#8221; S\u00f6dergren som \u00e4r en \u00a0av de viktigaste orsakerna bakom den stora resultatf\u00f6rb\u00e4ttring som skett i S\u00e4vsj\u00f6s grundskolor&#8221; Det sa Anna-Karin Yngvesson(KD), ordf\u00f6rande i BU-n\u00e4mnden, n\u00e4r hon idag talade p\u00e5 den stora avtackningen av B-O i kommunalhusets Cafeteria. Anna-Karin ber\u00e4ttade om roliga episoder, gemensamma seminarium och \u00e4ventyr som de upplevt tillsammans. B-O fick lyck\u00f6nskningar n\u00e4r han nu g\u00e5r vidare till arbetet som grundskolechef i N\u00e4ssj\u00f6 kommun. Rekrytering av ers\u00e4ttaren p\u00e5g\u00e5r f\u00f6r fullt.<\/p>\n","protected":false},"excerpt":{"rendered":"<p>&#8221;Det \u00e4r ett stort och fint arbete fr\u00e5n Barn- &amp; utbildningsf\u00f6rvaltningens utvecklingsledare Bengt-Olov &#8221;B-O&#8221; S\u00f6dergren som \u00e4r en \u00a0av de viktigaste orsakerna bakom den stora resultatf\u00f6rb\u00e4ttring som skett i S\u00e4vsj\u00f6s grundskolor&#8221; Det sa Anna-Karin Yngvesson(KD), ordf\u00f6rande i BU-n\u00e4mnden, n\u00e4r hon idag talade p\u00e5 den stora avtackningen av B-O i kommunalhusets Cafeteria. Anna-Karin ber\u00e4ttade om roliga <a class=\"read-more-link\" href=\"https:\/\/wp.kristdemokraterna.se\/savsjo\/anna-karin-tackar-och-lyckonskar-b-o\/\">Read More<\/a><\/p>\n","protected":false},"author":430,"featured_media":1475,"comment_status":"closed","ping_status":"closed","sticky":false,"template":"","format":"standard","meta":{"_acf_changed":false,"footnotes":""},"categories":[1],"tags":[],"class_list":["post-1474","post","type-post","status-publish","format-standard","has-post-thumbnail","hentry","category-okategoriserade"],"acf":[],"yoast_head":"<!-- This site is optimized with the Yoast SEO plugin v27.4 - https:\/\/yoast.com\/product\/yoast-seo-wordpress\/ -->\n<title>Anna-Karin tackar och lyck\u00f6nskar B-O - S\u00e4vsj\u00f6<\/title>\n<meta name=\"robots\" content=\"index, follow, max-snippet:-1, max-image-preview:large, max-video-preview:-1\" \/>\n<link rel=\"canonical\" href=\"https:\/\/wp.kristdemokraterna.se\/savsjo\/anna-karin-tackar-och-lyckonskar-b-o\/\" \/>\n<meta property=\"og:locale\" content=\"sv_SE\" \/>\n<meta property=\"og:type\" content=\"article\" \/>\n<meta property=\"og:title\" content=\"Anna-Karin tackar och lyck\u00f6nskar B-O - S\u00e4vsj\u00f6\" \/>\n<meta property=\"og:description\" content=\"&#8221;Det \u00e4r ett stort och fint arbete fr\u00e5n Barn- &amp; utbildningsf\u00f6rvaltningens utvecklingsledare Bengt-Olov &#8221;B-O&#8221; S\u00f6dergren som \u00e4r en \u00a0av de viktigaste orsakerna bakom den stora resultatf\u00f6rb\u00e4ttring som skett i S\u00e4vsj\u00f6s grundskolor&#8221; Det sa Anna-Karin Yngvesson(KD), ordf\u00f6rande i BU-n\u00e4mnden, n\u00e4r hon idag talade p\u00e5 den stora avtackningen av B-O i kommunalhusets Cafeteria. Anna-Karin ber\u00e4ttade om roliga Read More\" \/>\n<meta property=\"og:url\" content=\"https:\/\/wp.kristdemokraterna.se\/savsjo\/anna-karin-tackar-och-lyckonskar-b-o\/\" \/>\n<meta property=\"og:site_name\" content=\"S\u00e4vsj\u00f6\" \/>\n<meta property=\"article:published_time\" content=\"2015-06-17T08:35:57+00:00\" \/>\n<meta property=\"article:modified_time\" content=\"2015-06-17T08:40:57+00:00\" \/>\n<meta property=\"og:image\" content=\"https:\/\/wp.kristdemokraterna.se\/savsjo\/files\/2015\/06\/avtackning-bo-20150617.jpg\" \/>\n\t<meta property=\"og:image:width\" content=\"500\" \/>\n\t<meta property=\"og:image:height\" content=\"300\" \/>\n\t<meta property=\"og:image:type\" content=\"image\/jpeg\" \/>\n<meta name=\"author\" content=\"Stefan Gustafsson\" \/>\n<meta name=\"twitter:card\" content=\"summary_large_image\" \/>\n<meta name=\"twitter:label1\" content=\"Skriven av\" \/>\n\t<meta name=\"twitter:data1\" content=\"Stefan Gustafsson\" \/>\n\t<meta name=\"twitter:label2\" content=\"Ber\u00e4knad l\u00e4stid\" \/>\n\t<meta name=\"twitter:data2\" content=\"1 minut\" \/>\n<script type=\"application\/ld+json\" class=\"yoast-schema-graph\">{\"@context\":\"https:\\\/\\\/schema.org\",\"@graph\":[{\"@type\":\"Article\",\"@id\":\"https:\\\/\\\/wp.kristdemokraterna.se\\\/savsjo\\\/anna-karin-tackar-och-lyckonskar-b-o\\\/#article\",\"isPartOf\":{\"@id\":\"https:\\\/\\\/wp.kristdemokraterna.se\\\/savsjo\\\/anna-karin-tackar-och-lyckonskar-b-o\\\/\"},\"author\":{\"name\":\"Stefan Gustafsson\",\"@id\":\"https:\\\/\\\/wp.kristdemokraterna.se\\\/savsjo\\\/#\\\/schema\\\/person\\\/66a08fa678592f794fe60a50b249978a\"},\"headline\":\"Anna-Karin tackar och lyck\u00f6nskar B-O\",\"datePublished\":\"2015-06-17T08:35:57+00:00\",\"dateModified\":\"2015-06-17T08:40:57+00:00\",\"mainEntityOfPage\":{\"@id\":\"https:\\\/\\\/wp.kristdemokraterna.se\\\/savsjo\\\/anna-karin-tackar-och-lyckonskar-b-o\\\/\"},\"wordCount\":111,\"image\":{\"@id\":\"https:\\\/\\\/wp.kristdemokraterna.se\\\/savsjo\\\/anna-karin-tackar-och-lyckonskar-b-o\\\/#primaryimage\"},\"thumbnailUrl\":\"https:\\\/\\\/wp.kristdemokraterna.se\\\/savsjo\\\/files\\\/2015\\\/06\\\/avtackning-bo-20150617.jpg\",\"inLanguage\":\"sv-SE\"},{\"@type\":\"WebPage\",\"@id\":\"https:\\\/\\\/wp.kristdemokraterna.se\\\/savsjo\\\/anna-karin-tackar-och-lyckonskar-b-o\\\/\",\"url\":\"https:\\\/\\\/wp.kristdemokraterna.se\\\/savsjo\\\/anna-karin-tackar-och-lyckonskar-b-o\\\/\",\"name\":\"Anna-Karin tackar och lyck\u00f6nskar B-O - S\u00e4vsj\u00f6\",\"isPartOf\":{\"@id\":\"https:\\\/\\\/wp.kristdemokraterna.se\\\/savsjo\\\/#website\"},\"primaryImageOfPage\":{\"@id\":\"https:\\\/\\\/wp.kristdemokraterna.se\\\/savsjo\\\/anna-karin-tackar-och-lyckonskar-b-o\\\/#primaryimage\"},\"image\":{\"@id\":\"https:\\\/\\\/wp.kristdemokraterna.se\\\/savsjo\\\/anna-karin-tackar-och-lyckonskar-b-o\\\/#primaryimage\"},\"thumbnailUrl\":\"https:\\\/\\\/wp.kristdemokraterna.se\\\/savsjo\\\/files\\\/2015\\\/06\\\/avtackning-bo-20150617.jpg\",\"datePublished\":\"2015-06-17T08:35:57+00:00\",\"dateModified\":\"2015-06-17T08:40:57+00:00\",\"author\":{\"@id\":\"https:\\\/\\\/wp.kristdemokraterna.se\\\/savsjo\\\/#\\\/schema\\\/person\\\/66a08fa678592f794fe60a50b249978a\"},\"breadcrumb\":{\"@id\":\"https:\\\/\\\/wp.kristdemokraterna.se\\\/savsjo\\\/anna-karin-tackar-och-lyckonskar-b-o\\\/#breadcrumb\"},\"inLanguage\":\"sv-SE\",\"potentialAction\":[{\"@type\":\"ReadAction\",\"target\":[\"https:\\\/\\\/wp.kristdemokraterna.se\\\/savsjo\\\/anna-karin-tackar-och-lyckonskar-b-o\\\/\"]}]},{\"@type\":\"ImageObject\",\"inLanguage\":\"sv-SE\",\"@id\":\"https:\\\/\\\/wp.kristdemokraterna.se\\\/savsjo\\\/anna-karin-tackar-och-lyckonskar-b-o\\\/#primaryimage\",\"url\":\"https:\\\/\\\/wp.kristdemokraterna.se\\\/savsjo\\\/files\\\/2015\\\/06\\\/avtackning-bo-20150617.jpg\",\"contentUrl\":\"https:\\\/\\\/wp.kristdemokraterna.se\\\/savsjo\\\/files\\\/2015\\\/06\\\/avtackning-bo-20150617.jpg\",\"width\":500,\"height\":300},{\"@type\":\"BreadcrumbList\",\"@id\":\"https:\\\/\\\/wp.kristdemokraterna.se\\\/savsjo\\\/anna-karin-tackar-och-lyckonskar-b-o\\\/#breadcrumb\",\"itemListElement\":[{\"@type\":\"ListItem\",\"position\":1,\"name\":\"Hem\",\"item\":\"https:\\\/\\\/wp.kristdemokraterna.se\\\/savsjo\\\/\"},{\"@type\":\"ListItem\",\"position\":2,\"name\":\"Anna-Karin tackar och lyck\u00f6nskar B-O\"}]},{\"@type\":\"WebSite\",\"@id\":\"https:\\\/\\\/wp.kristdemokraterna.se\\\/savsjo\\\/#website\",\"url\":\"https:\\\/\\\/wp.kristdemokraterna.se\\\/savsjo\\\/\",\"name\":\"S\u00e4vsj\u00f6\",\"description\":\"\",\"inLanguage\":\"sv-SE\"},{\"@type\":\"Person\",\"@id\":\"https:\\\/\\\/wp.kristdemokraterna.se\\\/savsjo\\\/#\\\/schema\\\/person\\\/66a08fa678592f794fe60a50b249978a\",\"name\":\"Stefan Gustafsson\",\"image\":{\"@type\":\"ImageObject\",\"inLanguage\":\"sv-SE\",\"@id\":\"https:\\\/\\\/secure.gravatar.com\\\/avatar\\\/d183d0fd8830afddde9ab5386edf3b3480a63f1fb3291da52adec75b3b7b6f60?s=96&r=g\",\"url\":\"https:\\\/\\\/secure.gravatar.com\\\/avatar\\\/d183d0fd8830afddde9ab5386edf3b3480a63f1fb3291da52adec75b3b7b6f60?s=96&r=g\",\"contentUrl\":\"https:\\\/\\\/secure.gravatar.com\\\/avatar\\\/d183d0fd8830afddde9ab5386edf3b3480a63f1fb3291da52adec75b3b7b6f60?s=96&r=g\",\"caption\":\"Stefan Gustafsson\"},\"url\":\"https:\\\/\\\/wp.kristdemokraterna.se\\\/savsjo\\\/author\\\/stgu\\\/\"}]}<\/script>\n<!-- \/ Yoast SEO plugin. -->","yoast_head_json":{"title":"Anna-Karin tackar och lyck\u00f6nskar B-O - S\u00e4vsj\u00f6","robots":{"index":"index","follow":"follow","max-snippet":"max-snippet:-1","max-image-preview":"max-image-preview:large","max-video-preview":"max-video-preview:-1"},"canonical":"https:\/\/wp.kristdemokraterna.se\/savsjo\/anna-karin-tackar-och-lyckonskar-b-o\/","og_locale":"sv_SE","og_type":"article","og_title":"Anna-Karin tackar och lyck\u00f6nskar B-O - S\u00e4vsj\u00f6","og_description":"&#8221;Det \u00e4r ett stort och fint arbete fr\u00e5n Barn- &amp; utbildningsf\u00f6rvaltningens utvecklingsledare Bengt-Olov &#8221;B-O&#8221; S\u00f6dergren som \u00e4r en \u00a0av de viktigaste orsakerna bakom den stora resultatf\u00f6rb\u00e4ttring som skett i S\u00e4vsj\u00f6s grundskolor&#8221; Det sa Anna-Karin Yngvesson(KD), ordf\u00f6rande i BU-n\u00e4mnden, n\u00e4r hon idag talade p\u00e5 den stora avtackningen av B-O i kommunalhusets Cafeteria. Anna-Karin ber\u00e4ttade om roliga Read More","og_url":"https:\/\/wp.kristdemokraterna.se\/savsjo\/anna-karin-tackar-och-lyckonskar-b-o\/","og_site_name":"S\u00e4vsj\u00f6","article_published_time":"2015-06-17T08:35:57+00:00","article_modified_time":"2015-06-17T08:40:57+00:00","og_image":[{"width":500,"height":300,"url":"https:\/\/wp.kristdemokraterna.se\/savsjo\/files\/2015\/06\/avtackning-bo-20150617.jpg","type":"image\/jpeg"}],"author":"Stefan Gustafsson","twitter_card":"summary_large_image","twitter_misc":{"Skriven av":"Stefan Gustafsson","Ber\u00e4knad l\u00e4stid":"1 minut"},"schema":{"@context":"https:\/\/schema.org","@graph":[{"@type":"Article","@id":"https:\/\/wp.kristdemokraterna.se\/savsjo\/anna-karin-tackar-och-lyckonskar-b-o\/#article","isPartOf":{"@id":"https:\/\/wp.kristdemokraterna.se\/savsjo\/anna-karin-tackar-och-lyckonskar-b-o\/"},"author":{"name":"Stefan Gustafsson","@id":"https:\/\/wp.kristdemokraterna.se\/savsjo\/#\/schema\/person\/66a08fa678592f794fe60a50b249978a"},"headline":"Anna-Karin tackar och lyck\u00f6nskar B-O","datePublished":"2015-06-17T08:35:57+00:00","dateModified":"2015-06-17T08:40:57+00:00","mainEntityOfPage":{"@id":"https:\/\/wp.kristdemokraterna.se\/savsjo\/anna-karin-tackar-och-lyckonskar-b-o\/"},"wordCount":111,"image":{"@id":"https:\/\/wp.kristdemokraterna.se\/savsjo\/anna-karin-tackar-och-lyckonskar-b-o\/#primaryimage"},"thumbnailUrl":"https:\/\/wp.kristdemokraterna.se\/savsjo\/files\/2015\/06\/avtackning-bo-20150617.jpg","inLanguage":"sv-SE"},{"@type":"WebPage","@id":"https:\/\/wp.kristdemokraterna.se\/savsjo\/anna-karin-tackar-och-lyckonskar-b-o\/","url":"https:\/\/wp.kristdemokraterna.se\/savsjo\/anna-karin-tackar-och-lyckonskar-b-o\/","name":"Anna-Karin tackar och lyck\u00f6nskar B-O - S\u00e4vsj\u00f6","isPartOf":{"@id":"https:\/\/wp.kristdemokraterna.se\/savsjo\/#website"},"primaryImageOfPage":{"@id":"https:\/\/wp.kristdemokraterna.se\/savsjo\/anna-karin-tackar-och-lyckonskar-b-o\/#primaryimage"},"image":{"@id":"https:\/\/wp.kristdemokraterna.se\/savsjo\/anna-karin-tackar-och-lyckonskar-b-o\/#primaryimage"},"thumbnailUrl":"https:\/\/wp.kristdemokraterna.se\/savsjo\/files\/2015\/06\/avtackning-bo-20150617.jpg","datePublished":"2015-06-17T08:35:57+00:00","dateModified":"2015-06-17T08:40:57+00:00","author":{"@id":"https:\/\/wp.kristdemokraterna.se\/savsjo\/#\/schema\/person\/66a08fa678592f794fe60a50b249978a"},"breadcrumb":{"@id":"https:\/\/wp.kristdemokraterna.se\/savsjo\/anna-karin-tackar-och-lyckonskar-b-o\/#breadcrumb"},"inLanguage":"sv-SE","potentialAction":[{"@type":"ReadAction","target":["https:\/\/wp.kristdemokraterna.se\/savsjo\/anna-karin-tackar-och-lyckonskar-b-o\/"]}]},{"@type":"ImageObject","inLanguage":"sv-SE","@id":"https:\/\/wp.kristdemokraterna.se\/savsjo\/anna-karin-tackar-och-lyckonskar-b-o\/#primaryimage","url":"https:\/\/wp.kristdemokraterna.se\/savsjo\/files\/2015\/06\/avtackning-bo-20150617.jpg","contentUrl":"https:\/\/wp.kristdemokraterna.se\/savsjo\/files\/2015\/06\/avtackning-bo-20150617.jpg","width":500,"height":300},{"@type":"BreadcrumbList","@id":"https:\/\/wp.kristdemokraterna.se\/savsjo\/anna-karin-tackar-och-lyckonskar-b-o\/#breadcrumb","itemListElement":[{"@type":"ListItem","position":1,"name":"Hem","item":"https:\/\/wp.kristdemokraterna.se\/savsjo\/"},{"@type":"ListItem","position":2,"name":"Anna-Karin tackar och lyck\u00f6nskar B-O"}]},{"@type":"WebSite","@id":"https:\/\/wp.kristdemokraterna.se\/savsjo\/#website","url":"https:\/\/wp.kristdemokraterna.se\/savsjo\/","name":"S\u00e4vsj\u00f6","description":"","inLanguage":"sv-SE"},{"@type":"Person","@id":"https:\/\/wp.kristdemokraterna.se\/savsjo\/#\/schema\/person\/66a08fa678592f794fe60a50b249978a","name":"Stefan Gustafsson","image":{"@type":"ImageObject","inLanguage":"sv-SE","@id":"https:\/\/secure.gravatar.com\/avatar\/d183d0fd8830afddde9ab5386edf3b3480a63f1fb3291da52adec75b3b7b6f60?s=96&r=g","url":"https:\/\/secure.gravatar.com\/avatar\/d183d0fd8830afddde9ab5386edf3b3480a63f1fb3291da52adec75b3b7b6f60?s=96&r=g","contentUrl":"https:\/\/secure.gravatar.com\/avatar\/d183d0fd8830afddde9ab5386edf3b3480a63f1fb3291da52adec75b3b7b6f60?s=96&r=g","caption":"Stefan Gustafsson"},"url":"https:\/\/wp.kristdemokraterna.se\/savsjo\/author\/stgu\/"}]}},"_links":{"self":[{"href":"https:\/\/wp.kristdemokraterna.se\/savsjo\/wp-json\/wp\/v2\/posts\/1474","targetHints":{"allow":["GET"]}}],"collection":[{"href":"https:\/\/wp.kristdemokraterna.se\/savsjo\/wp-json\/wp\/v2\/posts"}],"about":[{"href":"https:\/\/wp.kristdemokraterna.se\/savsjo\/wp-json\/wp\/v2\/types\/post"}],"author":[{"embeddable":true,"href":"https:\/\/wp.kristdemokraterna.se\/savsjo\/wp-json\/wp\/v2\/users\/430"}],"replies":[{"embeddable":true,"href":"https:\/\/wp.kristdemokraterna.se\/savsjo\/wp-json\/wp\/v2\/comments?post=1474"}],"version-history":[{"count":6,"href":"https:\/\/wp.kristdemokraterna.se\/savsjo\/wp-json\/wp\/v2\/posts\/1474\/revisions"}],"predecessor-version":[{"id":1481,"href":"https:\/\/wp.kristdemokraterna.se\/savsjo\/wp-json\/wp\/v2\/posts\/1474\/revisions\/1481"}],"wp:featuredmedia":[{"embeddable":true,"href":"https:\/\/wp.kristdemokraterna.se\/savsjo\/wp-json\/wp\/v2\/media\/1475"}],"wp:attachment":[{"href":"https:\/\/wp.kristdemokraterna.se\/savsjo\/wp-json\/wp\/v2\/media?parent=1474"}],"wp:term":[{"taxonomy":"category","embeddable":true,"href":"https:\/\/wp.kristdemokraterna.se\/savsjo\/wp-json\/wp\/v2\/categories?post=1474"},{"taxonomy":"post_tag","embeddable":true,"href":"https:\/\/wp.kristdemokraterna.se\/savsjo\/wp-json\/wp\/v2\/tags?post=1474"}],"curies":[{"name":"wp","href":"https:\/\/api.w.org\/{rel}","templated":true}]}}