{"id":1483,"date":"2015-07-20T11:01:21","date_gmt":"2015-07-20T09:01:21","guid":{"rendered":"http:\/\/wp.kristdemokraterna.se\/savsjo\/?p=1483"},"modified":"2015-07-20T12:04:46","modified_gmt":"2015-07-20T10:04:46","slug":"1483","status":"publish","type":"post","link":"https:\/\/wp.kristdemokraterna.se\/savsjo\/1483\/","title":{"rendered":"F\u00f6rb\u00e4ttrat st\u00f6d till fint f\u00f6reningsliv"},"content":{"rendered":"<p>Fredrik H\u00e5kansson \u00e4r engagerad i f\u00f6reningslivet och har i sitt nya politiska engagemang tagit flera initiativ. \u00a0 &#8221;Vi har ett fantastiskt f\u00f6reningsliv i v\u00e5r kommun och som vice ordf\u00f6rande i kultur och fritidsn\u00e4mnden arbetar jag f\u00f6r att v\u00e5r service mot f\u00f6reningarna ska vara s\u00e5 bra som m\u00f6jligt.&#8221; \u00a0Fredrik har initierat en f\u00f6rb\u00e4ttring av bidragshantering till f\u00f6reningar. \u00a0Samr\u00e5d med samh\u00e4llsf\u00f6reningarna f\u00f6r id\u00e9er till\u00a0trevligare\u00a0badplatser. Yrkande tillsammans med Johanna Ek om bidrag ur Kultur- och fritidsn\u00e4mndens budget till\u00a0R\u00f6rviks Frikyrkas utbyggnad av lokaler f\u00f6r barn- och ungdomsverksamhet, ett arbete som betyder mycket f\u00f6r samh\u00e4llet.<\/p>\n<p>&nbsp;<\/p>\n","protected":false},"excerpt":{"rendered":"<p>Fredrik H\u00e5kansson \u00e4r engagerad i f\u00f6reningslivet och har i sitt nya politiska engagemang tagit flera initiativ. \u00a0 &#8221;Vi har ett fantastiskt f\u00f6reningsliv i v\u00e5r kommun och som vice ordf\u00f6rande i kultur och fritidsn\u00e4mnden arbetar jag f\u00f6r att v\u00e5r service mot f\u00f6reningarna ska vara s\u00e5 bra som m\u00f6jligt.&#8221; \u00a0Fredrik har initierat en f\u00f6rb\u00e4ttring av bidragshantering till <a class=\"read-more-link\" href=\"https:\/\/wp.kristdemokraterna.se\/savsjo\/1483\/\">Read More<\/a><\/p>\n","protected":false},"author":430,"featured_media":1484,"comment_status":"closed","ping_status":"closed","sticky":false,"template":"","format":"standard","meta":{"_acf_changed":false,"footnotes":""},"categories":[1],"tags":[],"class_list":["post-1483","post","type-post","status-publish","format-standard","has-post-thumbnail","hentry","category-okategoriserade"],"acf":[],"yoast_head":"<!-- This site is optimized with the Yoast SEO plugin v27.4 - https:\/\/yoast.com\/product\/yoast-seo-wordpress\/ -->\n<title>F\u00f6rb\u00e4ttrat st\u00f6d till fint f\u00f6reningsliv - S\u00e4vsj\u00f6<\/title>\n<meta name=\"robots\" content=\"index, follow, max-snippet:-1, max-image-preview:large, max-video-preview:-1\" \/>\n<link rel=\"canonical\" href=\"https:\/\/wp.kristdemokraterna.se\/savsjo\/1483\/\" \/>\n<meta property=\"og:locale\" content=\"sv_SE\" \/>\n<meta property=\"og:type\" content=\"article\" \/>\n<meta property=\"og:title\" content=\"F\u00f6rb\u00e4ttrat st\u00f6d till fint f\u00f6reningsliv - S\u00e4vsj\u00f6\" \/>\n<meta property=\"og:description\" content=\"Fredrik H\u00e5kansson \u00e4r engagerad i f\u00f6reningslivet och har i sitt nya politiska engagemang tagit flera initiativ. \u00a0 &#8221;Vi har ett fantastiskt f\u00f6reningsliv i v\u00e5r kommun och som vice ordf\u00f6rande i kultur och fritidsn\u00e4mnden arbetar jag f\u00f6r att v\u00e5r service mot f\u00f6reningarna ska vara s\u00e5 bra som m\u00f6jligt.&#8221; \u00a0Fredrik har initierat en f\u00f6rb\u00e4ttring av bidragshantering till Read More\" \/>\n<meta property=\"og:url\" content=\"https:\/\/wp.kristdemokraterna.se\/savsjo\/1483\/\" \/>\n<meta property=\"og:site_name\" content=\"S\u00e4vsj\u00f6\" \/>\n<meta property=\"article:published_time\" content=\"2015-07-20T09:01:21+00:00\" \/>\n<meta property=\"article:modified_time\" content=\"2015-07-20T10:04:46+00:00\" \/>\n<meta property=\"og:image\" content=\"https:\/\/wp.kristdemokraterna.se\/savsjo\/files\/2015\/07\/fredrik-o-friidrott2015-hemsida.jpg\" \/>\n\t<meta property=\"og:image:width\" content=\"500\" \/>\n\t<meta property=\"og:image:height\" content=\"300\" \/>\n\t<meta property=\"og:image:type\" content=\"image\/jpeg\" \/>\n<meta name=\"author\" content=\"Stefan Gustafsson\" \/>\n<meta name=\"twitter:card\" content=\"summary_large_image\" \/>\n<meta name=\"twitter:label1\" content=\"Skriven av\" \/>\n\t<meta name=\"twitter:data1\" content=\"Stefan Gustafsson\" \/>\n\t<meta name=\"twitter:label2\" content=\"Ber\u00e4knad l\u00e4stid\" \/>\n\t<meta name=\"twitter:data2\" content=\"1 minut\" \/>\n<script type=\"application\/ld+json\" class=\"yoast-schema-graph\">{\"@context\":\"https:\\\/\\\/schema.org\",\"@graph\":[{\"@type\":\"Article\",\"@id\":\"https:\\\/\\\/wp.kristdemokraterna.se\\\/savsjo\\\/1483\\\/#article\",\"isPartOf\":{\"@id\":\"https:\\\/\\\/wp.kristdemokraterna.se\\\/savsjo\\\/1483\\\/\"},\"author\":{\"name\":\"Stefan Gustafsson\",\"@id\":\"https:\\\/\\\/wp.kristdemokraterna.se\\\/savsjo\\\/#\\\/schema\\\/person\\\/66a08fa678592f794fe60a50b249978a\"},\"headline\":\"F\u00f6rb\u00e4ttrat st\u00f6d till fint f\u00f6reningsliv\",\"datePublished\":\"2015-07-20T09:01:21+00:00\",\"dateModified\":\"2015-07-20T10:04:46+00:00\",\"mainEntityOfPage\":{\"@id\":\"https:\\\/\\\/wp.kristdemokraterna.se\\\/savsjo\\\/1483\\\/\"},\"wordCount\":125,\"image\":{\"@id\":\"https:\\\/\\\/wp.kristdemokraterna.se\\\/savsjo\\\/1483\\\/#primaryimage\"},\"thumbnailUrl\":\"https:\\\/\\\/wp.kristdemokraterna.se\\\/savsjo\\\/files\\\/2015\\\/07\\\/fredrik-o-friidrott2015-hemsida.jpg\",\"inLanguage\":\"sv-SE\"},{\"@type\":\"WebPage\",\"@id\":\"https:\\\/\\\/wp.kristdemokraterna.se\\\/savsjo\\\/1483\\\/\",\"url\":\"https:\\\/\\\/wp.kristdemokraterna.se\\\/savsjo\\\/1483\\\/\",\"name\":\"F\u00f6rb\u00e4ttrat st\u00f6d till fint f\u00f6reningsliv - S\u00e4vsj\u00f6\",\"isPartOf\":{\"@id\":\"https:\\\/\\\/wp.kristdemokraterna.se\\\/savsjo\\\/#website\"},\"primaryImageOfPage\":{\"@id\":\"https:\\\/\\\/wp.kristdemokraterna.se\\\/savsjo\\\/1483\\\/#primaryimage\"},\"image\":{\"@id\":\"https:\\\/\\\/wp.kristdemokraterna.se\\\/savsjo\\\/1483\\\/#primaryimage\"},\"thumbnailUrl\":\"https:\\\/\\\/wp.kristdemokraterna.se\\\/savsjo\\\/files\\\/2015\\\/07\\\/fredrik-o-friidrott2015-hemsida.jpg\",\"datePublished\":\"2015-07-20T09:01:21+00:00\",\"dateModified\":\"2015-07-20T10:04:46+00:00\",\"author\":{\"@id\":\"https:\\\/\\\/wp.kristdemokraterna.se\\\/savsjo\\\/#\\\/schema\\\/person\\\/66a08fa678592f794fe60a50b249978a\"},\"breadcrumb\":{\"@id\":\"https:\\\/\\\/wp.kristdemokraterna.se\\\/savsjo\\\/1483\\\/#breadcrumb\"},\"inLanguage\":\"sv-SE\",\"potentialAction\":[{\"@type\":\"ReadAction\",\"target\":[\"https:\\\/\\\/wp.kristdemokraterna.se\\\/savsjo\\\/1483\\\/\"]}]},{\"@type\":\"ImageObject\",\"inLanguage\":\"sv-SE\",\"@id\":\"https:\\\/\\\/wp.kristdemokraterna.se\\\/savsjo\\\/1483\\\/#primaryimage\",\"url\":\"https:\\\/\\\/wp.kristdemokraterna.se\\\/savsjo\\\/files\\\/2015\\\/07\\\/fredrik-o-friidrott2015-hemsida.jpg\",\"contentUrl\":\"https:\\\/\\\/wp.kristdemokraterna.se\\\/savsjo\\\/files\\\/2015\\\/07\\\/fredrik-o-friidrott2015-hemsida.jpg\",\"width\":500,\"height\":300},{\"@type\":\"BreadcrumbList\",\"@id\":\"https:\\\/\\\/wp.kristdemokraterna.se\\\/savsjo\\\/1483\\\/#breadcrumb\",\"itemListElement\":[{\"@type\":\"ListItem\",\"position\":1,\"name\":\"Hem\",\"item\":\"https:\\\/\\\/wp.kristdemokraterna.se\\\/savsjo\\\/\"},{\"@type\":\"ListItem\",\"position\":2,\"name\":\"F\u00f6rb\u00e4ttrat st\u00f6d till fint f\u00f6reningsliv\"}]},{\"@type\":\"WebSite\",\"@id\":\"https:\\\/\\\/wp.kristdemokraterna.se\\\/savsjo\\\/#website\",\"url\":\"https:\\\/\\\/wp.kristdemokraterna.se\\\/savsjo\\\/\",\"name\":\"S\u00e4vsj\u00f6\",\"description\":\"\",\"inLanguage\":\"sv-SE\"},{\"@type\":\"Person\",\"@id\":\"https:\\\/\\\/wp.kristdemokraterna.se\\\/savsjo\\\/#\\\/schema\\\/person\\\/66a08fa678592f794fe60a50b249978a\",\"name\":\"Stefan Gustafsson\",\"image\":{\"@type\":\"ImageObject\",\"inLanguage\":\"sv-SE\",\"@id\":\"https:\\\/\\\/secure.gravatar.com\\\/avatar\\\/d183d0fd8830afddde9ab5386edf3b3480a63f1fb3291da52adec75b3b7b6f60?s=96&r=g\",\"url\":\"https:\\\/\\\/secure.gravatar.com\\\/avatar\\\/d183d0fd8830afddde9ab5386edf3b3480a63f1fb3291da52adec75b3b7b6f60?s=96&r=g\",\"contentUrl\":\"https:\\\/\\\/secure.gravatar.com\\\/avatar\\\/d183d0fd8830afddde9ab5386edf3b3480a63f1fb3291da52adec75b3b7b6f60?s=96&r=g\",\"caption\":\"Stefan Gustafsson\"},\"url\":\"https:\\\/\\\/wp.kristdemokraterna.se\\\/savsjo\\\/author\\\/stgu\\\/\"}]}<\/script>\n<!-- \/ Yoast SEO plugin. -->","yoast_head_json":{"title":"F\u00f6rb\u00e4ttrat st\u00f6d till fint f\u00f6reningsliv - S\u00e4vsj\u00f6","robots":{"index":"index","follow":"follow","max-snippet":"max-snippet:-1","max-image-preview":"max-image-preview:large","max-video-preview":"max-video-preview:-1"},"canonical":"https:\/\/wp.kristdemokraterna.se\/savsjo\/1483\/","og_locale":"sv_SE","og_type":"article","og_title":"F\u00f6rb\u00e4ttrat st\u00f6d till fint f\u00f6reningsliv - S\u00e4vsj\u00f6","og_description":"Fredrik H\u00e5kansson \u00e4r engagerad i f\u00f6reningslivet och har i sitt nya politiska engagemang tagit flera initiativ. \u00a0 &#8221;Vi har ett fantastiskt f\u00f6reningsliv i v\u00e5r kommun och som vice ordf\u00f6rande i kultur och fritidsn\u00e4mnden arbetar jag f\u00f6r att v\u00e5r service mot f\u00f6reningarna ska vara s\u00e5 bra som m\u00f6jligt.&#8221; \u00a0Fredrik har initierat en f\u00f6rb\u00e4ttring av bidragshantering till Read More","og_url":"https:\/\/wp.kristdemokraterna.se\/savsjo\/1483\/","og_site_name":"S\u00e4vsj\u00f6","article_published_time":"2015-07-20T09:01:21+00:00","article_modified_time":"2015-07-20T10:04:46+00:00","og_image":[{"width":500,"height":300,"url":"https:\/\/wp.kristdemokraterna.se\/savsjo\/files\/2015\/07\/fredrik-o-friidrott2015-hemsida.jpg","type":"image\/jpeg"}],"author":"Stefan Gustafsson","twitter_card":"summary_large_image","twitter_misc":{"Skriven av":"Stefan Gustafsson","Ber\u00e4knad l\u00e4stid":"1 minut"},"schema":{"@context":"https:\/\/schema.org","@graph":[{"@type":"Article","@id":"https:\/\/wp.kristdemokraterna.se\/savsjo\/1483\/#article","isPartOf":{"@id":"https:\/\/wp.kristdemokraterna.se\/savsjo\/1483\/"},"author":{"name":"Stefan Gustafsson","@id":"https:\/\/wp.kristdemokraterna.se\/savsjo\/#\/schema\/person\/66a08fa678592f794fe60a50b249978a"},"headline":"F\u00f6rb\u00e4ttrat st\u00f6d till fint f\u00f6reningsliv","datePublished":"2015-07-20T09:01:21+00:00","dateModified":"2015-07-20T10:04:46+00:00","mainEntityOfPage":{"@id":"https:\/\/wp.kristdemokraterna.se\/savsjo\/1483\/"},"wordCount":125,"image":{"@id":"https:\/\/wp.kristdemokraterna.se\/savsjo\/1483\/#primaryimage"},"thumbnailUrl":"https:\/\/wp.kristdemokraterna.se\/savsjo\/files\/2015\/07\/fredrik-o-friidrott2015-hemsida.jpg","inLanguage":"sv-SE"},{"@type":"WebPage","@id":"https:\/\/wp.kristdemokraterna.se\/savsjo\/1483\/","url":"https:\/\/wp.kristdemokraterna.se\/savsjo\/1483\/","name":"F\u00f6rb\u00e4ttrat st\u00f6d till fint f\u00f6reningsliv - S\u00e4vsj\u00f6","isPartOf":{"@id":"https:\/\/wp.kristdemokraterna.se\/savsjo\/#website"},"primaryImageOfPage":{"@id":"https:\/\/wp.kristdemokraterna.se\/savsjo\/1483\/#primaryimage"},"image":{"@id":"https:\/\/wp.kristdemokraterna.se\/savsjo\/1483\/#primaryimage"},"thumbnailUrl":"https:\/\/wp.kristdemokraterna.se\/savsjo\/files\/2015\/07\/fredrik-o-friidrott2015-hemsida.jpg","datePublished":"2015-07-20T09:01:21+00:00","dateModified":"2015-07-20T10:04:46+00:00","author":{"@id":"https:\/\/wp.kristdemokraterna.se\/savsjo\/#\/schema\/person\/66a08fa678592f794fe60a50b249978a"},"breadcrumb":{"@id":"https:\/\/wp.kristdemokraterna.se\/savsjo\/1483\/#breadcrumb"},"inLanguage":"sv-SE","potentialAction":[{"@type":"ReadAction","target":["https:\/\/wp.kristdemokraterna.se\/savsjo\/1483\/"]}]},{"@type":"ImageObject","inLanguage":"sv-SE","@id":"https:\/\/wp.kristdemokraterna.se\/savsjo\/1483\/#primaryimage","url":"https:\/\/wp.kristdemokraterna.se\/savsjo\/files\/2015\/07\/fredrik-o-friidrott2015-hemsida.jpg","contentUrl":"https:\/\/wp.kristdemokraterna.se\/savsjo\/files\/2015\/07\/fredrik-o-friidrott2015-hemsida.jpg","width":500,"height":300},{"@type":"BreadcrumbList","@id":"https:\/\/wp.kristdemokraterna.se\/savsjo\/1483\/#breadcrumb","itemListElement":[{"@type":"ListItem","position":1,"name":"Hem","item":"https:\/\/wp.kristdemokraterna.se\/savsjo\/"},{"@type":"ListItem","position":2,"name":"F\u00f6rb\u00e4ttrat st\u00f6d till fint f\u00f6reningsliv"}]},{"@type":"WebSite","@id":"https:\/\/wp.kristdemokraterna.se\/savsjo\/#website","url":"https:\/\/wp.kristdemokraterna.se\/savsjo\/","name":"S\u00e4vsj\u00f6","description":"","inLanguage":"sv-SE"},{"@type":"Person","@id":"https:\/\/wp.kristdemokraterna.se\/savsjo\/#\/schema\/person\/66a08fa678592f794fe60a50b249978a","name":"Stefan Gustafsson","image":{"@type":"ImageObject","inLanguage":"sv-SE","@id":"https:\/\/secure.gravatar.com\/avatar\/d183d0fd8830afddde9ab5386edf3b3480a63f1fb3291da52adec75b3b7b6f60?s=96&r=g","url":"https:\/\/secure.gravatar.com\/avatar\/d183d0fd8830afddde9ab5386edf3b3480a63f1fb3291da52adec75b3b7b6f60?s=96&r=g","contentUrl":"https:\/\/secure.gravatar.com\/avatar\/d183d0fd8830afddde9ab5386edf3b3480a63f1fb3291da52adec75b3b7b6f60?s=96&r=g","caption":"Stefan Gustafsson"},"url":"https:\/\/wp.kristdemokraterna.se\/savsjo\/author\/stgu\/"}]}},"_links":{"self":[{"href":"https:\/\/wp.kristdemokraterna.se\/savsjo\/wp-json\/wp\/v2\/posts\/1483","targetHints":{"allow":["GET"]}}],"collection":[{"href":"https:\/\/wp.kristdemokraterna.se\/savsjo\/wp-json\/wp\/v2\/posts"}],"about":[{"href":"https:\/\/wp.kristdemokraterna.se\/savsjo\/wp-json\/wp\/v2\/types\/post"}],"author":[{"embeddable":true,"href":"https:\/\/wp.kristdemokraterna.se\/savsjo\/wp-json\/wp\/v2\/users\/430"}],"replies":[{"embeddable":true,"href":"https:\/\/wp.kristdemokraterna.se\/savsjo\/wp-json\/wp\/v2\/comments?post=1483"}],"version-history":[{"count":7,"href":"https:\/\/wp.kristdemokraterna.se\/savsjo\/wp-json\/wp\/v2\/posts\/1483\/revisions"}],"predecessor-version":[{"id":1491,"href":"https:\/\/wp.kristdemokraterna.se\/savsjo\/wp-json\/wp\/v2\/posts\/1483\/revisions\/1491"}],"wp:featuredmedia":[{"embeddable":true,"href":"https:\/\/wp.kristdemokraterna.se\/savsjo\/wp-json\/wp\/v2\/media\/1484"}],"wp:attachment":[{"href":"https:\/\/wp.kristdemokraterna.se\/savsjo\/wp-json\/wp\/v2\/media?parent=1483"}],"wp:term":[{"taxonomy":"category","embeddable":true,"href":"https:\/\/wp.kristdemokraterna.se\/savsjo\/wp-json\/wp\/v2\/categories?post=1483"},{"taxonomy":"post_tag","embeddable":true,"href":"https:\/\/wp.kristdemokraterna.se\/savsjo\/wp-json\/wp\/v2\/tags?post=1483"}],"curies":[{"name":"wp","href":"https:\/\/api.w.org\/{rel}","templated":true}]}}