{"id":153,"date":"2014-02-02T23:05:13","date_gmt":"2014-02-02T22:05:13","guid":{"rendered":"http:\/\/wp.kristdemokraterna.se\/savsjo\/?p=153"},"modified":"2014-08-30T21:37:54","modified_gmt":"2014-08-30T19:37:54","slug":"battre-ordning-pa-foreningsarkiv-angelaget","status":"publish","type":"post","link":"https:\/\/wp.kristdemokraterna.se\/savsjo\/battre-ordning-pa-foreningsarkiv-angelaget\/","title":{"rendered":"B\u00e4ttre ordning p\u00e5 f\u00f6reningsarkiv angel\u00e4get"},"content":{"rendered":"<p>Hur v\u00e5rdar man sitt f\u00f6reningsarkiv och hur hanteras handlingar, bilder, arkiv f\u00f6r att dessa ska f\u00f6rvaras s\u00e5 s\u00e4kert som m\u00f6jligt och bevaras f\u00f6r framtiden?<br \/>\nDet var fr\u00e5gor som belystes n\u00e4r kultur- och fritidsn\u00e4mnden, p\u00e5 kristdemokraternas initiativ bjudit in alla f\u00f6reningar till en informationskv\u00e4ll tisdag 4 februari. \u00a0Bakgrunden \u00e4r att motionsg\u00e5rden Tallbacken eldh\u00e4rjades under h\u00f6sten och d\u00e5 f\u00f6rst\u00f6rdes stora m\u00e4ngder historiska f\u00f6rem\u00e5l och dokument f\u00f6r alltid. Inom kristdemokraterna har p\u00e5b\u00f6rjats ett arbete med dessa fr\u00e5gor genom att en av lokalavdelningens pionj\u00e4rer, Bengt Mattsson, har tagit sig an att skapa ordning bland egna dokument och det som \u00e4r partiets lokala historia. Detta angel\u00e4get inte minst med anledning av kristdemokraternas femtio\u00e5rsjubileum detta \u00e5r 2014.<\/p>\n","protected":false},"excerpt":{"rendered":"<p>Hur v\u00e5rdar man sitt f\u00f6reningsarkiv och hur hanteras handlingar, bilder, arkiv f\u00f6r att dessa ska f\u00f6rvaras s\u00e5 s\u00e4kert som m\u00f6jligt och bevaras f\u00f6r framtiden?<\/p>\n","protected":false},"author":430,"featured_media":562,"comment_status":"closed","ping_status":"closed","sticky":false,"template":"","format":"standard","meta":{"_acf_changed":false,"footnotes":""},"categories":[1],"tags":[21,20,22],"class_list":["post-153","post","type-post","status-publish","format-standard","has-post-thumbnail","hentry","category-okategoriserade","tag-historia","tag-jubileum","tag-kristdemokraterna-50-ar"],"acf":[],"yoast_head":"<!-- This site is optimized with the Yoast SEO plugin v27.4 - https:\/\/yoast.com\/product\/yoast-seo-wordpress\/ -->\n<title>B\u00e4ttre ordning p\u00e5 f\u00f6reningsarkiv angel\u00e4get - S\u00e4vsj\u00f6<\/title>\n<meta name=\"robots\" content=\"index, follow, max-snippet:-1, max-image-preview:large, max-video-preview:-1\" \/>\n<link rel=\"canonical\" href=\"https:\/\/wp.kristdemokraterna.se\/savsjo\/battre-ordning-pa-foreningsarkiv-angelaget\/\" \/>\n<meta property=\"og:locale\" content=\"sv_SE\" \/>\n<meta property=\"og:type\" content=\"article\" \/>\n<meta property=\"og:title\" content=\"B\u00e4ttre ordning p\u00e5 f\u00f6reningsarkiv angel\u00e4get - S\u00e4vsj\u00f6\" \/>\n<meta property=\"og:description\" content=\"Hur v\u00e5rdar man sitt f\u00f6reningsarkiv och hur hanteras handlingar, bilder, arkiv f\u00f6r att dessa ska f\u00f6rvaras s\u00e5 s\u00e4kert som m\u00f6jligt och bevaras f\u00f6r framtiden?\" \/>\n<meta property=\"og:url\" content=\"https:\/\/wp.kristdemokraterna.se\/savsjo\/battre-ordning-pa-foreningsarkiv-angelaget\/\" \/>\n<meta property=\"og:site_name\" content=\"S\u00e4vsj\u00f6\" \/>\n<meta property=\"article:published_time\" content=\"2014-02-02T22:05:13+00:00\" \/>\n<meta property=\"article:modified_time\" content=\"2014-08-30T19:37:54+00:00\" \/>\n<meta property=\"og:image\" content=\"https:\/\/wp.kristdemokraterna.se\/savsjo\/files\/2014\/08\/kdfallback.jpg\" \/>\n\t<meta property=\"og:image:width\" content=\"478\" \/>\n\t<meta property=\"og:image:height\" content=\"262\" \/>\n\t<meta property=\"og:image:type\" content=\"image\/jpeg\" \/>\n<meta name=\"author\" content=\"Stefan Gustafsson\" \/>\n<meta name=\"twitter:card\" content=\"summary_large_image\" \/>\n<meta name=\"twitter:label1\" content=\"Skriven av\" \/>\n\t<meta name=\"twitter:data1\" content=\"Stefan Gustafsson\" \/>\n\t<meta name=\"twitter:label2\" content=\"Ber\u00e4knad l\u00e4stid\" \/>\n\t<meta name=\"twitter:data2\" content=\"1 minut\" \/>\n<script type=\"application\/ld+json\" class=\"yoast-schema-graph\">{\"@context\":\"https:\\\/\\\/schema.org\",\"@graph\":[{\"@type\":\"Article\",\"@id\":\"https:\\\/\\\/wp.kristdemokraterna.se\\\/savsjo\\\/battre-ordning-pa-foreningsarkiv-angelaget\\\/#article\",\"isPartOf\":{\"@id\":\"https:\\\/\\\/wp.kristdemokraterna.se\\\/savsjo\\\/battre-ordning-pa-foreningsarkiv-angelaget\\\/\"},\"author\":{\"name\":\"Stefan Gustafsson\",\"@id\":\"https:\\\/\\\/wp.kristdemokraterna.se\\\/savsjo\\\/#\\\/schema\\\/person\\\/66a08fa678592f794fe60a50b249978a\"},\"headline\":\"B\u00e4ttre ordning p\u00e5 f\u00f6reningsarkiv angel\u00e4get\",\"datePublished\":\"2014-02-02T22:05:13+00:00\",\"dateModified\":\"2014-08-30T19:37:54+00:00\",\"mainEntityOfPage\":{\"@id\":\"https:\\\/\\\/wp.kristdemokraterna.se\\\/savsjo\\\/battre-ordning-pa-foreningsarkiv-angelaget\\\/\"},\"wordCount\":144,\"image\":{\"@id\":\"https:\\\/\\\/wp.kristdemokraterna.se\\\/savsjo\\\/battre-ordning-pa-foreningsarkiv-angelaget\\\/#primaryimage\"},\"thumbnailUrl\":\"https:\\\/\\\/wp.kristdemokraterna.se\\\/savsjo\\\/files\\\/2014\\\/08\\\/kdfallback.jpg\",\"keywords\":[\"Historia\",\"Jubileum\",\"Kristdemokraterna 50 \u00e5r\"],\"inLanguage\":\"sv-SE\"},{\"@type\":\"WebPage\",\"@id\":\"https:\\\/\\\/wp.kristdemokraterna.se\\\/savsjo\\\/battre-ordning-pa-foreningsarkiv-angelaget\\\/\",\"url\":\"https:\\\/\\\/wp.kristdemokraterna.se\\\/savsjo\\\/battre-ordning-pa-foreningsarkiv-angelaget\\\/\",\"name\":\"B\u00e4ttre ordning p\u00e5 f\u00f6reningsarkiv angel\u00e4get - S\u00e4vsj\u00f6\",\"isPartOf\":{\"@id\":\"https:\\\/\\\/wp.kristdemokraterna.se\\\/savsjo\\\/#website\"},\"primaryImageOfPage\":{\"@id\":\"https:\\\/\\\/wp.kristdemokraterna.se\\\/savsjo\\\/battre-ordning-pa-foreningsarkiv-angelaget\\\/#primaryimage\"},\"image\":{\"@id\":\"https:\\\/\\\/wp.kristdemokraterna.se\\\/savsjo\\\/battre-ordning-pa-foreningsarkiv-angelaget\\\/#primaryimage\"},\"thumbnailUrl\":\"https:\\\/\\\/wp.kristdemokraterna.se\\\/savsjo\\\/files\\\/2014\\\/08\\\/kdfallback.jpg\",\"datePublished\":\"2014-02-02T22:05:13+00:00\",\"dateModified\":\"2014-08-30T19:37:54+00:00\",\"author\":{\"@id\":\"https:\\\/\\\/wp.kristdemokraterna.se\\\/savsjo\\\/#\\\/schema\\\/person\\\/66a08fa678592f794fe60a50b249978a\"},\"breadcrumb\":{\"@id\":\"https:\\\/\\\/wp.kristdemokraterna.se\\\/savsjo\\\/battre-ordning-pa-foreningsarkiv-angelaget\\\/#breadcrumb\"},\"inLanguage\":\"sv-SE\",\"potentialAction\":[{\"@type\":\"ReadAction\",\"target\":[\"https:\\\/\\\/wp.kristdemokraterna.se\\\/savsjo\\\/battre-ordning-pa-foreningsarkiv-angelaget\\\/\"]}]},{\"@type\":\"ImageObject\",\"inLanguage\":\"sv-SE\",\"@id\":\"https:\\\/\\\/wp.kristdemokraterna.se\\\/savsjo\\\/battre-ordning-pa-foreningsarkiv-angelaget\\\/#primaryimage\",\"url\":\"https:\\\/\\\/wp.kristdemokraterna.se\\\/savsjo\\\/files\\\/2014\\\/08\\\/kdfallback.jpg\",\"contentUrl\":\"https:\\\/\\\/wp.kristdemokraterna.se\\\/savsjo\\\/files\\\/2014\\\/08\\\/kdfallback.jpg\",\"width\":478,\"height\":262},{\"@type\":\"BreadcrumbList\",\"@id\":\"https:\\\/\\\/wp.kristdemokraterna.se\\\/savsjo\\\/battre-ordning-pa-foreningsarkiv-angelaget\\\/#breadcrumb\",\"itemListElement\":[{\"@type\":\"ListItem\",\"position\":1,\"name\":\"Hem\",\"item\":\"https:\\\/\\\/wp.kristdemokraterna.se\\\/savsjo\\\/\"},{\"@type\":\"ListItem\",\"position\":2,\"name\":\"B\u00e4ttre ordning p\u00e5 f\u00f6reningsarkiv angel\u00e4get\"}]},{\"@type\":\"WebSite\",\"@id\":\"https:\\\/\\\/wp.kristdemokraterna.se\\\/savsjo\\\/#website\",\"url\":\"https:\\\/\\\/wp.kristdemokraterna.se\\\/savsjo\\\/\",\"name\":\"S\u00e4vsj\u00f6\",\"description\":\"\",\"inLanguage\":\"sv-SE\"},{\"@type\":\"Person\",\"@id\":\"https:\\\/\\\/wp.kristdemokraterna.se\\\/savsjo\\\/#\\\/schema\\\/person\\\/66a08fa678592f794fe60a50b249978a\",\"name\":\"Stefan Gustafsson\",\"image\":{\"@type\":\"ImageObject\",\"inLanguage\":\"sv-SE\",\"@id\":\"https:\\\/\\\/secure.gravatar.com\\\/avatar\\\/d183d0fd8830afddde9ab5386edf3b3480a63f1fb3291da52adec75b3b7b6f60?s=96&r=g\",\"url\":\"https:\\\/\\\/secure.gravatar.com\\\/avatar\\\/d183d0fd8830afddde9ab5386edf3b3480a63f1fb3291da52adec75b3b7b6f60?s=96&r=g\",\"contentUrl\":\"https:\\\/\\\/secure.gravatar.com\\\/avatar\\\/d183d0fd8830afddde9ab5386edf3b3480a63f1fb3291da52adec75b3b7b6f60?s=96&r=g\",\"caption\":\"Stefan Gustafsson\"},\"url\":\"https:\\\/\\\/wp.kristdemokraterna.se\\\/savsjo\\\/author\\\/stgu\\\/\"}]}<\/script>\n<!-- \/ Yoast SEO plugin. -->","yoast_head_json":{"title":"B\u00e4ttre ordning p\u00e5 f\u00f6reningsarkiv angel\u00e4get - S\u00e4vsj\u00f6","robots":{"index":"index","follow":"follow","max-snippet":"max-snippet:-1","max-image-preview":"max-image-preview:large","max-video-preview":"max-video-preview:-1"},"canonical":"https:\/\/wp.kristdemokraterna.se\/savsjo\/battre-ordning-pa-foreningsarkiv-angelaget\/","og_locale":"sv_SE","og_type":"article","og_title":"B\u00e4ttre ordning p\u00e5 f\u00f6reningsarkiv angel\u00e4get - S\u00e4vsj\u00f6","og_description":"Hur v\u00e5rdar man sitt f\u00f6reningsarkiv och hur hanteras handlingar, bilder, arkiv f\u00f6r att dessa ska f\u00f6rvaras s\u00e5 s\u00e4kert som m\u00f6jligt och bevaras f\u00f6r framtiden?","og_url":"https:\/\/wp.kristdemokraterna.se\/savsjo\/battre-ordning-pa-foreningsarkiv-angelaget\/","og_site_name":"S\u00e4vsj\u00f6","article_published_time":"2014-02-02T22:05:13+00:00","article_modified_time":"2014-08-30T19:37:54+00:00","og_image":[{"width":478,"height":262,"url":"https:\/\/wp.kristdemokraterna.se\/savsjo\/files\/2014\/08\/kdfallback.jpg","type":"image\/jpeg"}],"author":"Stefan Gustafsson","twitter_card":"summary_large_image","twitter_misc":{"Skriven av":"Stefan Gustafsson","Ber\u00e4knad l\u00e4stid":"1 minut"},"schema":{"@context":"https:\/\/schema.org","@graph":[{"@type":"Article","@id":"https:\/\/wp.kristdemokraterna.se\/savsjo\/battre-ordning-pa-foreningsarkiv-angelaget\/#article","isPartOf":{"@id":"https:\/\/wp.kristdemokraterna.se\/savsjo\/battre-ordning-pa-foreningsarkiv-angelaget\/"},"author":{"name":"Stefan Gustafsson","@id":"https:\/\/wp.kristdemokraterna.se\/savsjo\/#\/schema\/person\/66a08fa678592f794fe60a50b249978a"},"headline":"B\u00e4ttre ordning p\u00e5 f\u00f6reningsarkiv angel\u00e4get","datePublished":"2014-02-02T22:05:13+00:00","dateModified":"2014-08-30T19:37:54+00:00","mainEntityOfPage":{"@id":"https:\/\/wp.kristdemokraterna.se\/savsjo\/battre-ordning-pa-foreningsarkiv-angelaget\/"},"wordCount":144,"image":{"@id":"https:\/\/wp.kristdemokraterna.se\/savsjo\/battre-ordning-pa-foreningsarkiv-angelaget\/#primaryimage"},"thumbnailUrl":"https:\/\/wp.kristdemokraterna.se\/savsjo\/files\/2014\/08\/kdfallback.jpg","keywords":["Historia","Jubileum","Kristdemokraterna 50 \u00e5r"],"inLanguage":"sv-SE"},{"@type":"WebPage","@id":"https:\/\/wp.kristdemokraterna.se\/savsjo\/battre-ordning-pa-foreningsarkiv-angelaget\/","url":"https:\/\/wp.kristdemokraterna.se\/savsjo\/battre-ordning-pa-foreningsarkiv-angelaget\/","name":"B\u00e4ttre ordning p\u00e5 f\u00f6reningsarkiv angel\u00e4get - S\u00e4vsj\u00f6","isPartOf":{"@id":"https:\/\/wp.kristdemokraterna.se\/savsjo\/#website"},"primaryImageOfPage":{"@id":"https:\/\/wp.kristdemokraterna.se\/savsjo\/battre-ordning-pa-foreningsarkiv-angelaget\/#primaryimage"},"image":{"@id":"https:\/\/wp.kristdemokraterna.se\/savsjo\/battre-ordning-pa-foreningsarkiv-angelaget\/#primaryimage"},"thumbnailUrl":"https:\/\/wp.kristdemokraterna.se\/savsjo\/files\/2014\/08\/kdfallback.jpg","datePublished":"2014-02-02T22:05:13+00:00","dateModified":"2014-08-30T19:37:54+00:00","author":{"@id":"https:\/\/wp.kristdemokraterna.se\/savsjo\/#\/schema\/person\/66a08fa678592f794fe60a50b249978a"},"breadcrumb":{"@id":"https:\/\/wp.kristdemokraterna.se\/savsjo\/battre-ordning-pa-foreningsarkiv-angelaget\/#breadcrumb"},"inLanguage":"sv-SE","potentialAction":[{"@type":"ReadAction","target":["https:\/\/wp.kristdemokraterna.se\/savsjo\/battre-ordning-pa-foreningsarkiv-angelaget\/"]}]},{"@type":"ImageObject","inLanguage":"sv-SE","@id":"https:\/\/wp.kristdemokraterna.se\/savsjo\/battre-ordning-pa-foreningsarkiv-angelaget\/#primaryimage","url":"https:\/\/wp.kristdemokraterna.se\/savsjo\/files\/2014\/08\/kdfallback.jpg","contentUrl":"https:\/\/wp.kristdemokraterna.se\/savsjo\/files\/2014\/08\/kdfallback.jpg","width":478,"height":262},{"@type":"BreadcrumbList","@id":"https:\/\/wp.kristdemokraterna.se\/savsjo\/battre-ordning-pa-foreningsarkiv-angelaget\/#breadcrumb","itemListElement":[{"@type":"ListItem","position":1,"name":"Hem","item":"https:\/\/wp.kristdemokraterna.se\/savsjo\/"},{"@type":"ListItem","position":2,"name":"B\u00e4ttre ordning p\u00e5 f\u00f6reningsarkiv angel\u00e4get"}]},{"@type":"WebSite","@id":"https:\/\/wp.kristdemokraterna.se\/savsjo\/#website","url":"https:\/\/wp.kristdemokraterna.se\/savsjo\/","name":"S\u00e4vsj\u00f6","description":"","inLanguage":"sv-SE"},{"@type":"Person","@id":"https:\/\/wp.kristdemokraterna.se\/savsjo\/#\/schema\/person\/66a08fa678592f794fe60a50b249978a","name":"Stefan Gustafsson","image":{"@type":"ImageObject","inLanguage":"sv-SE","@id":"https:\/\/secure.gravatar.com\/avatar\/d183d0fd8830afddde9ab5386edf3b3480a63f1fb3291da52adec75b3b7b6f60?s=96&r=g","url":"https:\/\/secure.gravatar.com\/avatar\/d183d0fd8830afddde9ab5386edf3b3480a63f1fb3291da52adec75b3b7b6f60?s=96&r=g","contentUrl":"https:\/\/secure.gravatar.com\/avatar\/d183d0fd8830afddde9ab5386edf3b3480a63f1fb3291da52adec75b3b7b6f60?s=96&r=g","caption":"Stefan Gustafsson"},"url":"https:\/\/wp.kristdemokraterna.se\/savsjo\/author\/stgu\/"}]}},"_links":{"self":[{"href":"https:\/\/wp.kristdemokraterna.se\/savsjo\/wp-json\/wp\/v2\/posts\/153","targetHints":{"allow":["GET"]}}],"collection":[{"href":"https:\/\/wp.kristdemokraterna.se\/savsjo\/wp-json\/wp\/v2\/posts"}],"about":[{"href":"https:\/\/wp.kristdemokraterna.se\/savsjo\/wp-json\/wp\/v2\/types\/post"}],"author":[{"embeddable":true,"href":"https:\/\/wp.kristdemokraterna.se\/savsjo\/wp-json\/wp\/v2\/users\/430"}],"replies":[{"embeddable":true,"href":"https:\/\/wp.kristdemokraterna.se\/savsjo\/wp-json\/wp\/v2\/comments?post=153"}],"version-history":[{"count":5,"href":"https:\/\/wp.kristdemokraterna.se\/savsjo\/wp-json\/wp\/v2\/posts\/153\/revisions"}],"predecessor-version":[{"id":558,"href":"https:\/\/wp.kristdemokraterna.se\/savsjo\/wp-json\/wp\/v2\/posts\/153\/revisions\/558"}],"wp:featuredmedia":[{"embeddable":true,"href":"https:\/\/wp.kristdemokraterna.se\/savsjo\/wp-json\/wp\/v2\/media\/562"}],"wp:attachment":[{"href":"https:\/\/wp.kristdemokraterna.se\/savsjo\/wp-json\/wp\/v2\/media?parent=153"}],"wp:term":[{"taxonomy":"category","embeddable":true,"href":"https:\/\/wp.kristdemokraterna.se\/savsjo\/wp-json\/wp\/v2\/categories?post=153"},{"taxonomy":"post_tag","embeddable":true,"href":"https:\/\/wp.kristdemokraterna.se\/savsjo\/wp-json\/wp\/v2\/tags?post=153"}],"curies":[{"name":"wp","href":"https:\/\/api.w.org\/{rel}","templated":true}]}}