{"id":1540,"date":"2015-09-20T17:58:25","date_gmt":"2015-09-20T15:58:25","guid":{"rendered":"http:\/\/wp.kristdemokraterna.se\/savsjo\/?p=1540"},"modified":"2015-09-21T00:27:25","modified_gmt":"2015-09-20T22:27:25","slug":"anna-karin-pa-10-i-topp-for-god-skolmat","status":"publish","type":"post","link":"https:\/\/wp.kristdemokraterna.se\/savsjo\/anna-karin-pa-10-i-topp-for-god-skolmat\/","title":{"rendered":"Anna-Karin p\u00e5 10 i topp"},"content":{"rendered":"<p>Kd-politikern Anna-Karin Yngvesson var nominerad till \u00e5rets skolmatspolitiker vid den stora &#8221;White Guide Junior-Galan&#8221;. Enligt Anna-Karin var det &#8221;J\u00e4tteh\u00e4ftigt&#8221; att vara med i t\u00e4vlingen och hon och Annelie Tellmo-Ljung kostchef och Beatrice Svensson kostsamordnare var mer \u00e4n n\u00f6jda med att f\u00e5 vara med och bli hedrade med en niondeplats. Under galan presenterades en kokbok d\u00e4r recept fr\u00e5n Vallsj\u00f6skolan finns med.<\/p>\n","protected":false},"excerpt":{"rendered":"<p>Kd-politikern Anna-Karin Yngvesson var nominerad till \u00e5rets skolmatspolitiker vid den stora &#8221;White Guide Junior-Galan&#8221;. Enligt Anna-Karin var det &#8221;J\u00e4tteh\u00e4ftigt&#8221; att vara med i t\u00e4vlingen och hon och Annelie Tellmo-Ljung kostchef och Beatrice Svensson kostsamordnare var mer \u00e4n n\u00f6jda med att f\u00e5 vara med och bli hedrade med en niondeplats. Under galan presenterades en kokbok d\u00e4r <a class=\"read-more-link\" href=\"https:\/\/wp.kristdemokraterna.se\/savsjo\/anna-karin-pa-10-i-topp-for-god-skolmat\/\">Read More<\/a><\/p>\n","protected":false},"author":430,"featured_media":1541,"comment_status":"closed","ping_status":"closed","sticky":false,"template":"","format":"standard","meta":{"_acf_changed":false,"footnotes":""},"categories":[1],"tags":[],"class_list":["post-1540","post","type-post","status-publish","format-standard","has-post-thumbnail","hentry","category-okategoriserade"],"acf":[],"yoast_head":"<!-- This site is optimized with the Yoast SEO plugin v27.4 - https:\/\/yoast.com\/product\/yoast-seo-wordpress\/ -->\n<title>Anna-Karin p\u00e5 10 i topp - S\u00e4vsj\u00f6<\/title>\n<meta name=\"robots\" content=\"index, follow, max-snippet:-1, max-image-preview:large, max-video-preview:-1\" \/>\n<link rel=\"canonical\" href=\"https:\/\/wp.kristdemokraterna.se\/savsjo\/anna-karin-pa-10-i-topp-for-god-skolmat\/\" \/>\n<meta property=\"og:locale\" content=\"sv_SE\" \/>\n<meta property=\"og:type\" content=\"article\" \/>\n<meta property=\"og:title\" content=\"Anna-Karin p\u00e5 10 i topp - S\u00e4vsj\u00f6\" \/>\n<meta property=\"og:description\" content=\"Kd-politikern Anna-Karin Yngvesson var nominerad till \u00e5rets skolmatspolitiker vid den stora &#8221;White Guide Junior-Galan&#8221;. Enligt Anna-Karin var det &#8221;J\u00e4tteh\u00e4ftigt&#8221; att vara med i t\u00e4vlingen och hon och Annelie Tellmo-Ljung kostchef och Beatrice Svensson kostsamordnare var mer \u00e4n n\u00f6jda med att f\u00e5 vara med och bli hedrade med en niondeplats. Under galan presenterades en kokbok d\u00e4r Read More\" \/>\n<meta property=\"og:url\" content=\"https:\/\/wp.kristdemokraterna.se\/savsjo\/anna-karin-pa-10-i-topp-for-god-skolmat\/\" \/>\n<meta property=\"og:site_name\" content=\"S\u00e4vsj\u00f6\" \/>\n<meta property=\"article:published_time\" content=\"2015-09-20T15:58:25+00:00\" \/>\n<meta property=\"article:modified_time\" content=\"2015-09-20T22:27:25+00:00\" \/>\n<meta property=\"og:image\" content=\"https:\/\/wp.kristdemokraterna.se\/savsjo\/files\/2015\/09\/mattavling.jpg\" \/>\n\t<meta property=\"og:image:width\" content=\"500\" \/>\n\t<meta property=\"og:image:height\" content=\"300\" \/>\n\t<meta property=\"og:image:type\" content=\"image\/jpeg\" \/>\n<meta name=\"author\" content=\"Stefan Gustafsson\" \/>\n<meta name=\"twitter:card\" content=\"summary_large_image\" \/>\n<meta name=\"twitter:label1\" content=\"Skriven av\" \/>\n\t<meta name=\"twitter:data1\" content=\"Stefan Gustafsson\" \/>\n<script type=\"application\/ld+json\" class=\"yoast-schema-graph\">{\"@context\":\"https:\\\/\\\/schema.org\",\"@graph\":[{\"@type\":\"Article\",\"@id\":\"https:\\\/\\\/wp.kristdemokraterna.se\\\/savsjo\\\/anna-karin-pa-10-i-topp-for-god-skolmat\\\/#article\",\"isPartOf\":{\"@id\":\"https:\\\/\\\/wp.kristdemokraterna.se\\\/savsjo\\\/anna-karin-pa-10-i-topp-for-god-skolmat\\\/\"},\"author\":{\"name\":\"Stefan Gustafsson\",\"@id\":\"https:\\\/\\\/wp.kristdemokraterna.se\\\/savsjo\\\/#\\\/schema\\\/person\\\/66a08fa678592f794fe60a50b249978a\"},\"headline\":\"Anna-Karin p\u00e5 10 i topp\",\"datePublished\":\"2015-09-20T15:58:25+00:00\",\"dateModified\":\"2015-09-20T22:27:25+00:00\",\"mainEntityOfPage\":{\"@id\":\"https:\\\/\\\/wp.kristdemokraterna.se\\\/savsjo\\\/anna-karin-pa-10-i-topp-for-god-skolmat\\\/\"},\"wordCount\":71,\"image\":{\"@id\":\"https:\\\/\\\/wp.kristdemokraterna.se\\\/savsjo\\\/anna-karin-pa-10-i-topp-for-god-skolmat\\\/#primaryimage\"},\"thumbnailUrl\":\"https:\\\/\\\/wp.kristdemokraterna.se\\\/savsjo\\\/files\\\/2015\\\/09\\\/mattavling.jpg\",\"inLanguage\":\"sv-SE\"},{\"@type\":\"WebPage\",\"@id\":\"https:\\\/\\\/wp.kristdemokraterna.se\\\/savsjo\\\/anna-karin-pa-10-i-topp-for-god-skolmat\\\/\",\"url\":\"https:\\\/\\\/wp.kristdemokraterna.se\\\/savsjo\\\/anna-karin-pa-10-i-topp-for-god-skolmat\\\/\",\"name\":\"Anna-Karin p\u00e5 10 i topp - S\u00e4vsj\u00f6\",\"isPartOf\":{\"@id\":\"https:\\\/\\\/wp.kristdemokraterna.se\\\/savsjo\\\/#website\"},\"primaryImageOfPage\":{\"@id\":\"https:\\\/\\\/wp.kristdemokraterna.se\\\/savsjo\\\/anna-karin-pa-10-i-topp-for-god-skolmat\\\/#primaryimage\"},\"image\":{\"@id\":\"https:\\\/\\\/wp.kristdemokraterna.se\\\/savsjo\\\/anna-karin-pa-10-i-topp-for-god-skolmat\\\/#primaryimage\"},\"thumbnailUrl\":\"https:\\\/\\\/wp.kristdemokraterna.se\\\/savsjo\\\/files\\\/2015\\\/09\\\/mattavling.jpg\",\"datePublished\":\"2015-09-20T15:58:25+00:00\",\"dateModified\":\"2015-09-20T22:27:25+00:00\",\"author\":{\"@id\":\"https:\\\/\\\/wp.kristdemokraterna.se\\\/savsjo\\\/#\\\/schema\\\/person\\\/66a08fa678592f794fe60a50b249978a\"},\"breadcrumb\":{\"@id\":\"https:\\\/\\\/wp.kristdemokraterna.se\\\/savsjo\\\/anna-karin-pa-10-i-topp-for-god-skolmat\\\/#breadcrumb\"},\"inLanguage\":\"sv-SE\",\"potentialAction\":[{\"@type\":\"ReadAction\",\"target\":[\"https:\\\/\\\/wp.kristdemokraterna.se\\\/savsjo\\\/anna-karin-pa-10-i-topp-for-god-skolmat\\\/\"]}]},{\"@type\":\"ImageObject\",\"inLanguage\":\"sv-SE\",\"@id\":\"https:\\\/\\\/wp.kristdemokraterna.se\\\/savsjo\\\/anna-karin-pa-10-i-topp-for-god-skolmat\\\/#primaryimage\",\"url\":\"https:\\\/\\\/wp.kristdemokraterna.se\\\/savsjo\\\/files\\\/2015\\\/09\\\/mattavling.jpg\",\"contentUrl\":\"https:\\\/\\\/wp.kristdemokraterna.se\\\/savsjo\\\/files\\\/2015\\\/09\\\/mattavling.jpg\",\"width\":500,\"height\":300},{\"@type\":\"BreadcrumbList\",\"@id\":\"https:\\\/\\\/wp.kristdemokraterna.se\\\/savsjo\\\/anna-karin-pa-10-i-topp-for-god-skolmat\\\/#breadcrumb\",\"itemListElement\":[{\"@type\":\"ListItem\",\"position\":1,\"name\":\"Hem\",\"item\":\"https:\\\/\\\/wp.kristdemokraterna.se\\\/savsjo\\\/\"},{\"@type\":\"ListItem\",\"position\":2,\"name\":\"Anna-Karin p\u00e5 10 i topp\"}]},{\"@type\":\"WebSite\",\"@id\":\"https:\\\/\\\/wp.kristdemokraterna.se\\\/savsjo\\\/#website\",\"url\":\"https:\\\/\\\/wp.kristdemokraterna.se\\\/savsjo\\\/\",\"name\":\"S\u00e4vsj\u00f6\",\"description\":\"\",\"inLanguage\":\"sv-SE\"},{\"@type\":\"Person\",\"@id\":\"https:\\\/\\\/wp.kristdemokraterna.se\\\/savsjo\\\/#\\\/schema\\\/person\\\/66a08fa678592f794fe60a50b249978a\",\"name\":\"Stefan Gustafsson\",\"image\":{\"@type\":\"ImageObject\",\"inLanguage\":\"sv-SE\",\"@id\":\"https:\\\/\\\/secure.gravatar.com\\\/avatar\\\/d183d0fd8830afddde9ab5386edf3b3480a63f1fb3291da52adec75b3b7b6f60?s=96&r=g\",\"url\":\"https:\\\/\\\/secure.gravatar.com\\\/avatar\\\/d183d0fd8830afddde9ab5386edf3b3480a63f1fb3291da52adec75b3b7b6f60?s=96&r=g\",\"contentUrl\":\"https:\\\/\\\/secure.gravatar.com\\\/avatar\\\/d183d0fd8830afddde9ab5386edf3b3480a63f1fb3291da52adec75b3b7b6f60?s=96&r=g\",\"caption\":\"Stefan Gustafsson\"},\"url\":\"https:\\\/\\\/wp.kristdemokraterna.se\\\/savsjo\\\/author\\\/stgu\\\/\"}]}<\/script>\n<!-- \/ Yoast SEO plugin. -->","yoast_head_json":{"title":"Anna-Karin p\u00e5 10 i topp - S\u00e4vsj\u00f6","robots":{"index":"index","follow":"follow","max-snippet":"max-snippet:-1","max-image-preview":"max-image-preview:large","max-video-preview":"max-video-preview:-1"},"canonical":"https:\/\/wp.kristdemokraterna.se\/savsjo\/anna-karin-pa-10-i-topp-for-god-skolmat\/","og_locale":"sv_SE","og_type":"article","og_title":"Anna-Karin p\u00e5 10 i topp - S\u00e4vsj\u00f6","og_description":"Kd-politikern Anna-Karin Yngvesson var nominerad till \u00e5rets skolmatspolitiker vid den stora &#8221;White Guide Junior-Galan&#8221;. Enligt Anna-Karin var det &#8221;J\u00e4tteh\u00e4ftigt&#8221; att vara med i t\u00e4vlingen och hon och Annelie Tellmo-Ljung kostchef och Beatrice Svensson kostsamordnare var mer \u00e4n n\u00f6jda med att f\u00e5 vara med och bli hedrade med en niondeplats. Under galan presenterades en kokbok d\u00e4r Read More","og_url":"https:\/\/wp.kristdemokraterna.se\/savsjo\/anna-karin-pa-10-i-topp-for-god-skolmat\/","og_site_name":"S\u00e4vsj\u00f6","article_published_time":"2015-09-20T15:58:25+00:00","article_modified_time":"2015-09-20T22:27:25+00:00","og_image":[{"width":500,"height":300,"url":"https:\/\/wp.kristdemokraterna.se\/savsjo\/files\/2015\/09\/mattavling.jpg","type":"image\/jpeg"}],"author":"Stefan Gustafsson","twitter_card":"summary_large_image","twitter_misc":{"Skriven av":"Stefan Gustafsson"},"schema":{"@context":"https:\/\/schema.org","@graph":[{"@type":"Article","@id":"https:\/\/wp.kristdemokraterna.se\/savsjo\/anna-karin-pa-10-i-topp-for-god-skolmat\/#article","isPartOf":{"@id":"https:\/\/wp.kristdemokraterna.se\/savsjo\/anna-karin-pa-10-i-topp-for-god-skolmat\/"},"author":{"name":"Stefan Gustafsson","@id":"https:\/\/wp.kristdemokraterna.se\/savsjo\/#\/schema\/person\/66a08fa678592f794fe60a50b249978a"},"headline":"Anna-Karin p\u00e5 10 i topp","datePublished":"2015-09-20T15:58:25+00:00","dateModified":"2015-09-20T22:27:25+00:00","mainEntityOfPage":{"@id":"https:\/\/wp.kristdemokraterna.se\/savsjo\/anna-karin-pa-10-i-topp-for-god-skolmat\/"},"wordCount":71,"image":{"@id":"https:\/\/wp.kristdemokraterna.se\/savsjo\/anna-karin-pa-10-i-topp-for-god-skolmat\/#primaryimage"},"thumbnailUrl":"https:\/\/wp.kristdemokraterna.se\/savsjo\/files\/2015\/09\/mattavling.jpg","inLanguage":"sv-SE"},{"@type":"WebPage","@id":"https:\/\/wp.kristdemokraterna.se\/savsjo\/anna-karin-pa-10-i-topp-for-god-skolmat\/","url":"https:\/\/wp.kristdemokraterna.se\/savsjo\/anna-karin-pa-10-i-topp-for-god-skolmat\/","name":"Anna-Karin p\u00e5 10 i topp - S\u00e4vsj\u00f6","isPartOf":{"@id":"https:\/\/wp.kristdemokraterna.se\/savsjo\/#website"},"primaryImageOfPage":{"@id":"https:\/\/wp.kristdemokraterna.se\/savsjo\/anna-karin-pa-10-i-topp-for-god-skolmat\/#primaryimage"},"image":{"@id":"https:\/\/wp.kristdemokraterna.se\/savsjo\/anna-karin-pa-10-i-topp-for-god-skolmat\/#primaryimage"},"thumbnailUrl":"https:\/\/wp.kristdemokraterna.se\/savsjo\/files\/2015\/09\/mattavling.jpg","datePublished":"2015-09-20T15:58:25+00:00","dateModified":"2015-09-20T22:27:25+00:00","author":{"@id":"https:\/\/wp.kristdemokraterna.se\/savsjo\/#\/schema\/person\/66a08fa678592f794fe60a50b249978a"},"breadcrumb":{"@id":"https:\/\/wp.kristdemokraterna.se\/savsjo\/anna-karin-pa-10-i-topp-for-god-skolmat\/#breadcrumb"},"inLanguage":"sv-SE","potentialAction":[{"@type":"ReadAction","target":["https:\/\/wp.kristdemokraterna.se\/savsjo\/anna-karin-pa-10-i-topp-for-god-skolmat\/"]}]},{"@type":"ImageObject","inLanguage":"sv-SE","@id":"https:\/\/wp.kristdemokraterna.se\/savsjo\/anna-karin-pa-10-i-topp-for-god-skolmat\/#primaryimage","url":"https:\/\/wp.kristdemokraterna.se\/savsjo\/files\/2015\/09\/mattavling.jpg","contentUrl":"https:\/\/wp.kristdemokraterna.se\/savsjo\/files\/2015\/09\/mattavling.jpg","width":500,"height":300},{"@type":"BreadcrumbList","@id":"https:\/\/wp.kristdemokraterna.se\/savsjo\/anna-karin-pa-10-i-topp-for-god-skolmat\/#breadcrumb","itemListElement":[{"@type":"ListItem","position":1,"name":"Hem","item":"https:\/\/wp.kristdemokraterna.se\/savsjo\/"},{"@type":"ListItem","position":2,"name":"Anna-Karin p\u00e5 10 i topp"}]},{"@type":"WebSite","@id":"https:\/\/wp.kristdemokraterna.se\/savsjo\/#website","url":"https:\/\/wp.kristdemokraterna.se\/savsjo\/","name":"S\u00e4vsj\u00f6","description":"","inLanguage":"sv-SE"},{"@type":"Person","@id":"https:\/\/wp.kristdemokraterna.se\/savsjo\/#\/schema\/person\/66a08fa678592f794fe60a50b249978a","name":"Stefan Gustafsson","image":{"@type":"ImageObject","inLanguage":"sv-SE","@id":"https:\/\/secure.gravatar.com\/avatar\/d183d0fd8830afddde9ab5386edf3b3480a63f1fb3291da52adec75b3b7b6f60?s=96&r=g","url":"https:\/\/secure.gravatar.com\/avatar\/d183d0fd8830afddde9ab5386edf3b3480a63f1fb3291da52adec75b3b7b6f60?s=96&r=g","contentUrl":"https:\/\/secure.gravatar.com\/avatar\/d183d0fd8830afddde9ab5386edf3b3480a63f1fb3291da52adec75b3b7b6f60?s=96&r=g","caption":"Stefan Gustafsson"},"url":"https:\/\/wp.kristdemokraterna.se\/savsjo\/author\/stgu\/"}]}},"_links":{"self":[{"href":"https:\/\/wp.kristdemokraterna.se\/savsjo\/wp-json\/wp\/v2\/posts\/1540","targetHints":{"allow":["GET"]}}],"collection":[{"href":"https:\/\/wp.kristdemokraterna.se\/savsjo\/wp-json\/wp\/v2\/posts"}],"about":[{"href":"https:\/\/wp.kristdemokraterna.se\/savsjo\/wp-json\/wp\/v2\/types\/post"}],"author":[{"embeddable":true,"href":"https:\/\/wp.kristdemokraterna.se\/savsjo\/wp-json\/wp\/v2\/users\/430"}],"replies":[{"embeddable":true,"href":"https:\/\/wp.kristdemokraterna.se\/savsjo\/wp-json\/wp\/v2\/comments?post=1540"}],"version-history":[{"count":4,"href":"https:\/\/wp.kristdemokraterna.se\/savsjo\/wp-json\/wp\/v2\/posts\/1540\/revisions"}],"predecessor-version":[{"id":1545,"href":"https:\/\/wp.kristdemokraterna.se\/savsjo\/wp-json\/wp\/v2\/posts\/1540\/revisions\/1545"}],"wp:featuredmedia":[{"embeddable":true,"href":"https:\/\/wp.kristdemokraterna.se\/savsjo\/wp-json\/wp\/v2\/media\/1541"}],"wp:attachment":[{"href":"https:\/\/wp.kristdemokraterna.se\/savsjo\/wp-json\/wp\/v2\/media?parent=1540"}],"wp:term":[{"taxonomy":"category","embeddable":true,"href":"https:\/\/wp.kristdemokraterna.se\/savsjo\/wp-json\/wp\/v2\/categories?post=1540"},{"taxonomy":"post_tag","embeddable":true,"href":"https:\/\/wp.kristdemokraterna.se\/savsjo\/wp-json\/wp\/v2\/tags?post=1540"}],"curies":[{"name":"wp","href":"https:\/\/api.w.org\/{rel}","templated":true}]}}