{"id":1589,"date":"2015-11-15T15:12:19","date_gmt":"2015-11-15T14:12:19","guid":{"rendered":"http:\/\/wp.kristdemokraterna.se\/savsjo\/?p=1589"},"modified":"2015-11-15T18:15:41","modified_gmt":"2015-11-15T17:15:41","slug":"kolonitradgard-foreslas-av-kd-profil","status":"publish","type":"post","link":"https:\/\/wp.kristdemokraterna.se\/savsjo\/kolonitradgard-foreslas-av-kd-profil\/","title":{"rendered":"Kolonitr\u00e4dg\u00e5rd f\u00f6resl\u00e5s av KD-profil"},"content":{"rendered":"<p>Kolonitr\u00e4dg\u00e5rdar skulle m\u00f6ta stora behov av integrering av nyanl\u00e4nda i det svenska samh\u00e4llet genom att skapa gemensamma m\u00f6tesplatser, skriver KD-profilen Thomas Wilhelmsson i ett medborgarf\u00f6rslag inl\u00e4mnat till S\u00e4vsj\u00f6 kommun. Med kolonitr\u00e4dg\u00e5rdar s\u00e5 fr\u00e4mjas ocks\u00e5 bygdens m\u00f6jligheter till ett aktivt och h\u00e4lsosamt liv enligt honom. F\u00f6rslaget bereds nu av kommunledningen och svar kommer runt ny\u00e5r. M\u00f6jligt att ordnas till v\u00e5rs\u00e5dden?<\/p>\n","protected":false},"excerpt":{"rendered":"<p>Kolonitr\u00e4dg\u00e5rdar skulle m\u00f6ta stora behov av integrering av nyanl\u00e4nda i det svenska samh\u00e4llet genom att skapa gemensamma m\u00f6tesplatser, skriver KD-profilen Thomas Wilhelmsson i ett medborgarf\u00f6rslag inl\u00e4mnat till S\u00e4vsj\u00f6 kommun. Med kolonitr\u00e4dg\u00e5rdar s\u00e5 fr\u00e4mjas ocks\u00e5 bygdens m\u00f6jligheter till ett aktivt och h\u00e4lsosamt liv enligt honom. F\u00f6rslaget bereds nu av kommunledningen och svar kommer runt ny\u00e5r. M\u00f6jligt <a class=\"read-more-link\" href=\"https:\/\/wp.kristdemokraterna.se\/savsjo\/kolonitradgard-foreslas-av-kd-profil\/\">Read More<\/a><\/p>\n","protected":false},"author":430,"featured_media":868,"comment_status":"closed","ping_status":"closed","sticky":false,"template":"","format":"standard","meta":{"_acf_changed":false,"footnotes":""},"categories":[1],"tags":[],"class_list":["post-1589","post","type-post","status-publish","format-standard","has-post-thumbnail","hentry","category-okategoriserade"],"acf":[],"yoast_head":"<!-- This site is optimized with the Yoast SEO plugin v27.4 - https:\/\/yoast.com\/product\/yoast-seo-wordpress\/ -->\n<title>Kolonitr\u00e4dg\u00e5rd f\u00f6resl\u00e5s av KD-profil - S\u00e4vsj\u00f6<\/title>\n<meta name=\"robots\" content=\"index, follow, max-snippet:-1, max-image-preview:large, max-video-preview:-1\" \/>\n<link rel=\"canonical\" href=\"https:\/\/wp.kristdemokraterna.se\/savsjo\/kolonitradgard-foreslas-av-kd-profil\/\" \/>\n<meta property=\"og:locale\" content=\"sv_SE\" \/>\n<meta property=\"og:type\" content=\"article\" \/>\n<meta property=\"og:title\" content=\"Kolonitr\u00e4dg\u00e5rd f\u00f6resl\u00e5s av KD-profil - S\u00e4vsj\u00f6\" \/>\n<meta property=\"og:description\" content=\"Kolonitr\u00e4dg\u00e5rdar skulle m\u00f6ta stora behov av integrering av nyanl\u00e4nda i det svenska samh\u00e4llet genom att skapa gemensamma m\u00f6tesplatser, skriver KD-profilen Thomas Wilhelmsson i ett medborgarf\u00f6rslag inl\u00e4mnat till S\u00e4vsj\u00f6 kommun. Med kolonitr\u00e4dg\u00e5rdar s\u00e5 fr\u00e4mjas ocks\u00e5 bygdens m\u00f6jligheter till ett aktivt och h\u00e4lsosamt liv enligt honom. F\u00f6rslaget bereds nu av kommunledningen och svar kommer runt ny\u00e5r. M\u00f6jligt Read More\" \/>\n<meta property=\"og:url\" content=\"https:\/\/wp.kristdemokraterna.se\/savsjo\/kolonitradgard-foreslas-av-kd-profil\/\" \/>\n<meta property=\"og:site_name\" content=\"S\u00e4vsj\u00f6\" \/>\n<meta property=\"article:published_time\" content=\"2015-11-15T14:12:19+00:00\" \/>\n<meta property=\"article:modified_time\" content=\"2015-11-15T17:15:41+00:00\" \/>\n<meta property=\"og:image\" content=\"https:\/\/wp.kristdemokraterna.se\/savsjo\/files\/2014\/10\/tw.jpg\" \/>\n\t<meta property=\"og:image:width\" content=\"500\" \/>\n\t<meta property=\"og:image:height\" content=\"300\" \/>\n\t<meta property=\"og:image:type\" content=\"image\/jpeg\" \/>\n<meta name=\"author\" content=\"Stefan Gustafsson\" \/>\n<meta name=\"twitter:card\" content=\"summary_large_image\" \/>\n<meta name=\"twitter:label1\" content=\"Skriven av\" \/>\n\t<meta name=\"twitter:data1\" content=\"Stefan Gustafsson\" \/>\n<script type=\"application\/ld+json\" class=\"yoast-schema-graph\">{\"@context\":\"https:\\\/\\\/schema.org\",\"@graph\":[{\"@type\":\"Article\",\"@id\":\"https:\\\/\\\/wp.kristdemokraterna.se\\\/savsjo\\\/kolonitradgard-foreslas-av-kd-profil\\\/#article\",\"isPartOf\":{\"@id\":\"https:\\\/\\\/wp.kristdemokraterna.se\\\/savsjo\\\/kolonitradgard-foreslas-av-kd-profil\\\/\"},\"author\":{\"name\":\"Stefan Gustafsson\",\"@id\":\"https:\\\/\\\/wp.kristdemokraterna.se\\\/savsjo\\\/#\\\/schema\\\/person\\\/66a08fa678592f794fe60a50b249978a\"},\"headline\":\"Kolonitr\u00e4dg\u00e5rd f\u00f6resl\u00e5s av KD-profil\",\"datePublished\":\"2015-11-15T14:12:19+00:00\",\"dateModified\":\"2015-11-15T17:15:41+00:00\",\"mainEntityOfPage\":{\"@id\":\"https:\\\/\\\/wp.kristdemokraterna.se\\\/savsjo\\\/kolonitradgard-foreslas-av-kd-profil\\\/\"},\"wordCount\":86,\"image\":{\"@id\":\"https:\\\/\\\/wp.kristdemokraterna.se\\\/savsjo\\\/kolonitradgard-foreslas-av-kd-profil\\\/#primaryimage\"},\"thumbnailUrl\":\"https:\\\/\\\/wp.kristdemokraterna.se\\\/savsjo\\\/files\\\/2014\\\/10\\\/tw.jpg\",\"inLanguage\":\"sv-SE\"},{\"@type\":\"WebPage\",\"@id\":\"https:\\\/\\\/wp.kristdemokraterna.se\\\/savsjo\\\/kolonitradgard-foreslas-av-kd-profil\\\/\",\"url\":\"https:\\\/\\\/wp.kristdemokraterna.se\\\/savsjo\\\/kolonitradgard-foreslas-av-kd-profil\\\/\",\"name\":\"Kolonitr\u00e4dg\u00e5rd f\u00f6resl\u00e5s av KD-profil - S\u00e4vsj\u00f6\",\"isPartOf\":{\"@id\":\"https:\\\/\\\/wp.kristdemokraterna.se\\\/savsjo\\\/#website\"},\"primaryImageOfPage\":{\"@id\":\"https:\\\/\\\/wp.kristdemokraterna.se\\\/savsjo\\\/kolonitradgard-foreslas-av-kd-profil\\\/#primaryimage\"},\"image\":{\"@id\":\"https:\\\/\\\/wp.kristdemokraterna.se\\\/savsjo\\\/kolonitradgard-foreslas-av-kd-profil\\\/#primaryimage\"},\"thumbnailUrl\":\"https:\\\/\\\/wp.kristdemokraterna.se\\\/savsjo\\\/files\\\/2014\\\/10\\\/tw.jpg\",\"datePublished\":\"2015-11-15T14:12:19+00:00\",\"dateModified\":\"2015-11-15T17:15:41+00:00\",\"author\":{\"@id\":\"https:\\\/\\\/wp.kristdemokraterna.se\\\/savsjo\\\/#\\\/schema\\\/person\\\/66a08fa678592f794fe60a50b249978a\"},\"breadcrumb\":{\"@id\":\"https:\\\/\\\/wp.kristdemokraterna.se\\\/savsjo\\\/kolonitradgard-foreslas-av-kd-profil\\\/#breadcrumb\"},\"inLanguage\":\"sv-SE\",\"potentialAction\":[{\"@type\":\"ReadAction\",\"target\":[\"https:\\\/\\\/wp.kristdemokraterna.se\\\/savsjo\\\/kolonitradgard-foreslas-av-kd-profil\\\/\"]}]},{\"@type\":\"ImageObject\",\"inLanguage\":\"sv-SE\",\"@id\":\"https:\\\/\\\/wp.kristdemokraterna.se\\\/savsjo\\\/kolonitradgard-foreslas-av-kd-profil\\\/#primaryimage\",\"url\":\"https:\\\/\\\/wp.kristdemokraterna.se\\\/savsjo\\\/files\\\/2014\\\/10\\\/tw.jpg\",\"contentUrl\":\"https:\\\/\\\/wp.kristdemokraterna.se\\\/savsjo\\\/files\\\/2014\\\/10\\\/tw.jpg\",\"width\":500,\"height\":300},{\"@type\":\"BreadcrumbList\",\"@id\":\"https:\\\/\\\/wp.kristdemokraterna.se\\\/savsjo\\\/kolonitradgard-foreslas-av-kd-profil\\\/#breadcrumb\",\"itemListElement\":[{\"@type\":\"ListItem\",\"position\":1,\"name\":\"Hem\",\"item\":\"https:\\\/\\\/wp.kristdemokraterna.se\\\/savsjo\\\/\"},{\"@type\":\"ListItem\",\"position\":2,\"name\":\"Kolonitr\u00e4dg\u00e5rd f\u00f6resl\u00e5s av KD-profil\"}]},{\"@type\":\"WebSite\",\"@id\":\"https:\\\/\\\/wp.kristdemokraterna.se\\\/savsjo\\\/#website\",\"url\":\"https:\\\/\\\/wp.kristdemokraterna.se\\\/savsjo\\\/\",\"name\":\"S\u00e4vsj\u00f6\",\"description\":\"\",\"inLanguage\":\"sv-SE\"},{\"@type\":\"Person\",\"@id\":\"https:\\\/\\\/wp.kristdemokraterna.se\\\/savsjo\\\/#\\\/schema\\\/person\\\/66a08fa678592f794fe60a50b249978a\",\"name\":\"Stefan Gustafsson\",\"image\":{\"@type\":\"ImageObject\",\"inLanguage\":\"sv-SE\",\"@id\":\"https:\\\/\\\/secure.gravatar.com\\\/avatar\\\/d183d0fd8830afddde9ab5386edf3b3480a63f1fb3291da52adec75b3b7b6f60?s=96&r=g\",\"url\":\"https:\\\/\\\/secure.gravatar.com\\\/avatar\\\/d183d0fd8830afddde9ab5386edf3b3480a63f1fb3291da52adec75b3b7b6f60?s=96&r=g\",\"contentUrl\":\"https:\\\/\\\/secure.gravatar.com\\\/avatar\\\/d183d0fd8830afddde9ab5386edf3b3480a63f1fb3291da52adec75b3b7b6f60?s=96&r=g\",\"caption\":\"Stefan Gustafsson\"},\"url\":\"https:\\\/\\\/wp.kristdemokraterna.se\\\/savsjo\\\/author\\\/stgu\\\/\"}]}<\/script>\n<!-- \/ Yoast SEO plugin. -->","yoast_head_json":{"title":"Kolonitr\u00e4dg\u00e5rd f\u00f6resl\u00e5s av KD-profil - S\u00e4vsj\u00f6","robots":{"index":"index","follow":"follow","max-snippet":"max-snippet:-1","max-image-preview":"max-image-preview:large","max-video-preview":"max-video-preview:-1"},"canonical":"https:\/\/wp.kristdemokraterna.se\/savsjo\/kolonitradgard-foreslas-av-kd-profil\/","og_locale":"sv_SE","og_type":"article","og_title":"Kolonitr\u00e4dg\u00e5rd f\u00f6resl\u00e5s av KD-profil - S\u00e4vsj\u00f6","og_description":"Kolonitr\u00e4dg\u00e5rdar skulle m\u00f6ta stora behov av integrering av nyanl\u00e4nda i det svenska samh\u00e4llet genom att skapa gemensamma m\u00f6tesplatser, skriver KD-profilen Thomas Wilhelmsson i ett medborgarf\u00f6rslag inl\u00e4mnat till S\u00e4vsj\u00f6 kommun. Med kolonitr\u00e4dg\u00e5rdar s\u00e5 fr\u00e4mjas ocks\u00e5 bygdens m\u00f6jligheter till ett aktivt och h\u00e4lsosamt liv enligt honom. F\u00f6rslaget bereds nu av kommunledningen och svar kommer runt ny\u00e5r. M\u00f6jligt Read More","og_url":"https:\/\/wp.kristdemokraterna.se\/savsjo\/kolonitradgard-foreslas-av-kd-profil\/","og_site_name":"S\u00e4vsj\u00f6","article_published_time":"2015-11-15T14:12:19+00:00","article_modified_time":"2015-11-15T17:15:41+00:00","og_image":[{"width":500,"height":300,"url":"https:\/\/wp.kristdemokraterna.se\/savsjo\/files\/2014\/10\/tw.jpg","type":"image\/jpeg"}],"author":"Stefan Gustafsson","twitter_card":"summary_large_image","twitter_misc":{"Skriven av":"Stefan Gustafsson"},"schema":{"@context":"https:\/\/schema.org","@graph":[{"@type":"Article","@id":"https:\/\/wp.kristdemokraterna.se\/savsjo\/kolonitradgard-foreslas-av-kd-profil\/#article","isPartOf":{"@id":"https:\/\/wp.kristdemokraterna.se\/savsjo\/kolonitradgard-foreslas-av-kd-profil\/"},"author":{"name":"Stefan Gustafsson","@id":"https:\/\/wp.kristdemokraterna.se\/savsjo\/#\/schema\/person\/66a08fa678592f794fe60a50b249978a"},"headline":"Kolonitr\u00e4dg\u00e5rd f\u00f6resl\u00e5s av KD-profil","datePublished":"2015-11-15T14:12:19+00:00","dateModified":"2015-11-15T17:15:41+00:00","mainEntityOfPage":{"@id":"https:\/\/wp.kristdemokraterna.se\/savsjo\/kolonitradgard-foreslas-av-kd-profil\/"},"wordCount":86,"image":{"@id":"https:\/\/wp.kristdemokraterna.se\/savsjo\/kolonitradgard-foreslas-av-kd-profil\/#primaryimage"},"thumbnailUrl":"https:\/\/wp.kristdemokraterna.se\/savsjo\/files\/2014\/10\/tw.jpg","inLanguage":"sv-SE"},{"@type":"WebPage","@id":"https:\/\/wp.kristdemokraterna.se\/savsjo\/kolonitradgard-foreslas-av-kd-profil\/","url":"https:\/\/wp.kristdemokraterna.se\/savsjo\/kolonitradgard-foreslas-av-kd-profil\/","name":"Kolonitr\u00e4dg\u00e5rd f\u00f6resl\u00e5s av KD-profil - S\u00e4vsj\u00f6","isPartOf":{"@id":"https:\/\/wp.kristdemokraterna.se\/savsjo\/#website"},"primaryImageOfPage":{"@id":"https:\/\/wp.kristdemokraterna.se\/savsjo\/kolonitradgard-foreslas-av-kd-profil\/#primaryimage"},"image":{"@id":"https:\/\/wp.kristdemokraterna.se\/savsjo\/kolonitradgard-foreslas-av-kd-profil\/#primaryimage"},"thumbnailUrl":"https:\/\/wp.kristdemokraterna.se\/savsjo\/files\/2014\/10\/tw.jpg","datePublished":"2015-11-15T14:12:19+00:00","dateModified":"2015-11-15T17:15:41+00:00","author":{"@id":"https:\/\/wp.kristdemokraterna.se\/savsjo\/#\/schema\/person\/66a08fa678592f794fe60a50b249978a"},"breadcrumb":{"@id":"https:\/\/wp.kristdemokraterna.se\/savsjo\/kolonitradgard-foreslas-av-kd-profil\/#breadcrumb"},"inLanguage":"sv-SE","potentialAction":[{"@type":"ReadAction","target":["https:\/\/wp.kristdemokraterna.se\/savsjo\/kolonitradgard-foreslas-av-kd-profil\/"]}]},{"@type":"ImageObject","inLanguage":"sv-SE","@id":"https:\/\/wp.kristdemokraterna.se\/savsjo\/kolonitradgard-foreslas-av-kd-profil\/#primaryimage","url":"https:\/\/wp.kristdemokraterna.se\/savsjo\/files\/2014\/10\/tw.jpg","contentUrl":"https:\/\/wp.kristdemokraterna.se\/savsjo\/files\/2014\/10\/tw.jpg","width":500,"height":300},{"@type":"BreadcrumbList","@id":"https:\/\/wp.kristdemokraterna.se\/savsjo\/kolonitradgard-foreslas-av-kd-profil\/#breadcrumb","itemListElement":[{"@type":"ListItem","position":1,"name":"Hem","item":"https:\/\/wp.kristdemokraterna.se\/savsjo\/"},{"@type":"ListItem","position":2,"name":"Kolonitr\u00e4dg\u00e5rd f\u00f6resl\u00e5s av KD-profil"}]},{"@type":"WebSite","@id":"https:\/\/wp.kristdemokraterna.se\/savsjo\/#website","url":"https:\/\/wp.kristdemokraterna.se\/savsjo\/","name":"S\u00e4vsj\u00f6","description":"","inLanguage":"sv-SE"},{"@type":"Person","@id":"https:\/\/wp.kristdemokraterna.se\/savsjo\/#\/schema\/person\/66a08fa678592f794fe60a50b249978a","name":"Stefan Gustafsson","image":{"@type":"ImageObject","inLanguage":"sv-SE","@id":"https:\/\/secure.gravatar.com\/avatar\/d183d0fd8830afddde9ab5386edf3b3480a63f1fb3291da52adec75b3b7b6f60?s=96&r=g","url":"https:\/\/secure.gravatar.com\/avatar\/d183d0fd8830afddde9ab5386edf3b3480a63f1fb3291da52adec75b3b7b6f60?s=96&r=g","contentUrl":"https:\/\/secure.gravatar.com\/avatar\/d183d0fd8830afddde9ab5386edf3b3480a63f1fb3291da52adec75b3b7b6f60?s=96&r=g","caption":"Stefan Gustafsson"},"url":"https:\/\/wp.kristdemokraterna.se\/savsjo\/author\/stgu\/"}]}},"_links":{"self":[{"href":"https:\/\/wp.kristdemokraterna.se\/savsjo\/wp-json\/wp\/v2\/posts\/1589","targetHints":{"allow":["GET"]}}],"collection":[{"href":"https:\/\/wp.kristdemokraterna.se\/savsjo\/wp-json\/wp\/v2\/posts"}],"about":[{"href":"https:\/\/wp.kristdemokraterna.se\/savsjo\/wp-json\/wp\/v2\/types\/post"}],"author":[{"embeddable":true,"href":"https:\/\/wp.kristdemokraterna.se\/savsjo\/wp-json\/wp\/v2\/users\/430"}],"replies":[{"embeddable":true,"href":"https:\/\/wp.kristdemokraterna.se\/savsjo\/wp-json\/wp\/v2\/comments?post=1589"}],"version-history":[{"count":2,"href":"https:\/\/wp.kristdemokraterna.se\/savsjo\/wp-json\/wp\/v2\/posts\/1589\/revisions"}],"predecessor-version":[{"id":1591,"href":"https:\/\/wp.kristdemokraterna.se\/savsjo\/wp-json\/wp\/v2\/posts\/1589\/revisions\/1591"}],"wp:featuredmedia":[{"embeddable":true,"href":"https:\/\/wp.kristdemokraterna.se\/savsjo\/wp-json\/wp\/v2\/media\/868"}],"wp:attachment":[{"href":"https:\/\/wp.kristdemokraterna.se\/savsjo\/wp-json\/wp\/v2\/media?parent=1589"}],"wp:term":[{"taxonomy":"category","embeddable":true,"href":"https:\/\/wp.kristdemokraterna.se\/savsjo\/wp-json\/wp\/v2\/categories?post=1589"},{"taxonomy":"post_tag","embeddable":true,"href":"https:\/\/wp.kristdemokraterna.se\/savsjo\/wp-json\/wp\/v2\/tags?post=1589"}],"curies":[{"name":"wp","href":"https:\/\/api.w.org\/{rel}","templated":true}]}}