{"id":1593,"date":"2015-11-26T21:10:16","date_gmt":"2015-11-26T20:10:16","guid":{"rendered":"http:\/\/wp.kristdemokraterna.se\/savsjo\/?p=1593"},"modified":"2015-11-26T21:17:09","modified_gmt":"2015-11-26T20:17:09","slug":"bra-med-anders-sjoo-som-kommunpolis","status":"publish","type":"post","link":"https:\/\/wp.kristdemokraterna.se\/savsjo\/bra-med-anders-sjoo-som-kommunpolis\/","title":{"rendered":"Bra med Anders Sj\u00f6\u00f6 som kommunpolis"},"content":{"rendered":"<p>Anders Sj\u00f6\u00f6 har utsetts som S\u00e4vsj\u00f6 kommun kommunpolis och han kommer d\u00e4rmed vara v\u00e5r kontaktperson i polisi\u00e4ra fr\u00e5gor fram\u00f6ver. Anders \u00e4r en utm\u00e4rkt polis med erfarenhet och stor kunskap som blir en stor tillg\u00e5ng f\u00f6r kommunen. F\u00f6r kristdemokraterna har det varit en valfr\u00e5ga att f\u00e5 till b\u00e4ttre polisi\u00e4r n\u00e4rvaro i S\u00e4vsj\u00f6 kommun, att en speciell kommunpolis utsetts \u00e4r ett steg i r\u00e4tt riktning!  <\/p>\n","protected":false},"excerpt":{"rendered":"<p>Anders Sj\u00f6\u00f6 har utsetts som S\u00e4vsj\u00f6 kommun kommunpolis och han kommer d\u00e4rmed vara v\u00e5r kontaktperson i polisi\u00e4ra fr\u00e5gor fram\u00f6ver. Anders \u00e4r en utm\u00e4rkt polis med erfarenhet och stor kunskap som blir en stor tillg\u00e5ng f\u00f6r kommunen. F\u00f6r kristdemokraterna har det varit en valfr\u00e5ga att f\u00e5 till b\u00e4ttre polisi\u00e4r n\u00e4rvaro i S\u00e4vsj\u00f6 kommun, att en speciell <a class=\"read-more-link\" href=\"https:\/\/wp.kristdemokraterna.se\/savsjo\/bra-med-anders-sjoo-som-kommunpolis\/\">Read More<\/a><\/p>\n","protected":false},"author":430,"featured_media":1596,"comment_status":"closed","ping_status":"closed","sticky":false,"template":"","format":"standard","meta":{"_acf_changed":false,"footnotes":""},"categories":[1],"tags":[],"class_list":["post-1593","post","type-post","status-publish","format-standard","has-post-thumbnail","hentry","category-okategoriserade"],"acf":[],"yoast_head":"<!-- This site is optimized with the Yoast SEO plugin v27.4 - https:\/\/yoast.com\/product\/yoast-seo-wordpress\/ -->\n<title>Bra med Anders Sj\u00f6\u00f6 som kommunpolis - S\u00e4vsj\u00f6<\/title>\n<meta name=\"robots\" content=\"index, follow, max-snippet:-1, max-image-preview:large, max-video-preview:-1\" \/>\n<link rel=\"canonical\" href=\"https:\/\/wp.kristdemokraterna.se\/savsjo\/bra-med-anders-sjoo-som-kommunpolis\/\" \/>\n<meta property=\"og:locale\" content=\"sv_SE\" \/>\n<meta property=\"og:type\" content=\"article\" \/>\n<meta property=\"og:title\" content=\"Bra med Anders Sj\u00f6\u00f6 som kommunpolis - S\u00e4vsj\u00f6\" \/>\n<meta property=\"og:description\" content=\"Anders Sj\u00f6\u00f6 har utsetts som S\u00e4vsj\u00f6 kommun kommunpolis och han kommer d\u00e4rmed vara v\u00e5r kontaktperson i polisi\u00e4ra fr\u00e5gor fram\u00f6ver. Anders \u00e4r en utm\u00e4rkt polis med erfarenhet och stor kunskap som blir en stor tillg\u00e5ng f\u00f6r kommunen. F\u00f6r kristdemokraterna har det varit en valfr\u00e5ga att f\u00e5 till b\u00e4ttre polisi\u00e4r n\u00e4rvaro i S\u00e4vsj\u00f6 kommun, att en speciell Read More\" \/>\n<meta property=\"og:url\" content=\"https:\/\/wp.kristdemokraterna.se\/savsjo\/bra-med-anders-sjoo-som-kommunpolis\/\" \/>\n<meta property=\"og:site_name\" content=\"S\u00e4vsj\u00f6\" \/>\n<meta property=\"article:published_time\" content=\"2015-11-26T20:10:16+00:00\" \/>\n<meta property=\"article:modified_time\" content=\"2015-11-26T20:17:09+00:00\" \/>\n<meta property=\"og:image\" content=\"https:\/\/wp.kristdemokraterna.se\/savsjo\/files\/2015\/11\/anders-sjoo-stg-2015jpg.jpg\" \/>\n\t<meta property=\"og:image:width\" content=\"500\" \/>\n\t<meta property=\"og:image:height\" content=\"300\" \/>\n\t<meta property=\"og:image:type\" content=\"image\/jpeg\" \/>\n<meta name=\"author\" content=\"Stefan Gustafsson\" \/>\n<meta name=\"twitter:card\" content=\"summary_large_image\" \/>\n<meta name=\"twitter:label1\" content=\"Skriven av\" \/>\n\t<meta name=\"twitter:data1\" content=\"Stefan Gustafsson\" \/>\n<script type=\"application\/ld+json\" class=\"yoast-schema-graph\">{\"@context\":\"https:\\\/\\\/schema.org\",\"@graph\":[{\"@type\":\"Article\",\"@id\":\"https:\\\/\\\/wp.kristdemokraterna.se\\\/savsjo\\\/bra-med-anders-sjoo-som-kommunpolis\\\/#article\",\"isPartOf\":{\"@id\":\"https:\\\/\\\/wp.kristdemokraterna.se\\\/savsjo\\\/bra-med-anders-sjoo-som-kommunpolis\\\/\"},\"author\":{\"name\":\"Stefan Gustafsson\",\"@id\":\"https:\\\/\\\/wp.kristdemokraterna.se\\\/savsjo\\\/#\\\/schema\\\/person\\\/66a08fa678592f794fe60a50b249978a\"},\"headline\":\"Bra med Anders Sj\u00f6\u00f6 som kommunpolis\",\"datePublished\":\"2015-11-26T20:10:16+00:00\",\"dateModified\":\"2015-11-26T20:17:09+00:00\",\"mainEntityOfPage\":{\"@id\":\"https:\\\/\\\/wp.kristdemokraterna.se\\\/savsjo\\\/bra-med-anders-sjoo-som-kommunpolis\\\/\"},\"wordCount\":85,\"image\":{\"@id\":\"https:\\\/\\\/wp.kristdemokraterna.se\\\/savsjo\\\/bra-med-anders-sjoo-som-kommunpolis\\\/#primaryimage\"},\"thumbnailUrl\":\"https:\\\/\\\/wp.kristdemokraterna.se\\\/savsjo\\\/files\\\/2015\\\/11\\\/anders-sjoo-stg-2015jpg.jpg\",\"inLanguage\":\"sv-SE\"},{\"@type\":\"WebPage\",\"@id\":\"https:\\\/\\\/wp.kristdemokraterna.se\\\/savsjo\\\/bra-med-anders-sjoo-som-kommunpolis\\\/\",\"url\":\"https:\\\/\\\/wp.kristdemokraterna.se\\\/savsjo\\\/bra-med-anders-sjoo-som-kommunpolis\\\/\",\"name\":\"Bra med Anders Sj\u00f6\u00f6 som kommunpolis - S\u00e4vsj\u00f6\",\"isPartOf\":{\"@id\":\"https:\\\/\\\/wp.kristdemokraterna.se\\\/savsjo\\\/#website\"},\"primaryImageOfPage\":{\"@id\":\"https:\\\/\\\/wp.kristdemokraterna.se\\\/savsjo\\\/bra-med-anders-sjoo-som-kommunpolis\\\/#primaryimage\"},\"image\":{\"@id\":\"https:\\\/\\\/wp.kristdemokraterna.se\\\/savsjo\\\/bra-med-anders-sjoo-som-kommunpolis\\\/#primaryimage\"},\"thumbnailUrl\":\"https:\\\/\\\/wp.kristdemokraterna.se\\\/savsjo\\\/files\\\/2015\\\/11\\\/anders-sjoo-stg-2015jpg.jpg\",\"datePublished\":\"2015-11-26T20:10:16+00:00\",\"dateModified\":\"2015-11-26T20:17:09+00:00\",\"author\":{\"@id\":\"https:\\\/\\\/wp.kristdemokraterna.se\\\/savsjo\\\/#\\\/schema\\\/person\\\/66a08fa678592f794fe60a50b249978a\"},\"breadcrumb\":{\"@id\":\"https:\\\/\\\/wp.kristdemokraterna.se\\\/savsjo\\\/bra-med-anders-sjoo-som-kommunpolis\\\/#breadcrumb\"},\"inLanguage\":\"sv-SE\",\"potentialAction\":[{\"@type\":\"ReadAction\",\"target\":[\"https:\\\/\\\/wp.kristdemokraterna.se\\\/savsjo\\\/bra-med-anders-sjoo-som-kommunpolis\\\/\"]}]},{\"@type\":\"ImageObject\",\"inLanguage\":\"sv-SE\",\"@id\":\"https:\\\/\\\/wp.kristdemokraterna.se\\\/savsjo\\\/bra-med-anders-sjoo-som-kommunpolis\\\/#primaryimage\",\"url\":\"https:\\\/\\\/wp.kristdemokraterna.se\\\/savsjo\\\/files\\\/2015\\\/11\\\/anders-sjoo-stg-2015jpg.jpg\",\"contentUrl\":\"https:\\\/\\\/wp.kristdemokraterna.se\\\/savsjo\\\/files\\\/2015\\\/11\\\/anders-sjoo-stg-2015jpg.jpg\",\"width\":500,\"height\":300},{\"@type\":\"BreadcrumbList\",\"@id\":\"https:\\\/\\\/wp.kristdemokraterna.se\\\/savsjo\\\/bra-med-anders-sjoo-som-kommunpolis\\\/#breadcrumb\",\"itemListElement\":[{\"@type\":\"ListItem\",\"position\":1,\"name\":\"Hem\",\"item\":\"https:\\\/\\\/wp.kristdemokraterna.se\\\/savsjo\\\/\"},{\"@type\":\"ListItem\",\"position\":2,\"name\":\"Bra med Anders Sj\u00f6\u00f6 som kommunpolis\"}]},{\"@type\":\"WebSite\",\"@id\":\"https:\\\/\\\/wp.kristdemokraterna.se\\\/savsjo\\\/#website\",\"url\":\"https:\\\/\\\/wp.kristdemokraterna.se\\\/savsjo\\\/\",\"name\":\"S\u00e4vsj\u00f6\",\"description\":\"\",\"inLanguage\":\"sv-SE\"},{\"@type\":\"Person\",\"@id\":\"https:\\\/\\\/wp.kristdemokraterna.se\\\/savsjo\\\/#\\\/schema\\\/person\\\/66a08fa678592f794fe60a50b249978a\",\"name\":\"Stefan Gustafsson\",\"image\":{\"@type\":\"ImageObject\",\"inLanguage\":\"sv-SE\",\"@id\":\"https:\\\/\\\/secure.gravatar.com\\\/avatar\\\/d183d0fd8830afddde9ab5386edf3b3480a63f1fb3291da52adec75b3b7b6f60?s=96&r=g\",\"url\":\"https:\\\/\\\/secure.gravatar.com\\\/avatar\\\/d183d0fd8830afddde9ab5386edf3b3480a63f1fb3291da52adec75b3b7b6f60?s=96&r=g\",\"contentUrl\":\"https:\\\/\\\/secure.gravatar.com\\\/avatar\\\/d183d0fd8830afddde9ab5386edf3b3480a63f1fb3291da52adec75b3b7b6f60?s=96&r=g\",\"caption\":\"Stefan Gustafsson\"},\"url\":\"https:\\\/\\\/wp.kristdemokraterna.se\\\/savsjo\\\/author\\\/stgu\\\/\"}]}<\/script>\n<!-- \/ Yoast SEO plugin. -->","yoast_head_json":{"title":"Bra med Anders Sj\u00f6\u00f6 som kommunpolis - S\u00e4vsj\u00f6","robots":{"index":"index","follow":"follow","max-snippet":"max-snippet:-1","max-image-preview":"max-image-preview:large","max-video-preview":"max-video-preview:-1"},"canonical":"https:\/\/wp.kristdemokraterna.se\/savsjo\/bra-med-anders-sjoo-som-kommunpolis\/","og_locale":"sv_SE","og_type":"article","og_title":"Bra med Anders Sj\u00f6\u00f6 som kommunpolis - S\u00e4vsj\u00f6","og_description":"Anders Sj\u00f6\u00f6 har utsetts som S\u00e4vsj\u00f6 kommun kommunpolis och han kommer d\u00e4rmed vara v\u00e5r kontaktperson i polisi\u00e4ra fr\u00e5gor fram\u00f6ver. Anders \u00e4r en utm\u00e4rkt polis med erfarenhet och stor kunskap som blir en stor tillg\u00e5ng f\u00f6r kommunen. F\u00f6r kristdemokraterna har det varit en valfr\u00e5ga att f\u00e5 till b\u00e4ttre polisi\u00e4r n\u00e4rvaro i S\u00e4vsj\u00f6 kommun, att en speciell Read More","og_url":"https:\/\/wp.kristdemokraterna.se\/savsjo\/bra-med-anders-sjoo-som-kommunpolis\/","og_site_name":"S\u00e4vsj\u00f6","article_published_time":"2015-11-26T20:10:16+00:00","article_modified_time":"2015-11-26T20:17:09+00:00","og_image":[{"width":500,"height":300,"url":"https:\/\/wp.kristdemokraterna.se\/savsjo\/files\/2015\/11\/anders-sjoo-stg-2015jpg.jpg","type":"image\/jpeg"}],"author":"Stefan Gustafsson","twitter_card":"summary_large_image","twitter_misc":{"Skriven av":"Stefan Gustafsson"},"schema":{"@context":"https:\/\/schema.org","@graph":[{"@type":"Article","@id":"https:\/\/wp.kristdemokraterna.se\/savsjo\/bra-med-anders-sjoo-som-kommunpolis\/#article","isPartOf":{"@id":"https:\/\/wp.kristdemokraterna.se\/savsjo\/bra-med-anders-sjoo-som-kommunpolis\/"},"author":{"name":"Stefan Gustafsson","@id":"https:\/\/wp.kristdemokraterna.se\/savsjo\/#\/schema\/person\/66a08fa678592f794fe60a50b249978a"},"headline":"Bra med Anders Sj\u00f6\u00f6 som kommunpolis","datePublished":"2015-11-26T20:10:16+00:00","dateModified":"2015-11-26T20:17:09+00:00","mainEntityOfPage":{"@id":"https:\/\/wp.kristdemokraterna.se\/savsjo\/bra-med-anders-sjoo-som-kommunpolis\/"},"wordCount":85,"image":{"@id":"https:\/\/wp.kristdemokraterna.se\/savsjo\/bra-med-anders-sjoo-som-kommunpolis\/#primaryimage"},"thumbnailUrl":"https:\/\/wp.kristdemokraterna.se\/savsjo\/files\/2015\/11\/anders-sjoo-stg-2015jpg.jpg","inLanguage":"sv-SE"},{"@type":"WebPage","@id":"https:\/\/wp.kristdemokraterna.se\/savsjo\/bra-med-anders-sjoo-som-kommunpolis\/","url":"https:\/\/wp.kristdemokraterna.se\/savsjo\/bra-med-anders-sjoo-som-kommunpolis\/","name":"Bra med Anders Sj\u00f6\u00f6 som kommunpolis - S\u00e4vsj\u00f6","isPartOf":{"@id":"https:\/\/wp.kristdemokraterna.se\/savsjo\/#website"},"primaryImageOfPage":{"@id":"https:\/\/wp.kristdemokraterna.se\/savsjo\/bra-med-anders-sjoo-som-kommunpolis\/#primaryimage"},"image":{"@id":"https:\/\/wp.kristdemokraterna.se\/savsjo\/bra-med-anders-sjoo-som-kommunpolis\/#primaryimage"},"thumbnailUrl":"https:\/\/wp.kristdemokraterna.se\/savsjo\/files\/2015\/11\/anders-sjoo-stg-2015jpg.jpg","datePublished":"2015-11-26T20:10:16+00:00","dateModified":"2015-11-26T20:17:09+00:00","author":{"@id":"https:\/\/wp.kristdemokraterna.se\/savsjo\/#\/schema\/person\/66a08fa678592f794fe60a50b249978a"},"breadcrumb":{"@id":"https:\/\/wp.kristdemokraterna.se\/savsjo\/bra-med-anders-sjoo-som-kommunpolis\/#breadcrumb"},"inLanguage":"sv-SE","potentialAction":[{"@type":"ReadAction","target":["https:\/\/wp.kristdemokraterna.se\/savsjo\/bra-med-anders-sjoo-som-kommunpolis\/"]}]},{"@type":"ImageObject","inLanguage":"sv-SE","@id":"https:\/\/wp.kristdemokraterna.se\/savsjo\/bra-med-anders-sjoo-som-kommunpolis\/#primaryimage","url":"https:\/\/wp.kristdemokraterna.se\/savsjo\/files\/2015\/11\/anders-sjoo-stg-2015jpg.jpg","contentUrl":"https:\/\/wp.kristdemokraterna.se\/savsjo\/files\/2015\/11\/anders-sjoo-stg-2015jpg.jpg","width":500,"height":300},{"@type":"BreadcrumbList","@id":"https:\/\/wp.kristdemokraterna.se\/savsjo\/bra-med-anders-sjoo-som-kommunpolis\/#breadcrumb","itemListElement":[{"@type":"ListItem","position":1,"name":"Hem","item":"https:\/\/wp.kristdemokraterna.se\/savsjo\/"},{"@type":"ListItem","position":2,"name":"Bra med Anders Sj\u00f6\u00f6 som kommunpolis"}]},{"@type":"WebSite","@id":"https:\/\/wp.kristdemokraterna.se\/savsjo\/#website","url":"https:\/\/wp.kristdemokraterna.se\/savsjo\/","name":"S\u00e4vsj\u00f6","description":"","inLanguage":"sv-SE"},{"@type":"Person","@id":"https:\/\/wp.kristdemokraterna.se\/savsjo\/#\/schema\/person\/66a08fa678592f794fe60a50b249978a","name":"Stefan Gustafsson","image":{"@type":"ImageObject","inLanguage":"sv-SE","@id":"https:\/\/secure.gravatar.com\/avatar\/d183d0fd8830afddde9ab5386edf3b3480a63f1fb3291da52adec75b3b7b6f60?s=96&r=g","url":"https:\/\/secure.gravatar.com\/avatar\/d183d0fd8830afddde9ab5386edf3b3480a63f1fb3291da52adec75b3b7b6f60?s=96&r=g","contentUrl":"https:\/\/secure.gravatar.com\/avatar\/d183d0fd8830afddde9ab5386edf3b3480a63f1fb3291da52adec75b3b7b6f60?s=96&r=g","caption":"Stefan Gustafsson"},"url":"https:\/\/wp.kristdemokraterna.se\/savsjo\/author\/stgu\/"}]}},"_links":{"self":[{"href":"https:\/\/wp.kristdemokraterna.se\/savsjo\/wp-json\/wp\/v2\/posts\/1593","targetHints":{"allow":["GET"]}}],"collection":[{"href":"https:\/\/wp.kristdemokraterna.se\/savsjo\/wp-json\/wp\/v2\/posts"}],"about":[{"href":"https:\/\/wp.kristdemokraterna.se\/savsjo\/wp-json\/wp\/v2\/types\/post"}],"author":[{"embeddable":true,"href":"https:\/\/wp.kristdemokraterna.se\/savsjo\/wp-json\/wp\/v2\/users\/430"}],"replies":[{"embeddable":true,"href":"https:\/\/wp.kristdemokraterna.se\/savsjo\/wp-json\/wp\/v2\/comments?post=1593"}],"version-history":[{"count":2,"href":"https:\/\/wp.kristdemokraterna.se\/savsjo\/wp-json\/wp\/v2\/posts\/1593\/revisions"}],"predecessor-version":[{"id":1597,"href":"https:\/\/wp.kristdemokraterna.se\/savsjo\/wp-json\/wp\/v2\/posts\/1593\/revisions\/1597"}],"wp:featuredmedia":[{"embeddable":true,"href":"https:\/\/wp.kristdemokraterna.se\/savsjo\/wp-json\/wp\/v2\/media\/1596"}],"wp:attachment":[{"href":"https:\/\/wp.kristdemokraterna.se\/savsjo\/wp-json\/wp\/v2\/media?parent=1593"}],"wp:term":[{"taxonomy":"category","embeddable":true,"href":"https:\/\/wp.kristdemokraterna.se\/savsjo\/wp-json\/wp\/v2\/categories?post=1593"},{"taxonomy":"post_tag","embeddable":true,"href":"https:\/\/wp.kristdemokraterna.se\/savsjo\/wp-json\/wp\/v2\/tags?post=1593"}],"curies":[{"name":"wp","href":"https:\/\/api.w.org\/{rel}","templated":true}]}}