{"id":2064,"date":"2017-04-20T20:40:15","date_gmt":"2017-04-20T18:40:15","guid":{"rendered":"http:\/\/wp.kristdemokraterna.se\/savsjo\/?p=2064"},"modified":"2017-05-13T19:50:10","modified_gmt":"2017-05-13T17:50:10","slug":"traffa-magnus-oscarsson-pa-vrigstad-marknad","status":"publish","type":"post","link":"https:\/\/wp.kristdemokraterna.se\/savsjo\/traffa-magnus-oscarsson-pa-vrigstad-marknad\/","title":{"rendered":"Tr\u00e4ffa Magnus Oscarsson p\u00e5 Vrigstad marknad"},"content":{"rendered":"<p>L\u00f6rdag 13 maj \u00e4r det dags f\u00f6r den stora v\u00e5rmarknaden i Vrigstad! Kristdemokraterna \u00e4r som vanligt p\u00e5 plats f\u00f6r att prata politik, dela ut ballonger och bjuda p\u00e5 popcorn. Denna g\u00e5ng har vi f\u00f6rm\u00e5nen att ocks\u00e5 ha med oss v\u00e5r v\u00e4lk\u00e4nda riksdagsledamot Magnus Oscarsson. Han har under \u00e5ren i riksdagen blivit v\u00e5r fr\u00e4msta talesperson f\u00f6r landsbygdsfr\u00e5gor och har framf\u00f6rallt engagerat sig i b\u00f6ndernas situation. I synnerhet mj\u00f6lkb\u00f6nderna har i Magnus f\u00e5tt en varm f\u00f6respr\u00e5kare. Kom och prata med Magnus Oscarsson och oss \u00f6vriga lokala kristdemokrater som \u00e4r p\u00e5 Vrigstad marknad p\u00e5 l\u00f6rdag!<\/p>\n","protected":false},"excerpt":{"rendered":"<p>L\u00f6rdag 13 maj \u00e4r det dags f\u00f6r den stora v\u00e5rmarknaden i Vrigstad! Kristdemokraterna \u00e4r som vanligt p\u00e5 plats f\u00f6r att prata politik, dela ut ballonger och bjuda p\u00e5 popcorn. Denna g\u00e5ng har vi f\u00f6rm\u00e5nen att ocks\u00e5 ha med oss v\u00e5r v\u00e4lk\u00e4nda riksdagsledamot Magnus Oscarsson. Han har under \u00e5ren i riksdagen blivit v\u00e5r fr\u00e4msta talesperson f\u00f6r <a class=\"read-more-link\" href=\"https:\/\/wp.kristdemokraterna.se\/savsjo\/traffa-magnus-oscarsson-pa-vrigstad-marknad\/\">Read More<\/a><\/p>\n","protected":false},"author":430,"featured_media":1776,"comment_status":"closed","ping_status":"closed","sticky":false,"template":"","format":"standard","meta":{"_acf_changed":false,"footnotes":""},"categories":[1],"tags":[],"class_list":["post-2064","post","type-post","status-publish","format-standard","has-post-thumbnail","hentry","category-okategoriserade"],"acf":[],"yoast_head":"<!-- This site is optimized with the Yoast SEO plugin v27.4 - https:\/\/yoast.com\/product\/yoast-seo-wordpress\/ -->\n<title>Tr\u00e4ffa Magnus Oscarsson p\u00e5 Vrigstad marknad - S\u00e4vsj\u00f6<\/title>\n<meta name=\"robots\" content=\"index, follow, max-snippet:-1, max-image-preview:large, max-video-preview:-1\" \/>\n<link rel=\"canonical\" href=\"https:\/\/wp.kristdemokraterna.se\/savsjo\/traffa-magnus-oscarsson-pa-vrigstad-marknad\/\" \/>\n<meta property=\"og:locale\" content=\"sv_SE\" \/>\n<meta property=\"og:type\" content=\"article\" \/>\n<meta property=\"og:title\" content=\"Tr\u00e4ffa Magnus Oscarsson p\u00e5 Vrigstad marknad - S\u00e4vsj\u00f6\" \/>\n<meta property=\"og:description\" content=\"L\u00f6rdag 13 maj \u00e4r det dags f\u00f6r den stora v\u00e5rmarknaden i Vrigstad! Kristdemokraterna \u00e4r som vanligt p\u00e5 plats f\u00f6r att prata politik, dela ut ballonger och bjuda p\u00e5 popcorn. Denna g\u00e5ng har vi f\u00f6rm\u00e5nen att ocks\u00e5 ha med oss v\u00e5r v\u00e4lk\u00e4nda riksdagsledamot Magnus Oscarsson. Han har under \u00e5ren i riksdagen blivit v\u00e5r fr\u00e4msta talesperson f\u00f6r Read More\" \/>\n<meta property=\"og:url\" content=\"https:\/\/wp.kristdemokraterna.se\/savsjo\/traffa-magnus-oscarsson-pa-vrigstad-marknad\/\" \/>\n<meta property=\"og:site_name\" content=\"S\u00e4vsj\u00f6\" \/>\n<meta property=\"article:published_time\" content=\"2017-04-20T18:40:15+00:00\" \/>\n<meta property=\"article:modified_time\" content=\"2017-05-13T17:50:10+00:00\" \/>\n<meta property=\"og:image\" content=\"https:\/\/wp.kristdemokraterna.se\/savsjo\/files\/2016\/05\/vrigstad-marknad-2016-hemsida.jpg\" \/>\n\t<meta property=\"og:image:width\" content=\"500\" \/>\n\t<meta property=\"og:image:height\" content=\"300\" \/>\n\t<meta property=\"og:image:type\" content=\"image\/jpeg\" \/>\n<meta name=\"author\" content=\"Stefan Gustafsson\" \/>\n<meta name=\"twitter:card\" content=\"summary_large_image\" \/>\n<meta name=\"twitter:label1\" content=\"Skriven av\" \/>\n\t<meta name=\"twitter:data1\" content=\"Stefan Gustafsson\" \/>\n\t<meta name=\"twitter:label2\" content=\"Ber\u00e4knad l\u00e4stid\" \/>\n\t<meta name=\"twitter:data2\" content=\"1 minut\" \/>\n<script type=\"application\/ld+json\" class=\"yoast-schema-graph\">{\"@context\":\"https:\\\/\\\/schema.org\",\"@graph\":[{\"@type\":\"Article\",\"@id\":\"https:\\\/\\\/wp.kristdemokraterna.se\\\/savsjo\\\/traffa-magnus-oscarsson-pa-vrigstad-marknad\\\/#article\",\"isPartOf\":{\"@id\":\"https:\\\/\\\/wp.kristdemokraterna.se\\\/savsjo\\\/traffa-magnus-oscarsson-pa-vrigstad-marknad\\\/\"},\"author\":{\"name\":\"Stefan Gustafsson\",\"@id\":\"https:\\\/\\\/wp.kristdemokraterna.se\\\/savsjo\\\/#\\\/schema\\\/person\\\/66a08fa678592f794fe60a50b249978a\"},\"headline\":\"Tr\u00e4ffa Magnus Oscarsson p\u00e5 Vrigstad marknad\",\"datePublished\":\"2017-04-20T18:40:15+00:00\",\"dateModified\":\"2017-05-13T17:50:10+00:00\",\"mainEntityOfPage\":{\"@id\":\"https:\\\/\\\/wp.kristdemokraterna.se\\\/savsjo\\\/traffa-magnus-oscarsson-pa-vrigstad-marknad\\\/\"},\"wordCount\":120,\"image\":{\"@id\":\"https:\\\/\\\/wp.kristdemokraterna.se\\\/savsjo\\\/traffa-magnus-oscarsson-pa-vrigstad-marknad\\\/#primaryimage\"},\"thumbnailUrl\":\"https:\\\/\\\/wp.kristdemokraterna.se\\\/savsjo\\\/files\\\/2016\\\/05\\\/vrigstad-marknad-2016-hemsida.jpg\",\"inLanguage\":\"sv-SE\"},{\"@type\":\"WebPage\",\"@id\":\"https:\\\/\\\/wp.kristdemokraterna.se\\\/savsjo\\\/traffa-magnus-oscarsson-pa-vrigstad-marknad\\\/\",\"url\":\"https:\\\/\\\/wp.kristdemokraterna.se\\\/savsjo\\\/traffa-magnus-oscarsson-pa-vrigstad-marknad\\\/\",\"name\":\"Tr\u00e4ffa Magnus Oscarsson p\u00e5 Vrigstad marknad - S\u00e4vsj\u00f6\",\"isPartOf\":{\"@id\":\"https:\\\/\\\/wp.kristdemokraterna.se\\\/savsjo\\\/#website\"},\"primaryImageOfPage\":{\"@id\":\"https:\\\/\\\/wp.kristdemokraterna.se\\\/savsjo\\\/traffa-magnus-oscarsson-pa-vrigstad-marknad\\\/#primaryimage\"},\"image\":{\"@id\":\"https:\\\/\\\/wp.kristdemokraterna.se\\\/savsjo\\\/traffa-magnus-oscarsson-pa-vrigstad-marknad\\\/#primaryimage\"},\"thumbnailUrl\":\"https:\\\/\\\/wp.kristdemokraterna.se\\\/savsjo\\\/files\\\/2016\\\/05\\\/vrigstad-marknad-2016-hemsida.jpg\",\"datePublished\":\"2017-04-20T18:40:15+00:00\",\"dateModified\":\"2017-05-13T17:50:10+00:00\",\"author\":{\"@id\":\"https:\\\/\\\/wp.kristdemokraterna.se\\\/savsjo\\\/#\\\/schema\\\/person\\\/66a08fa678592f794fe60a50b249978a\"},\"breadcrumb\":{\"@id\":\"https:\\\/\\\/wp.kristdemokraterna.se\\\/savsjo\\\/traffa-magnus-oscarsson-pa-vrigstad-marknad\\\/#breadcrumb\"},\"inLanguage\":\"sv-SE\",\"potentialAction\":[{\"@type\":\"ReadAction\",\"target\":[\"https:\\\/\\\/wp.kristdemokraterna.se\\\/savsjo\\\/traffa-magnus-oscarsson-pa-vrigstad-marknad\\\/\"]}]},{\"@type\":\"ImageObject\",\"inLanguage\":\"sv-SE\",\"@id\":\"https:\\\/\\\/wp.kristdemokraterna.se\\\/savsjo\\\/traffa-magnus-oscarsson-pa-vrigstad-marknad\\\/#primaryimage\",\"url\":\"https:\\\/\\\/wp.kristdemokraterna.se\\\/savsjo\\\/files\\\/2016\\\/05\\\/vrigstad-marknad-2016-hemsida.jpg\",\"contentUrl\":\"https:\\\/\\\/wp.kristdemokraterna.se\\\/savsjo\\\/files\\\/2016\\\/05\\\/vrigstad-marknad-2016-hemsida.jpg\",\"width\":500,\"height\":300},{\"@type\":\"BreadcrumbList\",\"@id\":\"https:\\\/\\\/wp.kristdemokraterna.se\\\/savsjo\\\/traffa-magnus-oscarsson-pa-vrigstad-marknad\\\/#breadcrumb\",\"itemListElement\":[{\"@type\":\"ListItem\",\"position\":1,\"name\":\"Hem\",\"item\":\"https:\\\/\\\/wp.kristdemokraterna.se\\\/savsjo\\\/\"},{\"@type\":\"ListItem\",\"position\":2,\"name\":\"Tr\u00e4ffa Magnus Oscarsson p\u00e5 Vrigstad marknad\"}]},{\"@type\":\"WebSite\",\"@id\":\"https:\\\/\\\/wp.kristdemokraterna.se\\\/savsjo\\\/#website\",\"url\":\"https:\\\/\\\/wp.kristdemokraterna.se\\\/savsjo\\\/\",\"name\":\"S\u00e4vsj\u00f6\",\"description\":\"\",\"inLanguage\":\"sv-SE\"},{\"@type\":\"Person\",\"@id\":\"https:\\\/\\\/wp.kristdemokraterna.se\\\/savsjo\\\/#\\\/schema\\\/person\\\/66a08fa678592f794fe60a50b249978a\",\"name\":\"Stefan Gustafsson\",\"image\":{\"@type\":\"ImageObject\",\"inLanguage\":\"sv-SE\",\"@id\":\"https:\\\/\\\/secure.gravatar.com\\\/avatar\\\/d183d0fd8830afddde9ab5386edf3b3480a63f1fb3291da52adec75b3b7b6f60?s=96&r=g\",\"url\":\"https:\\\/\\\/secure.gravatar.com\\\/avatar\\\/d183d0fd8830afddde9ab5386edf3b3480a63f1fb3291da52adec75b3b7b6f60?s=96&r=g\",\"contentUrl\":\"https:\\\/\\\/secure.gravatar.com\\\/avatar\\\/d183d0fd8830afddde9ab5386edf3b3480a63f1fb3291da52adec75b3b7b6f60?s=96&r=g\",\"caption\":\"Stefan Gustafsson\"},\"url\":\"https:\\\/\\\/wp.kristdemokraterna.se\\\/savsjo\\\/author\\\/stgu\\\/\"}]}<\/script>\n<!-- \/ Yoast SEO plugin. -->","yoast_head_json":{"title":"Tr\u00e4ffa Magnus Oscarsson p\u00e5 Vrigstad marknad - S\u00e4vsj\u00f6","robots":{"index":"index","follow":"follow","max-snippet":"max-snippet:-1","max-image-preview":"max-image-preview:large","max-video-preview":"max-video-preview:-1"},"canonical":"https:\/\/wp.kristdemokraterna.se\/savsjo\/traffa-magnus-oscarsson-pa-vrigstad-marknad\/","og_locale":"sv_SE","og_type":"article","og_title":"Tr\u00e4ffa Magnus Oscarsson p\u00e5 Vrigstad marknad - S\u00e4vsj\u00f6","og_description":"L\u00f6rdag 13 maj \u00e4r det dags f\u00f6r den stora v\u00e5rmarknaden i Vrigstad! Kristdemokraterna \u00e4r som vanligt p\u00e5 plats f\u00f6r att prata politik, dela ut ballonger och bjuda p\u00e5 popcorn. Denna g\u00e5ng har vi f\u00f6rm\u00e5nen att ocks\u00e5 ha med oss v\u00e5r v\u00e4lk\u00e4nda riksdagsledamot Magnus Oscarsson. Han har under \u00e5ren i riksdagen blivit v\u00e5r fr\u00e4msta talesperson f\u00f6r Read More","og_url":"https:\/\/wp.kristdemokraterna.se\/savsjo\/traffa-magnus-oscarsson-pa-vrigstad-marknad\/","og_site_name":"S\u00e4vsj\u00f6","article_published_time":"2017-04-20T18:40:15+00:00","article_modified_time":"2017-05-13T17:50:10+00:00","og_image":[{"width":500,"height":300,"url":"https:\/\/wp.kristdemokraterna.se\/savsjo\/files\/2016\/05\/vrigstad-marknad-2016-hemsida.jpg","type":"image\/jpeg"}],"author":"Stefan Gustafsson","twitter_card":"summary_large_image","twitter_misc":{"Skriven av":"Stefan Gustafsson","Ber\u00e4knad l\u00e4stid":"1 minut"},"schema":{"@context":"https:\/\/schema.org","@graph":[{"@type":"Article","@id":"https:\/\/wp.kristdemokraterna.se\/savsjo\/traffa-magnus-oscarsson-pa-vrigstad-marknad\/#article","isPartOf":{"@id":"https:\/\/wp.kristdemokraterna.se\/savsjo\/traffa-magnus-oscarsson-pa-vrigstad-marknad\/"},"author":{"name":"Stefan Gustafsson","@id":"https:\/\/wp.kristdemokraterna.se\/savsjo\/#\/schema\/person\/66a08fa678592f794fe60a50b249978a"},"headline":"Tr\u00e4ffa Magnus Oscarsson p\u00e5 Vrigstad marknad","datePublished":"2017-04-20T18:40:15+00:00","dateModified":"2017-05-13T17:50:10+00:00","mainEntityOfPage":{"@id":"https:\/\/wp.kristdemokraterna.se\/savsjo\/traffa-magnus-oscarsson-pa-vrigstad-marknad\/"},"wordCount":120,"image":{"@id":"https:\/\/wp.kristdemokraterna.se\/savsjo\/traffa-magnus-oscarsson-pa-vrigstad-marknad\/#primaryimage"},"thumbnailUrl":"https:\/\/wp.kristdemokraterna.se\/savsjo\/files\/2016\/05\/vrigstad-marknad-2016-hemsida.jpg","inLanguage":"sv-SE"},{"@type":"WebPage","@id":"https:\/\/wp.kristdemokraterna.se\/savsjo\/traffa-magnus-oscarsson-pa-vrigstad-marknad\/","url":"https:\/\/wp.kristdemokraterna.se\/savsjo\/traffa-magnus-oscarsson-pa-vrigstad-marknad\/","name":"Tr\u00e4ffa Magnus Oscarsson p\u00e5 Vrigstad marknad - S\u00e4vsj\u00f6","isPartOf":{"@id":"https:\/\/wp.kristdemokraterna.se\/savsjo\/#website"},"primaryImageOfPage":{"@id":"https:\/\/wp.kristdemokraterna.se\/savsjo\/traffa-magnus-oscarsson-pa-vrigstad-marknad\/#primaryimage"},"image":{"@id":"https:\/\/wp.kristdemokraterna.se\/savsjo\/traffa-magnus-oscarsson-pa-vrigstad-marknad\/#primaryimage"},"thumbnailUrl":"https:\/\/wp.kristdemokraterna.se\/savsjo\/files\/2016\/05\/vrigstad-marknad-2016-hemsida.jpg","datePublished":"2017-04-20T18:40:15+00:00","dateModified":"2017-05-13T17:50:10+00:00","author":{"@id":"https:\/\/wp.kristdemokraterna.se\/savsjo\/#\/schema\/person\/66a08fa678592f794fe60a50b249978a"},"breadcrumb":{"@id":"https:\/\/wp.kristdemokraterna.se\/savsjo\/traffa-magnus-oscarsson-pa-vrigstad-marknad\/#breadcrumb"},"inLanguage":"sv-SE","potentialAction":[{"@type":"ReadAction","target":["https:\/\/wp.kristdemokraterna.se\/savsjo\/traffa-magnus-oscarsson-pa-vrigstad-marknad\/"]}]},{"@type":"ImageObject","inLanguage":"sv-SE","@id":"https:\/\/wp.kristdemokraterna.se\/savsjo\/traffa-magnus-oscarsson-pa-vrigstad-marknad\/#primaryimage","url":"https:\/\/wp.kristdemokraterna.se\/savsjo\/files\/2016\/05\/vrigstad-marknad-2016-hemsida.jpg","contentUrl":"https:\/\/wp.kristdemokraterna.se\/savsjo\/files\/2016\/05\/vrigstad-marknad-2016-hemsida.jpg","width":500,"height":300},{"@type":"BreadcrumbList","@id":"https:\/\/wp.kristdemokraterna.se\/savsjo\/traffa-magnus-oscarsson-pa-vrigstad-marknad\/#breadcrumb","itemListElement":[{"@type":"ListItem","position":1,"name":"Hem","item":"https:\/\/wp.kristdemokraterna.se\/savsjo\/"},{"@type":"ListItem","position":2,"name":"Tr\u00e4ffa Magnus Oscarsson p\u00e5 Vrigstad marknad"}]},{"@type":"WebSite","@id":"https:\/\/wp.kristdemokraterna.se\/savsjo\/#website","url":"https:\/\/wp.kristdemokraterna.se\/savsjo\/","name":"S\u00e4vsj\u00f6","description":"","inLanguage":"sv-SE"},{"@type":"Person","@id":"https:\/\/wp.kristdemokraterna.se\/savsjo\/#\/schema\/person\/66a08fa678592f794fe60a50b249978a","name":"Stefan Gustafsson","image":{"@type":"ImageObject","inLanguage":"sv-SE","@id":"https:\/\/secure.gravatar.com\/avatar\/d183d0fd8830afddde9ab5386edf3b3480a63f1fb3291da52adec75b3b7b6f60?s=96&r=g","url":"https:\/\/secure.gravatar.com\/avatar\/d183d0fd8830afddde9ab5386edf3b3480a63f1fb3291da52adec75b3b7b6f60?s=96&r=g","contentUrl":"https:\/\/secure.gravatar.com\/avatar\/d183d0fd8830afddde9ab5386edf3b3480a63f1fb3291da52adec75b3b7b6f60?s=96&r=g","caption":"Stefan Gustafsson"},"url":"https:\/\/wp.kristdemokraterna.se\/savsjo\/author\/stgu\/"}]}},"_links":{"self":[{"href":"https:\/\/wp.kristdemokraterna.se\/savsjo\/wp-json\/wp\/v2\/posts\/2064","targetHints":{"allow":["GET"]}}],"collection":[{"href":"https:\/\/wp.kristdemokraterna.se\/savsjo\/wp-json\/wp\/v2\/posts"}],"about":[{"href":"https:\/\/wp.kristdemokraterna.se\/savsjo\/wp-json\/wp\/v2\/types\/post"}],"author":[{"embeddable":true,"href":"https:\/\/wp.kristdemokraterna.se\/savsjo\/wp-json\/wp\/v2\/users\/430"}],"replies":[{"embeddable":true,"href":"https:\/\/wp.kristdemokraterna.se\/savsjo\/wp-json\/wp\/v2\/comments?post=2064"}],"version-history":[{"count":1,"href":"https:\/\/wp.kristdemokraterna.se\/savsjo\/wp-json\/wp\/v2\/posts\/2064\/revisions"}],"predecessor-version":[{"id":2065,"href":"https:\/\/wp.kristdemokraterna.se\/savsjo\/wp-json\/wp\/v2\/posts\/2064\/revisions\/2065"}],"wp:featuredmedia":[{"embeddable":true,"href":"https:\/\/wp.kristdemokraterna.se\/savsjo\/wp-json\/wp\/v2\/media\/1776"}],"wp:attachment":[{"href":"https:\/\/wp.kristdemokraterna.se\/savsjo\/wp-json\/wp\/v2\/media?parent=2064"}],"wp:term":[{"taxonomy":"category","embeddable":true,"href":"https:\/\/wp.kristdemokraterna.se\/savsjo\/wp-json\/wp\/v2\/categories?post=2064"},{"taxonomy":"post_tag","embeddable":true,"href":"https:\/\/wp.kristdemokraterna.se\/savsjo\/wp-json\/wp\/v2\/tags?post=2064"}],"curies":[{"name":"wp","href":"https:\/\/api.w.org\/{rel}","templated":true}]}}