{"id":2247,"date":"2017-11-26T20:40:09","date_gmt":"2017-11-26T19:40:09","guid":{"rendered":"http:\/\/wp.kristdemokraterna.se\/savsjo\/?p=2247"},"modified":"2017-11-26T20:54:25","modified_gmt":"2017-11-26T19:54:25","slug":"busstrafik-framgang-pa-konvent","status":"publish","type":"post","link":"https:\/\/wp.kristdemokraterna.se\/savsjo\/busstrafik-framgang-pa-konvent\/","title":{"rendered":"Busstrafik framg\u00e5ng p\u00e5 konvent"},"content":{"rendered":"<p>Ett h\u00e4rligt g\u00e4ng kristdemokrater fr\u00e5n S\u00e4vsj\u00f6 kommun var under l\u00f6rdagen i J\u00f6nk\u00f6ping f\u00f6r att delta i l\u00e4nets H\u00f6stkonvent. M\u00e5nga viktiga diskussioner och beslut kring verksamhetsplan, budget, valsedlar och valprogram ligger nu till grund f\u00f6r kommande val\u00e5r och kampanjarbete. En viktig framg\u00e5ng f\u00f6r S\u00e4vsj\u00f6delegationen var att partikonventet beslutade om att det ska inr\u00e4ttas busstrafik mellan l\u00e4nets sjukhus. Det blev ett helt enigt konvent som beslutade att kollektivtrafiken mellan sjukhusen i V\u00e4rnamo och Eksj\u00f6 ska g\u00e5 via S\u00e4vsj\u00f6\/Vrigstad. Detta kan m\u00f6jligg\u00f6ra pendling f\u00f6r arbete, studier och fritid till V\u00e4rnamo och Eksj\u00f6 och \u00e4r inskrivet i konventets beslut.<br \/>\n<!--more--><br \/>\nN\u00e4r det g\u00e4ller kristdemokraternas valsedlar k\u00e4nns det bra att toppa riksdagslistan med tre starka kandidater: Ebba Busch Thor, Andreas Carlsson och Lars Adaktusson. I landstings\/regionvalet kommer hela h\u00f6glandet ha en gemensam valsedel och d\u00e4r \u00e4r kristdemokraterna i S\u00e4vsj\u00f6 kommun glada \u00f6ver att ha Bengt Swerlander som ny toppkandidat. Med sin erfarenhet, stora engagemang, gedigna ledaregenskaper och det stora f\u00f6rtroende som Bengt har hos m\u00e5nga \u00e4r han en stark kandidat p\u00e5 listan.<\/p>\n<p>Efter en l\u00e5ng dag av f\u00f6rhandlingar s\u00e5 \u00e4r upplevelsen att det \u00e4r mycket bra att det i kristdemokraterna finns ett gott debattklimat, h\u00f6gt i tak och en god atmosf\u00e4r som m\u00f6jligg\u00f6r ett kreativt och framg\u00e5ngsrikt arbete med den politik som kristdemokraterna kommer g\u00e5 till val med.<\/p>\n<p>P\u00e5 fotot syns fr\u00e5n v\u00e4nster: Erika Mallander-Karlsson, Fredrik H\u00e5kansson, Anna-Karin Yngvesson, Anncatrin Ek, Per Danielsson, Benjamin Petersson, Daniel Karlsson<\/p>\n","protected":false},"excerpt":{"rendered":"<p>Ett h\u00e4rligt g\u00e4ng kristdemokrater fr\u00e5n S\u00e4vsj\u00f6 kommun var under l\u00f6rdagen i J\u00f6nk\u00f6ping f\u00f6r att delta i l\u00e4nets H\u00f6stkonvent. M\u00e5nga viktiga diskussioner och beslut kring verksamhetsplan, budget, valsedlar och valprogram ligger nu till grund f\u00f6r kommande val\u00e5r och kampanjarbete. En viktig framg\u00e5ng f\u00f6r S\u00e4vsj\u00f6delegationen var att partikonventet beslutade om att det ska inr\u00e4ttas busstrafik mellan l\u00e4nets <a class=\"read-more-link\" href=\"https:\/\/wp.kristdemokraterna.se\/savsjo\/busstrafik-framgang-pa-konvent\/\">Read More<\/a><\/p>\n","protected":false},"author":430,"featured_media":2248,"comment_status":"closed","ping_status":"closed","sticky":false,"template":"","format":"standard","meta":{"_acf_changed":false,"footnotes":""},"categories":[1],"tags":[],"class_list":["post-2247","post","type-post","status-publish","format-standard","has-post-thumbnail","hentry","category-okategoriserade"],"acf":[],"yoast_head":"<!-- This site is optimized with the Yoast SEO plugin v27.4 - https:\/\/yoast.com\/product\/yoast-seo-wordpress\/ -->\n<title>Busstrafik framg\u00e5ng p\u00e5 konvent - S\u00e4vsj\u00f6<\/title>\n<meta name=\"robots\" content=\"index, follow, max-snippet:-1, max-image-preview:large, max-video-preview:-1\" \/>\n<link rel=\"canonical\" href=\"https:\/\/wp.kristdemokraterna.se\/savsjo\/busstrafik-framgang-pa-konvent\/\" \/>\n<meta property=\"og:locale\" content=\"sv_SE\" \/>\n<meta property=\"og:type\" content=\"article\" \/>\n<meta property=\"og:title\" content=\"Busstrafik framg\u00e5ng p\u00e5 konvent - S\u00e4vsj\u00f6\" \/>\n<meta property=\"og:description\" content=\"Ett h\u00e4rligt g\u00e4ng kristdemokrater fr\u00e5n S\u00e4vsj\u00f6 kommun var under l\u00f6rdagen i J\u00f6nk\u00f6ping f\u00f6r att delta i l\u00e4nets H\u00f6stkonvent. M\u00e5nga viktiga diskussioner och beslut kring verksamhetsplan, budget, valsedlar och valprogram ligger nu till grund f\u00f6r kommande val\u00e5r och kampanjarbete. En viktig framg\u00e5ng f\u00f6r S\u00e4vsj\u00f6delegationen var att partikonventet beslutade om att det ska inr\u00e4ttas busstrafik mellan l\u00e4nets Read More\" \/>\n<meta property=\"og:url\" content=\"https:\/\/wp.kristdemokraterna.se\/savsjo\/busstrafik-framgang-pa-konvent\/\" \/>\n<meta property=\"og:site_name\" content=\"S\u00e4vsj\u00f6\" \/>\n<meta property=\"article:published_time\" content=\"2017-11-26T19:40:09+00:00\" \/>\n<meta property=\"article:modified_time\" content=\"2017-11-26T19:54:25+00:00\" \/>\n<meta property=\"og:image\" content=\"https:\/\/wp.kristdemokraterna.se\/savsjo\/files\/2017\/11\/kd-konvent.jpg\" \/>\n\t<meta property=\"og:image:width\" content=\"500\" \/>\n\t<meta property=\"og:image:height\" content=\"300\" \/>\n\t<meta property=\"og:image:type\" content=\"image\/jpeg\" \/>\n<meta name=\"author\" content=\"Stefan Gustafsson\" \/>\n<meta name=\"twitter:card\" content=\"summary_large_image\" \/>\n<meta name=\"twitter:label1\" content=\"Skriven av\" \/>\n\t<meta name=\"twitter:data1\" content=\"Stefan Gustafsson\" \/>\n\t<meta name=\"twitter:label2\" content=\"Ber\u00e4knad l\u00e4stid\" \/>\n\t<meta name=\"twitter:data2\" content=\"1 minut\" \/>\n<script type=\"application\/ld+json\" class=\"yoast-schema-graph\">{\"@context\":\"https:\\\/\\\/schema.org\",\"@graph\":[{\"@type\":\"Article\",\"@id\":\"https:\\\/\\\/wp.kristdemokraterna.se\\\/savsjo\\\/busstrafik-framgang-pa-konvent\\\/#article\",\"isPartOf\":{\"@id\":\"https:\\\/\\\/wp.kristdemokraterna.se\\\/savsjo\\\/busstrafik-framgang-pa-konvent\\\/\"},\"author\":{\"name\":\"Stefan Gustafsson\",\"@id\":\"https:\\\/\\\/wp.kristdemokraterna.se\\\/savsjo\\\/#\\\/schema\\\/person\\\/66a08fa678592f794fe60a50b249978a\"},\"headline\":\"Busstrafik framg\u00e5ng p\u00e5 konvent\",\"datePublished\":\"2017-11-26T19:40:09+00:00\",\"dateModified\":\"2017-11-26T19:54:25+00:00\",\"mainEntityOfPage\":{\"@id\":\"https:\\\/\\\/wp.kristdemokraterna.se\\\/savsjo\\\/busstrafik-framgang-pa-konvent\\\/\"},\"wordCount\":281,\"image\":{\"@id\":\"https:\\\/\\\/wp.kristdemokraterna.se\\\/savsjo\\\/busstrafik-framgang-pa-konvent\\\/#primaryimage\"},\"thumbnailUrl\":\"https:\\\/\\\/wp.kristdemokraterna.se\\\/savsjo\\\/files\\\/2017\\\/11\\\/kd-konvent.jpg\",\"inLanguage\":\"sv-SE\"},{\"@type\":\"WebPage\",\"@id\":\"https:\\\/\\\/wp.kristdemokraterna.se\\\/savsjo\\\/busstrafik-framgang-pa-konvent\\\/\",\"url\":\"https:\\\/\\\/wp.kristdemokraterna.se\\\/savsjo\\\/busstrafik-framgang-pa-konvent\\\/\",\"name\":\"Busstrafik framg\u00e5ng p\u00e5 konvent - S\u00e4vsj\u00f6\",\"isPartOf\":{\"@id\":\"https:\\\/\\\/wp.kristdemokraterna.se\\\/savsjo\\\/#website\"},\"primaryImageOfPage\":{\"@id\":\"https:\\\/\\\/wp.kristdemokraterna.se\\\/savsjo\\\/busstrafik-framgang-pa-konvent\\\/#primaryimage\"},\"image\":{\"@id\":\"https:\\\/\\\/wp.kristdemokraterna.se\\\/savsjo\\\/busstrafik-framgang-pa-konvent\\\/#primaryimage\"},\"thumbnailUrl\":\"https:\\\/\\\/wp.kristdemokraterna.se\\\/savsjo\\\/files\\\/2017\\\/11\\\/kd-konvent.jpg\",\"datePublished\":\"2017-11-26T19:40:09+00:00\",\"dateModified\":\"2017-11-26T19:54:25+00:00\",\"author\":{\"@id\":\"https:\\\/\\\/wp.kristdemokraterna.se\\\/savsjo\\\/#\\\/schema\\\/person\\\/66a08fa678592f794fe60a50b249978a\"},\"breadcrumb\":{\"@id\":\"https:\\\/\\\/wp.kristdemokraterna.se\\\/savsjo\\\/busstrafik-framgang-pa-konvent\\\/#breadcrumb\"},\"inLanguage\":\"sv-SE\",\"potentialAction\":[{\"@type\":\"ReadAction\",\"target\":[\"https:\\\/\\\/wp.kristdemokraterna.se\\\/savsjo\\\/busstrafik-framgang-pa-konvent\\\/\"]}]},{\"@type\":\"ImageObject\",\"inLanguage\":\"sv-SE\",\"@id\":\"https:\\\/\\\/wp.kristdemokraterna.se\\\/savsjo\\\/busstrafik-framgang-pa-konvent\\\/#primaryimage\",\"url\":\"https:\\\/\\\/wp.kristdemokraterna.se\\\/savsjo\\\/files\\\/2017\\\/11\\\/kd-konvent.jpg\",\"contentUrl\":\"https:\\\/\\\/wp.kristdemokraterna.se\\\/savsjo\\\/files\\\/2017\\\/11\\\/kd-konvent.jpg\",\"width\":500,\"height\":300},{\"@type\":\"BreadcrumbList\",\"@id\":\"https:\\\/\\\/wp.kristdemokraterna.se\\\/savsjo\\\/busstrafik-framgang-pa-konvent\\\/#breadcrumb\",\"itemListElement\":[{\"@type\":\"ListItem\",\"position\":1,\"name\":\"Hem\",\"item\":\"https:\\\/\\\/wp.kristdemokraterna.se\\\/savsjo\\\/\"},{\"@type\":\"ListItem\",\"position\":2,\"name\":\"Busstrafik framg\u00e5ng p\u00e5 konvent\"}]},{\"@type\":\"WebSite\",\"@id\":\"https:\\\/\\\/wp.kristdemokraterna.se\\\/savsjo\\\/#website\",\"url\":\"https:\\\/\\\/wp.kristdemokraterna.se\\\/savsjo\\\/\",\"name\":\"S\u00e4vsj\u00f6\",\"description\":\"\",\"inLanguage\":\"sv-SE\"},{\"@type\":\"Person\",\"@id\":\"https:\\\/\\\/wp.kristdemokraterna.se\\\/savsjo\\\/#\\\/schema\\\/person\\\/66a08fa678592f794fe60a50b249978a\",\"name\":\"Stefan Gustafsson\",\"image\":{\"@type\":\"ImageObject\",\"inLanguage\":\"sv-SE\",\"@id\":\"https:\\\/\\\/secure.gravatar.com\\\/avatar\\\/d183d0fd8830afddde9ab5386edf3b3480a63f1fb3291da52adec75b3b7b6f60?s=96&r=g\",\"url\":\"https:\\\/\\\/secure.gravatar.com\\\/avatar\\\/d183d0fd8830afddde9ab5386edf3b3480a63f1fb3291da52adec75b3b7b6f60?s=96&r=g\",\"contentUrl\":\"https:\\\/\\\/secure.gravatar.com\\\/avatar\\\/d183d0fd8830afddde9ab5386edf3b3480a63f1fb3291da52adec75b3b7b6f60?s=96&r=g\",\"caption\":\"Stefan Gustafsson\"},\"url\":\"https:\\\/\\\/wp.kristdemokraterna.se\\\/savsjo\\\/author\\\/stgu\\\/\"}]}<\/script>\n<!-- \/ Yoast SEO plugin. -->","yoast_head_json":{"title":"Busstrafik framg\u00e5ng p\u00e5 konvent - S\u00e4vsj\u00f6","robots":{"index":"index","follow":"follow","max-snippet":"max-snippet:-1","max-image-preview":"max-image-preview:large","max-video-preview":"max-video-preview:-1"},"canonical":"https:\/\/wp.kristdemokraterna.se\/savsjo\/busstrafik-framgang-pa-konvent\/","og_locale":"sv_SE","og_type":"article","og_title":"Busstrafik framg\u00e5ng p\u00e5 konvent - S\u00e4vsj\u00f6","og_description":"Ett h\u00e4rligt g\u00e4ng kristdemokrater fr\u00e5n S\u00e4vsj\u00f6 kommun var under l\u00f6rdagen i J\u00f6nk\u00f6ping f\u00f6r att delta i l\u00e4nets H\u00f6stkonvent. M\u00e5nga viktiga diskussioner och beslut kring verksamhetsplan, budget, valsedlar och valprogram ligger nu till grund f\u00f6r kommande val\u00e5r och kampanjarbete. En viktig framg\u00e5ng f\u00f6r S\u00e4vsj\u00f6delegationen var att partikonventet beslutade om att det ska inr\u00e4ttas busstrafik mellan l\u00e4nets Read More","og_url":"https:\/\/wp.kristdemokraterna.se\/savsjo\/busstrafik-framgang-pa-konvent\/","og_site_name":"S\u00e4vsj\u00f6","article_published_time":"2017-11-26T19:40:09+00:00","article_modified_time":"2017-11-26T19:54:25+00:00","og_image":[{"width":500,"height":300,"url":"https:\/\/wp.kristdemokraterna.se\/savsjo\/files\/2017\/11\/kd-konvent.jpg","type":"image\/jpeg"}],"author":"Stefan Gustafsson","twitter_card":"summary_large_image","twitter_misc":{"Skriven av":"Stefan Gustafsson","Ber\u00e4knad l\u00e4stid":"1 minut"},"schema":{"@context":"https:\/\/schema.org","@graph":[{"@type":"Article","@id":"https:\/\/wp.kristdemokraterna.se\/savsjo\/busstrafik-framgang-pa-konvent\/#article","isPartOf":{"@id":"https:\/\/wp.kristdemokraterna.se\/savsjo\/busstrafik-framgang-pa-konvent\/"},"author":{"name":"Stefan Gustafsson","@id":"https:\/\/wp.kristdemokraterna.se\/savsjo\/#\/schema\/person\/66a08fa678592f794fe60a50b249978a"},"headline":"Busstrafik framg\u00e5ng p\u00e5 konvent","datePublished":"2017-11-26T19:40:09+00:00","dateModified":"2017-11-26T19:54:25+00:00","mainEntityOfPage":{"@id":"https:\/\/wp.kristdemokraterna.se\/savsjo\/busstrafik-framgang-pa-konvent\/"},"wordCount":281,"image":{"@id":"https:\/\/wp.kristdemokraterna.se\/savsjo\/busstrafik-framgang-pa-konvent\/#primaryimage"},"thumbnailUrl":"https:\/\/wp.kristdemokraterna.se\/savsjo\/files\/2017\/11\/kd-konvent.jpg","inLanguage":"sv-SE"},{"@type":"WebPage","@id":"https:\/\/wp.kristdemokraterna.se\/savsjo\/busstrafik-framgang-pa-konvent\/","url":"https:\/\/wp.kristdemokraterna.se\/savsjo\/busstrafik-framgang-pa-konvent\/","name":"Busstrafik framg\u00e5ng p\u00e5 konvent - S\u00e4vsj\u00f6","isPartOf":{"@id":"https:\/\/wp.kristdemokraterna.se\/savsjo\/#website"},"primaryImageOfPage":{"@id":"https:\/\/wp.kristdemokraterna.se\/savsjo\/busstrafik-framgang-pa-konvent\/#primaryimage"},"image":{"@id":"https:\/\/wp.kristdemokraterna.se\/savsjo\/busstrafik-framgang-pa-konvent\/#primaryimage"},"thumbnailUrl":"https:\/\/wp.kristdemokraterna.se\/savsjo\/files\/2017\/11\/kd-konvent.jpg","datePublished":"2017-11-26T19:40:09+00:00","dateModified":"2017-11-26T19:54:25+00:00","author":{"@id":"https:\/\/wp.kristdemokraterna.se\/savsjo\/#\/schema\/person\/66a08fa678592f794fe60a50b249978a"},"breadcrumb":{"@id":"https:\/\/wp.kristdemokraterna.se\/savsjo\/busstrafik-framgang-pa-konvent\/#breadcrumb"},"inLanguage":"sv-SE","potentialAction":[{"@type":"ReadAction","target":["https:\/\/wp.kristdemokraterna.se\/savsjo\/busstrafik-framgang-pa-konvent\/"]}]},{"@type":"ImageObject","inLanguage":"sv-SE","@id":"https:\/\/wp.kristdemokraterna.se\/savsjo\/busstrafik-framgang-pa-konvent\/#primaryimage","url":"https:\/\/wp.kristdemokraterna.se\/savsjo\/files\/2017\/11\/kd-konvent.jpg","contentUrl":"https:\/\/wp.kristdemokraterna.se\/savsjo\/files\/2017\/11\/kd-konvent.jpg","width":500,"height":300},{"@type":"BreadcrumbList","@id":"https:\/\/wp.kristdemokraterna.se\/savsjo\/busstrafik-framgang-pa-konvent\/#breadcrumb","itemListElement":[{"@type":"ListItem","position":1,"name":"Hem","item":"https:\/\/wp.kristdemokraterna.se\/savsjo\/"},{"@type":"ListItem","position":2,"name":"Busstrafik framg\u00e5ng p\u00e5 konvent"}]},{"@type":"WebSite","@id":"https:\/\/wp.kristdemokraterna.se\/savsjo\/#website","url":"https:\/\/wp.kristdemokraterna.se\/savsjo\/","name":"S\u00e4vsj\u00f6","description":"","inLanguage":"sv-SE"},{"@type":"Person","@id":"https:\/\/wp.kristdemokraterna.se\/savsjo\/#\/schema\/person\/66a08fa678592f794fe60a50b249978a","name":"Stefan Gustafsson","image":{"@type":"ImageObject","inLanguage":"sv-SE","@id":"https:\/\/secure.gravatar.com\/avatar\/d183d0fd8830afddde9ab5386edf3b3480a63f1fb3291da52adec75b3b7b6f60?s=96&r=g","url":"https:\/\/secure.gravatar.com\/avatar\/d183d0fd8830afddde9ab5386edf3b3480a63f1fb3291da52adec75b3b7b6f60?s=96&r=g","contentUrl":"https:\/\/secure.gravatar.com\/avatar\/d183d0fd8830afddde9ab5386edf3b3480a63f1fb3291da52adec75b3b7b6f60?s=96&r=g","caption":"Stefan Gustafsson"},"url":"https:\/\/wp.kristdemokraterna.se\/savsjo\/author\/stgu\/"}]}},"_links":{"self":[{"href":"https:\/\/wp.kristdemokraterna.se\/savsjo\/wp-json\/wp\/v2\/posts\/2247","targetHints":{"allow":["GET"]}}],"collection":[{"href":"https:\/\/wp.kristdemokraterna.se\/savsjo\/wp-json\/wp\/v2\/posts"}],"about":[{"href":"https:\/\/wp.kristdemokraterna.se\/savsjo\/wp-json\/wp\/v2\/types\/post"}],"author":[{"embeddable":true,"href":"https:\/\/wp.kristdemokraterna.se\/savsjo\/wp-json\/wp\/v2\/users\/430"}],"replies":[{"embeddable":true,"href":"https:\/\/wp.kristdemokraterna.se\/savsjo\/wp-json\/wp\/v2\/comments?post=2247"}],"version-history":[{"count":7,"href":"https:\/\/wp.kristdemokraterna.se\/savsjo\/wp-json\/wp\/v2\/posts\/2247\/revisions"}],"predecessor-version":[{"id":2255,"href":"https:\/\/wp.kristdemokraterna.se\/savsjo\/wp-json\/wp\/v2\/posts\/2247\/revisions\/2255"}],"wp:featuredmedia":[{"embeddable":true,"href":"https:\/\/wp.kristdemokraterna.se\/savsjo\/wp-json\/wp\/v2\/media\/2248"}],"wp:attachment":[{"href":"https:\/\/wp.kristdemokraterna.se\/savsjo\/wp-json\/wp\/v2\/media?parent=2247"}],"wp:term":[{"taxonomy":"category","embeddable":true,"href":"https:\/\/wp.kristdemokraterna.se\/savsjo\/wp-json\/wp\/v2\/categories?post=2247"},{"taxonomy":"post_tag","embeddable":true,"href":"https:\/\/wp.kristdemokraterna.se\/savsjo\/wp-json\/wp\/v2\/tags?post=2247"}],"curies":[{"name":"wp","href":"https:\/\/api.w.org\/{rel}","templated":true}]}}