{"id":2503,"date":"2018-05-22T17:38:15","date_gmt":"2018-05-22T15:38:15","guid":{"rendered":"http:\/\/wp.kristdemokraterna.se\/savsjo\/?p=2503"},"modified":"2018-05-22T17:40:12","modified_gmt":"2018-05-22T15:40:12","slug":"2503-2","status":"publish","type":"post","link":"https:\/\/wp.kristdemokraterna.se\/savsjo\/2503-2\/","title":{"rendered":"Proffsigt genomf\u00f6rd Aleholmsdebatt"},"content":{"rendered":"<p>Idag har Kristdemokraterna varit p\u00e5 Aleholmsskolan i S\u00e4vsj\u00f6 och deltagit i en politikdag. Sp\u00e4nnande och roligt att m\u00f6ta elever och personal f\u00f6r att presentera v\u00e5r politik och debattera med en hel rad f\u00f6retr\u00e4dare f\u00f6r olika partier. Roligt att ha representanter fr\u00e5n KDU p\u00e5 plats genom Simon Attefall och Anton Axelsson som var med i debattens hetluft tillsammans med Anna-Karin Yngvesson och Fredrik H\u00e5kansson. Kristdemokraterna var dessutom denna dag det enda partiet i debatterna med f\u00f6retr\u00e4dare fr\u00e5n den lokala politiken S\u00e4vsj\u00f6 kommun.<br \/>\nStort tack till eleverna i \u00e5r 3 p\u00e5 Samh\u00e4llsprogrammet som planerat, f\u00f6rberett och genomf\u00f6rde den h\u00e4r dagen p\u00e5 ett mycket proffsigt s\u00e4tt!<\/p>\n","protected":false},"excerpt":{"rendered":"<p>Idag har Kristdemokraterna varit p\u00e5 Aleholmsskolan i S\u00e4vsj\u00f6 och deltagit i en politikdag. Sp\u00e4nnande och roligt att m\u00f6ta elever och personal f\u00f6r att presentera v\u00e5r politik och debattera med en hel rad f\u00f6retr\u00e4dare f\u00f6r olika partier. Roligt att ha representanter fr\u00e5n KDU p\u00e5 plats genom Simon Attefall och Anton Axelsson som var med i debattens <a class=\"read-more-link\" href=\"https:\/\/wp.kristdemokraterna.se\/savsjo\/2503-2\/\">Read More<\/a><\/p>\n","protected":false},"author":430,"featured_media":2504,"comment_status":"closed","ping_status":"closed","sticky":false,"template":"","format":"standard","meta":{"_acf_changed":false,"footnotes":""},"categories":[1],"tags":[],"class_list":["post-2503","post","type-post","status-publish","format-standard","has-post-thumbnail","hentry","category-okategoriserade"],"acf":[],"yoast_head":"<!-- This site is optimized with the Yoast SEO plugin v27.5 - https:\/\/yoast.com\/product\/yoast-seo-wordpress\/ -->\n<title>Proffsigt genomf\u00f6rd Aleholmsdebatt - S\u00e4vsj\u00f6<\/title>\n<meta name=\"robots\" content=\"index, follow, max-snippet:-1, max-image-preview:large, max-video-preview:-1\" \/>\n<link rel=\"canonical\" href=\"https:\/\/wp.kristdemokraterna.se\/savsjo\/2503-2\/\" \/>\n<meta property=\"og:locale\" content=\"sv_SE\" \/>\n<meta property=\"og:type\" content=\"article\" \/>\n<meta property=\"og:title\" content=\"Proffsigt genomf\u00f6rd Aleholmsdebatt - S\u00e4vsj\u00f6\" \/>\n<meta property=\"og:description\" content=\"Idag har Kristdemokraterna varit p\u00e5 Aleholmsskolan i S\u00e4vsj\u00f6 och deltagit i en politikdag. Sp\u00e4nnande och roligt att m\u00f6ta elever och personal f\u00f6r att presentera v\u00e5r politik och debattera med en hel rad f\u00f6retr\u00e4dare f\u00f6r olika partier. Roligt att ha representanter fr\u00e5n KDU p\u00e5 plats genom Simon Attefall och Anton Axelsson som var med i debattens Read More\" \/>\n<meta property=\"og:url\" content=\"https:\/\/wp.kristdemokraterna.se\/savsjo\/2503-2\/\" \/>\n<meta property=\"og:site_name\" content=\"S\u00e4vsj\u00f6\" \/>\n<meta property=\"article:published_time\" content=\"2018-05-22T15:38:15+00:00\" \/>\n<meta property=\"article:modified_time\" content=\"2018-05-22T15:40:12+00:00\" \/>\n<meta property=\"og:image\" content=\"https:\/\/wp.kristdemokraterna.se\/savsjo\/files\/2018\/05\/kd-aleholmsskolan20180522hemsida.jpg\" \/>\n\t<meta property=\"og:image:width\" content=\"500\" \/>\n\t<meta property=\"og:image:height\" content=\"300\" \/>\n\t<meta property=\"og:image:type\" content=\"image\/jpeg\" \/>\n<meta name=\"author\" content=\"Stefan Gustafsson\" \/>\n<meta name=\"twitter:card\" content=\"summary_large_image\" \/>\n<meta name=\"twitter:label1\" content=\"Skriven av\" \/>\n\t<meta name=\"twitter:data1\" content=\"Stefan Gustafsson\" \/>\n\t<meta name=\"twitter:label2\" content=\"Ber\u00e4knad l\u00e4stid\" \/>\n\t<meta name=\"twitter:data2\" content=\"1 minut\" \/>\n<script type=\"application\/ld+json\" class=\"yoast-schema-graph\">{\"@context\":\"https:\\\/\\\/schema.org\",\"@graph\":[{\"@type\":\"Article\",\"@id\":\"https:\\\/\\\/wp.kristdemokraterna.se\\\/savsjo\\\/2503-2\\\/#article\",\"isPartOf\":{\"@id\":\"https:\\\/\\\/wp.kristdemokraterna.se\\\/savsjo\\\/2503-2\\\/\"},\"author\":{\"name\":\"Stefan Gustafsson\",\"@id\":\"https:\\\/\\\/wp.kristdemokraterna.se\\\/savsjo\\\/#\\\/schema\\\/person\\\/66a08fa678592f794fe60a50b249978a\"},\"headline\":\"Proffsigt genomf\u00f6rd Aleholmsdebatt\",\"datePublished\":\"2018-05-22T15:38:15+00:00\",\"dateModified\":\"2018-05-22T15:40:12+00:00\",\"mainEntityOfPage\":{\"@id\":\"https:\\\/\\\/wp.kristdemokraterna.se\\\/savsjo\\\/2503-2\\\/\"},\"wordCount\":125,\"image\":{\"@id\":\"https:\\\/\\\/wp.kristdemokraterna.se\\\/savsjo\\\/2503-2\\\/#primaryimage\"},\"thumbnailUrl\":\"https:\\\/\\\/wp.kristdemokraterna.se\\\/savsjo\\\/files\\\/2018\\\/05\\\/kd-aleholmsskolan20180522hemsida.jpg\",\"inLanguage\":\"sv-SE\"},{\"@type\":\"WebPage\",\"@id\":\"https:\\\/\\\/wp.kristdemokraterna.se\\\/savsjo\\\/2503-2\\\/\",\"url\":\"https:\\\/\\\/wp.kristdemokraterna.se\\\/savsjo\\\/2503-2\\\/\",\"name\":\"Proffsigt genomf\u00f6rd Aleholmsdebatt - S\u00e4vsj\u00f6\",\"isPartOf\":{\"@id\":\"https:\\\/\\\/wp.kristdemokraterna.se\\\/savsjo\\\/#website\"},\"primaryImageOfPage\":{\"@id\":\"https:\\\/\\\/wp.kristdemokraterna.se\\\/savsjo\\\/2503-2\\\/#primaryimage\"},\"image\":{\"@id\":\"https:\\\/\\\/wp.kristdemokraterna.se\\\/savsjo\\\/2503-2\\\/#primaryimage\"},\"thumbnailUrl\":\"https:\\\/\\\/wp.kristdemokraterna.se\\\/savsjo\\\/files\\\/2018\\\/05\\\/kd-aleholmsskolan20180522hemsida.jpg\",\"datePublished\":\"2018-05-22T15:38:15+00:00\",\"dateModified\":\"2018-05-22T15:40:12+00:00\",\"author\":{\"@id\":\"https:\\\/\\\/wp.kristdemokraterna.se\\\/savsjo\\\/#\\\/schema\\\/person\\\/66a08fa678592f794fe60a50b249978a\"},\"breadcrumb\":{\"@id\":\"https:\\\/\\\/wp.kristdemokraterna.se\\\/savsjo\\\/2503-2\\\/#breadcrumb\"},\"inLanguage\":\"sv-SE\",\"potentialAction\":[{\"@type\":\"ReadAction\",\"target\":[\"https:\\\/\\\/wp.kristdemokraterna.se\\\/savsjo\\\/2503-2\\\/\"]}]},{\"@type\":\"ImageObject\",\"inLanguage\":\"sv-SE\",\"@id\":\"https:\\\/\\\/wp.kristdemokraterna.se\\\/savsjo\\\/2503-2\\\/#primaryimage\",\"url\":\"https:\\\/\\\/wp.kristdemokraterna.se\\\/savsjo\\\/files\\\/2018\\\/05\\\/kd-aleholmsskolan20180522hemsida.jpg\",\"contentUrl\":\"https:\\\/\\\/wp.kristdemokraterna.se\\\/savsjo\\\/files\\\/2018\\\/05\\\/kd-aleholmsskolan20180522hemsida.jpg\",\"width\":500,\"height\":300},{\"@type\":\"BreadcrumbList\",\"@id\":\"https:\\\/\\\/wp.kristdemokraterna.se\\\/savsjo\\\/2503-2\\\/#breadcrumb\",\"itemListElement\":[{\"@type\":\"ListItem\",\"position\":1,\"name\":\"Hem\",\"item\":\"https:\\\/\\\/wp.kristdemokraterna.se\\\/savsjo\\\/\"},{\"@type\":\"ListItem\",\"position\":2,\"name\":\"Proffsigt genomf\u00f6rd Aleholmsdebatt\"}]},{\"@type\":\"WebSite\",\"@id\":\"https:\\\/\\\/wp.kristdemokraterna.se\\\/savsjo\\\/#website\",\"url\":\"https:\\\/\\\/wp.kristdemokraterna.se\\\/savsjo\\\/\",\"name\":\"S\u00e4vsj\u00f6\",\"description\":\"\",\"inLanguage\":\"sv-SE\"},{\"@type\":\"Person\",\"@id\":\"https:\\\/\\\/wp.kristdemokraterna.se\\\/savsjo\\\/#\\\/schema\\\/person\\\/66a08fa678592f794fe60a50b249978a\",\"name\":\"Stefan Gustafsson\",\"image\":{\"@type\":\"ImageObject\",\"inLanguage\":\"sv-SE\",\"@id\":\"https:\\\/\\\/secure.gravatar.com\\\/avatar\\\/d183d0fd8830afddde9ab5386edf3b3480a63f1fb3291da52adec75b3b7b6f60?s=96&r=g\",\"url\":\"https:\\\/\\\/secure.gravatar.com\\\/avatar\\\/d183d0fd8830afddde9ab5386edf3b3480a63f1fb3291da52adec75b3b7b6f60?s=96&r=g\",\"contentUrl\":\"https:\\\/\\\/secure.gravatar.com\\\/avatar\\\/d183d0fd8830afddde9ab5386edf3b3480a63f1fb3291da52adec75b3b7b6f60?s=96&r=g\",\"caption\":\"Stefan Gustafsson\"},\"url\":\"https:\\\/\\\/wp.kristdemokraterna.se\\\/savsjo\\\/author\\\/stgu\\\/\"}]}<\/script>\n<!-- \/ Yoast SEO plugin. -->","yoast_head_json":{"title":"Proffsigt genomf\u00f6rd Aleholmsdebatt - S\u00e4vsj\u00f6","robots":{"index":"index","follow":"follow","max-snippet":"max-snippet:-1","max-image-preview":"max-image-preview:large","max-video-preview":"max-video-preview:-1"},"canonical":"https:\/\/wp.kristdemokraterna.se\/savsjo\/2503-2\/","og_locale":"sv_SE","og_type":"article","og_title":"Proffsigt genomf\u00f6rd Aleholmsdebatt - S\u00e4vsj\u00f6","og_description":"Idag har Kristdemokraterna varit p\u00e5 Aleholmsskolan i S\u00e4vsj\u00f6 och deltagit i en politikdag. Sp\u00e4nnande och roligt att m\u00f6ta elever och personal f\u00f6r att presentera v\u00e5r politik och debattera med en hel rad f\u00f6retr\u00e4dare f\u00f6r olika partier. Roligt att ha representanter fr\u00e5n KDU p\u00e5 plats genom Simon Attefall och Anton Axelsson som var med i debattens Read More","og_url":"https:\/\/wp.kristdemokraterna.se\/savsjo\/2503-2\/","og_site_name":"S\u00e4vsj\u00f6","article_published_time":"2018-05-22T15:38:15+00:00","article_modified_time":"2018-05-22T15:40:12+00:00","og_image":[{"width":500,"height":300,"url":"https:\/\/wp.kristdemokraterna.se\/savsjo\/files\/2018\/05\/kd-aleholmsskolan20180522hemsida.jpg","type":"image\/jpeg"}],"author":"Stefan Gustafsson","twitter_card":"summary_large_image","twitter_misc":{"Skriven av":"Stefan Gustafsson","Ber\u00e4knad l\u00e4stid":"1 minut"},"schema":{"@context":"https:\/\/schema.org","@graph":[{"@type":"Article","@id":"https:\/\/wp.kristdemokraterna.se\/savsjo\/2503-2\/#article","isPartOf":{"@id":"https:\/\/wp.kristdemokraterna.se\/savsjo\/2503-2\/"},"author":{"name":"Stefan Gustafsson","@id":"https:\/\/wp.kristdemokraterna.se\/savsjo\/#\/schema\/person\/66a08fa678592f794fe60a50b249978a"},"headline":"Proffsigt genomf\u00f6rd Aleholmsdebatt","datePublished":"2018-05-22T15:38:15+00:00","dateModified":"2018-05-22T15:40:12+00:00","mainEntityOfPage":{"@id":"https:\/\/wp.kristdemokraterna.se\/savsjo\/2503-2\/"},"wordCount":125,"image":{"@id":"https:\/\/wp.kristdemokraterna.se\/savsjo\/2503-2\/#primaryimage"},"thumbnailUrl":"https:\/\/wp.kristdemokraterna.se\/savsjo\/files\/2018\/05\/kd-aleholmsskolan20180522hemsida.jpg","inLanguage":"sv-SE"},{"@type":"WebPage","@id":"https:\/\/wp.kristdemokraterna.se\/savsjo\/2503-2\/","url":"https:\/\/wp.kristdemokraterna.se\/savsjo\/2503-2\/","name":"Proffsigt genomf\u00f6rd Aleholmsdebatt - S\u00e4vsj\u00f6","isPartOf":{"@id":"https:\/\/wp.kristdemokraterna.se\/savsjo\/#website"},"primaryImageOfPage":{"@id":"https:\/\/wp.kristdemokraterna.se\/savsjo\/2503-2\/#primaryimage"},"image":{"@id":"https:\/\/wp.kristdemokraterna.se\/savsjo\/2503-2\/#primaryimage"},"thumbnailUrl":"https:\/\/wp.kristdemokraterna.se\/savsjo\/files\/2018\/05\/kd-aleholmsskolan20180522hemsida.jpg","datePublished":"2018-05-22T15:38:15+00:00","dateModified":"2018-05-22T15:40:12+00:00","author":{"@id":"https:\/\/wp.kristdemokraterna.se\/savsjo\/#\/schema\/person\/66a08fa678592f794fe60a50b249978a"},"breadcrumb":{"@id":"https:\/\/wp.kristdemokraterna.se\/savsjo\/2503-2\/#breadcrumb"},"inLanguage":"sv-SE","potentialAction":[{"@type":"ReadAction","target":["https:\/\/wp.kristdemokraterna.se\/savsjo\/2503-2\/"]}]},{"@type":"ImageObject","inLanguage":"sv-SE","@id":"https:\/\/wp.kristdemokraterna.se\/savsjo\/2503-2\/#primaryimage","url":"https:\/\/wp.kristdemokraterna.se\/savsjo\/files\/2018\/05\/kd-aleholmsskolan20180522hemsida.jpg","contentUrl":"https:\/\/wp.kristdemokraterna.se\/savsjo\/files\/2018\/05\/kd-aleholmsskolan20180522hemsida.jpg","width":500,"height":300},{"@type":"BreadcrumbList","@id":"https:\/\/wp.kristdemokraterna.se\/savsjo\/2503-2\/#breadcrumb","itemListElement":[{"@type":"ListItem","position":1,"name":"Hem","item":"https:\/\/wp.kristdemokraterna.se\/savsjo\/"},{"@type":"ListItem","position":2,"name":"Proffsigt genomf\u00f6rd Aleholmsdebatt"}]},{"@type":"WebSite","@id":"https:\/\/wp.kristdemokraterna.se\/savsjo\/#website","url":"https:\/\/wp.kristdemokraterna.se\/savsjo\/","name":"S\u00e4vsj\u00f6","description":"","inLanguage":"sv-SE"},{"@type":"Person","@id":"https:\/\/wp.kristdemokraterna.se\/savsjo\/#\/schema\/person\/66a08fa678592f794fe60a50b249978a","name":"Stefan Gustafsson","image":{"@type":"ImageObject","inLanguage":"sv-SE","@id":"https:\/\/secure.gravatar.com\/avatar\/d183d0fd8830afddde9ab5386edf3b3480a63f1fb3291da52adec75b3b7b6f60?s=96&r=g","url":"https:\/\/secure.gravatar.com\/avatar\/d183d0fd8830afddde9ab5386edf3b3480a63f1fb3291da52adec75b3b7b6f60?s=96&r=g","contentUrl":"https:\/\/secure.gravatar.com\/avatar\/d183d0fd8830afddde9ab5386edf3b3480a63f1fb3291da52adec75b3b7b6f60?s=96&r=g","caption":"Stefan Gustafsson"},"url":"https:\/\/wp.kristdemokraterna.se\/savsjo\/author\/stgu\/"}]}},"_links":{"self":[{"href":"https:\/\/wp.kristdemokraterna.se\/savsjo\/wp-json\/wp\/v2\/posts\/2503","targetHints":{"allow":["GET"]}}],"collection":[{"href":"https:\/\/wp.kristdemokraterna.se\/savsjo\/wp-json\/wp\/v2\/posts"}],"about":[{"href":"https:\/\/wp.kristdemokraterna.se\/savsjo\/wp-json\/wp\/v2\/types\/post"}],"author":[{"embeddable":true,"href":"https:\/\/wp.kristdemokraterna.se\/savsjo\/wp-json\/wp\/v2\/users\/430"}],"replies":[{"embeddable":true,"href":"https:\/\/wp.kristdemokraterna.se\/savsjo\/wp-json\/wp\/v2\/comments?post=2503"}],"version-history":[{"count":3,"href":"https:\/\/wp.kristdemokraterna.se\/savsjo\/wp-json\/wp\/v2\/posts\/2503\/revisions"}],"predecessor-version":[{"id":2507,"href":"https:\/\/wp.kristdemokraterna.se\/savsjo\/wp-json\/wp\/v2\/posts\/2503\/revisions\/2507"}],"wp:featuredmedia":[{"embeddable":true,"href":"https:\/\/wp.kristdemokraterna.se\/savsjo\/wp-json\/wp\/v2\/media\/2504"}],"wp:attachment":[{"href":"https:\/\/wp.kristdemokraterna.se\/savsjo\/wp-json\/wp\/v2\/media?parent=2503"}],"wp:term":[{"taxonomy":"category","embeddable":true,"href":"https:\/\/wp.kristdemokraterna.se\/savsjo\/wp-json\/wp\/v2\/categories?post=2503"},{"taxonomy":"post_tag","embeddable":true,"href":"https:\/\/wp.kristdemokraterna.se\/savsjo\/wp-json\/wp\/v2\/tags?post=2503"}],"curies":[{"name":"wp","href":"https:\/\/api.w.org\/{rel}","templated":true}]}}