{"id":2720,"date":"2018-09-05T20:48:26","date_gmt":"2018-09-05T18:48:26","guid":{"rendered":"http:\/\/wp.kristdemokraterna.se\/savsjo\/?p=2720"},"modified":"2018-09-05T20:59:28","modified_gmt":"2018-09-05T18:59:28","slug":"en-vard-att-lita-pa","status":"publish","type":"post","link":"https:\/\/wp.kristdemokraterna.se\/savsjo\/en-vard-att-lita-pa\/","title":{"rendered":"En v\u00e5rd att lita p\u00e5"},"content":{"rendered":"<p>I en debattartikel i tidningen skriver de tre kristdemokraterna Bengt Swerlander, Anna-Karin Yngvesson och Erika Mallander Karlsson om hur viktigt det \u00e4r att vi i S\u00e4vsj\u00f6 kommun och Region J\u00f6nk\u00f6pings l\u00e4n har en v\u00e5rd att lita p\u00e5. De lyfter fram de tre akutsjukhusen och att v\u00e5rden m\u00e5ste bli mer tillg\u00e4nglig. De pekar p\u00e5 att det beh\u00f6ver skapas mer attraktiva arbetsplatser inom v\u00e5rden i S\u00e4vsj\u00f6 kommun och att den demensverksamhet som finns i S\u00e4vsj\u00f6 stad b\u00f6r samlas till ett samlat demensboende.<br \/>\n<a href=\"https:\/\/wp.kristdemokraterna.se\/savsjo\/en-vard-att-lita-pa\/\" target=\"_blank\" rel=\"noopener\">L\u00e4s hela debattartikeln p\u00e5 f\u00f6ljande l\u00e4nk:<\/a><br \/>\n<!--more--><\/p>\n<h1><\/h1>\n<p>&#8212;&#8212;&#8212;&#8212;&#8212;&#8212;&#8212;&#8212;&#8212;<\/p>\n<h1>En v\u00e5rd att lita p\u00e5<\/h1>\n<p>Vid \u00e5rets val \u00e4r v\u00e5rden en av de klart viktigaste fr\u00e5gorna. De olika partierna g\u00f6r sitt b\u00e4sta f\u00f6r att<br \/>\n\u00f6vertyga dig om att f\u00e5 just din r\u00f6st.<\/p>\n<p>I region J\u00f6nk\u00f6pings l\u00e4n har vi tre sjukhus. Under \u00e5ret har r\u00f6ster h\u00f6jts f\u00f6r att bevara sjukhusen<br \/>\nsom akutsjukhus. Allt fler befarar att akutverksamheten kommer att tvingas st\u00e4nga p\u00e5 de<br \/>\nmindre sjukhusen. Detta som ett resultat av den centralisering av verksamhet som genomf\u00f6rts<br \/>\noch p\u00e5 grund av sv\u00e5righet att rekrytera l\u00e4kare och sjuksk\u00f6terskor. De som arbetar n\u00e4rmast<br \/>\npatienterna har mycket erfarenhet och kunskap, men upplever att man inte blir lyssnad till.<br \/>\nKristdemokraternas v\u00e4lf\u00e4rdsl\u00f6fte \u00e4r att h\u00e4lso- och sjukv\u00e5rden ska vara en v\u00e5rd att lita p\u00e5. Den<br \/>\nska h\u00e5lla h\u00f6g kvalitet och ges till hela befolkningen p\u00e5 lika villkor.<\/p>\n<p>Svenskarna har i allm\u00e4nhet en god h\u00e4lsa och v\u00e5ra medicinska insatser ger goda resultat n\u00e4r det<br \/>\ng\u00e4ller behandling av exempelvis cancer och hj\u00e4rtinfarkt. Samtidigt har sjukv\u00e5rden problem med<br \/>\ntillg\u00e4nglighet och kontinuitet. Mycket av de problemen beror p\u00e5 en underdimensionerad<br \/>\nprim\u00e4rv\u00e5rd.<\/p>\n<p>H\u00e4r g\u00e4ller det att politiken kan komma med v\u00e4l genomt\u00e4nkta och underbyggda f\u00f6rslag och v\u00e5gar<br \/>\ngenomf\u00f6ra strukturella reformer. Vi vill arbeta f\u00f6r en utbyggd prim\u00e4rv\u00e5rd med fast<br \/>\nl\u00e4karkontakt, \u00f6ka tillg\u00e4ngligheten och minska k\u00f6erna. Sjukhusen ska fortsatt vara och utvecklas<br \/>\nsom de akutsjukhus de \u00e4r, och centraliseringen av operationer och medicinska insatser ska<br \/>\nendast genomf\u00f6ras d\u00e4r det verkligen kr\u00e4vs. Patienterna ska kunna beredas en v\u00e5rdplats n\u00e4r s\u00e5<br \/>\nbeh\u00f6vs. Vi vill visa lyh\u00f6rdhet gentemot professionen och v\u00e5ga ta de beslut som s\u00e4tter patienten<br \/>\nf\u00f6re systemet, vilket \u00e4r f\u00f6ruts\u00e4ttningen f\u00f6r att framtidens v\u00e5rd ska vara en v\u00e5rd att lita p\u00e5.<br \/>\nI S\u00e4vsj\u00f6 kommun har vi mycket att vara tacksamma f\u00f6r. V\u00e5ra v\u00e5rdcentraler fungerar v\u00e4l. Vi har<br \/>\nen \u00e4ldreomsorg som f\u00e5r h\u00f6ga betyg i nationella m\u00e4tningar, och d\u00e4r personalen g\u00f6r mycket goda<br \/>\narbetsinsatser. Det finns tillg\u00e4ngliga v\u00e5rdboenden och korttidsboenden f\u00f6r \u00e4ldre n\u00e4r s\u00e5 beh\u00f6vs.<br \/>\nVi har en v\u00e4l fungerande hemtj\u00e4nst.<\/p>\n<p>D\u00e4rmed inte sagt att vi kan sl\u00e5 oss till ro. Det finns m\u00e5nga utmaningar att arbeta med. En \u00e4r<br \/>\n\u00f6verg\u00e5ngen f\u00f6r patienter som v\u00e5rdats p\u00e5 sjukhus och sedan beh\u00f6ver fortsatt v\u00e5rd i hemmet.<br \/>\nI S\u00e4vsj\u00f6 kommun har vi under \u00e5ret tagit beslut om en ny \u00e4ldreplan, \u201dLivslust- hela Livet\u201d, och<br \/>\nutifr\u00e5n den vill vi skapa ett demenscenter, bygga ut boenden f\u00f6r \u00e4ldre p\u00e5 olika niv\u00e5er och g\u00f6ra<br \/>\nv\u00e5rden till en attraktiv arbetsplats. Detta vill vi arbeta f\u00f6r under kommande mandatperiod.<br \/>\nD\u00e4rf\u00f6r beh\u00f6ver vi din r\u00f6st.<\/p>\n<p>F\u00f6r kristdemokraterna i S\u00e4vsj\u00f6 kommun<\/p>\n<p>Bengt Swerlander,\u00a0 Anna-Karin Yngvesson,\u00a0 Erika Mallander Karlsson<\/p>\n","protected":false},"excerpt":{"rendered":"<p>I en debattartikel i tidningen skriver de tre kristdemokraterna Bengt Swerlander, Anna-Karin Yngvesson och Erika Mallander Karlsson om hur viktigt det \u00e4r att vi i S\u00e4vsj\u00f6 kommun och Region J\u00f6nk\u00f6pings l\u00e4n har en v\u00e5rd att lita p\u00e5. De lyfter fram de tre akutsjukhusen och att v\u00e5rden m\u00e5ste bli mer tillg\u00e4nglig. De pekar p\u00e5 att det <a class=\"read-more-link\" href=\"https:\/\/wp.kristdemokraterna.se\/savsjo\/en-vard-att-lita-pa\/\">Read More<\/a><\/p>\n","protected":false},"author":430,"featured_media":2722,"comment_status":"closed","ping_status":"closed","sticky":false,"template":"","format":"standard","meta":{"_acf_changed":false,"footnotes":""},"categories":[1],"tags":[],"class_list":["post-2720","post","type-post","status-publish","format-standard","has-post-thumbnail","hentry","category-okategoriserade"],"acf":[],"yoast_head":"<!-- This site is optimized with the Yoast SEO plugin v27.4 - https:\/\/yoast.com\/product\/yoast-seo-wordpress\/ -->\n<title>En v\u00e5rd att lita p\u00e5 - S\u00e4vsj\u00f6<\/title>\n<meta name=\"robots\" content=\"index, follow, max-snippet:-1, max-image-preview:large, max-video-preview:-1\" \/>\n<link rel=\"canonical\" href=\"https:\/\/wp.kristdemokraterna.se\/savsjo\/en-vard-att-lita-pa\/\" \/>\n<meta property=\"og:locale\" content=\"sv_SE\" \/>\n<meta property=\"og:type\" content=\"article\" \/>\n<meta property=\"og:title\" content=\"En v\u00e5rd att lita p\u00e5 - S\u00e4vsj\u00f6\" \/>\n<meta property=\"og:description\" content=\"I en debattartikel i tidningen skriver de tre kristdemokraterna Bengt Swerlander, Anna-Karin Yngvesson och Erika Mallander Karlsson om hur viktigt det \u00e4r att vi i S\u00e4vsj\u00f6 kommun och Region J\u00f6nk\u00f6pings l\u00e4n har en v\u00e5rd att lita p\u00e5. De lyfter fram de tre akutsjukhusen och att v\u00e5rden m\u00e5ste bli mer tillg\u00e4nglig. De pekar p\u00e5 att det Read More\" \/>\n<meta property=\"og:url\" content=\"https:\/\/wp.kristdemokraterna.se\/savsjo\/en-vard-att-lita-pa\/\" \/>\n<meta property=\"og:site_name\" content=\"S\u00e4vsj\u00f6\" \/>\n<meta property=\"article:published_time\" content=\"2018-09-05T18:48:26+00:00\" \/>\n<meta property=\"article:modified_time\" content=\"2018-09-05T18:59:28+00:00\" \/>\n<meta property=\"og:image\" content=\"https:\/\/wp.kristdemokraterna.se\/savsjo\/files\/2018\/09\/bengt-erika-anna-karin.jpg\" \/>\n\t<meta property=\"og:image:width\" content=\"500\" \/>\n\t<meta property=\"og:image:height\" content=\"300\" \/>\n\t<meta property=\"og:image:type\" content=\"image\/jpeg\" \/>\n<meta name=\"author\" content=\"Stefan Gustafsson\" \/>\n<meta name=\"twitter:card\" content=\"summary_large_image\" \/>\n<meta name=\"twitter:label1\" content=\"Skriven av\" \/>\n\t<meta name=\"twitter:data1\" content=\"Stefan Gustafsson\" \/>\n\t<meta name=\"twitter:label2\" content=\"Ber\u00e4knad l\u00e4stid\" \/>\n\t<meta name=\"twitter:data2\" content=\"3 minuter\" \/>\n<script type=\"application\/ld+json\" class=\"yoast-schema-graph\">{\"@context\":\"https:\\\/\\\/schema.org\",\"@graph\":[{\"@type\":\"Article\",\"@id\":\"https:\\\/\\\/wp.kristdemokraterna.se\\\/savsjo\\\/en-vard-att-lita-pa\\\/#article\",\"isPartOf\":{\"@id\":\"https:\\\/\\\/wp.kristdemokraterna.se\\\/savsjo\\\/en-vard-att-lita-pa\\\/\"},\"author\":{\"name\":\"Stefan Gustafsson\",\"@id\":\"https:\\\/\\\/wp.kristdemokraterna.se\\\/savsjo\\\/#\\\/schema\\\/person\\\/66a08fa678592f794fe60a50b249978a\"},\"headline\":\"En v\u00e5rd att lita p\u00e5\",\"datePublished\":\"2018-09-05T18:48:26+00:00\",\"dateModified\":\"2018-09-05T18:59:28+00:00\",\"mainEntityOfPage\":{\"@id\":\"https:\\\/\\\/wp.kristdemokraterna.se\\\/savsjo\\\/en-vard-att-lita-pa\\\/\"},\"wordCount\":624,\"image\":{\"@id\":\"https:\\\/\\\/wp.kristdemokraterna.se\\\/savsjo\\\/en-vard-att-lita-pa\\\/#primaryimage\"},\"thumbnailUrl\":\"https:\\\/\\\/wp.kristdemokraterna.se\\\/savsjo\\\/files\\\/2018\\\/09\\\/bengt-erika-anna-karin.jpg\",\"inLanguage\":\"sv-SE\"},{\"@type\":\"WebPage\",\"@id\":\"https:\\\/\\\/wp.kristdemokraterna.se\\\/savsjo\\\/en-vard-att-lita-pa\\\/\",\"url\":\"https:\\\/\\\/wp.kristdemokraterna.se\\\/savsjo\\\/en-vard-att-lita-pa\\\/\",\"name\":\"En v\u00e5rd att lita p\u00e5 - S\u00e4vsj\u00f6\",\"isPartOf\":{\"@id\":\"https:\\\/\\\/wp.kristdemokraterna.se\\\/savsjo\\\/#website\"},\"primaryImageOfPage\":{\"@id\":\"https:\\\/\\\/wp.kristdemokraterna.se\\\/savsjo\\\/en-vard-att-lita-pa\\\/#primaryimage\"},\"image\":{\"@id\":\"https:\\\/\\\/wp.kristdemokraterna.se\\\/savsjo\\\/en-vard-att-lita-pa\\\/#primaryimage\"},\"thumbnailUrl\":\"https:\\\/\\\/wp.kristdemokraterna.se\\\/savsjo\\\/files\\\/2018\\\/09\\\/bengt-erika-anna-karin.jpg\",\"datePublished\":\"2018-09-05T18:48:26+00:00\",\"dateModified\":\"2018-09-05T18:59:28+00:00\",\"author\":{\"@id\":\"https:\\\/\\\/wp.kristdemokraterna.se\\\/savsjo\\\/#\\\/schema\\\/person\\\/66a08fa678592f794fe60a50b249978a\"},\"breadcrumb\":{\"@id\":\"https:\\\/\\\/wp.kristdemokraterna.se\\\/savsjo\\\/en-vard-att-lita-pa\\\/#breadcrumb\"},\"inLanguage\":\"sv-SE\",\"potentialAction\":[{\"@type\":\"ReadAction\",\"target\":[\"https:\\\/\\\/wp.kristdemokraterna.se\\\/savsjo\\\/en-vard-att-lita-pa\\\/\"]}]},{\"@type\":\"ImageObject\",\"inLanguage\":\"sv-SE\",\"@id\":\"https:\\\/\\\/wp.kristdemokraterna.se\\\/savsjo\\\/en-vard-att-lita-pa\\\/#primaryimage\",\"url\":\"https:\\\/\\\/wp.kristdemokraterna.se\\\/savsjo\\\/files\\\/2018\\\/09\\\/bengt-erika-anna-karin.jpg\",\"contentUrl\":\"https:\\\/\\\/wp.kristdemokraterna.se\\\/savsjo\\\/files\\\/2018\\\/09\\\/bengt-erika-anna-karin.jpg\",\"width\":500,\"height\":300},{\"@type\":\"BreadcrumbList\",\"@id\":\"https:\\\/\\\/wp.kristdemokraterna.se\\\/savsjo\\\/en-vard-att-lita-pa\\\/#breadcrumb\",\"itemListElement\":[{\"@type\":\"ListItem\",\"position\":1,\"name\":\"Hem\",\"item\":\"https:\\\/\\\/wp.kristdemokraterna.se\\\/savsjo\\\/\"},{\"@type\":\"ListItem\",\"position\":2,\"name\":\"En v\u00e5rd att lita p\u00e5\"}]},{\"@type\":\"WebSite\",\"@id\":\"https:\\\/\\\/wp.kristdemokraterna.se\\\/savsjo\\\/#website\",\"url\":\"https:\\\/\\\/wp.kristdemokraterna.se\\\/savsjo\\\/\",\"name\":\"S\u00e4vsj\u00f6\",\"description\":\"\",\"inLanguage\":\"sv-SE\"},{\"@type\":\"Person\",\"@id\":\"https:\\\/\\\/wp.kristdemokraterna.se\\\/savsjo\\\/#\\\/schema\\\/person\\\/66a08fa678592f794fe60a50b249978a\",\"name\":\"Stefan Gustafsson\",\"image\":{\"@type\":\"ImageObject\",\"inLanguage\":\"sv-SE\",\"@id\":\"https:\\\/\\\/secure.gravatar.com\\\/avatar\\\/d183d0fd8830afddde9ab5386edf3b3480a63f1fb3291da52adec75b3b7b6f60?s=96&r=g\",\"url\":\"https:\\\/\\\/secure.gravatar.com\\\/avatar\\\/d183d0fd8830afddde9ab5386edf3b3480a63f1fb3291da52adec75b3b7b6f60?s=96&r=g\",\"contentUrl\":\"https:\\\/\\\/secure.gravatar.com\\\/avatar\\\/d183d0fd8830afddde9ab5386edf3b3480a63f1fb3291da52adec75b3b7b6f60?s=96&r=g\",\"caption\":\"Stefan Gustafsson\"},\"url\":\"https:\\\/\\\/wp.kristdemokraterna.se\\\/savsjo\\\/author\\\/stgu\\\/\"}]}<\/script>\n<!-- \/ Yoast SEO plugin. -->","yoast_head_json":{"title":"En v\u00e5rd att lita p\u00e5 - S\u00e4vsj\u00f6","robots":{"index":"index","follow":"follow","max-snippet":"max-snippet:-1","max-image-preview":"max-image-preview:large","max-video-preview":"max-video-preview:-1"},"canonical":"https:\/\/wp.kristdemokraterna.se\/savsjo\/en-vard-att-lita-pa\/","og_locale":"sv_SE","og_type":"article","og_title":"En v\u00e5rd att lita p\u00e5 - S\u00e4vsj\u00f6","og_description":"I en debattartikel i tidningen skriver de tre kristdemokraterna Bengt Swerlander, Anna-Karin Yngvesson och Erika Mallander Karlsson om hur viktigt det \u00e4r att vi i S\u00e4vsj\u00f6 kommun och Region J\u00f6nk\u00f6pings l\u00e4n har en v\u00e5rd att lita p\u00e5. De lyfter fram de tre akutsjukhusen och att v\u00e5rden m\u00e5ste bli mer tillg\u00e4nglig. De pekar p\u00e5 att det Read More","og_url":"https:\/\/wp.kristdemokraterna.se\/savsjo\/en-vard-att-lita-pa\/","og_site_name":"S\u00e4vsj\u00f6","article_published_time":"2018-09-05T18:48:26+00:00","article_modified_time":"2018-09-05T18:59:28+00:00","og_image":[{"width":500,"height":300,"url":"https:\/\/wp.kristdemokraterna.se\/savsjo\/files\/2018\/09\/bengt-erika-anna-karin.jpg","type":"image\/jpeg"}],"author":"Stefan Gustafsson","twitter_card":"summary_large_image","twitter_misc":{"Skriven av":"Stefan Gustafsson","Ber\u00e4knad l\u00e4stid":"3 minuter"},"schema":{"@context":"https:\/\/schema.org","@graph":[{"@type":"Article","@id":"https:\/\/wp.kristdemokraterna.se\/savsjo\/en-vard-att-lita-pa\/#article","isPartOf":{"@id":"https:\/\/wp.kristdemokraterna.se\/savsjo\/en-vard-att-lita-pa\/"},"author":{"name":"Stefan Gustafsson","@id":"https:\/\/wp.kristdemokraterna.se\/savsjo\/#\/schema\/person\/66a08fa678592f794fe60a50b249978a"},"headline":"En v\u00e5rd att lita p\u00e5","datePublished":"2018-09-05T18:48:26+00:00","dateModified":"2018-09-05T18:59:28+00:00","mainEntityOfPage":{"@id":"https:\/\/wp.kristdemokraterna.se\/savsjo\/en-vard-att-lita-pa\/"},"wordCount":624,"image":{"@id":"https:\/\/wp.kristdemokraterna.se\/savsjo\/en-vard-att-lita-pa\/#primaryimage"},"thumbnailUrl":"https:\/\/wp.kristdemokraterna.se\/savsjo\/files\/2018\/09\/bengt-erika-anna-karin.jpg","inLanguage":"sv-SE"},{"@type":"WebPage","@id":"https:\/\/wp.kristdemokraterna.se\/savsjo\/en-vard-att-lita-pa\/","url":"https:\/\/wp.kristdemokraterna.se\/savsjo\/en-vard-att-lita-pa\/","name":"En v\u00e5rd att lita p\u00e5 - S\u00e4vsj\u00f6","isPartOf":{"@id":"https:\/\/wp.kristdemokraterna.se\/savsjo\/#website"},"primaryImageOfPage":{"@id":"https:\/\/wp.kristdemokraterna.se\/savsjo\/en-vard-att-lita-pa\/#primaryimage"},"image":{"@id":"https:\/\/wp.kristdemokraterna.se\/savsjo\/en-vard-att-lita-pa\/#primaryimage"},"thumbnailUrl":"https:\/\/wp.kristdemokraterna.se\/savsjo\/files\/2018\/09\/bengt-erika-anna-karin.jpg","datePublished":"2018-09-05T18:48:26+00:00","dateModified":"2018-09-05T18:59:28+00:00","author":{"@id":"https:\/\/wp.kristdemokraterna.se\/savsjo\/#\/schema\/person\/66a08fa678592f794fe60a50b249978a"},"breadcrumb":{"@id":"https:\/\/wp.kristdemokraterna.se\/savsjo\/en-vard-att-lita-pa\/#breadcrumb"},"inLanguage":"sv-SE","potentialAction":[{"@type":"ReadAction","target":["https:\/\/wp.kristdemokraterna.se\/savsjo\/en-vard-att-lita-pa\/"]}]},{"@type":"ImageObject","inLanguage":"sv-SE","@id":"https:\/\/wp.kristdemokraterna.se\/savsjo\/en-vard-att-lita-pa\/#primaryimage","url":"https:\/\/wp.kristdemokraterna.se\/savsjo\/files\/2018\/09\/bengt-erika-anna-karin.jpg","contentUrl":"https:\/\/wp.kristdemokraterna.se\/savsjo\/files\/2018\/09\/bengt-erika-anna-karin.jpg","width":500,"height":300},{"@type":"BreadcrumbList","@id":"https:\/\/wp.kristdemokraterna.se\/savsjo\/en-vard-att-lita-pa\/#breadcrumb","itemListElement":[{"@type":"ListItem","position":1,"name":"Hem","item":"https:\/\/wp.kristdemokraterna.se\/savsjo\/"},{"@type":"ListItem","position":2,"name":"En v\u00e5rd att lita p\u00e5"}]},{"@type":"WebSite","@id":"https:\/\/wp.kristdemokraterna.se\/savsjo\/#website","url":"https:\/\/wp.kristdemokraterna.se\/savsjo\/","name":"S\u00e4vsj\u00f6","description":"","inLanguage":"sv-SE"},{"@type":"Person","@id":"https:\/\/wp.kristdemokraterna.se\/savsjo\/#\/schema\/person\/66a08fa678592f794fe60a50b249978a","name":"Stefan Gustafsson","image":{"@type":"ImageObject","inLanguage":"sv-SE","@id":"https:\/\/secure.gravatar.com\/avatar\/d183d0fd8830afddde9ab5386edf3b3480a63f1fb3291da52adec75b3b7b6f60?s=96&r=g","url":"https:\/\/secure.gravatar.com\/avatar\/d183d0fd8830afddde9ab5386edf3b3480a63f1fb3291da52adec75b3b7b6f60?s=96&r=g","contentUrl":"https:\/\/secure.gravatar.com\/avatar\/d183d0fd8830afddde9ab5386edf3b3480a63f1fb3291da52adec75b3b7b6f60?s=96&r=g","caption":"Stefan Gustafsson"},"url":"https:\/\/wp.kristdemokraterna.se\/savsjo\/author\/stgu\/"}]}},"_links":{"self":[{"href":"https:\/\/wp.kristdemokraterna.se\/savsjo\/wp-json\/wp\/v2\/posts\/2720","targetHints":{"allow":["GET"]}}],"collection":[{"href":"https:\/\/wp.kristdemokraterna.se\/savsjo\/wp-json\/wp\/v2\/posts"}],"about":[{"href":"https:\/\/wp.kristdemokraterna.se\/savsjo\/wp-json\/wp\/v2\/types\/post"}],"author":[{"embeddable":true,"href":"https:\/\/wp.kristdemokraterna.se\/savsjo\/wp-json\/wp\/v2\/users\/430"}],"replies":[{"embeddable":true,"href":"https:\/\/wp.kristdemokraterna.se\/savsjo\/wp-json\/wp\/v2\/comments?post=2720"}],"version-history":[{"count":7,"href":"https:\/\/wp.kristdemokraterna.se\/savsjo\/wp-json\/wp\/v2\/posts\/2720\/revisions"}],"predecessor-version":[{"id":2728,"href":"https:\/\/wp.kristdemokraterna.se\/savsjo\/wp-json\/wp\/v2\/posts\/2720\/revisions\/2728"}],"wp:featuredmedia":[{"embeddable":true,"href":"https:\/\/wp.kristdemokraterna.se\/savsjo\/wp-json\/wp\/v2\/media\/2722"}],"wp:attachment":[{"href":"https:\/\/wp.kristdemokraterna.se\/savsjo\/wp-json\/wp\/v2\/media?parent=2720"}],"wp:term":[{"taxonomy":"category","embeddable":true,"href":"https:\/\/wp.kristdemokraterna.se\/savsjo\/wp-json\/wp\/v2\/categories?post=2720"},{"taxonomy":"post_tag","embeddable":true,"href":"https:\/\/wp.kristdemokraterna.se\/savsjo\/wp-json\/wp\/v2\/tags?post=2720"}],"curies":[{"name":"wp","href":"https:\/\/api.w.org\/{rel}","templated":true}]}}