{"id":2742,"date":"2018-09-07T14:02:33","date_gmt":"2018-09-07T12:02:33","guid":{"rendered":"http:\/\/wp.kristdemokraterna.se\/savsjo\/?p=2742"},"modified":"2018-09-08T17:27:51","modified_gmt":"2018-09-08T15:27:51","slug":"kollektivtrafiken-maste-komma-pa-ratta-vagar","status":"publish","type":"post","link":"https:\/\/wp.kristdemokraterna.se\/savsjo\/kollektivtrafiken-maste-komma-pa-ratta-vagar\/","title":{"rendered":"Kollektivtrafiken m\u00e5ste komma p\u00e5 r\u00e4tta v\u00e4gar"},"content":{"rendered":"<p>Benjamin Petersson v\u00e5r yngsta kandidat i kommun valet har tillsammans med Bengt Swerlander H\u00f6glandskandidat till\u00a0 regionvalet skrivit\u00a0 en bra debattartikel om kollektivtrafik. B\u00e5da bor i Vrigstad och lyfter fram hur viktigt det \u00e4r att l\u00e4nstrafiken nu ser till att f\u00e5 ig\u00e5ng en b\u00e4ttre kollektivtrafik. Bussar till V\u00e4rnamo saknas helt och det \u00e4r bristf\u00e4lligt till Eksj\u00f6. Det finns inte heller en fungerande kollektivtrafik p\u00e5 kv\u00e4llar och helger. Om de f\u00e5r st\u00f6d i valet s\u00e5 vill de jobba f\u00f6r att &#8221;Du ska kunna lita p\u00e5 kollektivtrafiken.&#8221;<\/p>\n<p>L\u00e4s hela debattartikeln p\u00e5 denna l\u00e4nk:<br \/>\n<!--more--><\/p>\n<h1>Kollektivtrafiken m\u00e5ste komma p\u00e5 r\u00e4tta v\u00e4gar<\/h1>\n<p>Kollektivtrafik handlar om kommunikationer med buss och t\u00e5g men idag f\u00e5r man allt f\u00f6r ofta uppfattningen att kollektivtrafiken \u00e4r ute och cyklar. Det g\u00e5r inga bussar fr\u00e5n S\u00e4vsj\u00f6 kommun till V\u00e4rnamo, inte heller till J\u00f6nk\u00f6ping p\u00e5 kv\u00e4llar och helger. Busslinje efter busslinje dras in. T\u00e5g blir st\u00e4ndigt inst\u00e4llda och ers\u00e4ttningstrafiken \u00e4r bristf\u00e4llig. Resen\u00e4rerna som drabbas f\u00e5r dessutom informationen om inst\u00e4llda t\u00e5g alldeles f\u00f6r sent. Det h\u00e4r duger inte. Det kr\u00e4vs en politisk vilja till f\u00f6r\u00e4ndring f\u00f6r en v\u00e4l utbyggd och fungerande kollektivtrafik som kommer alla till dels, \u00e4ven p\u00e5 sm\u00e5 orter.<\/p>\n<p>Varje dag pendlar hundratals inv\u00e5nare fr\u00e5n v\u00e5r kommun f\u00f6r att arbeta eller studera i grannkommunerna. V\u00e4rnamo \u00e4r ett s\u00e5dant exempel. F\u00f6r m\u00e5nga Vrigstadbor \u00e4r ocks\u00e5 V\u00e4rnamo f\u00f6rstavalet vid sjukdom. Trots detta finns allts\u00e5 idag inte en enda busslinje dit fr\u00e5n H\u00f6glandet och S\u00e4vsj\u00f6 kommun. Detta g\u00e5r helt emot det regionbeslut som tagits om att det ska finnas kommunikationer mellan alla kommuncentra med \u00f6ver 2500 inv\u00e5nare. Samtidigt utvecklas och ut\u00f6kas stadstrafiken f\u00f6r dem inne i st\u00e4derna. Visionen om ett l\u00e4n som h\u00e5ller ihop verkar vara l\u00e5ngt borta.<\/p>\n<p>En v\u00e4l utbyggd och fungerande kollektivtrafik \u00e4r en f\u00f6ruts\u00e4ttning f\u00f6r att g\u00f6ra v\u00e5r kommun attraktiv. Att g\u00f6ra det l\u00e4ttare att ta sig fr\u00e5n kommunen kan, paradoxalt nog, f\u00e5 fler att stanna i kommunen eller till och med flytta hit. Genom att m\u00f6jligg\u00f6ra arbetspendling och d\u00e4rmed f\u00e5 till en b\u00e4ttre kompetensf\u00f6rs\u00f6rjning s\u00e5 st\u00e4rks n\u00e4ringslivet. \u00c4ven v\u00e5ra kommunala verksamheter, s\u00e5som skola och \u00e4ldreomsorg, f\u00e5r st\u00f6rre tillg\u00e5ng p\u00e5 utbildad personal. P\u00e5 s\u00e5 s\u00e4tt kan kvaliteten uppr\u00e4tth\u00e5llas och f\u00f6rb\u00e4ttras. Goda kommunikationer ger ocks\u00e5 b\u00e4ttre f\u00f6ruts\u00e4ttningar till b\u00e5de studier och ett rikt fritidsliv. Kollektivtrafiken \u00e4r en nyckel f\u00f6r att v\u00e5r kommun ska forts\u00e4tta att vara en bra kommun att v\u00e4xa upp i, leva i och \u00e5ldras i.<\/p>\n<p>Eftersom alternativet till bussen ofta \u00e4r bilen s\u00e5 \u00e4r kollektivtrafiken ocks\u00e5 en n\u00f6dv\u00e4ndighet f\u00f6r ett h\u00e5llbart samh\u00e4lle d\u00e4r vi v\u00e4rnar om milj\u00f6n.<\/p>\n<p>N\u00e4r busslinje efter busslinje dras in, n\u00e4r v\u00e4sentliga f\u00f6rbindelser helt saknas och n\u00e4r t\u00e5gen sviker resen\u00e4rerna, d\u00e5 \u00e4r kollektivtrafiken p\u00e5 v\u00e4g \u00e5t fel h\u00e5ll. Kristdemokraterna vill n\u00e4sta mandatperiod jobba f\u00f6r att kollektivtrafiken kommer p\u00e5 r\u00e4tta v\u00e4gar. Att det ska g\u00e5 bussar till s\u00e5v\u00e4l V\u00e4rnamo som Eksj\u00f6 fr\u00e5n S\u00e4vsj\u00f6 kommun, att det ska g\u00e5 bussar till J\u00f6nk\u00f6ping p\u00e5 kv\u00e4llar och helger samt att t\u00e5gtrafiken blir mer p\u00e5litlig. Med en r\u00f6st p\u00e5 Kristdemokraterna kan detta bli en verklighet. Du ska kunna lita p\u00e5 kollektivtrafiken.<\/p>\n<p>Benjamin Petersson, Vrigstadbo och kommunkandidat f\u00f6r KD i S\u00e4vsj\u00f6 kommun<\/p>\n<p>Bengt Swerlander, Vrigstadbo och regionkandidat f\u00f6r KD i J\u00f6nk\u00f6pings l\u00e4n<\/p>\n","protected":false},"excerpt":{"rendered":"<p>Benjamin Petersson v\u00e5r yngsta kandidat i kommun valet har tillsammans med Bengt Swerlander H\u00f6glandskandidat till\u00a0 regionvalet skrivit\u00a0 en bra debattartikel om kollektivtrafik. B\u00e5da bor i Vrigstad och lyfter fram hur viktigt det \u00e4r att l\u00e4nstrafiken nu ser till att f\u00e5 ig\u00e5ng en b\u00e4ttre kollektivtrafik. Bussar till V\u00e4rnamo saknas helt och det \u00e4r bristf\u00e4lligt till Eksj\u00f6. <a class=\"read-more-link\" href=\"https:\/\/wp.kristdemokraterna.se\/savsjo\/kollektivtrafiken-maste-komma-pa-ratta-vagar\/\">Read More<\/a><\/p>\n","protected":false},"author":430,"featured_media":2743,"comment_status":"closed","ping_status":"closed","sticky":false,"template":"","format":"standard","meta":{"_acf_changed":false,"footnotes":""},"categories":[1],"tags":[],"class_list":["post-2742","post","type-post","status-publish","format-standard","has-post-thumbnail","hentry","category-okategoriserade"],"acf":[],"yoast_head":"<!-- This site is optimized with the Yoast SEO plugin v27.4 - https:\/\/yoast.com\/product\/yoast-seo-wordpress\/ -->\n<title>Kollektivtrafiken m\u00e5ste komma p\u00e5 r\u00e4tta v\u00e4gar - S\u00e4vsj\u00f6<\/title>\n<meta name=\"robots\" content=\"index, follow, max-snippet:-1, max-image-preview:large, max-video-preview:-1\" \/>\n<link rel=\"canonical\" href=\"https:\/\/wp.kristdemokraterna.se\/savsjo\/kollektivtrafiken-maste-komma-pa-ratta-vagar\/\" \/>\n<meta property=\"og:locale\" content=\"sv_SE\" \/>\n<meta property=\"og:type\" content=\"article\" \/>\n<meta property=\"og:title\" content=\"Kollektivtrafiken m\u00e5ste komma p\u00e5 r\u00e4tta v\u00e4gar - S\u00e4vsj\u00f6\" \/>\n<meta property=\"og:description\" content=\"Benjamin Petersson v\u00e5r yngsta kandidat i kommun valet har tillsammans med Bengt Swerlander H\u00f6glandskandidat till\u00a0 regionvalet skrivit\u00a0 en bra debattartikel om kollektivtrafik. B\u00e5da bor i Vrigstad och lyfter fram hur viktigt det \u00e4r att l\u00e4nstrafiken nu ser till att f\u00e5 ig\u00e5ng en b\u00e4ttre kollektivtrafik. Bussar till V\u00e4rnamo saknas helt och det \u00e4r bristf\u00e4lligt till Eksj\u00f6. Read More\" \/>\n<meta property=\"og:url\" content=\"https:\/\/wp.kristdemokraterna.se\/savsjo\/kollektivtrafiken-maste-komma-pa-ratta-vagar\/\" \/>\n<meta property=\"og:site_name\" content=\"S\u00e4vsj\u00f6\" \/>\n<meta property=\"article:published_time\" content=\"2018-09-07T12:02:33+00:00\" \/>\n<meta property=\"article:modified_time\" content=\"2018-09-08T15:27:51+00:00\" \/>\n<meta property=\"og:image\" content=\"https:\/\/wp.kristdemokraterna.se\/savsjo\/files\/2018\/09\/benjamin-o-bengt-hemsida.jpg\" \/>\n\t<meta property=\"og:image:width\" content=\"500\" \/>\n\t<meta property=\"og:image:height\" content=\"300\" \/>\n\t<meta property=\"og:image:type\" content=\"image\/jpeg\" \/>\n<meta name=\"author\" content=\"Stefan Gustafsson\" \/>\n<meta name=\"twitter:card\" content=\"summary_large_image\" \/>\n<meta name=\"twitter:label1\" content=\"Skriven av\" \/>\n\t<meta name=\"twitter:data1\" content=\"Stefan Gustafsson\" \/>\n\t<meta name=\"twitter:label2\" content=\"Ber\u00e4knad l\u00e4stid\" \/>\n\t<meta name=\"twitter:data2\" content=\"3 minuter\" \/>\n<script type=\"application\/ld+json\" class=\"yoast-schema-graph\">{\"@context\":\"https:\\\/\\\/schema.org\",\"@graph\":[{\"@type\":\"Article\",\"@id\":\"https:\\\/\\\/wp.kristdemokraterna.se\\\/savsjo\\\/kollektivtrafiken-maste-komma-pa-ratta-vagar\\\/#article\",\"isPartOf\":{\"@id\":\"https:\\\/\\\/wp.kristdemokraterna.se\\\/savsjo\\\/kollektivtrafiken-maste-komma-pa-ratta-vagar\\\/\"},\"author\":{\"name\":\"Stefan Gustafsson\",\"@id\":\"https:\\\/\\\/wp.kristdemokraterna.se\\\/savsjo\\\/#\\\/schema\\\/person\\\/66a08fa678592f794fe60a50b249978a\"},\"headline\":\"Kollektivtrafiken m\u00e5ste komma p\u00e5 r\u00e4tta v\u00e4gar\",\"datePublished\":\"2018-09-07T12:02:33+00:00\",\"dateModified\":\"2018-09-08T15:27:51+00:00\",\"mainEntityOfPage\":{\"@id\":\"https:\\\/\\\/wp.kristdemokraterna.se\\\/savsjo\\\/kollektivtrafiken-maste-komma-pa-ratta-vagar\\\/\"},\"wordCount\":654,\"image\":{\"@id\":\"https:\\\/\\\/wp.kristdemokraterna.se\\\/savsjo\\\/kollektivtrafiken-maste-komma-pa-ratta-vagar\\\/#primaryimage\"},\"thumbnailUrl\":\"https:\\\/\\\/wp.kristdemokraterna.se\\\/savsjo\\\/files\\\/2018\\\/09\\\/benjamin-o-bengt-hemsida.jpg\",\"inLanguage\":\"sv-SE\"},{\"@type\":\"WebPage\",\"@id\":\"https:\\\/\\\/wp.kristdemokraterna.se\\\/savsjo\\\/kollektivtrafiken-maste-komma-pa-ratta-vagar\\\/\",\"url\":\"https:\\\/\\\/wp.kristdemokraterna.se\\\/savsjo\\\/kollektivtrafiken-maste-komma-pa-ratta-vagar\\\/\",\"name\":\"Kollektivtrafiken m\u00e5ste komma p\u00e5 r\u00e4tta v\u00e4gar - S\u00e4vsj\u00f6\",\"isPartOf\":{\"@id\":\"https:\\\/\\\/wp.kristdemokraterna.se\\\/savsjo\\\/#website\"},\"primaryImageOfPage\":{\"@id\":\"https:\\\/\\\/wp.kristdemokraterna.se\\\/savsjo\\\/kollektivtrafiken-maste-komma-pa-ratta-vagar\\\/#primaryimage\"},\"image\":{\"@id\":\"https:\\\/\\\/wp.kristdemokraterna.se\\\/savsjo\\\/kollektivtrafiken-maste-komma-pa-ratta-vagar\\\/#primaryimage\"},\"thumbnailUrl\":\"https:\\\/\\\/wp.kristdemokraterna.se\\\/savsjo\\\/files\\\/2018\\\/09\\\/benjamin-o-bengt-hemsida.jpg\",\"datePublished\":\"2018-09-07T12:02:33+00:00\",\"dateModified\":\"2018-09-08T15:27:51+00:00\",\"author\":{\"@id\":\"https:\\\/\\\/wp.kristdemokraterna.se\\\/savsjo\\\/#\\\/schema\\\/person\\\/66a08fa678592f794fe60a50b249978a\"},\"breadcrumb\":{\"@id\":\"https:\\\/\\\/wp.kristdemokraterna.se\\\/savsjo\\\/kollektivtrafiken-maste-komma-pa-ratta-vagar\\\/#breadcrumb\"},\"inLanguage\":\"sv-SE\",\"potentialAction\":[{\"@type\":\"ReadAction\",\"target\":[\"https:\\\/\\\/wp.kristdemokraterna.se\\\/savsjo\\\/kollektivtrafiken-maste-komma-pa-ratta-vagar\\\/\"]}]},{\"@type\":\"ImageObject\",\"inLanguage\":\"sv-SE\",\"@id\":\"https:\\\/\\\/wp.kristdemokraterna.se\\\/savsjo\\\/kollektivtrafiken-maste-komma-pa-ratta-vagar\\\/#primaryimage\",\"url\":\"https:\\\/\\\/wp.kristdemokraterna.se\\\/savsjo\\\/files\\\/2018\\\/09\\\/benjamin-o-bengt-hemsida.jpg\",\"contentUrl\":\"https:\\\/\\\/wp.kristdemokraterna.se\\\/savsjo\\\/files\\\/2018\\\/09\\\/benjamin-o-bengt-hemsida.jpg\",\"width\":500,\"height\":300},{\"@type\":\"BreadcrumbList\",\"@id\":\"https:\\\/\\\/wp.kristdemokraterna.se\\\/savsjo\\\/kollektivtrafiken-maste-komma-pa-ratta-vagar\\\/#breadcrumb\",\"itemListElement\":[{\"@type\":\"ListItem\",\"position\":1,\"name\":\"Hem\",\"item\":\"https:\\\/\\\/wp.kristdemokraterna.se\\\/savsjo\\\/\"},{\"@type\":\"ListItem\",\"position\":2,\"name\":\"Kollektivtrafiken m\u00e5ste komma p\u00e5 r\u00e4tta v\u00e4gar\"}]},{\"@type\":\"WebSite\",\"@id\":\"https:\\\/\\\/wp.kristdemokraterna.se\\\/savsjo\\\/#website\",\"url\":\"https:\\\/\\\/wp.kristdemokraterna.se\\\/savsjo\\\/\",\"name\":\"S\u00e4vsj\u00f6\",\"description\":\"\",\"inLanguage\":\"sv-SE\"},{\"@type\":\"Person\",\"@id\":\"https:\\\/\\\/wp.kristdemokraterna.se\\\/savsjo\\\/#\\\/schema\\\/person\\\/66a08fa678592f794fe60a50b249978a\",\"name\":\"Stefan Gustafsson\",\"image\":{\"@type\":\"ImageObject\",\"inLanguage\":\"sv-SE\",\"@id\":\"https:\\\/\\\/secure.gravatar.com\\\/avatar\\\/d183d0fd8830afddde9ab5386edf3b3480a63f1fb3291da52adec75b3b7b6f60?s=96&r=g\",\"url\":\"https:\\\/\\\/secure.gravatar.com\\\/avatar\\\/d183d0fd8830afddde9ab5386edf3b3480a63f1fb3291da52adec75b3b7b6f60?s=96&r=g\",\"contentUrl\":\"https:\\\/\\\/secure.gravatar.com\\\/avatar\\\/d183d0fd8830afddde9ab5386edf3b3480a63f1fb3291da52adec75b3b7b6f60?s=96&r=g\",\"caption\":\"Stefan Gustafsson\"},\"url\":\"https:\\\/\\\/wp.kristdemokraterna.se\\\/savsjo\\\/author\\\/stgu\\\/\"}]}<\/script>\n<!-- \/ Yoast SEO plugin. -->","yoast_head_json":{"title":"Kollektivtrafiken m\u00e5ste komma p\u00e5 r\u00e4tta v\u00e4gar - S\u00e4vsj\u00f6","robots":{"index":"index","follow":"follow","max-snippet":"max-snippet:-1","max-image-preview":"max-image-preview:large","max-video-preview":"max-video-preview:-1"},"canonical":"https:\/\/wp.kristdemokraterna.se\/savsjo\/kollektivtrafiken-maste-komma-pa-ratta-vagar\/","og_locale":"sv_SE","og_type":"article","og_title":"Kollektivtrafiken m\u00e5ste komma p\u00e5 r\u00e4tta v\u00e4gar - S\u00e4vsj\u00f6","og_description":"Benjamin Petersson v\u00e5r yngsta kandidat i kommun valet har tillsammans med Bengt Swerlander H\u00f6glandskandidat till\u00a0 regionvalet skrivit\u00a0 en bra debattartikel om kollektivtrafik. B\u00e5da bor i Vrigstad och lyfter fram hur viktigt det \u00e4r att l\u00e4nstrafiken nu ser till att f\u00e5 ig\u00e5ng en b\u00e4ttre kollektivtrafik. Bussar till V\u00e4rnamo saknas helt och det \u00e4r bristf\u00e4lligt till Eksj\u00f6. Read More","og_url":"https:\/\/wp.kristdemokraterna.se\/savsjo\/kollektivtrafiken-maste-komma-pa-ratta-vagar\/","og_site_name":"S\u00e4vsj\u00f6","article_published_time":"2018-09-07T12:02:33+00:00","article_modified_time":"2018-09-08T15:27:51+00:00","og_image":[{"width":500,"height":300,"url":"https:\/\/wp.kristdemokraterna.se\/savsjo\/files\/2018\/09\/benjamin-o-bengt-hemsida.jpg","type":"image\/jpeg"}],"author":"Stefan Gustafsson","twitter_card":"summary_large_image","twitter_misc":{"Skriven av":"Stefan Gustafsson","Ber\u00e4knad l\u00e4stid":"3 minuter"},"schema":{"@context":"https:\/\/schema.org","@graph":[{"@type":"Article","@id":"https:\/\/wp.kristdemokraterna.se\/savsjo\/kollektivtrafiken-maste-komma-pa-ratta-vagar\/#article","isPartOf":{"@id":"https:\/\/wp.kristdemokraterna.se\/savsjo\/kollektivtrafiken-maste-komma-pa-ratta-vagar\/"},"author":{"name":"Stefan Gustafsson","@id":"https:\/\/wp.kristdemokraterna.se\/savsjo\/#\/schema\/person\/66a08fa678592f794fe60a50b249978a"},"headline":"Kollektivtrafiken m\u00e5ste komma p\u00e5 r\u00e4tta v\u00e4gar","datePublished":"2018-09-07T12:02:33+00:00","dateModified":"2018-09-08T15:27:51+00:00","mainEntityOfPage":{"@id":"https:\/\/wp.kristdemokraterna.se\/savsjo\/kollektivtrafiken-maste-komma-pa-ratta-vagar\/"},"wordCount":654,"image":{"@id":"https:\/\/wp.kristdemokraterna.se\/savsjo\/kollektivtrafiken-maste-komma-pa-ratta-vagar\/#primaryimage"},"thumbnailUrl":"https:\/\/wp.kristdemokraterna.se\/savsjo\/files\/2018\/09\/benjamin-o-bengt-hemsida.jpg","inLanguage":"sv-SE"},{"@type":"WebPage","@id":"https:\/\/wp.kristdemokraterna.se\/savsjo\/kollektivtrafiken-maste-komma-pa-ratta-vagar\/","url":"https:\/\/wp.kristdemokraterna.se\/savsjo\/kollektivtrafiken-maste-komma-pa-ratta-vagar\/","name":"Kollektivtrafiken m\u00e5ste komma p\u00e5 r\u00e4tta v\u00e4gar - S\u00e4vsj\u00f6","isPartOf":{"@id":"https:\/\/wp.kristdemokraterna.se\/savsjo\/#website"},"primaryImageOfPage":{"@id":"https:\/\/wp.kristdemokraterna.se\/savsjo\/kollektivtrafiken-maste-komma-pa-ratta-vagar\/#primaryimage"},"image":{"@id":"https:\/\/wp.kristdemokraterna.se\/savsjo\/kollektivtrafiken-maste-komma-pa-ratta-vagar\/#primaryimage"},"thumbnailUrl":"https:\/\/wp.kristdemokraterna.se\/savsjo\/files\/2018\/09\/benjamin-o-bengt-hemsida.jpg","datePublished":"2018-09-07T12:02:33+00:00","dateModified":"2018-09-08T15:27:51+00:00","author":{"@id":"https:\/\/wp.kristdemokraterna.se\/savsjo\/#\/schema\/person\/66a08fa678592f794fe60a50b249978a"},"breadcrumb":{"@id":"https:\/\/wp.kristdemokraterna.se\/savsjo\/kollektivtrafiken-maste-komma-pa-ratta-vagar\/#breadcrumb"},"inLanguage":"sv-SE","potentialAction":[{"@type":"ReadAction","target":["https:\/\/wp.kristdemokraterna.se\/savsjo\/kollektivtrafiken-maste-komma-pa-ratta-vagar\/"]}]},{"@type":"ImageObject","inLanguage":"sv-SE","@id":"https:\/\/wp.kristdemokraterna.se\/savsjo\/kollektivtrafiken-maste-komma-pa-ratta-vagar\/#primaryimage","url":"https:\/\/wp.kristdemokraterna.se\/savsjo\/files\/2018\/09\/benjamin-o-bengt-hemsida.jpg","contentUrl":"https:\/\/wp.kristdemokraterna.se\/savsjo\/files\/2018\/09\/benjamin-o-bengt-hemsida.jpg","width":500,"height":300},{"@type":"BreadcrumbList","@id":"https:\/\/wp.kristdemokraterna.se\/savsjo\/kollektivtrafiken-maste-komma-pa-ratta-vagar\/#breadcrumb","itemListElement":[{"@type":"ListItem","position":1,"name":"Hem","item":"https:\/\/wp.kristdemokraterna.se\/savsjo\/"},{"@type":"ListItem","position":2,"name":"Kollektivtrafiken m\u00e5ste komma p\u00e5 r\u00e4tta v\u00e4gar"}]},{"@type":"WebSite","@id":"https:\/\/wp.kristdemokraterna.se\/savsjo\/#website","url":"https:\/\/wp.kristdemokraterna.se\/savsjo\/","name":"S\u00e4vsj\u00f6","description":"","inLanguage":"sv-SE"},{"@type":"Person","@id":"https:\/\/wp.kristdemokraterna.se\/savsjo\/#\/schema\/person\/66a08fa678592f794fe60a50b249978a","name":"Stefan Gustafsson","image":{"@type":"ImageObject","inLanguage":"sv-SE","@id":"https:\/\/secure.gravatar.com\/avatar\/d183d0fd8830afddde9ab5386edf3b3480a63f1fb3291da52adec75b3b7b6f60?s=96&r=g","url":"https:\/\/secure.gravatar.com\/avatar\/d183d0fd8830afddde9ab5386edf3b3480a63f1fb3291da52adec75b3b7b6f60?s=96&r=g","contentUrl":"https:\/\/secure.gravatar.com\/avatar\/d183d0fd8830afddde9ab5386edf3b3480a63f1fb3291da52adec75b3b7b6f60?s=96&r=g","caption":"Stefan Gustafsson"},"url":"https:\/\/wp.kristdemokraterna.se\/savsjo\/author\/stgu\/"}]}},"_links":{"self":[{"href":"https:\/\/wp.kristdemokraterna.se\/savsjo\/wp-json\/wp\/v2\/posts\/2742","targetHints":{"allow":["GET"]}}],"collection":[{"href":"https:\/\/wp.kristdemokraterna.se\/savsjo\/wp-json\/wp\/v2\/posts"}],"about":[{"href":"https:\/\/wp.kristdemokraterna.se\/savsjo\/wp-json\/wp\/v2\/types\/post"}],"author":[{"embeddable":true,"href":"https:\/\/wp.kristdemokraterna.se\/savsjo\/wp-json\/wp\/v2\/users\/430"}],"replies":[{"embeddable":true,"href":"https:\/\/wp.kristdemokraterna.se\/savsjo\/wp-json\/wp\/v2\/comments?post=2742"}],"version-history":[{"count":1,"href":"https:\/\/wp.kristdemokraterna.se\/savsjo\/wp-json\/wp\/v2\/posts\/2742\/revisions"}],"predecessor-version":[{"id":2744,"href":"https:\/\/wp.kristdemokraterna.se\/savsjo\/wp-json\/wp\/v2\/posts\/2742\/revisions\/2744"}],"wp:featuredmedia":[{"embeddable":true,"href":"https:\/\/wp.kristdemokraterna.se\/savsjo\/wp-json\/wp\/v2\/media\/2743"}],"wp:attachment":[{"href":"https:\/\/wp.kristdemokraterna.se\/savsjo\/wp-json\/wp\/v2\/media?parent=2742"}],"wp:term":[{"taxonomy":"category","embeddable":true,"href":"https:\/\/wp.kristdemokraterna.se\/savsjo\/wp-json\/wp\/v2\/categories?post=2742"},{"taxonomy":"post_tag","embeddable":true,"href":"https:\/\/wp.kristdemokraterna.se\/savsjo\/wp-json\/wp\/v2\/tags?post=2742"}],"curies":[{"name":"wp","href":"https:\/\/api.w.org\/{rel}","templated":true}]}}