{"id":292,"date":"2014-02-12T21:53:46","date_gmt":"2014-02-12T20:53:46","guid":{"rendered":"http:\/\/wp.kristdemokraterna.se\/savsjo\/?p=292"},"modified":"2014-08-30T21:19:51","modified_gmt":"2014-08-30T19:19:51","slug":"forfallna-hus-och-tradgardar-bekymmer","status":"publish","type":"post","link":"https:\/\/wp.kristdemokraterna.se\/savsjo\/forfallna-hus-och-tradgardar-bekymmer\/","title":{"rendered":"F\u00f6rfallna hus bekymmer som ska tas p\u00e5 allvar"},"content":{"rendered":"<p>I S\u00e4vsj\u00f6 kommun g\u00f6rs stora insatser f\u00f6r \u00f6kad inflyttning och f\u00f6r att kommuninv\u00e5nare ska trivas och m\u00e5 v\u00e4l. Det satsas p\u00e5 f\u00f6retagande och attraktiva gr\u00f6na milj\u00f6er. Vi anser att dessa insatser beh\u00f6ver kompletteras med \u00e5tg\u00e4rder som ger ett \u00e4nnu positivare intryck av kommunen. Detta skriver Kristdemokraterna i en skrivelse som beslutades vid \u00e5rsm\u00f6tet. I skrivelsen f\u00f6resl\u00e5s kartl\u00e4ggning av f\u00f6rfallna fastigheter och \u00e5tg\u00e4rder i likhet med vad som nu g\u00f6rs i Uppvidinge kommun.<!--more--><\/p>\n<p>F\u00f6r att \u00f6ka attraktivitet och trivsel beh\u00f6ver vidtas \u00e5tg\u00e4rder mot fastigheter som f\u00f6rfaller och i en del fall har mycket ov\u00e5rdade tr\u00e4dg\u00e5rdar. Det kan vara hus och osk\u00f6tta tr\u00e4dg\u00e5rdar som st\u00f6r samh\u00e4llsbilden eller som s\u00e4rskilt har uppm\u00e4rksammats av boende i samh\u00e4llet.<\/p>\n<p>Ett ytterligare sk\u00e4l att vidta \u00e5tg\u00e4rder mot f\u00f6rfallna fastigheter \u00e4r att det enligt m\u00e4klare idag \u00e4r brist i kommunen p\u00e5 bost\u00e4der med acceptabel standard. Det \u00e4r d\u00e4rf\u00f6r viktigt att fler fastigheter blir funktionella som bost\u00e4der. Detta skapar d\u00e5 ocks\u00e5 utrymme f\u00f6r fler innev\u00e5nare i kommunen.<\/p>\n<p>Myndighetsn\u00e4mnden har enligt Plan- och bygglagen ett tillsynsansvar \u00f6ver kommunens fastigheter och kan f\u00f6rel\u00e4gga \u00e5tg\u00e4rder eller om s\u00e5 erfordras f\u00f6rel\u00e4gga rivning.<\/p>\n<p>Kristdemokraterna f\u00f6resl\u00e5r d\u00e4rf\u00f6r att S\u00e4vsj\u00f6 kommuns myndighetsn\u00e4mnd som en f\u00f6rsta \u00e5tg\u00e4rd b\u00f6r genomf\u00f6ra en inventering av f\u00f6rfallna fastigheter. Parallellt med detta b\u00f6r representanter f\u00f6r n\u00e4mnden och ansvariga tj\u00e4nstem\u00e4n g\u00f6ra studieresa till Uppvidinge kommun f\u00f6r att d\u00e4r skaffa sig kunskap om hur de offensivt hanterat problematiken med f\u00f6rfallna fastigheter.<\/p>\n<p>Enligt uppdrag av kristdemokraternas \u00e5rsm\u00f6te S\u00e4vsj\u00f6 6 februari 2014<\/p>\n<p>Stefan Gustafsson ordf\u00f6rande, \u00a0Anna-Karin Yngvesson Vice ordf\u00f6rande<\/p>\n<p>&nbsp;<\/p>\n<p>PDF med\u00a0<a href=\"http:\/\/wp.kristdemokraterna.se\/savsjo\/forfallna-hus-och-tradgardar-bekymmer\/skrivelse-forfallna-hus\/\" rel=\"attachment wp-att-293\">Skrivelse f\u00f6rfallna hus<\/a><\/p>\n","protected":false},"excerpt":{"rendered":"<p>I S\u00e4vsj\u00f6 kommun g\u00f6rs stora insatser f\u00f6r \u00f6kad inflyttning och f\u00f6r att kommuninv\u00e5nare ska trivas och m\u00e5 v\u00e4l. Det satsas p\u00e5 f\u00f6retagande och attraktiva gr\u00f6na milj\u00f6er. Vi anser att dessa insatser beh\u00f6ver kompletteras med \u00e5tg\u00e4rder som ger ett \u00e4nnu positivare intryck av kommunen. Detta skriver Kristdemokraterna i en skrivelse som beslutades vid \u00e5rsm\u00f6tet. I skrivelsen <a class=\"read-more-link\" href=\"https:\/\/wp.kristdemokraterna.se\/savsjo\/forfallna-hus-och-tradgardar-bekymmer\/\">Read More<\/a><\/p>\n","protected":false},"author":430,"featured_media":304,"comment_status":"closed","ping_status":"closed","sticky":false,"template":"","format":"standard","meta":{"_acf_changed":false,"footnotes":""},"categories":[1],"tags":[19,9,10,11],"class_list":["post-292","post","type-post","status-publish","format-standard","has-post-thumbnail","hentry","category-okategoriserade","tag-arsmote","tag-attraktivitet","tag-bostader","tag-trivsel"],"acf":[],"yoast_head":"<!-- This site is optimized with the Yoast SEO plugin v27.5 - https:\/\/yoast.com\/product\/yoast-seo-wordpress\/ -->\n<title>F\u00f6rfallna hus bekymmer som ska tas p\u00e5 allvar - S\u00e4vsj\u00f6<\/title>\n<meta name=\"robots\" content=\"index, follow, max-snippet:-1, max-image-preview:large, max-video-preview:-1\" \/>\n<link rel=\"canonical\" href=\"https:\/\/wp.kristdemokraterna.se\/savsjo\/forfallna-hus-och-tradgardar-bekymmer\/\" \/>\n<meta property=\"og:locale\" content=\"sv_SE\" \/>\n<meta property=\"og:type\" content=\"article\" \/>\n<meta property=\"og:title\" content=\"F\u00f6rfallna hus bekymmer som ska tas p\u00e5 allvar - S\u00e4vsj\u00f6\" \/>\n<meta property=\"og:description\" content=\"I S\u00e4vsj\u00f6 kommun g\u00f6rs stora insatser f\u00f6r \u00f6kad inflyttning och f\u00f6r att kommuninv\u00e5nare ska trivas och m\u00e5 v\u00e4l. Det satsas p\u00e5 f\u00f6retagande och attraktiva gr\u00f6na milj\u00f6er. Vi anser att dessa insatser beh\u00f6ver kompletteras med \u00e5tg\u00e4rder som ger ett \u00e4nnu positivare intryck av kommunen. Detta skriver Kristdemokraterna i en skrivelse som beslutades vid \u00e5rsm\u00f6tet. I skrivelsen Read More\" \/>\n<meta property=\"og:url\" content=\"https:\/\/wp.kristdemokraterna.se\/savsjo\/forfallna-hus-och-tradgardar-bekymmer\/\" \/>\n<meta property=\"og:site_name\" content=\"S\u00e4vsj\u00f6\" \/>\n<meta property=\"article:published_time\" content=\"2014-02-12T20:53:46+00:00\" \/>\n<meta property=\"article:modified_time\" content=\"2014-08-30T19:19:51+00:00\" \/>\n<meta property=\"og:image\" content=\"https:\/\/wp.kristdemokraterna.se\/savsjo\/files\/2014\/02\/forfallet-hus-stockaryd.jpg\" \/>\n\t<meta property=\"og:image:width\" content=\"274\" \/>\n\t<meta property=\"og:image:height\" content=\"162\" \/>\n\t<meta property=\"og:image:type\" content=\"image\/jpeg\" \/>\n<meta name=\"author\" content=\"Stefan Gustafsson\" \/>\n<meta name=\"twitter:card\" content=\"summary_large_image\" \/>\n<meta name=\"twitter:label1\" content=\"Skriven av\" \/>\n\t<meta name=\"twitter:data1\" content=\"Stefan Gustafsson\" \/>\n\t<meta name=\"twitter:label2\" content=\"Ber\u00e4knad l\u00e4stid\" \/>\n\t<meta name=\"twitter:data2\" content=\"2 minuter\" \/>\n<script type=\"application\/ld+json\" class=\"yoast-schema-graph\">{\"@context\":\"https:\\\/\\\/schema.org\",\"@graph\":[{\"@type\":\"Article\",\"@id\":\"https:\\\/\\\/wp.kristdemokraterna.se\\\/savsjo\\\/forfallna-hus-och-tradgardar-bekymmer\\\/#article\",\"isPartOf\":{\"@id\":\"https:\\\/\\\/wp.kristdemokraterna.se\\\/savsjo\\\/forfallna-hus-och-tradgardar-bekymmer\\\/\"},\"author\":{\"name\":\"Stefan Gustafsson\",\"@id\":\"https:\\\/\\\/wp.kristdemokraterna.se\\\/savsjo\\\/#\\\/schema\\\/person\\\/66a08fa678592f794fe60a50b249978a\"},\"headline\":\"F\u00f6rfallna hus bekymmer som ska tas p\u00e5 allvar\",\"datePublished\":\"2014-02-12T20:53:46+00:00\",\"dateModified\":\"2014-08-30T19:19:51+00:00\",\"mainEntityOfPage\":{\"@id\":\"https:\\\/\\\/wp.kristdemokraterna.se\\\/savsjo\\\/forfallna-hus-och-tradgardar-bekymmer\\\/\"},\"wordCount\":330,\"image\":{\"@id\":\"https:\\\/\\\/wp.kristdemokraterna.se\\\/savsjo\\\/forfallna-hus-och-tradgardar-bekymmer\\\/#primaryimage\"},\"thumbnailUrl\":\"https:\\\/\\\/wp.kristdemokraterna.se\\\/savsjo\\\/files\\\/2014\\\/02\\\/forfallet-hus-stockaryd.jpg\",\"keywords\":[\"\u00c5rsm\u00f6te\",\"Attraktivitet\",\"Bost\u00e4der\",\"Trivsel\"],\"inLanguage\":\"sv-SE\"},{\"@type\":\"WebPage\",\"@id\":\"https:\\\/\\\/wp.kristdemokraterna.se\\\/savsjo\\\/forfallna-hus-och-tradgardar-bekymmer\\\/\",\"url\":\"https:\\\/\\\/wp.kristdemokraterna.se\\\/savsjo\\\/forfallna-hus-och-tradgardar-bekymmer\\\/\",\"name\":\"F\u00f6rfallna hus bekymmer som ska tas p\u00e5 allvar - S\u00e4vsj\u00f6\",\"isPartOf\":{\"@id\":\"https:\\\/\\\/wp.kristdemokraterna.se\\\/savsjo\\\/#website\"},\"primaryImageOfPage\":{\"@id\":\"https:\\\/\\\/wp.kristdemokraterna.se\\\/savsjo\\\/forfallna-hus-och-tradgardar-bekymmer\\\/#primaryimage\"},\"image\":{\"@id\":\"https:\\\/\\\/wp.kristdemokraterna.se\\\/savsjo\\\/forfallna-hus-och-tradgardar-bekymmer\\\/#primaryimage\"},\"thumbnailUrl\":\"https:\\\/\\\/wp.kristdemokraterna.se\\\/savsjo\\\/files\\\/2014\\\/02\\\/forfallet-hus-stockaryd.jpg\",\"datePublished\":\"2014-02-12T20:53:46+00:00\",\"dateModified\":\"2014-08-30T19:19:51+00:00\",\"author\":{\"@id\":\"https:\\\/\\\/wp.kristdemokraterna.se\\\/savsjo\\\/#\\\/schema\\\/person\\\/66a08fa678592f794fe60a50b249978a\"},\"breadcrumb\":{\"@id\":\"https:\\\/\\\/wp.kristdemokraterna.se\\\/savsjo\\\/forfallna-hus-och-tradgardar-bekymmer\\\/#breadcrumb\"},\"inLanguage\":\"sv-SE\",\"potentialAction\":[{\"@type\":\"ReadAction\",\"target\":[\"https:\\\/\\\/wp.kristdemokraterna.se\\\/savsjo\\\/forfallna-hus-och-tradgardar-bekymmer\\\/\"]}]},{\"@type\":\"ImageObject\",\"inLanguage\":\"sv-SE\",\"@id\":\"https:\\\/\\\/wp.kristdemokraterna.se\\\/savsjo\\\/forfallna-hus-och-tradgardar-bekymmer\\\/#primaryimage\",\"url\":\"https:\\\/\\\/wp.kristdemokraterna.se\\\/savsjo\\\/files\\\/2014\\\/02\\\/forfallet-hus-stockaryd.jpg\",\"contentUrl\":\"https:\\\/\\\/wp.kristdemokraterna.se\\\/savsjo\\\/files\\\/2014\\\/02\\\/forfallet-hus-stockaryd.jpg\",\"width\":274,\"height\":162,\"caption\":\"Detta en bild p\u00e5 hus som borde rustas upp\"},{\"@type\":\"BreadcrumbList\",\"@id\":\"https:\\\/\\\/wp.kristdemokraterna.se\\\/savsjo\\\/forfallna-hus-och-tradgardar-bekymmer\\\/#breadcrumb\",\"itemListElement\":[{\"@type\":\"ListItem\",\"position\":1,\"name\":\"Hem\",\"item\":\"https:\\\/\\\/wp.kristdemokraterna.se\\\/savsjo\\\/\"},{\"@type\":\"ListItem\",\"position\":2,\"name\":\"F\u00f6rfallna hus bekymmer som ska tas p\u00e5 allvar\"}]},{\"@type\":\"WebSite\",\"@id\":\"https:\\\/\\\/wp.kristdemokraterna.se\\\/savsjo\\\/#website\",\"url\":\"https:\\\/\\\/wp.kristdemokraterna.se\\\/savsjo\\\/\",\"name\":\"S\u00e4vsj\u00f6\",\"description\":\"\",\"inLanguage\":\"sv-SE\"},{\"@type\":\"Person\",\"@id\":\"https:\\\/\\\/wp.kristdemokraterna.se\\\/savsjo\\\/#\\\/schema\\\/person\\\/66a08fa678592f794fe60a50b249978a\",\"name\":\"Stefan Gustafsson\",\"image\":{\"@type\":\"ImageObject\",\"inLanguage\":\"sv-SE\",\"@id\":\"https:\\\/\\\/secure.gravatar.com\\\/avatar\\\/d183d0fd8830afddde9ab5386edf3b3480a63f1fb3291da52adec75b3b7b6f60?s=96&r=g\",\"url\":\"https:\\\/\\\/secure.gravatar.com\\\/avatar\\\/d183d0fd8830afddde9ab5386edf3b3480a63f1fb3291da52adec75b3b7b6f60?s=96&r=g\",\"contentUrl\":\"https:\\\/\\\/secure.gravatar.com\\\/avatar\\\/d183d0fd8830afddde9ab5386edf3b3480a63f1fb3291da52adec75b3b7b6f60?s=96&r=g\",\"caption\":\"Stefan Gustafsson\"},\"url\":\"https:\\\/\\\/wp.kristdemokraterna.se\\\/savsjo\\\/author\\\/stgu\\\/\"}]}<\/script>\n<!-- \/ Yoast SEO plugin. -->","yoast_head_json":{"title":"F\u00f6rfallna hus bekymmer som ska tas p\u00e5 allvar - S\u00e4vsj\u00f6","robots":{"index":"index","follow":"follow","max-snippet":"max-snippet:-1","max-image-preview":"max-image-preview:large","max-video-preview":"max-video-preview:-1"},"canonical":"https:\/\/wp.kristdemokraterna.se\/savsjo\/forfallna-hus-och-tradgardar-bekymmer\/","og_locale":"sv_SE","og_type":"article","og_title":"F\u00f6rfallna hus bekymmer som ska tas p\u00e5 allvar - S\u00e4vsj\u00f6","og_description":"I S\u00e4vsj\u00f6 kommun g\u00f6rs stora insatser f\u00f6r \u00f6kad inflyttning och f\u00f6r att kommuninv\u00e5nare ska trivas och m\u00e5 v\u00e4l. Det satsas p\u00e5 f\u00f6retagande och attraktiva gr\u00f6na milj\u00f6er. Vi anser att dessa insatser beh\u00f6ver kompletteras med \u00e5tg\u00e4rder som ger ett \u00e4nnu positivare intryck av kommunen. Detta skriver Kristdemokraterna i en skrivelse som beslutades vid \u00e5rsm\u00f6tet. I skrivelsen Read More","og_url":"https:\/\/wp.kristdemokraterna.se\/savsjo\/forfallna-hus-och-tradgardar-bekymmer\/","og_site_name":"S\u00e4vsj\u00f6","article_published_time":"2014-02-12T20:53:46+00:00","article_modified_time":"2014-08-30T19:19:51+00:00","og_image":[{"width":274,"height":162,"url":"https:\/\/wp.kristdemokraterna.se\/savsjo\/files\/2014\/02\/forfallet-hus-stockaryd.jpg","type":"image\/jpeg"}],"author":"Stefan Gustafsson","twitter_card":"summary_large_image","twitter_misc":{"Skriven av":"Stefan Gustafsson","Ber\u00e4knad l\u00e4stid":"2 minuter"},"schema":{"@context":"https:\/\/schema.org","@graph":[{"@type":"Article","@id":"https:\/\/wp.kristdemokraterna.se\/savsjo\/forfallna-hus-och-tradgardar-bekymmer\/#article","isPartOf":{"@id":"https:\/\/wp.kristdemokraterna.se\/savsjo\/forfallna-hus-och-tradgardar-bekymmer\/"},"author":{"name":"Stefan Gustafsson","@id":"https:\/\/wp.kristdemokraterna.se\/savsjo\/#\/schema\/person\/66a08fa678592f794fe60a50b249978a"},"headline":"F\u00f6rfallna hus bekymmer som ska tas p\u00e5 allvar","datePublished":"2014-02-12T20:53:46+00:00","dateModified":"2014-08-30T19:19:51+00:00","mainEntityOfPage":{"@id":"https:\/\/wp.kristdemokraterna.se\/savsjo\/forfallna-hus-och-tradgardar-bekymmer\/"},"wordCount":330,"image":{"@id":"https:\/\/wp.kristdemokraterna.se\/savsjo\/forfallna-hus-och-tradgardar-bekymmer\/#primaryimage"},"thumbnailUrl":"https:\/\/wp.kristdemokraterna.se\/savsjo\/files\/2014\/02\/forfallet-hus-stockaryd.jpg","keywords":["\u00c5rsm\u00f6te","Attraktivitet","Bost\u00e4der","Trivsel"],"inLanguage":"sv-SE"},{"@type":"WebPage","@id":"https:\/\/wp.kristdemokraterna.se\/savsjo\/forfallna-hus-och-tradgardar-bekymmer\/","url":"https:\/\/wp.kristdemokraterna.se\/savsjo\/forfallna-hus-och-tradgardar-bekymmer\/","name":"F\u00f6rfallna hus bekymmer som ska tas p\u00e5 allvar - S\u00e4vsj\u00f6","isPartOf":{"@id":"https:\/\/wp.kristdemokraterna.se\/savsjo\/#website"},"primaryImageOfPage":{"@id":"https:\/\/wp.kristdemokraterna.se\/savsjo\/forfallna-hus-och-tradgardar-bekymmer\/#primaryimage"},"image":{"@id":"https:\/\/wp.kristdemokraterna.se\/savsjo\/forfallna-hus-och-tradgardar-bekymmer\/#primaryimage"},"thumbnailUrl":"https:\/\/wp.kristdemokraterna.se\/savsjo\/files\/2014\/02\/forfallet-hus-stockaryd.jpg","datePublished":"2014-02-12T20:53:46+00:00","dateModified":"2014-08-30T19:19:51+00:00","author":{"@id":"https:\/\/wp.kristdemokraterna.se\/savsjo\/#\/schema\/person\/66a08fa678592f794fe60a50b249978a"},"breadcrumb":{"@id":"https:\/\/wp.kristdemokraterna.se\/savsjo\/forfallna-hus-och-tradgardar-bekymmer\/#breadcrumb"},"inLanguage":"sv-SE","potentialAction":[{"@type":"ReadAction","target":["https:\/\/wp.kristdemokraterna.se\/savsjo\/forfallna-hus-och-tradgardar-bekymmer\/"]}]},{"@type":"ImageObject","inLanguage":"sv-SE","@id":"https:\/\/wp.kristdemokraterna.se\/savsjo\/forfallna-hus-och-tradgardar-bekymmer\/#primaryimage","url":"https:\/\/wp.kristdemokraterna.se\/savsjo\/files\/2014\/02\/forfallet-hus-stockaryd.jpg","contentUrl":"https:\/\/wp.kristdemokraterna.se\/savsjo\/files\/2014\/02\/forfallet-hus-stockaryd.jpg","width":274,"height":162,"caption":"Detta en bild p\u00e5 hus som borde rustas upp"},{"@type":"BreadcrumbList","@id":"https:\/\/wp.kristdemokraterna.se\/savsjo\/forfallna-hus-och-tradgardar-bekymmer\/#breadcrumb","itemListElement":[{"@type":"ListItem","position":1,"name":"Hem","item":"https:\/\/wp.kristdemokraterna.se\/savsjo\/"},{"@type":"ListItem","position":2,"name":"F\u00f6rfallna hus bekymmer som ska tas p\u00e5 allvar"}]},{"@type":"WebSite","@id":"https:\/\/wp.kristdemokraterna.se\/savsjo\/#website","url":"https:\/\/wp.kristdemokraterna.se\/savsjo\/","name":"S\u00e4vsj\u00f6","description":"","inLanguage":"sv-SE"},{"@type":"Person","@id":"https:\/\/wp.kristdemokraterna.se\/savsjo\/#\/schema\/person\/66a08fa678592f794fe60a50b249978a","name":"Stefan Gustafsson","image":{"@type":"ImageObject","inLanguage":"sv-SE","@id":"https:\/\/secure.gravatar.com\/avatar\/d183d0fd8830afddde9ab5386edf3b3480a63f1fb3291da52adec75b3b7b6f60?s=96&r=g","url":"https:\/\/secure.gravatar.com\/avatar\/d183d0fd8830afddde9ab5386edf3b3480a63f1fb3291da52adec75b3b7b6f60?s=96&r=g","contentUrl":"https:\/\/secure.gravatar.com\/avatar\/d183d0fd8830afddde9ab5386edf3b3480a63f1fb3291da52adec75b3b7b6f60?s=96&r=g","caption":"Stefan Gustafsson"},"url":"https:\/\/wp.kristdemokraterna.se\/savsjo\/author\/stgu\/"}]}},"_links":{"self":[{"href":"https:\/\/wp.kristdemokraterna.se\/savsjo\/wp-json\/wp\/v2\/posts\/292","targetHints":{"allow":["GET"]}}],"collection":[{"href":"https:\/\/wp.kristdemokraterna.se\/savsjo\/wp-json\/wp\/v2\/posts"}],"about":[{"href":"https:\/\/wp.kristdemokraterna.se\/savsjo\/wp-json\/wp\/v2\/types\/post"}],"author":[{"embeddable":true,"href":"https:\/\/wp.kristdemokraterna.se\/savsjo\/wp-json\/wp\/v2\/users\/430"}],"replies":[{"embeddable":true,"href":"https:\/\/wp.kristdemokraterna.se\/savsjo\/wp-json\/wp\/v2\/comments?post=292"}],"version-history":[{"count":12,"href":"https:\/\/wp.kristdemokraterna.se\/savsjo\/wp-json\/wp\/v2\/posts\/292\/revisions"}],"predecessor-version":[{"id":694,"href":"https:\/\/wp.kristdemokraterna.se\/savsjo\/wp-json\/wp\/v2\/posts\/292\/revisions\/694"}],"wp:featuredmedia":[{"embeddable":true,"href":"https:\/\/wp.kristdemokraterna.se\/savsjo\/wp-json\/wp\/v2\/media\/304"}],"wp:attachment":[{"href":"https:\/\/wp.kristdemokraterna.se\/savsjo\/wp-json\/wp\/v2\/media?parent=292"}],"wp:term":[{"taxonomy":"category","embeddable":true,"href":"https:\/\/wp.kristdemokraterna.se\/savsjo\/wp-json\/wp\/v2\/categories?post=292"},{"taxonomy":"post_tag","embeddable":true,"href":"https:\/\/wp.kristdemokraterna.se\/savsjo\/wp-json\/wp\/v2\/tags?post=292"}],"curies":[{"name":"wp","href":"https:\/\/api.w.org\/{rel}","templated":true}]}}