{"id":3001,"date":"2019-02-28T21:48:50","date_gmt":"2019-02-28T20:48:50","guid":{"rendered":"http:\/\/wp.kristdemokraterna.se\/savsjo\/?p=3001"},"modified":"2019-02-28T21:53:35","modified_gmt":"2019-02-28T20:53:35","slug":"utan-spaning-ingen-aning","status":"publish","type":"post","link":"https:\/\/wp.kristdemokraterna.se\/savsjo\/utan-spaning-ingen-aning\/","title":{"rendered":"Utan spaning, ingen aning"},"content":{"rendered":"<p><span style=\"font-weight: 400\">Det var inf\u00f6r en v\u00e4lfylld Vallsj\u00f6sal i Kommunalhuset som studien Ung Livsstil presenterades under onsdagseftermiddagen. Unders\u00f6kningen, som gjordes under 2018, \u00e4r den fj\u00e4rde i ordningen i S\u00e4vsj\u00f6 kommun och handlar om barn- och ungas vano<\/span>r, villkor och preferenser inom kultur- och fritidsomr\u00e5det. Forskningsledaren Ulf Blomdahl h\u00f6ll ett f\u00e4ngslande f\u00f6redrag som inneh\u00f6ll b\u00e5de goda nyheter och en del utmaningar som m\u00e5ste m\u00f6tas fram\u00f6ver.<\/p>\n<p><!--more--><\/p>\n<p><span style=\"font-weight: 400\">S\u00e4vsj\u00f6 kommun \u00e4r enligt studien b\u00e4st i landet n\u00e4r det g\u00e4ller barn och ungas deltagande i f\u00f6reningar. Det \u00e4r n\u00e5got vi ska vara stolta \u00f6ver. Vi har ett brett utbud av f\u00f6reningar och ett stort ideellt engagemang. Studien \u00e4r ett kvitto p\u00e5 att det ger resultat. F\u00f6reningar, f\u00f6rsamlingar och andra ideella krafter \u00e4r en ov\u00e4rderlig tillg\u00e5ng och vi fr\u00e5n kommunens sida m\u00e5ste forts\u00e4tta att, i alla l\u00e4gen, uppm\u00e4rksamma, uppmuntra och uppskatta deras insatser.<br \/>\n<\/span><span style=\"font-weight: 400\">Vidare var det gl\u00e4djande att studien visar att n\u00e4stan 90 % av elever p\u00e5 h\u00f6gstadiet v\u00e4ljer att vara nyktra och att den andelen \u00f6kat. Det \u00e4r en vinst f\u00f6r s\u00e5v\u00e4l individen som samh\u00e4llet.<br \/>\n<\/span><span style=\"font-weight: 400\">Positivt var ocks\u00e5 att v\u00e5ra kommunala verksamheter, s\u00e5som fritidsg\u00e5rdarna och familjebadet, har en enorm potential. Det \u00e4r n\u00e4mligen betydligt fler som anger att de skulle vilja bes\u00f6ka dessa verksamheter \u00e4n som faktiskt g\u00f6r det.<\/span><\/p>\n<p><span style=\"font-weight: 400\">De tv\u00e5 kanske st\u00f6rsta utmaningarna \u00e4r pojkars l\u00e4sning och flickors idrottande. Pojkar l\u00e4ser i alldeles f\u00f6r liten utstr\u00e4ckning och dessutom vill de l\u00e4sa mindre, enligt unders\u00f6kningen. Det \u00e4r viktigt att vi tar med oss hur detta kan v\u00e4ndas n\u00e4r vi under \u00e5ret ska uppdatera biblioteksplanen.<br \/>\n<\/span><span style=\"font-weight: 400\">N\u00e4r det g\u00e4ller flickors idrottande s\u00e5 minskar tyv\u00e4rr deltagandet i idrottsf\u00f6reningar \u00f6ver tiden mer \u00e4n i andra kommuner. Vi beh\u00f6ver t\u00e4nka p\u00e5 hur vi f\u00f6rdelar v\u00e5ra resurser och vad vi satsar p\u00e5 f\u00f6r att kunna bryta den trenden.<\/span><\/p>\n<p><span style=\"font-weight: 400\">Det blev en tankev\u00e4ckande eftermiddag som gav m\u00e5nga v\u00e4rdefulla indikationer om vad som g\u00f6rs bra och vad som kan g\u00f6ras b\u00e4ttre. <\/span><span style=\"font-weight: 400\">Det var ocks\u00e5 intressant att se hur den allm\u00e4nna uppfattningen och den egna upplevelsen inte alltid st\u00e4mmer \u00f6verens med verkligheten. De flesta som var d\u00e4r och lyssnade skulle nog inst\u00e4mma i att vi gick hem lite klokare \u00e4n vad vi var n\u00e4r vi kom.<\/span><\/p>\n<p><span style=\"font-weight: 400\">Vi i kultur- och fritidsn\u00e4mnden har nu ett omfattande underlag som kommer hj\u00e4lpa oss att veta hur vi ska arbeta fram\u00f6ver och kunna fatta kloka beslut. Precis som Ulf p\u00e5talade under presentationen: \u201dUtan spaning, ingen aning\u201d<\/span><\/p>\n<p><span style=\"font-weight: 400\"><em>Benjamin Petersson<\/em><br \/>\n<\/span><span style=\"font-weight: 400\">Vice ordf\u00f6rande i kultur- och fritidsn\u00e4mnden<\/span><\/p>\n","protected":false},"excerpt":{"rendered":"<p>Det var inf\u00f6r en v\u00e4lfylld Vallsj\u00f6sal i Kommunalhuset som studien Ung Livsstil presenterades under onsdagseftermiddagen. Unders\u00f6kningen, som gjordes under 2018, \u00e4r den fj\u00e4rde i ordningen i S\u00e4vsj\u00f6 kommun och handlar om barn- och ungas vanor, villkor och preferenser inom kultur- och fritidsomr\u00e5det. Forskningsledaren Ulf Blomdahl h\u00f6ll ett f\u00e4ngslande f\u00f6redrag som inneh\u00f6ll b\u00e5de goda nyheter och <a class=\"read-more-link\" href=\"https:\/\/wp.kristdemokraterna.se\/savsjo\/utan-spaning-ingen-aning\/\">Read More<\/a><\/p>\n","protected":false},"author":430,"featured_media":3002,"comment_status":"closed","ping_status":"closed","sticky":false,"template":"","format":"standard","meta":{"_acf_changed":false,"footnotes":""},"categories":[1],"tags":[],"class_list":["post-3001","post","type-post","status-publish","format-standard","has-post-thumbnail","hentry","category-okategoriserade"],"acf":[],"yoast_head":"<!-- This site is optimized with the Yoast SEO plugin v27.4 - https:\/\/yoast.com\/product\/yoast-seo-wordpress\/ -->\n<title>Utan spaning, ingen aning - S\u00e4vsj\u00f6<\/title>\n<meta name=\"robots\" content=\"index, follow, max-snippet:-1, max-image-preview:large, max-video-preview:-1\" \/>\n<link rel=\"canonical\" href=\"https:\/\/wp.kristdemokraterna.se\/savsjo\/utan-spaning-ingen-aning\/\" \/>\n<meta property=\"og:locale\" content=\"sv_SE\" \/>\n<meta property=\"og:type\" content=\"article\" \/>\n<meta property=\"og:title\" content=\"Utan spaning, ingen aning - S\u00e4vsj\u00f6\" \/>\n<meta property=\"og:description\" content=\"Det var inf\u00f6r en v\u00e4lfylld Vallsj\u00f6sal i Kommunalhuset som studien Ung Livsstil presenterades under onsdagseftermiddagen. Unders\u00f6kningen, som gjordes under 2018, \u00e4r den fj\u00e4rde i ordningen i S\u00e4vsj\u00f6 kommun och handlar om barn- och ungas vanor, villkor och preferenser inom kultur- och fritidsomr\u00e5det. Forskningsledaren Ulf Blomdahl h\u00f6ll ett f\u00e4ngslande f\u00f6redrag som inneh\u00f6ll b\u00e5de goda nyheter och Read More\" \/>\n<meta property=\"og:url\" content=\"https:\/\/wp.kristdemokraterna.se\/savsjo\/utan-spaning-ingen-aning\/\" \/>\n<meta property=\"og:site_name\" content=\"S\u00e4vsj\u00f6\" \/>\n<meta property=\"article:published_time\" content=\"2019-02-28T20:48:50+00:00\" \/>\n<meta property=\"article:modified_time\" content=\"2019-02-28T20:53:35+00:00\" \/>\n<meta property=\"og:image\" content=\"https:\/\/wp.kristdemokraterna.se\/savsjo\/files\/2019\/02\/2019-02-27-17.16.31benjamin-o-ulf-hemsida.jpg\" \/>\n\t<meta property=\"og:image:width\" content=\"500\" \/>\n\t<meta property=\"og:image:height\" content=\"299\" \/>\n\t<meta property=\"og:image:type\" content=\"image\/jpeg\" \/>\n<meta name=\"author\" content=\"Stefan Gustafsson\" \/>\n<meta name=\"twitter:card\" content=\"summary_large_image\" \/>\n<meta name=\"twitter:label1\" content=\"Skriven av\" \/>\n\t<meta name=\"twitter:data1\" content=\"Stefan Gustafsson\" \/>\n\t<meta name=\"twitter:label2\" content=\"Ber\u00e4knad l\u00e4stid\" \/>\n\t<meta name=\"twitter:data2\" content=\"2 minuter\" \/>\n<script type=\"application\/ld+json\" class=\"yoast-schema-graph\">{\"@context\":\"https:\\\/\\\/schema.org\",\"@graph\":[{\"@type\":\"Article\",\"@id\":\"https:\\\/\\\/wp.kristdemokraterna.se\\\/savsjo\\\/utan-spaning-ingen-aning\\\/#article\",\"isPartOf\":{\"@id\":\"https:\\\/\\\/wp.kristdemokraterna.se\\\/savsjo\\\/utan-spaning-ingen-aning\\\/\"},\"author\":{\"name\":\"Stefan Gustafsson\",\"@id\":\"https:\\\/\\\/wp.kristdemokraterna.se\\\/savsjo\\\/#\\\/schema\\\/person\\\/66a08fa678592f794fe60a50b249978a\"},\"headline\":\"Utan spaning, ingen aning\",\"datePublished\":\"2019-02-28T20:48:50+00:00\",\"dateModified\":\"2019-02-28T20:53:35+00:00\",\"mainEntityOfPage\":{\"@id\":\"https:\\\/\\\/wp.kristdemokraterna.se\\\/savsjo\\\/utan-spaning-ingen-aning\\\/\"},\"wordCount\":475,\"image\":{\"@id\":\"https:\\\/\\\/wp.kristdemokraterna.se\\\/savsjo\\\/utan-spaning-ingen-aning\\\/#primaryimage\"},\"thumbnailUrl\":\"https:\\\/\\\/wp.kristdemokraterna.se\\\/savsjo\\\/files\\\/2019\\\/02\\\/2019-02-27-17.16.31benjamin-o-ulf-hemsida.jpg\",\"inLanguage\":\"sv-SE\"},{\"@type\":\"WebPage\",\"@id\":\"https:\\\/\\\/wp.kristdemokraterna.se\\\/savsjo\\\/utan-spaning-ingen-aning\\\/\",\"url\":\"https:\\\/\\\/wp.kristdemokraterna.se\\\/savsjo\\\/utan-spaning-ingen-aning\\\/\",\"name\":\"Utan spaning, ingen aning - S\u00e4vsj\u00f6\",\"isPartOf\":{\"@id\":\"https:\\\/\\\/wp.kristdemokraterna.se\\\/savsjo\\\/#website\"},\"primaryImageOfPage\":{\"@id\":\"https:\\\/\\\/wp.kristdemokraterna.se\\\/savsjo\\\/utan-spaning-ingen-aning\\\/#primaryimage\"},\"image\":{\"@id\":\"https:\\\/\\\/wp.kristdemokraterna.se\\\/savsjo\\\/utan-spaning-ingen-aning\\\/#primaryimage\"},\"thumbnailUrl\":\"https:\\\/\\\/wp.kristdemokraterna.se\\\/savsjo\\\/files\\\/2019\\\/02\\\/2019-02-27-17.16.31benjamin-o-ulf-hemsida.jpg\",\"datePublished\":\"2019-02-28T20:48:50+00:00\",\"dateModified\":\"2019-02-28T20:53:35+00:00\",\"author\":{\"@id\":\"https:\\\/\\\/wp.kristdemokraterna.se\\\/savsjo\\\/#\\\/schema\\\/person\\\/66a08fa678592f794fe60a50b249978a\"},\"breadcrumb\":{\"@id\":\"https:\\\/\\\/wp.kristdemokraterna.se\\\/savsjo\\\/utan-spaning-ingen-aning\\\/#breadcrumb\"},\"inLanguage\":\"sv-SE\",\"potentialAction\":[{\"@type\":\"ReadAction\",\"target\":[\"https:\\\/\\\/wp.kristdemokraterna.se\\\/savsjo\\\/utan-spaning-ingen-aning\\\/\"]}]},{\"@type\":\"ImageObject\",\"inLanguage\":\"sv-SE\",\"@id\":\"https:\\\/\\\/wp.kristdemokraterna.se\\\/savsjo\\\/utan-spaning-ingen-aning\\\/#primaryimage\",\"url\":\"https:\\\/\\\/wp.kristdemokraterna.se\\\/savsjo\\\/files\\\/2019\\\/02\\\/2019-02-27-17.16.31benjamin-o-ulf-hemsida.jpg\",\"contentUrl\":\"https:\\\/\\\/wp.kristdemokraterna.se\\\/savsjo\\\/files\\\/2019\\\/02\\\/2019-02-27-17.16.31benjamin-o-ulf-hemsida.jpg\",\"width\":500,\"height\":299},{\"@type\":\"BreadcrumbList\",\"@id\":\"https:\\\/\\\/wp.kristdemokraterna.se\\\/savsjo\\\/utan-spaning-ingen-aning\\\/#breadcrumb\",\"itemListElement\":[{\"@type\":\"ListItem\",\"position\":1,\"name\":\"Hem\",\"item\":\"https:\\\/\\\/wp.kristdemokraterna.se\\\/savsjo\\\/\"},{\"@type\":\"ListItem\",\"position\":2,\"name\":\"Utan spaning, ingen aning\"}]},{\"@type\":\"WebSite\",\"@id\":\"https:\\\/\\\/wp.kristdemokraterna.se\\\/savsjo\\\/#website\",\"url\":\"https:\\\/\\\/wp.kristdemokraterna.se\\\/savsjo\\\/\",\"name\":\"S\u00e4vsj\u00f6\",\"description\":\"\",\"inLanguage\":\"sv-SE\"},{\"@type\":\"Person\",\"@id\":\"https:\\\/\\\/wp.kristdemokraterna.se\\\/savsjo\\\/#\\\/schema\\\/person\\\/66a08fa678592f794fe60a50b249978a\",\"name\":\"Stefan Gustafsson\",\"image\":{\"@type\":\"ImageObject\",\"inLanguage\":\"sv-SE\",\"@id\":\"https:\\\/\\\/secure.gravatar.com\\\/avatar\\\/d183d0fd8830afddde9ab5386edf3b3480a63f1fb3291da52adec75b3b7b6f60?s=96&r=g\",\"url\":\"https:\\\/\\\/secure.gravatar.com\\\/avatar\\\/d183d0fd8830afddde9ab5386edf3b3480a63f1fb3291da52adec75b3b7b6f60?s=96&r=g\",\"contentUrl\":\"https:\\\/\\\/secure.gravatar.com\\\/avatar\\\/d183d0fd8830afddde9ab5386edf3b3480a63f1fb3291da52adec75b3b7b6f60?s=96&r=g\",\"caption\":\"Stefan Gustafsson\"},\"url\":\"https:\\\/\\\/wp.kristdemokraterna.se\\\/savsjo\\\/author\\\/stgu\\\/\"}]}<\/script>\n<!-- \/ Yoast SEO plugin. -->","yoast_head_json":{"title":"Utan spaning, ingen aning - S\u00e4vsj\u00f6","robots":{"index":"index","follow":"follow","max-snippet":"max-snippet:-1","max-image-preview":"max-image-preview:large","max-video-preview":"max-video-preview:-1"},"canonical":"https:\/\/wp.kristdemokraterna.se\/savsjo\/utan-spaning-ingen-aning\/","og_locale":"sv_SE","og_type":"article","og_title":"Utan spaning, ingen aning - S\u00e4vsj\u00f6","og_description":"Det var inf\u00f6r en v\u00e4lfylld Vallsj\u00f6sal i Kommunalhuset som studien Ung Livsstil presenterades under onsdagseftermiddagen. Unders\u00f6kningen, som gjordes under 2018, \u00e4r den fj\u00e4rde i ordningen i S\u00e4vsj\u00f6 kommun och handlar om barn- och ungas vanor, villkor och preferenser inom kultur- och fritidsomr\u00e5det. Forskningsledaren Ulf Blomdahl h\u00f6ll ett f\u00e4ngslande f\u00f6redrag som inneh\u00f6ll b\u00e5de goda nyheter och Read More","og_url":"https:\/\/wp.kristdemokraterna.se\/savsjo\/utan-spaning-ingen-aning\/","og_site_name":"S\u00e4vsj\u00f6","article_published_time":"2019-02-28T20:48:50+00:00","article_modified_time":"2019-02-28T20:53:35+00:00","og_image":[{"width":500,"height":299,"url":"https:\/\/wp.kristdemokraterna.se\/savsjo\/files\/2019\/02\/2019-02-27-17.16.31benjamin-o-ulf-hemsida.jpg","type":"image\/jpeg"}],"author":"Stefan Gustafsson","twitter_card":"summary_large_image","twitter_misc":{"Skriven av":"Stefan Gustafsson","Ber\u00e4knad l\u00e4stid":"2 minuter"},"schema":{"@context":"https:\/\/schema.org","@graph":[{"@type":"Article","@id":"https:\/\/wp.kristdemokraterna.se\/savsjo\/utan-spaning-ingen-aning\/#article","isPartOf":{"@id":"https:\/\/wp.kristdemokraterna.se\/savsjo\/utan-spaning-ingen-aning\/"},"author":{"name":"Stefan Gustafsson","@id":"https:\/\/wp.kristdemokraterna.se\/savsjo\/#\/schema\/person\/66a08fa678592f794fe60a50b249978a"},"headline":"Utan spaning, ingen aning","datePublished":"2019-02-28T20:48:50+00:00","dateModified":"2019-02-28T20:53:35+00:00","mainEntityOfPage":{"@id":"https:\/\/wp.kristdemokraterna.se\/savsjo\/utan-spaning-ingen-aning\/"},"wordCount":475,"image":{"@id":"https:\/\/wp.kristdemokraterna.se\/savsjo\/utan-spaning-ingen-aning\/#primaryimage"},"thumbnailUrl":"https:\/\/wp.kristdemokraterna.se\/savsjo\/files\/2019\/02\/2019-02-27-17.16.31benjamin-o-ulf-hemsida.jpg","inLanguage":"sv-SE"},{"@type":"WebPage","@id":"https:\/\/wp.kristdemokraterna.se\/savsjo\/utan-spaning-ingen-aning\/","url":"https:\/\/wp.kristdemokraterna.se\/savsjo\/utan-spaning-ingen-aning\/","name":"Utan spaning, ingen aning - S\u00e4vsj\u00f6","isPartOf":{"@id":"https:\/\/wp.kristdemokraterna.se\/savsjo\/#website"},"primaryImageOfPage":{"@id":"https:\/\/wp.kristdemokraterna.se\/savsjo\/utan-spaning-ingen-aning\/#primaryimage"},"image":{"@id":"https:\/\/wp.kristdemokraterna.se\/savsjo\/utan-spaning-ingen-aning\/#primaryimage"},"thumbnailUrl":"https:\/\/wp.kristdemokraterna.se\/savsjo\/files\/2019\/02\/2019-02-27-17.16.31benjamin-o-ulf-hemsida.jpg","datePublished":"2019-02-28T20:48:50+00:00","dateModified":"2019-02-28T20:53:35+00:00","author":{"@id":"https:\/\/wp.kristdemokraterna.se\/savsjo\/#\/schema\/person\/66a08fa678592f794fe60a50b249978a"},"breadcrumb":{"@id":"https:\/\/wp.kristdemokraterna.se\/savsjo\/utan-spaning-ingen-aning\/#breadcrumb"},"inLanguage":"sv-SE","potentialAction":[{"@type":"ReadAction","target":["https:\/\/wp.kristdemokraterna.se\/savsjo\/utan-spaning-ingen-aning\/"]}]},{"@type":"ImageObject","inLanguage":"sv-SE","@id":"https:\/\/wp.kristdemokraterna.se\/savsjo\/utan-spaning-ingen-aning\/#primaryimage","url":"https:\/\/wp.kristdemokraterna.se\/savsjo\/files\/2019\/02\/2019-02-27-17.16.31benjamin-o-ulf-hemsida.jpg","contentUrl":"https:\/\/wp.kristdemokraterna.se\/savsjo\/files\/2019\/02\/2019-02-27-17.16.31benjamin-o-ulf-hemsida.jpg","width":500,"height":299},{"@type":"BreadcrumbList","@id":"https:\/\/wp.kristdemokraterna.se\/savsjo\/utan-spaning-ingen-aning\/#breadcrumb","itemListElement":[{"@type":"ListItem","position":1,"name":"Hem","item":"https:\/\/wp.kristdemokraterna.se\/savsjo\/"},{"@type":"ListItem","position":2,"name":"Utan spaning, ingen aning"}]},{"@type":"WebSite","@id":"https:\/\/wp.kristdemokraterna.se\/savsjo\/#website","url":"https:\/\/wp.kristdemokraterna.se\/savsjo\/","name":"S\u00e4vsj\u00f6","description":"","inLanguage":"sv-SE"},{"@type":"Person","@id":"https:\/\/wp.kristdemokraterna.se\/savsjo\/#\/schema\/person\/66a08fa678592f794fe60a50b249978a","name":"Stefan Gustafsson","image":{"@type":"ImageObject","inLanguage":"sv-SE","@id":"https:\/\/secure.gravatar.com\/avatar\/d183d0fd8830afddde9ab5386edf3b3480a63f1fb3291da52adec75b3b7b6f60?s=96&r=g","url":"https:\/\/secure.gravatar.com\/avatar\/d183d0fd8830afddde9ab5386edf3b3480a63f1fb3291da52adec75b3b7b6f60?s=96&r=g","contentUrl":"https:\/\/secure.gravatar.com\/avatar\/d183d0fd8830afddde9ab5386edf3b3480a63f1fb3291da52adec75b3b7b6f60?s=96&r=g","caption":"Stefan Gustafsson"},"url":"https:\/\/wp.kristdemokraterna.se\/savsjo\/author\/stgu\/"}]}},"_links":{"self":[{"href":"https:\/\/wp.kristdemokraterna.se\/savsjo\/wp-json\/wp\/v2\/posts\/3001","targetHints":{"allow":["GET"]}}],"collection":[{"href":"https:\/\/wp.kristdemokraterna.se\/savsjo\/wp-json\/wp\/v2\/posts"}],"about":[{"href":"https:\/\/wp.kristdemokraterna.se\/savsjo\/wp-json\/wp\/v2\/types\/post"}],"author":[{"embeddable":true,"href":"https:\/\/wp.kristdemokraterna.se\/savsjo\/wp-json\/wp\/v2\/users\/430"}],"replies":[{"embeddable":true,"href":"https:\/\/wp.kristdemokraterna.se\/savsjo\/wp-json\/wp\/v2\/comments?post=3001"}],"version-history":[{"count":6,"href":"https:\/\/wp.kristdemokraterna.se\/savsjo\/wp-json\/wp\/v2\/posts\/3001\/revisions"}],"predecessor-version":[{"id":3008,"href":"https:\/\/wp.kristdemokraterna.se\/savsjo\/wp-json\/wp\/v2\/posts\/3001\/revisions\/3008"}],"wp:featuredmedia":[{"embeddable":true,"href":"https:\/\/wp.kristdemokraterna.se\/savsjo\/wp-json\/wp\/v2\/media\/3002"}],"wp:attachment":[{"href":"https:\/\/wp.kristdemokraterna.se\/savsjo\/wp-json\/wp\/v2\/media?parent=3001"}],"wp:term":[{"taxonomy":"category","embeddable":true,"href":"https:\/\/wp.kristdemokraterna.se\/savsjo\/wp-json\/wp\/v2\/categories?post=3001"},{"taxonomy":"post_tag","embeddable":true,"href":"https:\/\/wp.kristdemokraterna.se\/savsjo\/wp-json\/wp\/v2\/tags?post=3001"}],"curies":[{"name":"wp","href":"https:\/\/api.w.org\/{rel}","templated":true}]}}