{"id":3040,"date":"2019-05-16T11:25:23","date_gmt":"2019-05-16T09:25:23","guid":{"rendered":"http:\/\/wp.kristdemokraterna.se\/savsjo\/?p=3040"},"modified":"2019-05-16T11:26:33","modified_gmt":"2019-05-16T09:26:33","slug":"tussilagon-arets-vitsippspristagare","status":"publish","type":"post","link":"https:\/\/wp.kristdemokraterna.se\/savsjo\/tussilagon-arets-vitsippspristagare\/","title":{"rendered":"Tussilagon \u00e5rets vitsippspristagare"},"content":{"rendered":"<p>Tussilagon firade trettio\u00e5rsjubileum med \u00f6ppethus, aktiviteter och gott fika n\u00e4r de \u00f6verraskades av att ett g\u00e4ng kristdemokrater kom f\u00f6r att dela ut \u00e5rets Vitsippspris.\u00a0 \u00c5rets pristagare \u00e4r en fantastiskt fin verksamhet som bidragit till utveckling av hela Hj\u00e4lmserydsbygden. F\u00f6rskolan Tussilagon bidrar till trygg barnomsorg, valfrihet och att sprida goda v\u00e4rderingar utifr\u00e5n sin tydliga kristna profil. F\u00f6rskolan och den lokala f\u00f6rsamlingen har ocks\u00e5 blivit en naturlig m\u00f6tesplats f\u00f6r hela bygden. P\u00e5 f\u00f6ljande l\u00e4nk finns hela motiveringen:<!--more--><\/p>\n<h1>Vitsippspriset 2019<\/h1>\n<p>F\u00f6rskolan Tussilagon \u00e4r ett utm\u00e4rkt exempel p\u00e5 en bra frist\u00e5ende f\u00f6rskola som ger f\u00f6r\u00e4ldrar valfrihet och som bidrar till att kommunen kan m\u00f6ta efterfr\u00e5gan p\u00e5 barnomsorg. Till alla barn erbjuds en trygg, positiv och utvecklande milj\u00f6!<\/p>\n<p>F\u00f6rskolans namn \u00e4r valt utifr\u00e5n en v\u00e5rblomma och det har genom \u00e5ren blivit tydligt att de v\u00e4l lever upp till sitt namn. F\u00f6rskolan Tussilagon har visat att de har djupa r\u00f6tter i Hj\u00e4lmserydsbygden \u00e4r uth\u00e5lliga och t\u00e5liga. De bidrar till lyskraft, gl\u00e4dje, framtidstro och en levande landsbygd. Med sin kristna profil tillf\u00f6r de bygden goda v\u00e4rderingar och en v\u00e4lg\u00f6rande atmosf\u00e4r. F\u00f6rskolan, med sin koppling till F\u00f6rebergs missionsf\u00f6rsamling, engagerar m\u00e5nga frivilliginsatser. De har blivit en viktig m\u00f6tesplats genom att regelbundet ordna v\u00e4lbes\u00f6kta aktiviteter.<\/p>\n<p>F\u00f6rskolan \u00e4r en i bygden viktig och eftertraktad arbetsgivare och har alltid visat en fast fram\u00e5tinriktad ledning. Den stora insats som gjorts av Karin Blom \u00e4r v\u00e4rd att s\u00e4rskilt notera.<\/p>\n<p>Kristdemokraterna gratulerar till 30-\u00e5rs framg\u00e5ngsrik verksamhet och \u00f6nskar lycka till i arbetet fram\u00f6ver! Tussilagon \u00e4r precis som Vitsippan en tidig v\u00e5rblomma och de har m\u00e5nga liknande goda egenskaper. F\u00f6rskolan Tussilagon \u00e4r en v\u00e4rdig mottagare till vitsippspriset 2019!<\/p>\n<h4>S\u00e4vsj\u00f6 den 15 maj 2019<\/h4>\n<p>Fredrik H\u00e5kansson Ordf\u00f6rande,\u00a0 \u00a0 Stefan Gustafsson Gruppledare<\/p>\n<p>&nbsp;<\/p>\n<h3>Kriterier f\u00f6r Vitsippspriset i S\u00e4vsj\u00f6 kommun:<\/h3>\n<p><em>Kristdemokraterna i S\u00e4vsj\u00f6 kommun delar \u00e5rligen ut ett \u201dVitsippspris\u201d f\u00f6r att uppmuntra och uppm\u00e4rksamma positiva f\u00f6reteelser i v\u00e5rt n\u00e4rsamh\u00e4lle oavsett om de sker i det tysta eller i str\u00e5lkastarljuset. Vitsippspriset har sin utg\u00e5ngspunkt fr\u00e5n den fina v\u00e5rblomman vitsippan som ocks\u00e5 \u00e4r symbolen f\u00f6r Kristdemokraterna. Partiets vitsippa talar om enkelhet, \u00e4kthet och samtidigt m\u00e4nsklig ofullkomlighet. Mitt i denna ofullkomlighet utr\u00e4ttar m\u00e4nniskor stord\u00e5d \u2013 ofta i det tysta. Vitsippspriset delas ut f\u00f6r g\u00e4rningar gjorda i denna anda och \u00e4r avsett som en uppmuntran och ett erk\u00e4nnande till n\u00e5gon enskild eller organisation som har utr\u00e4ttat n\u00e5got ut\u00f6ver det vanliga.<\/em><\/p>\n","protected":false},"excerpt":{"rendered":"<p>Tussilagon firade trettio\u00e5rsjubileum med \u00f6ppethus, aktiviteter och gott fika n\u00e4r de \u00f6verraskades av att ett g\u00e4ng kristdemokrater kom f\u00f6r att dela ut \u00e5rets Vitsippspris.\u00a0 \u00c5rets pristagare \u00e4r en fantastiskt fin verksamhet som bidragit till utveckling av hela Hj\u00e4lmserydsbygden. F\u00f6rskolan Tussilagon bidrar till trygg barnomsorg, valfrihet och att sprida goda v\u00e4rderingar utifr\u00e5n sin tydliga kristna profil. <a class=\"read-more-link\" href=\"https:\/\/wp.kristdemokraterna.se\/savsjo\/tussilagon-arets-vitsippspristagare\/\">Read More<\/a><\/p>\n","protected":false},"author":430,"featured_media":3041,"comment_status":"closed","ping_status":"closed","sticky":false,"template":"","format":"standard","meta":{"_acf_changed":false,"footnotes":""},"categories":[1],"tags":[],"class_list":["post-3040","post","type-post","status-publish","format-standard","has-post-thumbnail","hentry","category-okategoriserade"],"acf":[],"yoast_head":"<!-- This site is optimized with the Yoast SEO plugin v27.5 - https:\/\/yoast.com\/product\/yoast-seo-wordpress\/ -->\n<title>Tussilagon \u00e5rets vitsippspristagare - S\u00e4vsj\u00f6<\/title>\n<meta name=\"robots\" content=\"index, follow, max-snippet:-1, max-image-preview:large, max-video-preview:-1\" \/>\n<link rel=\"canonical\" href=\"https:\/\/wp.kristdemokraterna.se\/savsjo\/tussilagon-arets-vitsippspristagare\/\" \/>\n<meta property=\"og:locale\" content=\"sv_SE\" \/>\n<meta property=\"og:type\" content=\"article\" \/>\n<meta property=\"og:title\" content=\"Tussilagon \u00e5rets vitsippspristagare - S\u00e4vsj\u00f6\" \/>\n<meta property=\"og:description\" content=\"Tussilagon firade trettio\u00e5rsjubileum med \u00f6ppethus, aktiviteter och gott fika n\u00e4r de \u00f6verraskades av att ett g\u00e4ng kristdemokrater kom f\u00f6r att dela ut \u00e5rets Vitsippspris.\u00a0 \u00c5rets pristagare \u00e4r en fantastiskt fin verksamhet som bidragit till utveckling av hela Hj\u00e4lmserydsbygden. F\u00f6rskolan Tussilagon bidrar till trygg barnomsorg, valfrihet och att sprida goda v\u00e4rderingar utifr\u00e5n sin tydliga kristna profil. Read More\" \/>\n<meta property=\"og:url\" content=\"https:\/\/wp.kristdemokraterna.se\/savsjo\/tussilagon-arets-vitsippspristagare\/\" \/>\n<meta property=\"og:site_name\" content=\"S\u00e4vsj\u00f6\" \/>\n<meta property=\"article:published_time\" content=\"2019-05-16T09:25:23+00:00\" \/>\n<meta property=\"article:modified_time\" content=\"2019-05-16T09:26:33+00:00\" \/>\n<meta property=\"og:image\" content=\"https:\/\/wp.kristdemokraterna.se\/savsjo\/files\/2019\/05\/2019-05-15-16.46.39vitsippspris-tussilagon-hemsida.jpg\" \/>\n\t<meta property=\"og:image:width\" content=\"500\" \/>\n\t<meta property=\"og:image:height\" content=\"300\" \/>\n\t<meta property=\"og:image:type\" content=\"image\/jpeg\" \/>\n<meta name=\"author\" content=\"Stefan Gustafsson\" \/>\n<meta name=\"twitter:card\" content=\"summary_large_image\" \/>\n<meta name=\"twitter:label1\" content=\"Skriven av\" \/>\n\t<meta name=\"twitter:data1\" content=\"Stefan Gustafsson\" \/>\n\t<meta name=\"twitter:label2\" content=\"Ber\u00e4knad l\u00e4stid\" \/>\n\t<meta name=\"twitter:data2\" content=\"2 minuter\" \/>\n<script type=\"application\/ld+json\" class=\"yoast-schema-graph\">{\"@context\":\"https:\\\/\\\/schema.org\",\"@graph\":[{\"@type\":\"Article\",\"@id\":\"https:\\\/\\\/wp.kristdemokraterna.se\\\/savsjo\\\/tussilagon-arets-vitsippspristagare\\\/#article\",\"isPartOf\":{\"@id\":\"https:\\\/\\\/wp.kristdemokraterna.se\\\/savsjo\\\/tussilagon-arets-vitsippspristagare\\\/\"},\"author\":{\"name\":\"Stefan Gustafsson\",\"@id\":\"https:\\\/\\\/wp.kristdemokraterna.se\\\/savsjo\\\/#\\\/schema\\\/person\\\/66a08fa678592f794fe60a50b249978a\"},\"headline\":\"Tussilagon \u00e5rets vitsippspristagare\",\"datePublished\":\"2019-05-16T09:25:23+00:00\",\"dateModified\":\"2019-05-16T09:26:33+00:00\",\"mainEntityOfPage\":{\"@id\":\"https:\\\/\\\/wp.kristdemokraterna.se\\\/savsjo\\\/tussilagon-arets-vitsippspristagare\\\/\"},\"wordCount\":457,\"image\":{\"@id\":\"https:\\\/\\\/wp.kristdemokraterna.se\\\/savsjo\\\/tussilagon-arets-vitsippspristagare\\\/#primaryimage\"},\"thumbnailUrl\":\"https:\\\/\\\/wp.kristdemokraterna.se\\\/savsjo\\\/files\\\/2019\\\/05\\\/2019-05-15-16.46.39vitsippspris-tussilagon-hemsida.jpg\",\"inLanguage\":\"sv-SE\"},{\"@type\":\"WebPage\",\"@id\":\"https:\\\/\\\/wp.kristdemokraterna.se\\\/savsjo\\\/tussilagon-arets-vitsippspristagare\\\/\",\"url\":\"https:\\\/\\\/wp.kristdemokraterna.se\\\/savsjo\\\/tussilagon-arets-vitsippspristagare\\\/\",\"name\":\"Tussilagon \u00e5rets vitsippspristagare - S\u00e4vsj\u00f6\",\"isPartOf\":{\"@id\":\"https:\\\/\\\/wp.kristdemokraterna.se\\\/savsjo\\\/#website\"},\"primaryImageOfPage\":{\"@id\":\"https:\\\/\\\/wp.kristdemokraterna.se\\\/savsjo\\\/tussilagon-arets-vitsippspristagare\\\/#primaryimage\"},\"image\":{\"@id\":\"https:\\\/\\\/wp.kristdemokraterna.se\\\/savsjo\\\/tussilagon-arets-vitsippspristagare\\\/#primaryimage\"},\"thumbnailUrl\":\"https:\\\/\\\/wp.kristdemokraterna.se\\\/savsjo\\\/files\\\/2019\\\/05\\\/2019-05-15-16.46.39vitsippspris-tussilagon-hemsida.jpg\",\"datePublished\":\"2019-05-16T09:25:23+00:00\",\"dateModified\":\"2019-05-16T09:26:33+00:00\",\"author\":{\"@id\":\"https:\\\/\\\/wp.kristdemokraterna.se\\\/savsjo\\\/#\\\/schema\\\/person\\\/66a08fa678592f794fe60a50b249978a\"},\"breadcrumb\":{\"@id\":\"https:\\\/\\\/wp.kristdemokraterna.se\\\/savsjo\\\/tussilagon-arets-vitsippspristagare\\\/#breadcrumb\"},\"inLanguage\":\"sv-SE\",\"potentialAction\":[{\"@type\":\"ReadAction\",\"target\":[\"https:\\\/\\\/wp.kristdemokraterna.se\\\/savsjo\\\/tussilagon-arets-vitsippspristagare\\\/\"]}]},{\"@type\":\"ImageObject\",\"inLanguage\":\"sv-SE\",\"@id\":\"https:\\\/\\\/wp.kristdemokraterna.se\\\/savsjo\\\/tussilagon-arets-vitsippspristagare\\\/#primaryimage\",\"url\":\"https:\\\/\\\/wp.kristdemokraterna.se\\\/savsjo\\\/files\\\/2019\\\/05\\\/2019-05-15-16.46.39vitsippspris-tussilagon-hemsida.jpg\",\"contentUrl\":\"https:\\\/\\\/wp.kristdemokraterna.se\\\/savsjo\\\/files\\\/2019\\\/05\\\/2019-05-15-16.46.39vitsippspris-tussilagon-hemsida.jpg\",\"width\":500,\"height\":300},{\"@type\":\"BreadcrumbList\",\"@id\":\"https:\\\/\\\/wp.kristdemokraterna.se\\\/savsjo\\\/tussilagon-arets-vitsippspristagare\\\/#breadcrumb\",\"itemListElement\":[{\"@type\":\"ListItem\",\"position\":1,\"name\":\"Hem\",\"item\":\"https:\\\/\\\/wp.kristdemokraterna.se\\\/savsjo\\\/\"},{\"@type\":\"ListItem\",\"position\":2,\"name\":\"Tussilagon \u00e5rets vitsippspristagare\"}]},{\"@type\":\"WebSite\",\"@id\":\"https:\\\/\\\/wp.kristdemokraterna.se\\\/savsjo\\\/#website\",\"url\":\"https:\\\/\\\/wp.kristdemokraterna.se\\\/savsjo\\\/\",\"name\":\"S\u00e4vsj\u00f6\",\"description\":\"\",\"inLanguage\":\"sv-SE\"},{\"@type\":\"Person\",\"@id\":\"https:\\\/\\\/wp.kristdemokraterna.se\\\/savsjo\\\/#\\\/schema\\\/person\\\/66a08fa678592f794fe60a50b249978a\",\"name\":\"Stefan Gustafsson\",\"image\":{\"@type\":\"ImageObject\",\"inLanguage\":\"sv-SE\",\"@id\":\"https:\\\/\\\/secure.gravatar.com\\\/avatar\\\/d183d0fd8830afddde9ab5386edf3b3480a63f1fb3291da52adec75b3b7b6f60?s=96&r=g\",\"url\":\"https:\\\/\\\/secure.gravatar.com\\\/avatar\\\/d183d0fd8830afddde9ab5386edf3b3480a63f1fb3291da52adec75b3b7b6f60?s=96&r=g\",\"contentUrl\":\"https:\\\/\\\/secure.gravatar.com\\\/avatar\\\/d183d0fd8830afddde9ab5386edf3b3480a63f1fb3291da52adec75b3b7b6f60?s=96&r=g\",\"caption\":\"Stefan Gustafsson\"},\"url\":\"https:\\\/\\\/wp.kristdemokraterna.se\\\/savsjo\\\/author\\\/stgu\\\/\"}]}<\/script>\n<!-- \/ Yoast SEO plugin. -->","yoast_head_json":{"title":"Tussilagon \u00e5rets vitsippspristagare - S\u00e4vsj\u00f6","robots":{"index":"index","follow":"follow","max-snippet":"max-snippet:-1","max-image-preview":"max-image-preview:large","max-video-preview":"max-video-preview:-1"},"canonical":"https:\/\/wp.kristdemokraterna.se\/savsjo\/tussilagon-arets-vitsippspristagare\/","og_locale":"sv_SE","og_type":"article","og_title":"Tussilagon \u00e5rets vitsippspristagare - S\u00e4vsj\u00f6","og_description":"Tussilagon firade trettio\u00e5rsjubileum med \u00f6ppethus, aktiviteter och gott fika n\u00e4r de \u00f6verraskades av att ett g\u00e4ng kristdemokrater kom f\u00f6r att dela ut \u00e5rets Vitsippspris.\u00a0 \u00c5rets pristagare \u00e4r en fantastiskt fin verksamhet som bidragit till utveckling av hela Hj\u00e4lmserydsbygden. F\u00f6rskolan Tussilagon bidrar till trygg barnomsorg, valfrihet och att sprida goda v\u00e4rderingar utifr\u00e5n sin tydliga kristna profil. Read More","og_url":"https:\/\/wp.kristdemokraterna.se\/savsjo\/tussilagon-arets-vitsippspristagare\/","og_site_name":"S\u00e4vsj\u00f6","article_published_time":"2019-05-16T09:25:23+00:00","article_modified_time":"2019-05-16T09:26:33+00:00","og_image":[{"width":500,"height":300,"url":"https:\/\/wp.kristdemokraterna.se\/savsjo\/files\/2019\/05\/2019-05-15-16.46.39vitsippspris-tussilagon-hemsida.jpg","type":"image\/jpeg"}],"author":"Stefan Gustafsson","twitter_card":"summary_large_image","twitter_misc":{"Skriven av":"Stefan Gustafsson","Ber\u00e4knad l\u00e4stid":"2 minuter"},"schema":{"@context":"https:\/\/schema.org","@graph":[{"@type":"Article","@id":"https:\/\/wp.kristdemokraterna.se\/savsjo\/tussilagon-arets-vitsippspristagare\/#article","isPartOf":{"@id":"https:\/\/wp.kristdemokraterna.se\/savsjo\/tussilagon-arets-vitsippspristagare\/"},"author":{"name":"Stefan Gustafsson","@id":"https:\/\/wp.kristdemokraterna.se\/savsjo\/#\/schema\/person\/66a08fa678592f794fe60a50b249978a"},"headline":"Tussilagon \u00e5rets vitsippspristagare","datePublished":"2019-05-16T09:25:23+00:00","dateModified":"2019-05-16T09:26:33+00:00","mainEntityOfPage":{"@id":"https:\/\/wp.kristdemokraterna.se\/savsjo\/tussilagon-arets-vitsippspristagare\/"},"wordCount":457,"image":{"@id":"https:\/\/wp.kristdemokraterna.se\/savsjo\/tussilagon-arets-vitsippspristagare\/#primaryimage"},"thumbnailUrl":"https:\/\/wp.kristdemokraterna.se\/savsjo\/files\/2019\/05\/2019-05-15-16.46.39vitsippspris-tussilagon-hemsida.jpg","inLanguage":"sv-SE"},{"@type":"WebPage","@id":"https:\/\/wp.kristdemokraterna.se\/savsjo\/tussilagon-arets-vitsippspristagare\/","url":"https:\/\/wp.kristdemokraterna.se\/savsjo\/tussilagon-arets-vitsippspristagare\/","name":"Tussilagon \u00e5rets vitsippspristagare - S\u00e4vsj\u00f6","isPartOf":{"@id":"https:\/\/wp.kristdemokraterna.se\/savsjo\/#website"},"primaryImageOfPage":{"@id":"https:\/\/wp.kristdemokraterna.se\/savsjo\/tussilagon-arets-vitsippspristagare\/#primaryimage"},"image":{"@id":"https:\/\/wp.kristdemokraterna.se\/savsjo\/tussilagon-arets-vitsippspristagare\/#primaryimage"},"thumbnailUrl":"https:\/\/wp.kristdemokraterna.se\/savsjo\/files\/2019\/05\/2019-05-15-16.46.39vitsippspris-tussilagon-hemsida.jpg","datePublished":"2019-05-16T09:25:23+00:00","dateModified":"2019-05-16T09:26:33+00:00","author":{"@id":"https:\/\/wp.kristdemokraterna.se\/savsjo\/#\/schema\/person\/66a08fa678592f794fe60a50b249978a"},"breadcrumb":{"@id":"https:\/\/wp.kristdemokraterna.se\/savsjo\/tussilagon-arets-vitsippspristagare\/#breadcrumb"},"inLanguage":"sv-SE","potentialAction":[{"@type":"ReadAction","target":["https:\/\/wp.kristdemokraterna.se\/savsjo\/tussilagon-arets-vitsippspristagare\/"]}]},{"@type":"ImageObject","inLanguage":"sv-SE","@id":"https:\/\/wp.kristdemokraterna.se\/savsjo\/tussilagon-arets-vitsippspristagare\/#primaryimage","url":"https:\/\/wp.kristdemokraterna.se\/savsjo\/files\/2019\/05\/2019-05-15-16.46.39vitsippspris-tussilagon-hemsida.jpg","contentUrl":"https:\/\/wp.kristdemokraterna.se\/savsjo\/files\/2019\/05\/2019-05-15-16.46.39vitsippspris-tussilagon-hemsida.jpg","width":500,"height":300},{"@type":"BreadcrumbList","@id":"https:\/\/wp.kristdemokraterna.se\/savsjo\/tussilagon-arets-vitsippspristagare\/#breadcrumb","itemListElement":[{"@type":"ListItem","position":1,"name":"Hem","item":"https:\/\/wp.kristdemokraterna.se\/savsjo\/"},{"@type":"ListItem","position":2,"name":"Tussilagon \u00e5rets vitsippspristagare"}]},{"@type":"WebSite","@id":"https:\/\/wp.kristdemokraterna.se\/savsjo\/#website","url":"https:\/\/wp.kristdemokraterna.se\/savsjo\/","name":"S\u00e4vsj\u00f6","description":"","inLanguage":"sv-SE"},{"@type":"Person","@id":"https:\/\/wp.kristdemokraterna.se\/savsjo\/#\/schema\/person\/66a08fa678592f794fe60a50b249978a","name":"Stefan Gustafsson","image":{"@type":"ImageObject","inLanguage":"sv-SE","@id":"https:\/\/secure.gravatar.com\/avatar\/d183d0fd8830afddde9ab5386edf3b3480a63f1fb3291da52adec75b3b7b6f60?s=96&r=g","url":"https:\/\/secure.gravatar.com\/avatar\/d183d0fd8830afddde9ab5386edf3b3480a63f1fb3291da52adec75b3b7b6f60?s=96&r=g","contentUrl":"https:\/\/secure.gravatar.com\/avatar\/d183d0fd8830afddde9ab5386edf3b3480a63f1fb3291da52adec75b3b7b6f60?s=96&r=g","caption":"Stefan Gustafsson"},"url":"https:\/\/wp.kristdemokraterna.se\/savsjo\/author\/stgu\/"}]}},"_links":{"self":[{"href":"https:\/\/wp.kristdemokraterna.se\/savsjo\/wp-json\/wp\/v2\/posts\/3040","targetHints":{"allow":["GET"]}}],"collection":[{"href":"https:\/\/wp.kristdemokraterna.se\/savsjo\/wp-json\/wp\/v2\/posts"}],"about":[{"href":"https:\/\/wp.kristdemokraterna.se\/savsjo\/wp-json\/wp\/v2\/types\/post"}],"author":[{"embeddable":true,"href":"https:\/\/wp.kristdemokraterna.se\/savsjo\/wp-json\/wp\/v2\/users\/430"}],"replies":[{"embeddable":true,"href":"https:\/\/wp.kristdemokraterna.se\/savsjo\/wp-json\/wp\/v2\/comments?post=3040"}],"version-history":[{"count":2,"href":"https:\/\/wp.kristdemokraterna.se\/savsjo\/wp-json\/wp\/v2\/posts\/3040\/revisions"}],"predecessor-version":[{"id":3043,"href":"https:\/\/wp.kristdemokraterna.se\/savsjo\/wp-json\/wp\/v2\/posts\/3040\/revisions\/3043"}],"wp:featuredmedia":[{"embeddable":true,"href":"https:\/\/wp.kristdemokraterna.se\/savsjo\/wp-json\/wp\/v2\/media\/3041"}],"wp:attachment":[{"href":"https:\/\/wp.kristdemokraterna.se\/savsjo\/wp-json\/wp\/v2\/media?parent=3040"}],"wp:term":[{"taxonomy":"category","embeddable":true,"href":"https:\/\/wp.kristdemokraterna.se\/savsjo\/wp-json\/wp\/v2\/categories?post=3040"},{"taxonomy":"post_tag","embeddable":true,"href":"https:\/\/wp.kristdemokraterna.se\/savsjo\/wp-json\/wp\/v2\/tags?post=3040"}],"curies":[{"name":"wp","href":"https:\/\/api.w.org\/{rel}","templated":true}]}}