{"id":3047,"date":"2019-05-18T15:38:02","date_gmt":"2019-05-18T13:38:02","guid":{"rendered":"http:\/\/wp.kristdemokraterna.se\/savsjo\/?p=3047"},"modified":"2019-05-18T15:45:19","modified_gmt":"2019-05-18T13:45:19","slug":"varmarknad-med-make-eu-lagom-again","status":"publish","type":"post","link":"https:\/\/wp.kristdemokraterna.se\/savsjo\/varmarknad-med-make-eu-lagom-again\/","title":{"rendered":"V\u00e5rmarknad med Make EU lagom again"},"content":{"rendered":"<p>EU-valet n\u00e4rmar sig och vi kristdemokrater var med p\u00e5 Vrigstad v\u00e5rmarknad och kampanjade f\u00f6r att \u201cMake EU lagom again.&#8221; F\u00f6r dagen hade vi med oss riksdagsledamot Andreas Carlsson som b\u00e5de var med och delade ut foldrar och talade fr\u00e5n scenen.\u00a0 Trevligt att m\u00f6ta alla marknadsbes\u00f6kare och f\u00e5 m\u00f6jlighet till m\u00e5nga bra samtal. Vrigstad marknad \u00e4r ett mycket fint arrangemang och en verklig folkfest!<br \/>\n<a href=\"http:\/\/www.savsjo.blogspot.se\">L\u00e4s mer p\u00e5 bloggen www.savsjo.blogspot.se<\/a>. D\u00e4r hittar du ocks\u00e5 information om f\u00f6rtidsr\u00f6stning och varf\u00f6r vi tycker att du ska r\u00f6sta p\u00e5 Kristdemokraterna.<\/p>\n","protected":false},"excerpt":{"rendered":"<p>EU-valet n\u00e4rmar sig och vi kristdemokrater var med p\u00e5 Vrigstad v\u00e5rmarknad och kampanjade f\u00f6r att \u201cMake EU lagom again.&#8221; F\u00f6r dagen hade vi med oss riksdagsledamot Andreas Carlsson som b\u00e5de var med och delade ut foldrar och talade fr\u00e5n scenen.\u00a0 Trevligt att m\u00f6ta alla marknadsbes\u00f6kare och f\u00e5 m\u00f6jlighet till m\u00e5nga bra samtal. Vrigstad marknad \u00e4r <a class=\"read-more-link\" href=\"https:\/\/wp.kristdemokraterna.se\/savsjo\/varmarknad-med-make-eu-lagom-again\/\">Read More<\/a><\/p>\n","protected":false},"author":430,"featured_media":3048,"comment_status":"closed","ping_status":"closed","sticky":false,"template":"","format":"standard","meta":{"_acf_changed":false,"footnotes":""},"categories":[1],"tags":[],"class_list":["post-3047","post","type-post","status-publish","format-standard","has-post-thumbnail","hentry","category-okategoriserade"],"acf":[],"yoast_head":"<!-- This site is optimized with the Yoast SEO plugin v27.5 - https:\/\/yoast.com\/product\/yoast-seo-wordpress\/ -->\n<title>V\u00e5rmarknad med Make EU lagom again - S\u00e4vsj\u00f6<\/title>\n<meta name=\"robots\" content=\"index, follow, max-snippet:-1, max-image-preview:large, max-video-preview:-1\" \/>\n<link rel=\"canonical\" href=\"https:\/\/wp.kristdemokraterna.se\/savsjo\/varmarknad-med-make-eu-lagom-again\/\" \/>\n<meta property=\"og:locale\" content=\"sv_SE\" \/>\n<meta property=\"og:type\" content=\"article\" \/>\n<meta property=\"og:title\" content=\"V\u00e5rmarknad med Make EU lagom again - S\u00e4vsj\u00f6\" \/>\n<meta property=\"og:description\" content=\"EU-valet n\u00e4rmar sig och vi kristdemokrater var med p\u00e5 Vrigstad v\u00e5rmarknad och kampanjade f\u00f6r att \u201cMake EU lagom again.&#8221; F\u00f6r dagen hade vi med oss riksdagsledamot Andreas Carlsson som b\u00e5de var med och delade ut foldrar och talade fr\u00e5n scenen.\u00a0 Trevligt att m\u00f6ta alla marknadsbes\u00f6kare och f\u00e5 m\u00f6jlighet till m\u00e5nga bra samtal. Vrigstad marknad \u00e4r Read More\" \/>\n<meta property=\"og:url\" content=\"https:\/\/wp.kristdemokraterna.se\/savsjo\/varmarknad-med-make-eu-lagom-again\/\" \/>\n<meta property=\"og:site_name\" content=\"S\u00e4vsj\u00f6\" \/>\n<meta property=\"article:published_time\" content=\"2019-05-18T13:38:02+00:00\" \/>\n<meta property=\"article:modified_time\" content=\"2019-05-18T13:45:19+00:00\" \/>\n<meta property=\"og:image\" content=\"https:\/\/wp.kristdemokraterna.se\/savsjo\/files\/2019\/05\/img_0901.jpeg\" \/>\n\t<meta property=\"og:image:width\" content=\"500\" \/>\n\t<meta property=\"og:image:height\" content=\"300\" \/>\n\t<meta property=\"og:image:type\" content=\"image\/jpeg\" \/>\n<meta name=\"author\" content=\"Stefan Gustafsson\" \/>\n<meta name=\"twitter:card\" content=\"summary_large_image\" \/>\n<meta name=\"twitter:label1\" content=\"Skriven av\" \/>\n\t<meta name=\"twitter:data1\" content=\"Stefan Gustafsson\" \/>\n\t<meta name=\"twitter:label2\" content=\"Ber\u00e4knad l\u00e4stid\" \/>\n\t<meta name=\"twitter:data2\" content=\"1 minut\" \/>\n<script type=\"application\/ld+json\" class=\"yoast-schema-graph\">{\"@context\":\"https:\\\/\\\/schema.org\",\"@graph\":[{\"@type\":\"Article\",\"@id\":\"https:\\\/\\\/wp.kristdemokraterna.se\\\/savsjo\\\/varmarknad-med-make-eu-lagom-again\\\/#article\",\"isPartOf\":{\"@id\":\"https:\\\/\\\/wp.kristdemokraterna.se\\\/savsjo\\\/varmarknad-med-make-eu-lagom-again\\\/\"},\"author\":{\"name\":\"Stefan Gustafsson\",\"@id\":\"https:\\\/\\\/wp.kristdemokraterna.se\\\/savsjo\\\/#\\\/schema\\\/person\\\/66a08fa678592f794fe60a50b249978a\"},\"headline\":\"V\u00e5rmarknad med Make EU lagom again\",\"datePublished\":\"2019-05-18T13:38:02+00:00\",\"dateModified\":\"2019-05-18T13:45:19+00:00\",\"mainEntityOfPage\":{\"@id\":\"https:\\\/\\\/wp.kristdemokraterna.se\\\/savsjo\\\/varmarknad-med-make-eu-lagom-again\\\/\"},\"wordCount\":111,\"image\":{\"@id\":\"https:\\\/\\\/wp.kristdemokraterna.se\\\/savsjo\\\/varmarknad-med-make-eu-lagom-again\\\/#primaryimage\"},\"thumbnailUrl\":\"https:\\\/\\\/wp.kristdemokraterna.se\\\/savsjo\\\/files\\\/2019\\\/05\\\/img_0901.jpeg\",\"inLanguage\":\"sv-SE\"},{\"@type\":\"WebPage\",\"@id\":\"https:\\\/\\\/wp.kristdemokraterna.se\\\/savsjo\\\/varmarknad-med-make-eu-lagom-again\\\/\",\"url\":\"https:\\\/\\\/wp.kristdemokraterna.se\\\/savsjo\\\/varmarknad-med-make-eu-lagom-again\\\/\",\"name\":\"V\u00e5rmarknad med Make EU lagom again - S\u00e4vsj\u00f6\",\"isPartOf\":{\"@id\":\"https:\\\/\\\/wp.kristdemokraterna.se\\\/savsjo\\\/#website\"},\"primaryImageOfPage\":{\"@id\":\"https:\\\/\\\/wp.kristdemokraterna.se\\\/savsjo\\\/varmarknad-med-make-eu-lagom-again\\\/#primaryimage\"},\"image\":{\"@id\":\"https:\\\/\\\/wp.kristdemokraterna.se\\\/savsjo\\\/varmarknad-med-make-eu-lagom-again\\\/#primaryimage\"},\"thumbnailUrl\":\"https:\\\/\\\/wp.kristdemokraterna.se\\\/savsjo\\\/files\\\/2019\\\/05\\\/img_0901.jpeg\",\"datePublished\":\"2019-05-18T13:38:02+00:00\",\"dateModified\":\"2019-05-18T13:45:19+00:00\",\"author\":{\"@id\":\"https:\\\/\\\/wp.kristdemokraterna.se\\\/savsjo\\\/#\\\/schema\\\/person\\\/66a08fa678592f794fe60a50b249978a\"},\"breadcrumb\":{\"@id\":\"https:\\\/\\\/wp.kristdemokraterna.se\\\/savsjo\\\/varmarknad-med-make-eu-lagom-again\\\/#breadcrumb\"},\"inLanguage\":\"sv-SE\",\"potentialAction\":[{\"@type\":\"ReadAction\",\"target\":[\"https:\\\/\\\/wp.kristdemokraterna.se\\\/savsjo\\\/varmarknad-med-make-eu-lagom-again\\\/\"]}]},{\"@type\":\"ImageObject\",\"inLanguage\":\"sv-SE\",\"@id\":\"https:\\\/\\\/wp.kristdemokraterna.se\\\/savsjo\\\/varmarknad-med-make-eu-lagom-again\\\/#primaryimage\",\"url\":\"https:\\\/\\\/wp.kristdemokraterna.se\\\/savsjo\\\/files\\\/2019\\\/05\\\/img_0901.jpeg\",\"contentUrl\":\"https:\\\/\\\/wp.kristdemokraterna.se\\\/savsjo\\\/files\\\/2019\\\/05\\\/img_0901.jpeg\",\"width\":500,\"height\":300},{\"@type\":\"BreadcrumbList\",\"@id\":\"https:\\\/\\\/wp.kristdemokraterna.se\\\/savsjo\\\/varmarknad-med-make-eu-lagom-again\\\/#breadcrumb\",\"itemListElement\":[{\"@type\":\"ListItem\",\"position\":1,\"name\":\"Hem\",\"item\":\"https:\\\/\\\/wp.kristdemokraterna.se\\\/savsjo\\\/\"},{\"@type\":\"ListItem\",\"position\":2,\"name\":\"V\u00e5rmarknad med Make EU lagom again\"}]},{\"@type\":\"WebSite\",\"@id\":\"https:\\\/\\\/wp.kristdemokraterna.se\\\/savsjo\\\/#website\",\"url\":\"https:\\\/\\\/wp.kristdemokraterna.se\\\/savsjo\\\/\",\"name\":\"S\u00e4vsj\u00f6\",\"description\":\"\",\"inLanguage\":\"sv-SE\"},{\"@type\":\"Person\",\"@id\":\"https:\\\/\\\/wp.kristdemokraterna.se\\\/savsjo\\\/#\\\/schema\\\/person\\\/66a08fa678592f794fe60a50b249978a\",\"name\":\"Stefan Gustafsson\",\"image\":{\"@type\":\"ImageObject\",\"inLanguage\":\"sv-SE\",\"@id\":\"https:\\\/\\\/secure.gravatar.com\\\/avatar\\\/d183d0fd8830afddde9ab5386edf3b3480a63f1fb3291da52adec75b3b7b6f60?s=96&r=g\",\"url\":\"https:\\\/\\\/secure.gravatar.com\\\/avatar\\\/d183d0fd8830afddde9ab5386edf3b3480a63f1fb3291da52adec75b3b7b6f60?s=96&r=g\",\"contentUrl\":\"https:\\\/\\\/secure.gravatar.com\\\/avatar\\\/d183d0fd8830afddde9ab5386edf3b3480a63f1fb3291da52adec75b3b7b6f60?s=96&r=g\",\"caption\":\"Stefan Gustafsson\"},\"url\":\"https:\\\/\\\/wp.kristdemokraterna.se\\\/savsjo\\\/author\\\/stgu\\\/\"}]}<\/script>\n<!-- \/ Yoast SEO plugin. -->","yoast_head_json":{"title":"V\u00e5rmarknad med Make EU lagom again - S\u00e4vsj\u00f6","robots":{"index":"index","follow":"follow","max-snippet":"max-snippet:-1","max-image-preview":"max-image-preview:large","max-video-preview":"max-video-preview:-1"},"canonical":"https:\/\/wp.kristdemokraterna.se\/savsjo\/varmarknad-med-make-eu-lagom-again\/","og_locale":"sv_SE","og_type":"article","og_title":"V\u00e5rmarknad med Make EU lagom again - S\u00e4vsj\u00f6","og_description":"EU-valet n\u00e4rmar sig och vi kristdemokrater var med p\u00e5 Vrigstad v\u00e5rmarknad och kampanjade f\u00f6r att \u201cMake EU lagom again.&#8221; F\u00f6r dagen hade vi med oss riksdagsledamot Andreas Carlsson som b\u00e5de var med och delade ut foldrar och talade fr\u00e5n scenen.\u00a0 Trevligt att m\u00f6ta alla marknadsbes\u00f6kare och f\u00e5 m\u00f6jlighet till m\u00e5nga bra samtal. Vrigstad marknad \u00e4r Read More","og_url":"https:\/\/wp.kristdemokraterna.se\/savsjo\/varmarknad-med-make-eu-lagom-again\/","og_site_name":"S\u00e4vsj\u00f6","article_published_time":"2019-05-18T13:38:02+00:00","article_modified_time":"2019-05-18T13:45:19+00:00","og_image":[{"width":500,"height":300,"url":"https:\/\/wp.kristdemokraterna.se\/savsjo\/files\/2019\/05\/img_0901.jpeg","type":"image\/jpeg"}],"author":"Stefan Gustafsson","twitter_card":"summary_large_image","twitter_misc":{"Skriven av":"Stefan Gustafsson","Ber\u00e4knad l\u00e4stid":"1 minut"},"schema":{"@context":"https:\/\/schema.org","@graph":[{"@type":"Article","@id":"https:\/\/wp.kristdemokraterna.se\/savsjo\/varmarknad-med-make-eu-lagom-again\/#article","isPartOf":{"@id":"https:\/\/wp.kristdemokraterna.se\/savsjo\/varmarknad-med-make-eu-lagom-again\/"},"author":{"name":"Stefan Gustafsson","@id":"https:\/\/wp.kristdemokraterna.se\/savsjo\/#\/schema\/person\/66a08fa678592f794fe60a50b249978a"},"headline":"V\u00e5rmarknad med Make EU lagom again","datePublished":"2019-05-18T13:38:02+00:00","dateModified":"2019-05-18T13:45:19+00:00","mainEntityOfPage":{"@id":"https:\/\/wp.kristdemokraterna.se\/savsjo\/varmarknad-med-make-eu-lagom-again\/"},"wordCount":111,"image":{"@id":"https:\/\/wp.kristdemokraterna.se\/savsjo\/varmarknad-med-make-eu-lagom-again\/#primaryimage"},"thumbnailUrl":"https:\/\/wp.kristdemokraterna.se\/savsjo\/files\/2019\/05\/img_0901.jpeg","inLanguage":"sv-SE"},{"@type":"WebPage","@id":"https:\/\/wp.kristdemokraterna.se\/savsjo\/varmarknad-med-make-eu-lagom-again\/","url":"https:\/\/wp.kristdemokraterna.se\/savsjo\/varmarknad-med-make-eu-lagom-again\/","name":"V\u00e5rmarknad med Make EU lagom again - S\u00e4vsj\u00f6","isPartOf":{"@id":"https:\/\/wp.kristdemokraterna.se\/savsjo\/#website"},"primaryImageOfPage":{"@id":"https:\/\/wp.kristdemokraterna.se\/savsjo\/varmarknad-med-make-eu-lagom-again\/#primaryimage"},"image":{"@id":"https:\/\/wp.kristdemokraterna.se\/savsjo\/varmarknad-med-make-eu-lagom-again\/#primaryimage"},"thumbnailUrl":"https:\/\/wp.kristdemokraterna.se\/savsjo\/files\/2019\/05\/img_0901.jpeg","datePublished":"2019-05-18T13:38:02+00:00","dateModified":"2019-05-18T13:45:19+00:00","author":{"@id":"https:\/\/wp.kristdemokraterna.se\/savsjo\/#\/schema\/person\/66a08fa678592f794fe60a50b249978a"},"breadcrumb":{"@id":"https:\/\/wp.kristdemokraterna.se\/savsjo\/varmarknad-med-make-eu-lagom-again\/#breadcrumb"},"inLanguage":"sv-SE","potentialAction":[{"@type":"ReadAction","target":["https:\/\/wp.kristdemokraterna.se\/savsjo\/varmarknad-med-make-eu-lagom-again\/"]}]},{"@type":"ImageObject","inLanguage":"sv-SE","@id":"https:\/\/wp.kristdemokraterna.se\/savsjo\/varmarknad-med-make-eu-lagom-again\/#primaryimage","url":"https:\/\/wp.kristdemokraterna.se\/savsjo\/files\/2019\/05\/img_0901.jpeg","contentUrl":"https:\/\/wp.kristdemokraterna.se\/savsjo\/files\/2019\/05\/img_0901.jpeg","width":500,"height":300},{"@type":"BreadcrumbList","@id":"https:\/\/wp.kristdemokraterna.se\/savsjo\/varmarknad-med-make-eu-lagom-again\/#breadcrumb","itemListElement":[{"@type":"ListItem","position":1,"name":"Hem","item":"https:\/\/wp.kristdemokraterna.se\/savsjo\/"},{"@type":"ListItem","position":2,"name":"V\u00e5rmarknad med Make EU lagom again"}]},{"@type":"WebSite","@id":"https:\/\/wp.kristdemokraterna.se\/savsjo\/#website","url":"https:\/\/wp.kristdemokraterna.se\/savsjo\/","name":"S\u00e4vsj\u00f6","description":"","inLanguage":"sv-SE"},{"@type":"Person","@id":"https:\/\/wp.kristdemokraterna.se\/savsjo\/#\/schema\/person\/66a08fa678592f794fe60a50b249978a","name":"Stefan Gustafsson","image":{"@type":"ImageObject","inLanguage":"sv-SE","@id":"https:\/\/secure.gravatar.com\/avatar\/d183d0fd8830afddde9ab5386edf3b3480a63f1fb3291da52adec75b3b7b6f60?s=96&r=g","url":"https:\/\/secure.gravatar.com\/avatar\/d183d0fd8830afddde9ab5386edf3b3480a63f1fb3291da52adec75b3b7b6f60?s=96&r=g","contentUrl":"https:\/\/secure.gravatar.com\/avatar\/d183d0fd8830afddde9ab5386edf3b3480a63f1fb3291da52adec75b3b7b6f60?s=96&r=g","caption":"Stefan Gustafsson"},"url":"https:\/\/wp.kristdemokraterna.se\/savsjo\/author\/stgu\/"}]}},"_links":{"self":[{"href":"https:\/\/wp.kristdemokraterna.se\/savsjo\/wp-json\/wp\/v2\/posts\/3047","targetHints":{"allow":["GET"]}}],"collection":[{"href":"https:\/\/wp.kristdemokraterna.se\/savsjo\/wp-json\/wp\/v2\/posts"}],"about":[{"href":"https:\/\/wp.kristdemokraterna.se\/savsjo\/wp-json\/wp\/v2\/types\/post"}],"author":[{"embeddable":true,"href":"https:\/\/wp.kristdemokraterna.se\/savsjo\/wp-json\/wp\/v2\/users\/430"}],"replies":[{"embeddable":true,"href":"https:\/\/wp.kristdemokraterna.se\/savsjo\/wp-json\/wp\/v2\/comments?post=3047"}],"version-history":[{"count":2,"href":"https:\/\/wp.kristdemokraterna.se\/savsjo\/wp-json\/wp\/v2\/posts\/3047\/revisions"}],"predecessor-version":[{"id":3050,"href":"https:\/\/wp.kristdemokraterna.se\/savsjo\/wp-json\/wp\/v2\/posts\/3047\/revisions\/3050"}],"wp:featuredmedia":[{"embeddable":true,"href":"https:\/\/wp.kristdemokraterna.se\/savsjo\/wp-json\/wp\/v2\/media\/3048"}],"wp:attachment":[{"href":"https:\/\/wp.kristdemokraterna.se\/savsjo\/wp-json\/wp\/v2\/media?parent=3047"}],"wp:term":[{"taxonomy":"category","embeddable":true,"href":"https:\/\/wp.kristdemokraterna.se\/savsjo\/wp-json\/wp\/v2\/categories?post=3047"},{"taxonomy":"post_tag","embeddable":true,"href":"https:\/\/wp.kristdemokraterna.se\/savsjo\/wp-json\/wp\/v2\/tags?post=3047"}],"curies":[{"name":"wp","href":"https:\/\/api.w.org\/{rel}","templated":true}]}}