{"id":3098,"date":"2019-10-30T11:57:13","date_gmt":"2019-10-30T10:57:13","guid":{"rendered":"http:\/\/wp.kristdemokraterna.se\/savsjo\/?p=3098"},"modified":"2019-11-05T09:15:46","modified_gmt":"2019-11-05T08:15:46","slug":"kristna-varderingar-bra-for-alla","status":"publish","type":"post","link":"https:\/\/wp.kristdemokraterna.se\/savsjo\/kristna-varderingar-bra-for-alla\/","title":{"rendered":"Kristna v\u00e4rderingar \u2013 bra f\u00f6r alla!!"},"content":{"rendered":"<p>Bengt Mattsson, Vrigstad, \u00e4r en av kristdemokraternas politiker i S\u00e4vsj\u00f6 kommun. I det politiska arbetet \u00e4r han vice ordf\u00f6rande i Myndighetsn\u00e4mnden. Till vardags jobbar han ocks\u00e5 som volont\u00e4r f\u00f6r Erikshj\u00e4lpen i Vrigstad. Bengt har skrivit en bra debattartikel med rubriken \u201dKristna v\u00e4rderingar \u2013 bra f\u00f6r alla\u201d. I artikeln betonas vad kristendomen har betytt f\u00f6r samh\u00e4llsutvecklingen och att kristendom \u00e4r inte bara religion utan ocks\u00e5 en grund f\u00f6r v\u00e5r syn p\u00e5 m\u00e4nniskov\u00e4rdet, kulturen, vad som \u00e4r r\u00e4tt och fel, ansvarstagande och mycket mera som \u00e4r helt avg\u00f6rande f\u00f6r ett v\u00e4lf\u00e4rdssamh\u00e4lle. L\u00e4s hela Bengt Mattssons debattartikel p\u00e5 denna l\u00e4nk:<!--more--><\/p>\n<h2>Kristna v\u00e4rderingar \u2013 bra f\u00f6r alla!!<\/h2>\n<p>Den v\u00e4lk\u00e4nde historieprofessorn i Lund , Dick Harrison, har p\u00e5 rent vetenskapliga grunder forskat i vad kristendomen har betytt f\u00f6r samh\u00e4llsutvecklingen i v\u00e5rt land och \u00f6vriga v\u00e4stl\u00e4nder. Det han har funnit \u00e4r mycket intressant. Han har i en tidningsintervju redovisat detta.<\/p>\n<p>Det har varit mycket prat om v\u00e4rderingar de senaste \u00e5ren, inte minst p\u00e5 h\u00f6gsta politiska niv\u00e5. D\u00e5 har man ofta talat om svenska v\u00e4rderingar, som egentligen \u00e4r kristna men som man inte riktigt vill erk\u00e4nna. Oavsett om man tror p\u00e5 Gud eller big bang s\u00e5 ska man vara glad f\u00f6r att modiga m\u00e4nniskor en g\u00e5ng f\u00f6r l\u00e4nge sedan f\u00f6rde kristendomen till v\u00e5rt land. Den har haft en mycket stor betydelse f\u00f6r etik, moral, m\u00e4nskliga fri- och r\u00e4ttigheter men \u00e4ven f\u00f6r v\u00e5rt materiella v\u00e4lst\u00e5nd. Men ocks\u00e5 yttrandefrihet, religions- och f\u00f6reningsfrihet som finns i v\u00e4sterlandet har sin grund i de kristna v\u00e4rderingarna.<br \/>\nLiberalism och en del liknande ideologier har haft en viss betydelse men det \u00e4r kristendomen som \u00e4r grunden. Det \u00e4r v\u00e4ldigt tragiskt att Liberalerna med flera nu s\u00e5 aktivt arbetar f\u00f6r att s\u00e4tta stopp f\u00f6r kristna friskolor med mera. De f\u00f6rst\u00e5r f\u00f6rmodligen inte att de p\u00e5 detta s\u00e4tt underminera grunden f\u00f6r v\u00e5rt samh\u00e4lle som pr\u00e4glas av tankefrihet, r\u00e4tt till kritiskt t\u00e4nkande och mycket annat som vi v\u00e4rderar s\u00e5 h\u00f6gt. Att vara liberal \u00e4r att vara kluven brukar man s\u00e4ga. De sj\u00e4lva bevisar att s\u00e5 \u00e4r fallet.<\/p>\n<p>Kristendom \u00e4r inte bara religion (att tro eller inte tro p\u00e5 Gud) utan ocks\u00e5 v\u00e5r syn p\u00e5 m\u00e4nniskov\u00e4rdet, kulturen, vad som \u00e4r r\u00e4tt och fel, ansvarstagande och mycket mera som \u00e4r helt avg\u00f6rande f\u00f6r ett v\u00e4lf\u00e4rdssamh\u00e4lle. Om du f\u00e5r v\u00e4lja mellan att leva i Sverige, Saudiarabien eller Kina s\u00e5 blir v\u00e4l valet v\u00e4ldigt l\u00e4tt f\u00f6r i stort sett alla!<\/p>\n<p>N\u00e4r det g\u00e4ller religion \u00e4r det alldeles f\u00f6r m\u00e5nga politiker och tj\u00e4nstem\u00e4n i Sverige som har tagit st\u00e4llning (ofta emot) baserat p\u00e5 anekdoter, f\u00f6rdomar och egna d\u00e5liga erfarenheter. Forskning och fakta bortser man ifr\u00e5n. Mot denna bakgrund \u00e4r det intressant att professorn Dick Harrison ber\u00e4ttat sanningen. Vi ska inte gl\u00f6mma att det var v\u00e4ldigt mycket frikyrkorna som var f\u00f6reg\u00e5ngare n\u00e4r demokratin inf\u00f6rdes p\u00e5 riktigt i v\u00e5rt land i slutet av 1800-talet.<\/p>\n<p>Det faktum att m\u00e5nga gjort v\u00e4ldiga illg\u00e4rningar i kristendomens namn \u00e4r ju dessa m\u00e4nniskors ondska och falskhet som \u00e4r grunden och inte religionen. S\u00e5 \u00e4r det ju p\u00e5 alla omr\u00e5den att det som gott och nyttigt kan \u00e4ven anv\u00e4ndas till motsatsen.<br \/>\nOm man sedan tar till sig kristendomen (evangeliet) personligen kan det f\u00e5 en mycket positiv f\u00f6rvandling av hela livet. Det finns tusentals som kan ber\u00e4tta att man g\u00e5tt fr\u00e5n total hoppl\u00f6shet till ett liv med mening och hopp genom det kristna budskapet. Det var ju bland annat detta som starkt bidrog till att v\u00e5rt land i slutet av 1800-talet gick fr\u00e5n djup n\u00f6d, mis\u00e4r och fattigdom till ett av de b\u00e4sta l\u00e4nderna i v\u00e4rlden. Jag tror att en stor del av l\u00f6sningen p\u00e5 v\u00e5ra problem idag \u00e4r densamma!<\/p>\n<p>Bengt Mattsson Vrigstad<\/p>\n","protected":false},"excerpt":{"rendered":"<p>Bengt Mattsson, Vrigstad, \u00e4r en av kristdemokraternas politiker i S\u00e4vsj\u00f6 kommun. I det politiska arbetet \u00e4r han vice ordf\u00f6rande i Myndighetsn\u00e4mnden. Till vardags jobbar han ocks\u00e5 som volont\u00e4r f\u00f6r Erikshj\u00e4lpen i Vrigstad. Bengt har skrivit en bra debattartikel med rubriken \u201dKristna v\u00e4rderingar \u2013 bra f\u00f6r alla\u201d. I artikeln betonas vad kristendomen har betytt f\u00f6r samh\u00e4llsutvecklingen <a class=\"read-more-link\" href=\"https:\/\/wp.kristdemokraterna.se\/savsjo\/kristna-varderingar-bra-for-alla\/\">Read More<\/a><\/p>\n","protected":false},"author":430,"featured_media":2710,"comment_status":"closed","ping_status":"closed","sticky":false,"template":"","format":"standard","meta":{"_acf_changed":false,"footnotes":""},"categories":[1],"tags":[],"class_list":["post-3098","post","type-post","status-publish","format-standard","has-post-thumbnail","hentry","category-okategoriserade"],"acf":[],"yoast_head":"<!-- This site is optimized with the Yoast SEO plugin v27.4 - https:\/\/yoast.com\/product\/yoast-seo-wordpress\/ -->\n<title>Kristna v\u00e4rderingar \u2013 bra f\u00f6r alla!! - S\u00e4vsj\u00f6<\/title>\n<meta name=\"robots\" content=\"index, follow, max-snippet:-1, max-image-preview:large, max-video-preview:-1\" \/>\n<link rel=\"canonical\" href=\"https:\/\/wp.kristdemokraterna.se\/savsjo\/kristna-varderingar-bra-for-alla\/\" \/>\n<meta property=\"og:locale\" content=\"sv_SE\" \/>\n<meta property=\"og:type\" content=\"article\" \/>\n<meta property=\"og:title\" content=\"Kristna v\u00e4rderingar \u2013 bra f\u00f6r alla!! - S\u00e4vsj\u00f6\" \/>\n<meta property=\"og:description\" content=\"Bengt Mattsson, Vrigstad, \u00e4r en av kristdemokraternas politiker i S\u00e4vsj\u00f6 kommun. I det politiska arbetet \u00e4r han vice ordf\u00f6rande i Myndighetsn\u00e4mnden. Till vardags jobbar han ocks\u00e5 som volont\u00e4r f\u00f6r Erikshj\u00e4lpen i Vrigstad. Bengt har skrivit en bra debattartikel med rubriken \u201dKristna v\u00e4rderingar \u2013 bra f\u00f6r alla\u201d. I artikeln betonas vad kristendomen har betytt f\u00f6r samh\u00e4llsutvecklingen Read More\" \/>\n<meta property=\"og:url\" content=\"https:\/\/wp.kristdemokraterna.se\/savsjo\/kristna-varderingar-bra-for-alla\/\" \/>\n<meta property=\"og:site_name\" content=\"S\u00e4vsj\u00f6\" \/>\n<meta property=\"article:published_time\" content=\"2019-10-30T10:57:13+00:00\" \/>\n<meta property=\"article:modified_time\" content=\"2019-11-05T08:15:46+00:00\" \/>\n<meta property=\"og:image\" content=\"https:\/\/wp.kristdemokraterna.se\/savsjo\/files\/2018\/09\/bengt-mattsson-hemsida.jpg\" \/>\n\t<meta property=\"og:image:width\" content=\"500\" \/>\n\t<meta property=\"og:image:height\" content=\"300\" \/>\n\t<meta property=\"og:image:type\" content=\"image\/jpeg\" \/>\n<meta name=\"author\" content=\"Stefan Gustafsson\" \/>\n<meta name=\"twitter:card\" content=\"summary_large_image\" \/>\n<meta name=\"twitter:label1\" content=\"Skriven av\" \/>\n\t<meta name=\"twitter:data1\" content=\"Stefan Gustafsson\" \/>\n\t<meta name=\"twitter:label2\" content=\"Ber\u00e4knad l\u00e4stid\" \/>\n\t<meta name=\"twitter:data2\" content=\"4 minuter\" \/>\n<script type=\"application\/ld+json\" class=\"yoast-schema-graph\">{\"@context\":\"https:\\\/\\\/schema.org\",\"@graph\":[{\"@type\":\"Article\",\"@id\":\"https:\\\/\\\/wp.kristdemokraterna.se\\\/savsjo\\\/kristna-varderingar-bra-for-alla\\\/#article\",\"isPartOf\":{\"@id\":\"https:\\\/\\\/wp.kristdemokraterna.se\\\/savsjo\\\/kristna-varderingar-bra-for-alla\\\/\"},\"author\":{\"name\":\"Stefan Gustafsson\",\"@id\":\"https:\\\/\\\/wp.kristdemokraterna.se\\\/savsjo\\\/#\\\/schema\\\/person\\\/66a08fa678592f794fe60a50b249978a\"},\"headline\":\"Kristna v\u00e4rderingar \u2013 bra f\u00f6r alla!!\",\"datePublished\":\"2019-10-30T10:57:13+00:00\",\"dateModified\":\"2019-11-05T08:15:46+00:00\",\"mainEntityOfPage\":{\"@id\":\"https:\\\/\\\/wp.kristdemokraterna.se\\\/savsjo\\\/kristna-varderingar-bra-for-alla\\\/\"},\"wordCount\":719,\"image\":{\"@id\":\"https:\\\/\\\/wp.kristdemokraterna.se\\\/savsjo\\\/kristna-varderingar-bra-for-alla\\\/#primaryimage\"},\"thumbnailUrl\":\"https:\\\/\\\/wp.kristdemokraterna.se\\\/savsjo\\\/files\\\/2018\\\/09\\\/bengt-mattsson-hemsida.jpg\",\"inLanguage\":\"sv-SE\"},{\"@type\":\"WebPage\",\"@id\":\"https:\\\/\\\/wp.kristdemokraterna.se\\\/savsjo\\\/kristna-varderingar-bra-for-alla\\\/\",\"url\":\"https:\\\/\\\/wp.kristdemokraterna.se\\\/savsjo\\\/kristna-varderingar-bra-for-alla\\\/\",\"name\":\"Kristna v\u00e4rderingar \u2013 bra f\u00f6r alla!! - S\u00e4vsj\u00f6\",\"isPartOf\":{\"@id\":\"https:\\\/\\\/wp.kristdemokraterna.se\\\/savsjo\\\/#website\"},\"primaryImageOfPage\":{\"@id\":\"https:\\\/\\\/wp.kristdemokraterna.se\\\/savsjo\\\/kristna-varderingar-bra-for-alla\\\/#primaryimage\"},\"image\":{\"@id\":\"https:\\\/\\\/wp.kristdemokraterna.se\\\/savsjo\\\/kristna-varderingar-bra-for-alla\\\/#primaryimage\"},\"thumbnailUrl\":\"https:\\\/\\\/wp.kristdemokraterna.se\\\/savsjo\\\/files\\\/2018\\\/09\\\/bengt-mattsson-hemsida.jpg\",\"datePublished\":\"2019-10-30T10:57:13+00:00\",\"dateModified\":\"2019-11-05T08:15:46+00:00\",\"author\":{\"@id\":\"https:\\\/\\\/wp.kristdemokraterna.se\\\/savsjo\\\/#\\\/schema\\\/person\\\/66a08fa678592f794fe60a50b249978a\"},\"breadcrumb\":{\"@id\":\"https:\\\/\\\/wp.kristdemokraterna.se\\\/savsjo\\\/kristna-varderingar-bra-for-alla\\\/#breadcrumb\"},\"inLanguage\":\"sv-SE\",\"potentialAction\":[{\"@type\":\"ReadAction\",\"target\":[\"https:\\\/\\\/wp.kristdemokraterna.se\\\/savsjo\\\/kristna-varderingar-bra-for-alla\\\/\"]}]},{\"@type\":\"ImageObject\",\"inLanguage\":\"sv-SE\",\"@id\":\"https:\\\/\\\/wp.kristdemokraterna.se\\\/savsjo\\\/kristna-varderingar-bra-for-alla\\\/#primaryimage\",\"url\":\"https:\\\/\\\/wp.kristdemokraterna.se\\\/savsjo\\\/files\\\/2018\\\/09\\\/bengt-mattsson-hemsida.jpg\",\"contentUrl\":\"https:\\\/\\\/wp.kristdemokraterna.se\\\/savsjo\\\/files\\\/2018\\\/09\\\/bengt-mattsson-hemsida.jpg\",\"width\":500,\"height\":300},{\"@type\":\"BreadcrumbList\",\"@id\":\"https:\\\/\\\/wp.kristdemokraterna.se\\\/savsjo\\\/kristna-varderingar-bra-for-alla\\\/#breadcrumb\",\"itemListElement\":[{\"@type\":\"ListItem\",\"position\":1,\"name\":\"Hem\",\"item\":\"https:\\\/\\\/wp.kristdemokraterna.se\\\/savsjo\\\/\"},{\"@type\":\"ListItem\",\"position\":2,\"name\":\"Kristna v\u00e4rderingar \u2013 bra f\u00f6r alla!!\"}]},{\"@type\":\"WebSite\",\"@id\":\"https:\\\/\\\/wp.kristdemokraterna.se\\\/savsjo\\\/#website\",\"url\":\"https:\\\/\\\/wp.kristdemokraterna.se\\\/savsjo\\\/\",\"name\":\"S\u00e4vsj\u00f6\",\"description\":\"\",\"inLanguage\":\"sv-SE\"},{\"@type\":\"Person\",\"@id\":\"https:\\\/\\\/wp.kristdemokraterna.se\\\/savsjo\\\/#\\\/schema\\\/person\\\/66a08fa678592f794fe60a50b249978a\",\"name\":\"Stefan Gustafsson\",\"image\":{\"@type\":\"ImageObject\",\"inLanguage\":\"sv-SE\",\"@id\":\"https:\\\/\\\/secure.gravatar.com\\\/avatar\\\/d183d0fd8830afddde9ab5386edf3b3480a63f1fb3291da52adec75b3b7b6f60?s=96&r=g\",\"url\":\"https:\\\/\\\/secure.gravatar.com\\\/avatar\\\/d183d0fd8830afddde9ab5386edf3b3480a63f1fb3291da52adec75b3b7b6f60?s=96&r=g\",\"contentUrl\":\"https:\\\/\\\/secure.gravatar.com\\\/avatar\\\/d183d0fd8830afddde9ab5386edf3b3480a63f1fb3291da52adec75b3b7b6f60?s=96&r=g\",\"caption\":\"Stefan Gustafsson\"},\"url\":\"https:\\\/\\\/wp.kristdemokraterna.se\\\/savsjo\\\/author\\\/stgu\\\/\"}]}<\/script>\n<!-- \/ Yoast SEO plugin. -->","yoast_head_json":{"title":"Kristna v\u00e4rderingar \u2013 bra f\u00f6r alla!! - S\u00e4vsj\u00f6","robots":{"index":"index","follow":"follow","max-snippet":"max-snippet:-1","max-image-preview":"max-image-preview:large","max-video-preview":"max-video-preview:-1"},"canonical":"https:\/\/wp.kristdemokraterna.se\/savsjo\/kristna-varderingar-bra-for-alla\/","og_locale":"sv_SE","og_type":"article","og_title":"Kristna v\u00e4rderingar \u2013 bra f\u00f6r alla!! - S\u00e4vsj\u00f6","og_description":"Bengt Mattsson, Vrigstad, \u00e4r en av kristdemokraternas politiker i S\u00e4vsj\u00f6 kommun. I det politiska arbetet \u00e4r han vice ordf\u00f6rande i Myndighetsn\u00e4mnden. Till vardags jobbar han ocks\u00e5 som volont\u00e4r f\u00f6r Erikshj\u00e4lpen i Vrigstad. Bengt har skrivit en bra debattartikel med rubriken \u201dKristna v\u00e4rderingar \u2013 bra f\u00f6r alla\u201d. I artikeln betonas vad kristendomen har betytt f\u00f6r samh\u00e4llsutvecklingen Read More","og_url":"https:\/\/wp.kristdemokraterna.se\/savsjo\/kristna-varderingar-bra-for-alla\/","og_site_name":"S\u00e4vsj\u00f6","article_published_time":"2019-10-30T10:57:13+00:00","article_modified_time":"2019-11-05T08:15:46+00:00","og_image":[{"width":500,"height":300,"url":"https:\/\/wp.kristdemokraterna.se\/savsjo\/files\/2018\/09\/bengt-mattsson-hemsida.jpg","type":"image\/jpeg"}],"author":"Stefan Gustafsson","twitter_card":"summary_large_image","twitter_misc":{"Skriven av":"Stefan Gustafsson","Ber\u00e4knad l\u00e4stid":"4 minuter"},"schema":{"@context":"https:\/\/schema.org","@graph":[{"@type":"Article","@id":"https:\/\/wp.kristdemokraterna.se\/savsjo\/kristna-varderingar-bra-for-alla\/#article","isPartOf":{"@id":"https:\/\/wp.kristdemokraterna.se\/savsjo\/kristna-varderingar-bra-for-alla\/"},"author":{"name":"Stefan Gustafsson","@id":"https:\/\/wp.kristdemokraterna.se\/savsjo\/#\/schema\/person\/66a08fa678592f794fe60a50b249978a"},"headline":"Kristna v\u00e4rderingar \u2013 bra f\u00f6r alla!!","datePublished":"2019-10-30T10:57:13+00:00","dateModified":"2019-11-05T08:15:46+00:00","mainEntityOfPage":{"@id":"https:\/\/wp.kristdemokraterna.se\/savsjo\/kristna-varderingar-bra-for-alla\/"},"wordCount":719,"image":{"@id":"https:\/\/wp.kristdemokraterna.se\/savsjo\/kristna-varderingar-bra-for-alla\/#primaryimage"},"thumbnailUrl":"https:\/\/wp.kristdemokraterna.se\/savsjo\/files\/2018\/09\/bengt-mattsson-hemsida.jpg","inLanguage":"sv-SE"},{"@type":"WebPage","@id":"https:\/\/wp.kristdemokraterna.se\/savsjo\/kristna-varderingar-bra-for-alla\/","url":"https:\/\/wp.kristdemokraterna.se\/savsjo\/kristna-varderingar-bra-for-alla\/","name":"Kristna v\u00e4rderingar \u2013 bra f\u00f6r alla!! - S\u00e4vsj\u00f6","isPartOf":{"@id":"https:\/\/wp.kristdemokraterna.se\/savsjo\/#website"},"primaryImageOfPage":{"@id":"https:\/\/wp.kristdemokraterna.se\/savsjo\/kristna-varderingar-bra-for-alla\/#primaryimage"},"image":{"@id":"https:\/\/wp.kristdemokraterna.se\/savsjo\/kristna-varderingar-bra-for-alla\/#primaryimage"},"thumbnailUrl":"https:\/\/wp.kristdemokraterna.se\/savsjo\/files\/2018\/09\/bengt-mattsson-hemsida.jpg","datePublished":"2019-10-30T10:57:13+00:00","dateModified":"2019-11-05T08:15:46+00:00","author":{"@id":"https:\/\/wp.kristdemokraterna.se\/savsjo\/#\/schema\/person\/66a08fa678592f794fe60a50b249978a"},"breadcrumb":{"@id":"https:\/\/wp.kristdemokraterna.se\/savsjo\/kristna-varderingar-bra-for-alla\/#breadcrumb"},"inLanguage":"sv-SE","potentialAction":[{"@type":"ReadAction","target":["https:\/\/wp.kristdemokraterna.se\/savsjo\/kristna-varderingar-bra-for-alla\/"]}]},{"@type":"ImageObject","inLanguage":"sv-SE","@id":"https:\/\/wp.kristdemokraterna.se\/savsjo\/kristna-varderingar-bra-for-alla\/#primaryimage","url":"https:\/\/wp.kristdemokraterna.se\/savsjo\/files\/2018\/09\/bengt-mattsson-hemsida.jpg","contentUrl":"https:\/\/wp.kristdemokraterna.se\/savsjo\/files\/2018\/09\/bengt-mattsson-hemsida.jpg","width":500,"height":300},{"@type":"BreadcrumbList","@id":"https:\/\/wp.kristdemokraterna.se\/savsjo\/kristna-varderingar-bra-for-alla\/#breadcrumb","itemListElement":[{"@type":"ListItem","position":1,"name":"Hem","item":"https:\/\/wp.kristdemokraterna.se\/savsjo\/"},{"@type":"ListItem","position":2,"name":"Kristna v\u00e4rderingar \u2013 bra f\u00f6r alla!!"}]},{"@type":"WebSite","@id":"https:\/\/wp.kristdemokraterna.se\/savsjo\/#website","url":"https:\/\/wp.kristdemokraterna.se\/savsjo\/","name":"S\u00e4vsj\u00f6","description":"","inLanguage":"sv-SE"},{"@type":"Person","@id":"https:\/\/wp.kristdemokraterna.se\/savsjo\/#\/schema\/person\/66a08fa678592f794fe60a50b249978a","name":"Stefan Gustafsson","image":{"@type":"ImageObject","inLanguage":"sv-SE","@id":"https:\/\/secure.gravatar.com\/avatar\/d183d0fd8830afddde9ab5386edf3b3480a63f1fb3291da52adec75b3b7b6f60?s=96&r=g","url":"https:\/\/secure.gravatar.com\/avatar\/d183d0fd8830afddde9ab5386edf3b3480a63f1fb3291da52adec75b3b7b6f60?s=96&r=g","contentUrl":"https:\/\/secure.gravatar.com\/avatar\/d183d0fd8830afddde9ab5386edf3b3480a63f1fb3291da52adec75b3b7b6f60?s=96&r=g","caption":"Stefan Gustafsson"},"url":"https:\/\/wp.kristdemokraterna.se\/savsjo\/author\/stgu\/"}]}},"_links":{"self":[{"href":"https:\/\/wp.kristdemokraterna.se\/savsjo\/wp-json\/wp\/v2\/posts\/3098","targetHints":{"allow":["GET"]}}],"collection":[{"href":"https:\/\/wp.kristdemokraterna.se\/savsjo\/wp-json\/wp\/v2\/posts"}],"about":[{"href":"https:\/\/wp.kristdemokraterna.se\/savsjo\/wp-json\/wp\/v2\/types\/post"}],"author":[{"embeddable":true,"href":"https:\/\/wp.kristdemokraterna.se\/savsjo\/wp-json\/wp\/v2\/users\/430"}],"replies":[{"embeddable":true,"href":"https:\/\/wp.kristdemokraterna.se\/savsjo\/wp-json\/wp\/v2\/comments?post=3098"}],"version-history":[{"count":1,"href":"https:\/\/wp.kristdemokraterna.se\/savsjo\/wp-json\/wp\/v2\/posts\/3098\/revisions"}],"predecessor-version":[{"id":3099,"href":"https:\/\/wp.kristdemokraterna.se\/savsjo\/wp-json\/wp\/v2\/posts\/3098\/revisions\/3099"}],"wp:featuredmedia":[{"embeddable":true,"href":"https:\/\/wp.kristdemokraterna.se\/savsjo\/wp-json\/wp\/v2\/media\/2710"}],"wp:attachment":[{"href":"https:\/\/wp.kristdemokraterna.se\/savsjo\/wp-json\/wp\/v2\/media?parent=3098"}],"wp:term":[{"taxonomy":"category","embeddable":true,"href":"https:\/\/wp.kristdemokraterna.se\/savsjo\/wp-json\/wp\/v2\/categories?post=3098"},{"taxonomy":"post_tag","embeddable":true,"href":"https:\/\/wp.kristdemokraterna.se\/savsjo\/wp-json\/wp\/v2\/tags?post=3098"}],"curies":[{"name":"wp","href":"https:\/\/api.w.org\/{rel}","templated":true}]}}