{"id":3500,"date":"2021-12-09T17:51:16","date_gmt":"2021-12-09T16:51:16","guid":{"rendered":"https:\/\/wp.kristdemokraterna.se\/savsjo\/?p=3500"},"modified":"2021-12-09T17:52:04","modified_gmt":"2021-12-09T16:52:04","slug":"vitsippspriset-2021-till-hembygdsforening","status":"publish","type":"post","link":"https:\/\/wp.kristdemokraterna.se\/savsjo\/vitsippspriset-2021-till-hembygdsforening\/","title":{"rendered":"Vitsippspriset 2021 till hembygdsf\u00f6rening"},"content":{"rendered":"<p>Gunnel Lundgren, Annkatrin Ek och Stefan Gustafsson har bes\u00f6kt ett f\u00f6reningsm\u00f6te i den lilla hembygdsstugan Gr\u00f6ndal. Uppdraget var att som representanter f\u00f6r Kristdemokraterna \u00f6verl\u00e4mna en check p\u00e5 ettusen femhundra kronor, blommor, diplom och tillk\u00e4nnage att Vrigstad hembygdsf\u00f6rening utsetts till \u00e5rets mottagare av Kristdemokraternas Vitsippspris. L\u00e4s motiveringen till priset p\u00e5 denna l\u00e4nk:<br \/>\n<!--more--><\/p>\n<p>MOTIVERING<\/p>\n<h2>Vitsippspriset 2021 &#8211; Vrigstad Hembygdsf\u00f6rening<\/h2>\n<p>En hembygdsf\u00f6rening utg\u00f6r en viktig l\u00e4nk mellan det f\u00f6rflutna och framtiden genom att h\u00e5lla vid liv och l\u00e4ra av det som ligger bakom och samtidigt blicka fram\u00e5t. Vrigstad Hembygdsf\u00f6rening har i denna anda gjort ett omfattande arbete med att dokumentera Vrigstads historia och samtid i ord och bild till gl\u00e4dje f\u00f6r nuvarande och framtida generationer. Detta arbete sker ofta i det i det tysta och utf\u00f6rs av eldsj\u00e4lar villiga att l\u00e4gga ner otaliga timmar f\u00f6r att skapa material som blir till nytta och n\u00f6je f\u00f6r bygdens inv\u00e5nare.<\/p>\n<p>S\u00e4rskilt v\u00e4rt att n\u00e4mna \u00e4r de publikationer som f\u00f6reningen gett ut de senaste \u00e5ren. Under 2016 utgavs boken Fr\u00e5n vagnshjul till sm\u00e5hus. N\u00e4ringslivet i Vrigstad \u2013 d\u00e5 och nu som \u00e5terfinns i m\u00e5nga hush\u00e5ll b\u00e5de i och utanf\u00f6r bygden. Denna historieskrivning om Vrigstadn\u00e4ringarnas utveckling sedan 1500-talets marknad uts\u00e5gs 2018 dessutom till \u00c5rets hembygdsbok i J\u00f6nk\u00f6pings l\u00e4n och fick ett av tre hedersomn\u00e4mnande d\u00e5 Sveriges Hembygdsf\u00f6rbund uts\u00e5g \u00c5rets hembygdsbok samma \u00e5r. Under 2018 utgavs ytterligare en bok Vrigstad i maj 2018, en uppf\u00f6ljare till boken Vrigstad i maj 1983, som med vackra bilder och tillh\u00f6rande text skildrar h\u00e4ndelser i Vrigstad under m\u00e5naden. Den senaste boken, Fr\u00e5n sandb\u00e4nk till l\u00e4rplatta. Skolorna i Vrigstads socken \u2013 f\u00f6rr och nu, utkom s\u00e5 sent som f\u00f6rra \u00e5ret och beskriver utvecklingen av ytterligare ett omr\u00e5de i samh\u00e4llet, n\u00e4mligen utbildningsv\u00e4sendet.<\/p>\n<p>Att p\u00e5 detta sett producera flertalet h\u00f6gkvalitativa b\u00f6cker som ger ett ytterst professionellt intryck m\u00e5ste s\u00e4gas vara n\u00e5got ut\u00f6ver det vanliga. Genom att skapa engagemang och bredda perspektiven bidrar Vrigstad Hembygdsf\u00f6rening ocks\u00e5 till ortens utveckling. Det imponerande antalet medlemmar p\u00e5 ca 450, ungef\u00e4r en tredjedel av alla ortens inv\u00e5nare, visar p\u00e5 ett stort st\u00f6d och bred f\u00f6rankring och \u00e4r ett intyg p\u00e5 ett mycket gott arbete. Vrigstad Hembygdsf\u00f6rening \u00e4r d\u00e4rf\u00f6r en v\u00e4rdig mottagare av 2021 \u00e5rs Vitsippspris!<\/p>\n<p>S\u00e4vsj\u00f6 30 November<\/p>\n<p>Stefan Gustafsson Gruppledare och Benjamin Petersson Ordf\u00f6rande<\/p>\n<p>&nbsp;<\/p>\n<h2>Kriterier f\u00f6r Vitsippspriset i S\u00e4vsj\u00f6 kommun<\/h2>\n<p>Kristdemokraterna i S\u00e4vsj\u00f6 kommun delar \u00e5rligen ut ett \u201dVitsippspris\u201d f\u00f6r att uppmuntra och uppm\u00e4rksamma positiva f\u00f6reteelser i v\u00e5rt n\u00e4rsamh\u00e4lle oavsett om de sker i det tysta eller i str\u00e5lkastarljuset. Vitsippspriset har sin utg\u00e5ngspunkt fr\u00e5n den fina v\u00e5rblomman vitsippan som ocks\u00e5 \u00e4r symbolen f\u00f6r Kristdemokraterna. Partiets vitsippa talar om enkelhet, \u00e4kthet och samtidigt m\u00e4nsklig ofullkomlighet. Mitt i denna ofullkomlighet utr\u00e4ttar m\u00e4nniskor stord\u00e5d \u2013 ofta i det tysta. Vitsippspriset delas ut f\u00f6r g\u00e4rningar gjorda i denna anda och \u00e4r avsett som en uppmuntran och ett erk\u00e4nnande till n\u00e5gon enskild eller organisation som har utr\u00e4ttat n\u00e5got ut\u00f6ver det vanliga.<\/p>\n<p>Du kan se bilder p\u00e5 \u00f6verl\u00e4mnandet p\u00e5 f\u00f6ljande l\u00e4nk:<br \/>\nhttps:\/\/savsjo.blogspot.com\/2021\/12\/aktiv-hembygdsforening-fick-arets.html<\/p>\n","protected":false},"excerpt":{"rendered":"<p>Gunnel Lundgren, Annkatrin Ek och Stefan Gustafsson har bes\u00f6kt ett f\u00f6reningsm\u00f6te i den lilla hembygdsstugan Gr\u00f6ndal. Uppdraget var att som representanter f\u00f6r Kristdemokraterna \u00f6verl\u00e4mna en check p\u00e5 ettusen femhundra kronor, blommor, diplom och tillk\u00e4nnage att Vrigstad hembygdsf\u00f6rening utsetts till \u00e5rets mottagare av Kristdemokraternas Vitsippspris. L\u00e4s motiveringen till priset p\u00e5 denna l\u00e4nk:<\/p>\n","protected":false},"author":430,"featured_media":3501,"comment_status":"closed","ping_status":"closed","sticky":false,"template":"","format":"standard","meta":{"_acf_changed":false,"footnotes":""},"categories":[1],"tags":[],"class_list":["post-3500","post","type-post","status-publish","format-standard","has-post-thumbnail","hentry","category-okategoriserade"],"acf":[],"yoast_head":"<!-- This site is optimized with the Yoast SEO plugin v27.4 - https:\/\/yoast.com\/product\/yoast-seo-wordpress\/ -->\n<title>Vitsippspriset 2021 till hembygdsf\u00f6rening - S\u00e4vsj\u00f6<\/title>\n<meta name=\"robots\" content=\"index, follow, max-snippet:-1, max-image-preview:large, max-video-preview:-1\" \/>\n<link rel=\"canonical\" href=\"https:\/\/wp.kristdemokraterna.se\/savsjo\/vitsippspriset-2021-till-hembygdsforening\/\" \/>\n<meta property=\"og:locale\" content=\"sv_SE\" \/>\n<meta property=\"og:type\" content=\"article\" \/>\n<meta property=\"og:title\" content=\"Vitsippspriset 2021 till hembygdsf\u00f6rening - S\u00e4vsj\u00f6\" \/>\n<meta property=\"og:description\" content=\"Gunnel Lundgren, Annkatrin Ek och Stefan Gustafsson har bes\u00f6kt ett f\u00f6reningsm\u00f6te i den lilla hembygdsstugan Gr\u00f6ndal. Uppdraget var att som representanter f\u00f6r Kristdemokraterna \u00f6verl\u00e4mna en check p\u00e5 ettusen femhundra kronor, blommor, diplom och tillk\u00e4nnage att Vrigstad hembygdsf\u00f6rening utsetts till \u00e5rets mottagare av Kristdemokraternas Vitsippspris. L\u00e4s motiveringen till priset p\u00e5 denna l\u00e4nk:\" \/>\n<meta property=\"og:url\" content=\"https:\/\/wp.kristdemokraterna.se\/savsjo\/vitsippspriset-2021-till-hembygdsforening\/\" \/>\n<meta property=\"og:site_name\" content=\"S\u00e4vsj\u00f6\" \/>\n<meta property=\"article:published_time\" content=\"2021-12-09T16:51:16+00:00\" \/>\n<meta property=\"article:modified_time\" content=\"2021-12-09T16:52:04+00:00\" \/>\n<meta property=\"og:image\" content=\"https:\/\/wp.kristdemokraterna.se\/savsjo\/files\/2021\/12\/hembygdsforening-hemsida.jpg\" \/>\n\t<meta property=\"og:image:width\" content=\"500\" \/>\n\t<meta property=\"og:image:height\" content=\"300\" \/>\n\t<meta property=\"og:image:type\" content=\"image\/jpeg\" \/>\n<meta name=\"author\" content=\"Stefan Gustafsson\" \/>\n<meta name=\"twitter:card\" content=\"summary_large_image\" \/>\n<meta name=\"twitter:label1\" content=\"Skriven av\" \/>\n\t<meta name=\"twitter:data1\" content=\"Stefan Gustafsson\" \/>\n\t<meta name=\"twitter:label2\" content=\"Ber\u00e4knad l\u00e4stid\" \/>\n\t<meta name=\"twitter:data2\" content=\"3 minuter\" \/>\n<script type=\"application\/ld+json\" class=\"yoast-schema-graph\">{\"@context\":\"https:\\\/\\\/schema.org\",\"@graph\":[{\"@type\":\"Article\",\"@id\":\"https:\\\/\\\/wp.kristdemokraterna.se\\\/savsjo\\\/vitsippspriset-2021-till-hembygdsforening\\\/#article\",\"isPartOf\":{\"@id\":\"https:\\\/\\\/wp.kristdemokraterna.se\\\/savsjo\\\/vitsippspriset-2021-till-hembygdsforening\\\/\"},\"author\":{\"name\":\"Stefan Gustafsson\",\"@id\":\"https:\\\/\\\/wp.kristdemokraterna.se\\\/savsjo\\\/#\\\/schema\\\/person\\\/66a08fa678592f794fe60a50b249978a\"},\"headline\":\"Vitsippspriset 2021 till hembygdsf\u00f6rening\",\"datePublished\":\"2021-12-09T16:51:16+00:00\",\"dateModified\":\"2021-12-09T16:52:04+00:00\",\"mainEntityOfPage\":{\"@id\":\"https:\\\/\\\/wp.kristdemokraterna.se\\\/savsjo\\\/vitsippspriset-2021-till-hembygdsforening\\\/\"},\"wordCount\":579,\"image\":{\"@id\":\"https:\\\/\\\/wp.kristdemokraterna.se\\\/savsjo\\\/vitsippspriset-2021-till-hembygdsforening\\\/#primaryimage\"},\"thumbnailUrl\":\"https:\\\/\\\/wp.kristdemokraterna.se\\\/savsjo\\\/files\\\/2021\\\/12\\\/hembygdsforening-hemsida.jpg\",\"inLanguage\":\"sv-SE\"},{\"@type\":\"WebPage\",\"@id\":\"https:\\\/\\\/wp.kristdemokraterna.se\\\/savsjo\\\/vitsippspriset-2021-till-hembygdsforening\\\/\",\"url\":\"https:\\\/\\\/wp.kristdemokraterna.se\\\/savsjo\\\/vitsippspriset-2021-till-hembygdsforening\\\/\",\"name\":\"Vitsippspriset 2021 till hembygdsf\u00f6rening - S\u00e4vsj\u00f6\",\"isPartOf\":{\"@id\":\"https:\\\/\\\/wp.kristdemokraterna.se\\\/savsjo\\\/#website\"},\"primaryImageOfPage\":{\"@id\":\"https:\\\/\\\/wp.kristdemokraterna.se\\\/savsjo\\\/vitsippspriset-2021-till-hembygdsforening\\\/#primaryimage\"},\"image\":{\"@id\":\"https:\\\/\\\/wp.kristdemokraterna.se\\\/savsjo\\\/vitsippspriset-2021-till-hembygdsforening\\\/#primaryimage\"},\"thumbnailUrl\":\"https:\\\/\\\/wp.kristdemokraterna.se\\\/savsjo\\\/files\\\/2021\\\/12\\\/hembygdsforening-hemsida.jpg\",\"datePublished\":\"2021-12-09T16:51:16+00:00\",\"dateModified\":\"2021-12-09T16:52:04+00:00\",\"author\":{\"@id\":\"https:\\\/\\\/wp.kristdemokraterna.se\\\/savsjo\\\/#\\\/schema\\\/person\\\/66a08fa678592f794fe60a50b249978a\"},\"breadcrumb\":{\"@id\":\"https:\\\/\\\/wp.kristdemokraterna.se\\\/savsjo\\\/vitsippspriset-2021-till-hembygdsforening\\\/#breadcrumb\"},\"inLanguage\":\"sv-SE\",\"potentialAction\":[{\"@type\":\"ReadAction\",\"target\":[\"https:\\\/\\\/wp.kristdemokraterna.se\\\/savsjo\\\/vitsippspriset-2021-till-hembygdsforening\\\/\"]}]},{\"@type\":\"ImageObject\",\"inLanguage\":\"sv-SE\",\"@id\":\"https:\\\/\\\/wp.kristdemokraterna.se\\\/savsjo\\\/vitsippspriset-2021-till-hembygdsforening\\\/#primaryimage\",\"url\":\"https:\\\/\\\/wp.kristdemokraterna.se\\\/savsjo\\\/files\\\/2021\\\/12\\\/hembygdsforening-hemsida.jpg\",\"contentUrl\":\"https:\\\/\\\/wp.kristdemokraterna.se\\\/savsjo\\\/files\\\/2021\\\/12\\\/hembygdsforening-hemsida.jpg\",\"width\":500,\"height\":300},{\"@type\":\"BreadcrumbList\",\"@id\":\"https:\\\/\\\/wp.kristdemokraterna.se\\\/savsjo\\\/vitsippspriset-2021-till-hembygdsforening\\\/#breadcrumb\",\"itemListElement\":[{\"@type\":\"ListItem\",\"position\":1,\"name\":\"Hem\",\"item\":\"https:\\\/\\\/wp.kristdemokraterna.se\\\/savsjo\\\/\"},{\"@type\":\"ListItem\",\"position\":2,\"name\":\"Vitsippspriset 2021 till hembygdsf\u00f6rening\"}]},{\"@type\":\"WebSite\",\"@id\":\"https:\\\/\\\/wp.kristdemokraterna.se\\\/savsjo\\\/#website\",\"url\":\"https:\\\/\\\/wp.kristdemokraterna.se\\\/savsjo\\\/\",\"name\":\"S\u00e4vsj\u00f6\",\"description\":\"\",\"inLanguage\":\"sv-SE\"},{\"@type\":\"Person\",\"@id\":\"https:\\\/\\\/wp.kristdemokraterna.se\\\/savsjo\\\/#\\\/schema\\\/person\\\/66a08fa678592f794fe60a50b249978a\",\"name\":\"Stefan Gustafsson\",\"image\":{\"@type\":\"ImageObject\",\"inLanguage\":\"sv-SE\",\"@id\":\"https:\\\/\\\/secure.gravatar.com\\\/avatar\\\/d183d0fd8830afddde9ab5386edf3b3480a63f1fb3291da52adec75b3b7b6f60?s=96&r=g\",\"url\":\"https:\\\/\\\/secure.gravatar.com\\\/avatar\\\/d183d0fd8830afddde9ab5386edf3b3480a63f1fb3291da52adec75b3b7b6f60?s=96&r=g\",\"contentUrl\":\"https:\\\/\\\/secure.gravatar.com\\\/avatar\\\/d183d0fd8830afddde9ab5386edf3b3480a63f1fb3291da52adec75b3b7b6f60?s=96&r=g\",\"caption\":\"Stefan Gustafsson\"},\"url\":\"https:\\\/\\\/wp.kristdemokraterna.se\\\/savsjo\\\/author\\\/stgu\\\/\"}]}<\/script>\n<!-- \/ Yoast SEO plugin. -->","yoast_head_json":{"title":"Vitsippspriset 2021 till hembygdsf\u00f6rening - S\u00e4vsj\u00f6","robots":{"index":"index","follow":"follow","max-snippet":"max-snippet:-1","max-image-preview":"max-image-preview:large","max-video-preview":"max-video-preview:-1"},"canonical":"https:\/\/wp.kristdemokraterna.se\/savsjo\/vitsippspriset-2021-till-hembygdsforening\/","og_locale":"sv_SE","og_type":"article","og_title":"Vitsippspriset 2021 till hembygdsf\u00f6rening - S\u00e4vsj\u00f6","og_description":"Gunnel Lundgren, Annkatrin Ek och Stefan Gustafsson har bes\u00f6kt ett f\u00f6reningsm\u00f6te i den lilla hembygdsstugan Gr\u00f6ndal. Uppdraget var att som representanter f\u00f6r Kristdemokraterna \u00f6verl\u00e4mna en check p\u00e5 ettusen femhundra kronor, blommor, diplom och tillk\u00e4nnage att Vrigstad hembygdsf\u00f6rening utsetts till \u00e5rets mottagare av Kristdemokraternas Vitsippspris. L\u00e4s motiveringen till priset p\u00e5 denna l\u00e4nk:","og_url":"https:\/\/wp.kristdemokraterna.se\/savsjo\/vitsippspriset-2021-till-hembygdsforening\/","og_site_name":"S\u00e4vsj\u00f6","article_published_time":"2021-12-09T16:51:16+00:00","article_modified_time":"2021-12-09T16:52:04+00:00","og_image":[{"width":500,"height":300,"url":"https:\/\/wp.kristdemokraterna.se\/savsjo\/files\/2021\/12\/hembygdsforening-hemsida.jpg","type":"image\/jpeg"}],"author":"Stefan Gustafsson","twitter_card":"summary_large_image","twitter_misc":{"Skriven av":"Stefan Gustafsson","Ber\u00e4knad l\u00e4stid":"3 minuter"},"schema":{"@context":"https:\/\/schema.org","@graph":[{"@type":"Article","@id":"https:\/\/wp.kristdemokraterna.se\/savsjo\/vitsippspriset-2021-till-hembygdsforening\/#article","isPartOf":{"@id":"https:\/\/wp.kristdemokraterna.se\/savsjo\/vitsippspriset-2021-till-hembygdsforening\/"},"author":{"name":"Stefan Gustafsson","@id":"https:\/\/wp.kristdemokraterna.se\/savsjo\/#\/schema\/person\/66a08fa678592f794fe60a50b249978a"},"headline":"Vitsippspriset 2021 till hembygdsf\u00f6rening","datePublished":"2021-12-09T16:51:16+00:00","dateModified":"2021-12-09T16:52:04+00:00","mainEntityOfPage":{"@id":"https:\/\/wp.kristdemokraterna.se\/savsjo\/vitsippspriset-2021-till-hembygdsforening\/"},"wordCount":579,"image":{"@id":"https:\/\/wp.kristdemokraterna.se\/savsjo\/vitsippspriset-2021-till-hembygdsforening\/#primaryimage"},"thumbnailUrl":"https:\/\/wp.kristdemokraterna.se\/savsjo\/files\/2021\/12\/hembygdsforening-hemsida.jpg","inLanguage":"sv-SE"},{"@type":"WebPage","@id":"https:\/\/wp.kristdemokraterna.se\/savsjo\/vitsippspriset-2021-till-hembygdsforening\/","url":"https:\/\/wp.kristdemokraterna.se\/savsjo\/vitsippspriset-2021-till-hembygdsforening\/","name":"Vitsippspriset 2021 till hembygdsf\u00f6rening - S\u00e4vsj\u00f6","isPartOf":{"@id":"https:\/\/wp.kristdemokraterna.se\/savsjo\/#website"},"primaryImageOfPage":{"@id":"https:\/\/wp.kristdemokraterna.se\/savsjo\/vitsippspriset-2021-till-hembygdsforening\/#primaryimage"},"image":{"@id":"https:\/\/wp.kristdemokraterna.se\/savsjo\/vitsippspriset-2021-till-hembygdsforening\/#primaryimage"},"thumbnailUrl":"https:\/\/wp.kristdemokraterna.se\/savsjo\/files\/2021\/12\/hembygdsforening-hemsida.jpg","datePublished":"2021-12-09T16:51:16+00:00","dateModified":"2021-12-09T16:52:04+00:00","author":{"@id":"https:\/\/wp.kristdemokraterna.se\/savsjo\/#\/schema\/person\/66a08fa678592f794fe60a50b249978a"},"breadcrumb":{"@id":"https:\/\/wp.kristdemokraterna.se\/savsjo\/vitsippspriset-2021-till-hembygdsforening\/#breadcrumb"},"inLanguage":"sv-SE","potentialAction":[{"@type":"ReadAction","target":["https:\/\/wp.kristdemokraterna.se\/savsjo\/vitsippspriset-2021-till-hembygdsforening\/"]}]},{"@type":"ImageObject","inLanguage":"sv-SE","@id":"https:\/\/wp.kristdemokraterna.se\/savsjo\/vitsippspriset-2021-till-hembygdsforening\/#primaryimage","url":"https:\/\/wp.kristdemokraterna.se\/savsjo\/files\/2021\/12\/hembygdsforening-hemsida.jpg","contentUrl":"https:\/\/wp.kristdemokraterna.se\/savsjo\/files\/2021\/12\/hembygdsforening-hemsida.jpg","width":500,"height":300},{"@type":"BreadcrumbList","@id":"https:\/\/wp.kristdemokraterna.se\/savsjo\/vitsippspriset-2021-till-hembygdsforening\/#breadcrumb","itemListElement":[{"@type":"ListItem","position":1,"name":"Hem","item":"https:\/\/wp.kristdemokraterna.se\/savsjo\/"},{"@type":"ListItem","position":2,"name":"Vitsippspriset 2021 till hembygdsf\u00f6rening"}]},{"@type":"WebSite","@id":"https:\/\/wp.kristdemokraterna.se\/savsjo\/#website","url":"https:\/\/wp.kristdemokraterna.se\/savsjo\/","name":"S\u00e4vsj\u00f6","description":"","inLanguage":"sv-SE"},{"@type":"Person","@id":"https:\/\/wp.kristdemokraterna.se\/savsjo\/#\/schema\/person\/66a08fa678592f794fe60a50b249978a","name":"Stefan Gustafsson","image":{"@type":"ImageObject","inLanguage":"sv-SE","@id":"https:\/\/secure.gravatar.com\/avatar\/d183d0fd8830afddde9ab5386edf3b3480a63f1fb3291da52adec75b3b7b6f60?s=96&r=g","url":"https:\/\/secure.gravatar.com\/avatar\/d183d0fd8830afddde9ab5386edf3b3480a63f1fb3291da52adec75b3b7b6f60?s=96&r=g","contentUrl":"https:\/\/secure.gravatar.com\/avatar\/d183d0fd8830afddde9ab5386edf3b3480a63f1fb3291da52adec75b3b7b6f60?s=96&r=g","caption":"Stefan Gustafsson"},"url":"https:\/\/wp.kristdemokraterna.se\/savsjo\/author\/stgu\/"}]}},"_links":{"self":[{"href":"https:\/\/wp.kristdemokraterna.se\/savsjo\/wp-json\/wp\/v2\/posts\/3500","targetHints":{"allow":["GET"]}}],"collection":[{"href":"https:\/\/wp.kristdemokraterna.se\/savsjo\/wp-json\/wp\/v2\/posts"}],"about":[{"href":"https:\/\/wp.kristdemokraterna.se\/savsjo\/wp-json\/wp\/v2\/types\/post"}],"author":[{"embeddable":true,"href":"https:\/\/wp.kristdemokraterna.se\/savsjo\/wp-json\/wp\/v2\/users\/430"}],"replies":[{"embeddable":true,"href":"https:\/\/wp.kristdemokraterna.se\/savsjo\/wp-json\/wp\/v2\/comments?post=3500"}],"version-history":[{"count":2,"href":"https:\/\/wp.kristdemokraterna.se\/savsjo\/wp-json\/wp\/v2\/posts\/3500\/revisions"}],"predecessor-version":[{"id":3503,"href":"https:\/\/wp.kristdemokraterna.se\/savsjo\/wp-json\/wp\/v2\/posts\/3500\/revisions\/3503"}],"wp:featuredmedia":[{"embeddable":true,"href":"https:\/\/wp.kristdemokraterna.se\/savsjo\/wp-json\/wp\/v2\/media\/3501"}],"wp:attachment":[{"href":"https:\/\/wp.kristdemokraterna.se\/savsjo\/wp-json\/wp\/v2\/media?parent=3500"}],"wp:term":[{"taxonomy":"category","embeddable":true,"href":"https:\/\/wp.kristdemokraterna.se\/savsjo\/wp-json\/wp\/v2\/categories?post=3500"},{"taxonomy":"post_tag","embeddable":true,"href":"https:\/\/wp.kristdemokraterna.se\/savsjo\/wp-json\/wp\/v2\/tags?post=3500"}],"curies":[{"name":"wp","href":"https:\/\/api.w.org\/{rel}","templated":true}]}}