{"id":3566,"date":"2022-03-14T12:33:41","date_gmt":"2022-03-14T11:33:41","guid":{"rendered":"https:\/\/wp.kristdemokraterna.se\/savsjo\/?p=3566"},"modified":"2022-03-14T14:34:30","modified_gmt":"2022-03-14T13:34:30","slug":"3566-2","status":"publish","type":"post","link":"https:\/\/wp.kristdemokraterna.se\/savsjo\/3566-2\/","title":{"rendered":"Monica inspirerade p\u00e5 \u00e5rsm\u00f6te"},"content":{"rendered":"<p>Monica Samuelsson, kommunalr\u00e5d i Vetlanda, g\u00e4stade kristdemokraternas \u00e5rsm\u00f6te med inspirerande tal och tips inf\u00f6r kommande valr\u00f6relse. Monica hade tittat tillbaka p\u00e5 tidigare val och konstaterade att st\u00f6det i v\u00e5r kommun \u00e4r stort f\u00f6r kd i alla val. Men utm\u00e4rkande \u00e4r det stora st\u00f6det i framf\u00f6rallt kommunalvalet och att s\u00e5 m\u00e5nga som v\u00e4ljer kristdemokraterna ocks\u00e5 personkryssar. Carl Cunningham \u00e4r partiombudsman i l\u00e4net och han medverkade med information om vad som \u00e4r p\u00e5 g\u00e5ng under \u00e5ret.<br \/>\n<!--more--><\/p>\n<p>UNDER \u00c5RSM\u00d6TET omvaldes Benjamin Petersson som partiavdelningens ordf\u00f6rande. Johanna Danielsson blir fortsatt vice ordf\u00f6rande och Gunnel Lundgren sekreterare.<\/p>\n<p>\u00c5RSM\u00d6TET BLEV trivsamt med god gemenskap och exotisk planka som k\u00e4k. Gunnel Lundgren hade bakat t\u00e5rta till kaffet och Simon Wilhelmsson medverkade med piano och s\u00e5ng.<\/p>\n<p>DET GJORDES EN INSAMLING till Ukraina och Stefan Gustafsson avslutade kv\u00e4llen med att ber\u00e4tta lite om hur det s\u00e4kerhetspolitiska os\u00e4kerheten p\u00e5verkar kommunens arbete. Han uppmanade alla att st\u00e5 upp f\u00f6r demokrati och vara med och sprida framtidstro och hopp!<\/p>\n<p>Du kan se en lista p\u00e5 alla funktion\u00e4rer valda vid \u00e5rsm\u00f6tet h\u00e4r p\u00e5 hemsidan under fliken &#8221;Om oss&#8221; och &#8221;Styrelse och funktion\u00e4rer&#8221;<\/p>\n<p>Du kan se foton fr\u00e5n \u00e5rsm\u00f6tet p\u00e5 v\u00e5r Facebooksida &#8221;Kristdemokraterna i S\u00e4vsj\u00f6&#8221;<\/p>\n","protected":false},"excerpt":{"rendered":"<p>Monica Samuelsson, kommunalr\u00e5d i Vetlanda, g\u00e4stade kristdemokraternas \u00e5rsm\u00f6te med inspirerande tal och tips inf\u00f6r kommande valr\u00f6relse. Monica hade tittat tillbaka p\u00e5 tidigare val och konstaterade att st\u00f6det i v\u00e5r kommun \u00e4r stort f\u00f6r kd i alla val. Men utm\u00e4rkande \u00e4r det stora st\u00f6det i framf\u00f6rallt kommunalvalet och att s\u00e5 m\u00e5nga som v\u00e4ljer kristdemokraterna ocks\u00e5 personkryssar. <a class=\"read-more-link\" href=\"https:\/\/wp.kristdemokraterna.se\/savsjo\/3566-2\/\">Read More<\/a><\/p>\n","protected":false},"author":430,"featured_media":3567,"comment_status":"closed","ping_status":"closed","sticky":false,"template":"","format":"standard","meta":{"_acf_changed":false,"footnotes":""},"categories":[1],"tags":[],"class_list":["post-3566","post","type-post","status-publish","format-standard","has-post-thumbnail","hentry","category-okategoriserade"],"acf":[],"yoast_head":"<!-- This site is optimized with the Yoast SEO plugin v27.4 - https:\/\/yoast.com\/product\/yoast-seo-wordpress\/ -->\n<title>Monica inspirerade p\u00e5 \u00e5rsm\u00f6te - S\u00e4vsj\u00f6<\/title>\n<meta name=\"robots\" content=\"index, follow, max-snippet:-1, max-image-preview:large, max-video-preview:-1\" \/>\n<link rel=\"canonical\" href=\"https:\/\/wp.kristdemokraterna.se\/savsjo\/3566-2\/\" \/>\n<meta property=\"og:locale\" content=\"sv_SE\" \/>\n<meta property=\"og:type\" content=\"article\" \/>\n<meta property=\"og:title\" content=\"Monica inspirerade p\u00e5 \u00e5rsm\u00f6te - S\u00e4vsj\u00f6\" \/>\n<meta property=\"og:description\" content=\"Monica Samuelsson, kommunalr\u00e5d i Vetlanda, g\u00e4stade kristdemokraternas \u00e5rsm\u00f6te med inspirerande tal och tips inf\u00f6r kommande valr\u00f6relse. Monica hade tittat tillbaka p\u00e5 tidigare val och konstaterade att st\u00f6det i v\u00e5r kommun \u00e4r stort f\u00f6r kd i alla val. Men utm\u00e4rkande \u00e4r det stora st\u00f6det i framf\u00f6rallt kommunalvalet och att s\u00e5 m\u00e5nga som v\u00e4ljer kristdemokraterna ocks\u00e5 personkryssar. Read More\" \/>\n<meta property=\"og:url\" content=\"https:\/\/wp.kristdemokraterna.se\/savsjo\/3566-2\/\" \/>\n<meta property=\"og:site_name\" content=\"S\u00e4vsj\u00f6\" \/>\n<meta property=\"article:published_time\" content=\"2022-03-14T11:33:41+00:00\" \/>\n<meta property=\"article:modified_time\" content=\"2022-03-14T13:34:30+00:00\" \/>\n<meta property=\"og:image\" content=\"http:\/\/wp.kristdemokraterna.se\/savsjo\/files\/2022\/03\/monica-hemsida.jpg\" \/>\n\t<meta property=\"og:image:width\" content=\"500\" \/>\n\t<meta property=\"og:image:height\" content=\"300\" \/>\n\t<meta property=\"og:image:type\" content=\"image\/jpeg\" \/>\n<meta name=\"author\" content=\"Stefan Gustafsson\" \/>\n<meta name=\"twitter:card\" content=\"summary_large_image\" \/>\n<meta name=\"twitter:label1\" content=\"Skriven av\" \/>\n\t<meta name=\"twitter:data1\" content=\"Stefan Gustafsson\" \/>\n\t<meta name=\"twitter:label2\" content=\"Ber\u00e4knad l\u00e4stid\" \/>\n\t<meta name=\"twitter:data2\" content=\"1 minut\" \/>\n<script type=\"application\/ld+json\" class=\"yoast-schema-graph\">{\"@context\":\"https:\\\/\\\/schema.org\",\"@graph\":[{\"@type\":\"Article\",\"@id\":\"https:\\\/\\\/wp.kristdemokraterna.se\\\/savsjo\\\/3566-2\\\/#article\",\"isPartOf\":{\"@id\":\"https:\\\/\\\/wp.kristdemokraterna.se\\\/savsjo\\\/3566-2\\\/\"},\"author\":{\"name\":\"Stefan Gustafsson\",\"@id\":\"https:\\\/\\\/wp.kristdemokraterna.se\\\/savsjo\\\/#\\\/schema\\\/person\\\/66a08fa678592f794fe60a50b249978a\"},\"headline\":\"Monica inspirerade p\u00e5 \u00e5rsm\u00f6te\",\"datePublished\":\"2022-03-14T11:33:41+00:00\",\"dateModified\":\"2022-03-14T13:34:30+00:00\",\"mainEntityOfPage\":{\"@id\":\"https:\\\/\\\/wp.kristdemokraterna.se\\\/savsjo\\\/3566-2\\\/\"},\"wordCount\":232,\"image\":{\"@id\":\"https:\\\/\\\/wp.kristdemokraterna.se\\\/savsjo\\\/3566-2\\\/#primaryimage\"},\"thumbnailUrl\":\"https:\\\/\\\/wp.kristdemokraterna.se\\\/savsjo\\\/files\\\/2022\\\/03\\\/monica-hemsida.jpg\",\"inLanguage\":\"sv-SE\"},{\"@type\":\"WebPage\",\"@id\":\"https:\\\/\\\/wp.kristdemokraterna.se\\\/savsjo\\\/3566-2\\\/\",\"url\":\"https:\\\/\\\/wp.kristdemokraterna.se\\\/savsjo\\\/3566-2\\\/\",\"name\":\"Monica inspirerade p\u00e5 \u00e5rsm\u00f6te - S\u00e4vsj\u00f6\",\"isPartOf\":{\"@id\":\"https:\\\/\\\/wp.kristdemokraterna.se\\\/savsjo\\\/#website\"},\"primaryImageOfPage\":{\"@id\":\"https:\\\/\\\/wp.kristdemokraterna.se\\\/savsjo\\\/3566-2\\\/#primaryimage\"},\"image\":{\"@id\":\"https:\\\/\\\/wp.kristdemokraterna.se\\\/savsjo\\\/3566-2\\\/#primaryimage\"},\"thumbnailUrl\":\"https:\\\/\\\/wp.kristdemokraterna.se\\\/savsjo\\\/files\\\/2022\\\/03\\\/monica-hemsida.jpg\",\"datePublished\":\"2022-03-14T11:33:41+00:00\",\"dateModified\":\"2022-03-14T13:34:30+00:00\",\"author\":{\"@id\":\"https:\\\/\\\/wp.kristdemokraterna.se\\\/savsjo\\\/#\\\/schema\\\/person\\\/66a08fa678592f794fe60a50b249978a\"},\"breadcrumb\":{\"@id\":\"https:\\\/\\\/wp.kristdemokraterna.se\\\/savsjo\\\/3566-2\\\/#breadcrumb\"},\"inLanguage\":\"sv-SE\",\"potentialAction\":[{\"@type\":\"ReadAction\",\"target\":[\"https:\\\/\\\/wp.kristdemokraterna.se\\\/savsjo\\\/3566-2\\\/\"]}]},{\"@type\":\"ImageObject\",\"inLanguage\":\"sv-SE\",\"@id\":\"https:\\\/\\\/wp.kristdemokraterna.se\\\/savsjo\\\/3566-2\\\/#primaryimage\",\"url\":\"https:\\\/\\\/wp.kristdemokraterna.se\\\/savsjo\\\/files\\\/2022\\\/03\\\/monica-hemsida.jpg\",\"contentUrl\":\"https:\\\/\\\/wp.kristdemokraterna.se\\\/savsjo\\\/files\\\/2022\\\/03\\\/monica-hemsida.jpg\",\"width\":500,\"height\":300},{\"@type\":\"BreadcrumbList\",\"@id\":\"https:\\\/\\\/wp.kristdemokraterna.se\\\/savsjo\\\/3566-2\\\/#breadcrumb\",\"itemListElement\":[{\"@type\":\"ListItem\",\"position\":1,\"name\":\"Hem\",\"item\":\"https:\\\/\\\/wp.kristdemokraterna.se\\\/savsjo\\\/\"},{\"@type\":\"ListItem\",\"position\":2,\"name\":\"Monica inspirerade p\u00e5 \u00e5rsm\u00f6te\"}]},{\"@type\":\"WebSite\",\"@id\":\"https:\\\/\\\/wp.kristdemokraterna.se\\\/savsjo\\\/#website\",\"url\":\"https:\\\/\\\/wp.kristdemokraterna.se\\\/savsjo\\\/\",\"name\":\"S\u00e4vsj\u00f6\",\"description\":\"\",\"inLanguage\":\"sv-SE\"},{\"@type\":\"Person\",\"@id\":\"https:\\\/\\\/wp.kristdemokraterna.se\\\/savsjo\\\/#\\\/schema\\\/person\\\/66a08fa678592f794fe60a50b249978a\",\"name\":\"Stefan Gustafsson\",\"image\":{\"@type\":\"ImageObject\",\"inLanguage\":\"sv-SE\",\"@id\":\"https:\\\/\\\/secure.gravatar.com\\\/avatar\\\/d183d0fd8830afddde9ab5386edf3b3480a63f1fb3291da52adec75b3b7b6f60?s=96&r=g\",\"url\":\"https:\\\/\\\/secure.gravatar.com\\\/avatar\\\/d183d0fd8830afddde9ab5386edf3b3480a63f1fb3291da52adec75b3b7b6f60?s=96&r=g\",\"contentUrl\":\"https:\\\/\\\/secure.gravatar.com\\\/avatar\\\/d183d0fd8830afddde9ab5386edf3b3480a63f1fb3291da52adec75b3b7b6f60?s=96&r=g\",\"caption\":\"Stefan Gustafsson\"},\"url\":\"https:\\\/\\\/wp.kristdemokraterna.se\\\/savsjo\\\/author\\\/stgu\\\/\"}]}<\/script>\n<!-- \/ Yoast SEO plugin. -->","yoast_head_json":{"title":"Monica inspirerade p\u00e5 \u00e5rsm\u00f6te - S\u00e4vsj\u00f6","robots":{"index":"index","follow":"follow","max-snippet":"max-snippet:-1","max-image-preview":"max-image-preview:large","max-video-preview":"max-video-preview:-1"},"canonical":"https:\/\/wp.kristdemokraterna.se\/savsjo\/3566-2\/","og_locale":"sv_SE","og_type":"article","og_title":"Monica inspirerade p\u00e5 \u00e5rsm\u00f6te - S\u00e4vsj\u00f6","og_description":"Monica Samuelsson, kommunalr\u00e5d i Vetlanda, g\u00e4stade kristdemokraternas \u00e5rsm\u00f6te med inspirerande tal och tips inf\u00f6r kommande valr\u00f6relse. Monica hade tittat tillbaka p\u00e5 tidigare val och konstaterade att st\u00f6det i v\u00e5r kommun \u00e4r stort f\u00f6r kd i alla val. Men utm\u00e4rkande \u00e4r det stora st\u00f6det i framf\u00f6rallt kommunalvalet och att s\u00e5 m\u00e5nga som v\u00e4ljer kristdemokraterna ocks\u00e5 personkryssar. Read More","og_url":"https:\/\/wp.kristdemokraterna.se\/savsjo\/3566-2\/","og_site_name":"S\u00e4vsj\u00f6","article_published_time":"2022-03-14T11:33:41+00:00","article_modified_time":"2022-03-14T13:34:30+00:00","og_image":[{"width":500,"height":300,"url":"http:\/\/wp.kristdemokraterna.se\/savsjo\/files\/2022\/03\/monica-hemsida.jpg","type":"image\/jpeg"}],"author":"Stefan Gustafsson","twitter_card":"summary_large_image","twitter_misc":{"Skriven av":"Stefan Gustafsson","Ber\u00e4knad l\u00e4stid":"1 minut"},"schema":{"@context":"https:\/\/schema.org","@graph":[{"@type":"Article","@id":"https:\/\/wp.kristdemokraterna.se\/savsjo\/3566-2\/#article","isPartOf":{"@id":"https:\/\/wp.kristdemokraterna.se\/savsjo\/3566-2\/"},"author":{"name":"Stefan Gustafsson","@id":"https:\/\/wp.kristdemokraterna.se\/savsjo\/#\/schema\/person\/66a08fa678592f794fe60a50b249978a"},"headline":"Monica inspirerade p\u00e5 \u00e5rsm\u00f6te","datePublished":"2022-03-14T11:33:41+00:00","dateModified":"2022-03-14T13:34:30+00:00","mainEntityOfPage":{"@id":"https:\/\/wp.kristdemokraterna.se\/savsjo\/3566-2\/"},"wordCount":232,"image":{"@id":"https:\/\/wp.kristdemokraterna.se\/savsjo\/3566-2\/#primaryimage"},"thumbnailUrl":"https:\/\/wp.kristdemokraterna.se\/savsjo\/files\/2022\/03\/monica-hemsida.jpg","inLanguage":"sv-SE"},{"@type":"WebPage","@id":"https:\/\/wp.kristdemokraterna.se\/savsjo\/3566-2\/","url":"https:\/\/wp.kristdemokraterna.se\/savsjo\/3566-2\/","name":"Monica inspirerade p\u00e5 \u00e5rsm\u00f6te - S\u00e4vsj\u00f6","isPartOf":{"@id":"https:\/\/wp.kristdemokraterna.se\/savsjo\/#website"},"primaryImageOfPage":{"@id":"https:\/\/wp.kristdemokraterna.se\/savsjo\/3566-2\/#primaryimage"},"image":{"@id":"https:\/\/wp.kristdemokraterna.se\/savsjo\/3566-2\/#primaryimage"},"thumbnailUrl":"https:\/\/wp.kristdemokraterna.se\/savsjo\/files\/2022\/03\/monica-hemsida.jpg","datePublished":"2022-03-14T11:33:41+00:00","dateModified":"2022-03-14T13:34:30+00:00","author":{"@id":"https:\/\/wp.kristdemokraterna.se\/savsjo\/#\/schema\/person\/66a08fa678592f794fe60a50b249978a"},"breadcrumb":{"@id":"https:\/\/wp.kristdemokraterna.se\/savsjo\/3566-2\/#breadcrumb"},"inLanguage":"sv-SE","potentialAction":[{"@type":"ReadAction","target":["https:\/\/wp.kristdemokraterna.se\/savsjo\/3566-2\/"]}]},{"@type":"ImageObject","inLanguage":"sv-SE","@id":"https:\/\/wp.kristdemokraterna.se\/savsjo\/3566-2\/#primaryimage","url":"https:\/\/wp.kristdemokraterna.se\/savsjo\/files\/2022\/03\/monica-hemsida.jpg","contentUrl":"https:\/\/wp.kristdemokraterna.se\/savsjo\/files\/2022\/03\/monica-hemsida.jpg","width":500,"height":300},{"@type":"BreadcrumbList","@id":"https:\/\/wp.kristdemokraterna.se\/savsjo\/3566-2\/#breadcrumb","itemListElement":[{"@type":"ListItem","position":1,"name":"Hem","item":"https:\/\/wp.kristdemokraterna.se\/savsjo\/"},{"@type":"ListItem","position":2,"name":"Monica inspirerade p\u00e5 \u00e5rsm\u00f6te"}]},{"@type":"WebSite","@id":"https:\/\/wp.kristdemokraterna.se\/savsjo\/#website","url":"https:\/\/wp.kristdemokraterna.se\/savsjo\/","name":"S\u00e4vsj\u00f6","description":"","inLanguage":"sv-SE"},{"@type":"Person","@id":"https:\/\/wp.kristdemokraterna.se\/savsjo\/#\/schema\/person\/66a08fa678592f794fe60a50b249978a","name":"Stefan Gustafsson","image":{"@type":"ImageObject","inLanguage":"sv-SE","@id":"https:\/\/secure.gravatar.com\/avatar\/d183d0fd8830afddde9ab5386edf3b3480a63f1fb3291da52adec75b3b7b6f60?s=96&r=g","url":"https:\/\/secure.gravatar.com\/avatar\/d183d0fd8830afddde9ab5386edf3b3480a63f1fb3291da52adec75b3b7b6f60?s=96&r=g","contentUrl":"https:\/\/secure.gravatar.com\/avatar\/d183d0fd8830afddde9ab5386edf3b3480a63f1fb3291da52adec75b3b7b6f60?s=96&r=g","caption":"Stefan Gustafsson"},"url":"https:\/\/wp.kristdemokraterna.se\/savsjo\/author\/stgu\/"}]}},"_links":{"self":[{"href":"https:\/\/wp.kristdemokraterna.se\/savsjo\/wp-json\/wp\/v2\/posts\/3566","targetHints":{"allow":["GET"]}}],"collection":[{"href":"https:\/\/wp.kristdemokraterna.se\/savsjo\/wp-json\/wp\/v2\/posts"}],"about":[{"href":"https:\/\/wp.kristdemokraterna.se\/savsjo\/wp-json\/wp\/v2\/types\/post"}],"author":[{"embeddable":true,"href":"https:\/\/wp.kristdemokraterna.se\/savsjo\/wp-json\/wp\/v2\/users\/430"}],"replies":[{"embeddable":true,"href":"https:\/\/wp.kristdemokraterna.se\/savsjo\/wp-json\/wp\/v2\/comments?post=3566"}],"version-history":[{"count":4,"href":"https:\/\/wp.kristdemokraterna.se\/savsjo\/wp-json\/wp\/v2\/posts\/3566\/revisions"}],"predecessor-version":[{"id":3571,"href":"https:\/\/wp.kristdemokraterna.se\/savsjo\/wp-json\/wp\/v2\/posts\/3566\/revisions\/3571"}],"wp:featuredmedia":[{"embeddable":true,"href":"https:\/\/wp.kristdemokraterna.se\/savsjo\/wp-json\/wp\/v2\/media\/3567"}],"wp:attachment":[{"href":"https:\/\/wp.kristdemokraterna.se\/savsjo\/wp-json\/wp\/v2\/media?parent=3566"}],"wp:term":[{"taxonomy":"category","embeddable":true,"href":"https:\/\/wp.kristdemokraterna.se\/savsjo\/wp-json\/wp\/v2\/categories?post=3566"},{"taxonomy":"post_tag","embeddable":true,"href":"https:\/\/wp.kristdemokraterna.se\/savsjo\/wp-json\/wp\/v2\/tags?post=3566"}],"curies":[{"name":"wp","href":"https:\/\/api.w.org\/{rel}","templated":true}]}}