{"id":3639,"date":"2022-07-03T20:42:58","date_gmt":"2022-07-03T18:42:58","guid":{"rendered":"https:\/\/wp.kristdemokraterna.se\/savsjo\/?p=3639"},"modified":"2022-07-03T20:42:58","modified_gmt":"2022-07-03T18:42:58","slug":"manga-glada-over-besok-av-ebba","status":"publish","type":"post","link":"https:\/\/wp.kristdemokraterna.se\/savsjo\/manga-glada-over-besok-av-ebba\/","title":{"rendered":"M\u00e5nga glada \u00f6ver bes\u00f6k av Ebba"},"content":{"rendered":"<div class=\"kvgmc6g5 cxmmr5t8 oygrvhab hcukyx3x c1et5uql ii04i59q\">\n<div dir=\"auto\">Ebba Busch var p\u00e5 l\u00f6rdagsf\u00f6rmiddagen p\u00e5 ett uppskattat bes\u00f6k i S\u00e4vsj\u00f6 centrum. Hon m\u00f6ttes av en fanfar och mycket folk p\u00e5 plats. Ebba samtalade och h\u00e4lsade p\u00e5 m\u00e5nga och h\u00f6ll sedan ett kort tal d\u00e4r hon uttryckte sin beundran f\u00f6r att s\u00e5 m\u00e5nga m\u00f6tt upp. I sitt tal lyfte hon behovet av f\u00f6r\u00e4ndring f\u00f6r att f\u00e5 ner v\u00e5ld och skjutningar i Sverige. Hon tryckte h\u00e5rt p\u00e5 behovet av att f\u00e5 fler i jobb och att det m\u00e5ste bli mindre v\u00e5rdk\u00f6er.<br \/>\n<!--more--><\/p>\n<div class=\"cxmmr5t8 oygrvhab hcukyx3x c1et5uql o9v6fnle ii04i59q\">\n<div dir=\"auto\">Ebba tyckte som tidigare kommunpolitiker att det k\u00e4ndes viktigt att sv\u00e4nga f\u00f6rbi och s\u00e4ga tack till Stefan Gustafsson f\u00f6r sina m\u00e5nga \u00e5r som kommunalr\u00e5d. Ebba sa att \u201dDet \u00e4r ingen l\u00e4tt uppgift att ta \u00f6ver stafettpinnen efter en s\u00e5n str\u00e4cka men jag \u00e4r \u00f6vertygad om att Therese Petersson blir en utm\u00e4rkt eftertr\u00e4dare\u201d<\/div>\n<\/div>\n","protected":false},"excerpt":{"rendered":"<p>Ebba Busch var p\u00e5 l\u00f6rdagsf\u00f6rmiddagen p\u00e5 ett uppskattat bes\u00f6k i S\u00e4vsj\u00f6 centrum. Hon m\u00f6ttes av en fanfar och mycket folk p\u00e5 plats. Ebba samtalade och h\u00e4lsade p\u00e5 m\u00e5nga och h\u00f6ll sedan ett kort tal d\u00e4r hon uttryckte sin beundran f\u00f6r att s\u00e5 m\u00e5nga m\u00f6tt upp. I sitt tal lyfte hon behovet av f\u00f6r\u00e4ndring f\u00f6r att <a class=\"read-more-link\" href=\"https:\/\/wp.kristdemokraterna.se\/savsjo\/manga-glada-over-besok-av-ebba\/\">Read More<\/a><\/p>\n","protected":false},"author":430,"featured_media":3640,"comment_status":"closed","ping_status":"closed","sticky":false,"template":"","format":"standard","meta":{"_acf_changed":false,"footnotes":""},"categories":[1],"tags":[],"class_list":["post-3639","post","type-post","status-publish","format-standard","has-post-thumbnail","hentry","category-okategoriserade"],"acf":[],"yoast_head":"<!-- This site is optimized with the Yoast SEO plugin v27.4 - https:\/\/yoast.com\/product\/yoast-seo-wordpress\/ -->\n<title>M\u00e5nga glada \u00f6ver bes\u00f6k av Ebba - S\u00e4vsj\u00f6<\/title>\n<meta name=\"robots\" content=\"index, follow, max-snippet:-1, max-image-preview:large, max-video-preview:-1\" \/>\n<link rel=\"canonical\" href=\"https:\/\/wp.kristdemokraterna.se\/savsjo\/manga-glada-over-besok-av-ebba\/\" \/>\n<meta property=\"og:locale\" content=\"sv_SE\" \/>\n<meta property=\"og:type\" content=\"article\" \/>\n<meta property=\"og:title\" content=\"M\u00e5nga glada \u00f6ver bes\u00f6k av Ebba - S\u00e4vsj\u00f6\" \/>\n<meta property=\"og:description\" content=\"Ebba Busch var p\u00e5 l\u00f6rdagsf\u00f6rmiddagen p\u00e5 ett uppskattat bes\u00f6k i S\u00e4vsj\u00f6 centrum. Hon m\u00f6ttes av en fanfar och mycket folk p\u00e5 plats. Ebba samtalade och h\u00e4lsade p\u00e5 m\u00e5nga och h\u00f6ll sedan ett kort tal d\u00e4r hon uttryckte sin beundran f\u00f6r att s\u00e5 m\u00e5nga m\u00f6tt upp. I sitt tal lyfte hon behovet av f\u00f6r\u00e4ndring f\u00f6r att Read More\" \/>\n<meta property=\"og:url\" content=\"https:\/\/wp.kristdemokraterna.se\/savsjo\/manga-glada-over-besok-av-ebba\/\" \/>\n<meta property=\"og:site_name\" content=\"S\u00e4vsj\u00f6\" \/>\n<meta property=\"article:published_time\" content=\"2022-07-03T18:42:58+00:00\" \/>\n<meta property=\"og:image\" content=\"http:\/\/wp.kristdemokraterna.se\/savsjo\/files\/2022\/07\/hemsida-ebba.jpg\" \/>\n\t<meta property=\"og:image:width\" content=\"500\" \/>\n\t<meta property=\"og:image:height\" content=\"300\" \/>\n\t<meta property=\"og:image:type\" content=\"image\/jpeg\" \/>\n<meta name=\"author\" content=\"Stefan Gustafsson\" \/>\n<meta name=\"twitter:card\" content=\"summary_large_image\" \/>\n<meta name=\"twitter:label1\" content=\"Skriven av\" \/>\n\t<meta name=\"twitter:data1\" content=\"Stefan Gustafsson\" \/>\n\t<meta name=\"twitter:label2\" content=\"Ber\u00e4knad l\u00e4stid\" \/>\n\t<meta name=\"twitter:data2\" content=\"1 minut\" \/>\n<script type=\"application\/ld+json\" class=\"yoast-schema-graph\">{\"@context\":\"https:\\\/\\\/schema.org\",\"@graph\":[{\"@type\":\"Article\",\"@id\":\"https:\\\/\\\/wp.kristdemokraterna.se\\\/savsjo\\\/manga-glada-over-besok-av-ebba\\\/#article\",\"isPartOf\":{\"@id\":\"https:\\\/\\\/wp.kristdemokraterna.se\\\/savsjo\\\/manga-glada-over-besok-av-ebba\\\/\"},\"author\":{\"name\":\"Stefan Gustafsson\",\"@id\":\"https:\\\/\\\/wp.kristdemokraterna.se\\\/savsjo\\\/#\\\/schema\\\/person\\\/66a08fa678592f794fe60a50b249978a\"},\"headline\":\"M\u00e5nga glada \u00f6ver bes\u00f6k av Ebba\",\"datePublished\":\"2022-07-03T18:42:58+00:00\",\"mainEntityOfPage\":{\"@id\":\"https:\\\/\\\/wp.kristdemokraterna.se\\\/savsjo\\\/manga-glada-over-besok-av-ebba\\\/\"},\"wordCount\":172,\"image\":{\"@id\":\"https:\\\/\\\/wp.kristdemokraterna.se\\\/savsjo\\\/manga-glada-over-besok-av-ebba\\\/#primaryimage\"},\"thumbnailUrl\":\"https:\\\/\\\/wp.kristdemokraterna.se\\\/savsjo\\\/files\\\/2022\\\/07\\\/hemsida-ebba.jpg\",\"inLanguage\":\"sv-SE\"},{\"@type\":\"WebPage\",\"@id\":\"https:\\\/\\\/wp.kristdemokraterna.se\\\/savsjo\\\/manga-glada-over-besok-av-ebba\\\/\",\"url\":\"https:\\\/\\\/wp.kristdemokraterna.se\\\/savsjo\\\/manga-glada-over-besok-av-ebba\\\/\",\"name\":\"M\u00e5nga glada \u00f6ver bes\u00f6k av Ebba - S\u00e4vsj\u00f6\",\"isPartOf\":{\"@id\":\"https:\\\/\\\/wp.kristdemokraterna.se\\\/savsjo\\\/#website\"},\"primaryImageOfPage\":{\"@id\":\"https:\\\/\\\/wp.kristdemokraterna.se\\\/savsjo\\\/manga-glada-over-besok-av-ebba\\\/#primaryimage\"},\"image\":{\"@id\":\"https:\\\/\\\/wp.kristdemokraterna.se\\\/savsjo\\\/manga-glada-over-besok-av-ebba\\\/#primaryimage\"},\"thumbnailUrl\":\"https:\\\/\\\/wp.kristdemokraterna.se\\\/savsjo\\\/files\\\/2022\\\/07\\\/hemsida-ebba.jpg\",\"datePublished\":\"2022-07-03T18:42:58+00:00\",\"author\":{\"@id\":\"https:\\\/\\\/wp.kristdemokraterna.se\\\/savsjo\\\/#\\\/schema\\\/person\\\/66a08fa678592f794fe60a50b249978a\"},\"breadcrumb\":{\"@id\":\"https:\\\/\\\/wp.kristdemokraterna.se\\\/savsjo\\\/manga-glada-over-besok-av-ebba\\\/#breadcrumb\"},\"inLanguage\":\"sv-SE\",\"potentialAction\":[{\"@type\":\"ReadAction\",\"target\":[\"https:\\\/\\\/wp.kristdemokraterna.se\\\/savsjo\\\/manga-glada-over-besok-av-ebba\\\/\"]}]},{\"@type\":\"ImageObject\",\"inLanguage\":\"sv-SE\",\"@id\":\"https:\\\/\\\/wp.kristdemokraterna.se\\\/savsjo\\\/manga-glada-over-besok-av-ebba\\\/#primaryimage\",\"url\":\"https:\\\/\\\/wp.kristdemokraterna.se\\\/savsjo\\\/files\\\/2022\\\/07\\\/hemsida-ebba.jpg\",\"contentUrl\":\"https:\\\/\\\/wp.kristdemokraterna.se\\\/savsjo\\\/files\\\/2022\\\/07\\\/hemsida-ebba.jpg\",\"width\":500,\"height\":300},{\"@type\":\"BreadcrumbList\",\"@id\":\"https:\\\/\\\/wp.kristdemokraterna.se\\\/savsjo\\\/manga-glada-over-besok-av-ebba\\\/#breadcrumb\",\"itemListElement\":[{\"@type\":\"ListItem\",\"position\":1,\"name\":\"Hem\",\"item\":\"https:\\\/\\\/wp.kristdemokraterna.se\\\/savsjo\\\/\"},{\"@type\":\"ListItem\",\"position\":2,\"name\":\"M\u00e5nga glada \u00f6ver bes\u00f6k av Ebba\"}]},{\"@type\":\"WebSite\",\"@id\":\"https:\\\/\\\/wp.kristdemokraterna.se\\\/savsjo\\\/#website\",\"url\":\"https:\\\/\\\/wp.kristdemokraterna.se\\\/savsjo\\\/\",\"name\":\"S\u00e4vsj\u00f6\",\"description\":\"\",\"inLanguage\":\"sv-SE\"},{\"@type\":\"Person\",\"@id\":\"https:\\\/\\\/wp.kristdemokraterna.se\\\/savsjo\\\/#\\\/schema\\\/person\\\/66a08fa678592f794fe60a50b249978a\",\"name\":\"Stefan Gustafsson\",\"image\":{\"@type\":\"ImageObject\",\"inLanguage\":\"sv-SE\",\"@id\":\"https:\\\/\\\/secure.gravatar.com\\\/avatar\\\/d183d0fd8830afddde9ab5386edf3b3480a63f1fb3291da52adec75b3b7b6f60?s=96&r=g\",\"url\":\"https:\\\/\\\/secure.gravatar.com\\\/avatar\\\/d183d0fd8830afddde9ab5386edf3b3480a63f1fb3291da52adec75b3b7b6f60?s=96&r=g\",\"contentUrl\":\"https:\\\/\\\/secure.gravatar.com\\\/avatar\\\/d183d0fd8830afddde9ab5386edf3b3480a63f1fb3291da52adec75b3b7b6f60?s=96&r=g\",\"caption\":\"Stefan Gustafsson\"},\"url\":\"https:\\\/\\\/wp.kristdemokraterna.se\\\/savsjo\\\/author\\\/stgu\\\/\"}]}<\/script>\n<!-- \/ Yoast SEO plugin. -->","yoast_head_json":{"title":"M\u00e5nga glada \u00f6ver bes\u00f6k av Ebba - S\u00e4vsj\u00f6","robots":{"index":"index","follow":"follow","max-snippet":"max-snippet:-1","max-image-preview":"max-image-preview:large","max-video-preview":"max-video-preview:-1"},"canonical":"https:\/\/wp.kristdemokraterna.se\/savsjo\/manga-glada-over-besok-av-ebba\/","og_locale":"sv_SE","og_type":"article","og_title":"M\u00e5nga glada \u00f6ver bes\u00f6k av Ebba - S\u00e4vsj\u00f6","og_description":"Ebba Busch var p\u00e5 l\u00f6rdagsf\u00f6rmiddagen p\u00e5 ett uppskattat bes\u00f6k i S\u00e4vsj\u00f6 centrum. Hon m\u00f6ttes av en fanfar och mycket folk p\u00e5 plats. Ebba samtalade och h\u00e4lsade p\u00e5 m\u00e5nga och h\u00f6ll sedan ett kort tal d\u00e4r hon uttryckte sin beundran f\u00f6r att s\u00e5 m\u00e5nga m\u00f6tt upp. I sitt tal lyfte hon behovet av f\u00f6r\u00e4ndring f\u00f6r att Read More","og_url":"https:\/\/wp.kristdemokraterna.se\/savsjo\/manga-glada-over-besok-av-ebba\/","og_site_name":"S\u00e4vsj\u00f6","article_published_time":"2022-07-03T18:42:58+00:00","og_image":[{"width":500,"height":300,"url":"http:\/\/wp.kristdemokraterna.se\/savsjo\/files\/2022\/07\/hemsida-ebba.jpg","type":"image\/jpeg"}],"author":"Stefan Gustafsson","twitter_card":"summary_large_image","twitter_misc":{"Skriven av":"Stefan Gustafsson","Ber\u00e4knad l\u00e4stid":"1 minut"},"schema":{"@context":"https:\/\/schema.org","@graph":[{"@type":"Article","@id":"https:\/\/wp.kristdemokraterna.se\/savsjo\/manga-glada-over-besok-av-ebba\/#article","isPartOf":{"@id":"https:\/\/wp.kristdemokraterna.se\/savsjo\/manga-glada-over-besok-av-ebba\/"},"author":{"name":"Stefan Gustafsson","@id":"https:\/\/wp.kristdemokraterna.se\/savsjo\/#\/schema\/person\/66a08fa678592f794fe60a50b249978a"},"headline":"M\u00e5nga glada \u00f6ver bes\u00f6k av Ebba","datePublished":"2022-07-03T18:42:58+00:00","mainEntityOfPage":{"@id":"https:\/\/wp.kristdemokraterna.se\/savsjo\/manga-glada-over-besok-av-ebba\/"},"wordCount":172,"image":{"@id":"https:\/\/wp.kristdemokraterna.se\/savsjo\/manga-glada-over-besok-av-ebba\/#primaryimage"},"thumbnailUrl":"https:\/\/wp.kristdemokraterna.se\/savsjo\/files\/2022\/07\/hemsida-ebba.jpg","inLanguage":"sv-SE"},{"@type":"WebPage","@id":"https:\/\/wp.kristdemokraterna.se\/savsjo\/manga-glada-over-besok-av-ebba\/","url":"https:\/\/wp.kristdemokraterna.se\/savsjo\/manga-glada-over-besok-av-ebba\/","name":"M\u00e5nga glada \u00f6ver bes\u00f6k av Ebba - S\u00e4vsj\u00f6","isPartOf":{"@id":"https:\/\/wp.kristdemokraterna.se\/savsjo\/#website"},"primaryImageOfPage":{"@id":"https:\/\/wp.kristdemokraterna.se\/savsjo\/manga-glada-over-besok-av-ebba\/#primaryimage"},"image":{"@id":"https:\/\/wp.kristdemokraterna.se\/savsjo\/manga-glada-over-besok-av-ebba\/#primaryimage"},"thumbnailUrl":"https:\/\/wp.kristdemokraterna.se\/savsjo\/files\/2022\/07\/hemsida-ebba.jpg","datePublished":"2022-07-03T18:42:58+00:00","author":{"@id":"https:\/\/wp.kristdemokraterna.se\/savsjo\/#\/schema\/person\/66a08fa678592f794fe60a50b249978a"},"breadcrumb":{"@id":"https:\/\/wp.kristdemokraterna.se\/savsjo\/manga-glada-over-besok-av-ebba\/#breadcrumb"},"inLanguage":"sv-SE","potentialAction":[{"@type":"ReadAction","target":["https:\/\/wp.kristdemokraterna.se\/savsjo\/manga-glada-over-besok-av-ebba\/"]}]},{"@type":"ImageObject","inLanguage":"sv-SE","@id":"https:\/\/wp.kristdemokraterna.se\/savsjo\/manga-glada-over-besok-av-ebba\/#primaryimage","url":"https:\/\/wp.kristdemokraterna.se\/savsjo\/files\/2022\/07\/hemsida-ebba.jpg","contentUrl":"https:\/\/wp.kristdemokraterna.se\/savsjo\/files\/2022\/07\/hemsida-ebba.jpg","width":500,"height":300},{"@type":"BreadcrumbList","@id":"https:\/\/wp.kristdemokraterna.se\/savsjo\/manga-glada-over-besok-av-ebba\/#breadcrumb","itemListElement":[{"@type":"ListItem","position":1,"name":"Hem","item":"https:\/\/wp.kristdemokraterna.se\/savsjo\/"},{"@type":"ListItem","position":2,"name":"M\u00e5nga glada \u00f6ver bes\u00f6k av Ebba"}]},{"@type":"WebSite","@id":"https:\/\/wp.kristdemokraterna.se\/savsjo\/#website","url":"https:\/\/wp.kristdemokraterna.se\/savsjo\/","name":"S\u00e4vsj\u00f6","description":"","inLanguage":"sv-SE"},{"@type":"Person","@id":"https:\/\/wp.kristdemokraterna.se\/savsjo\/#\/schema\/person\/66a08fa678592f794fe60a50b249978a","name":"Stefan Gustafsson","image":{"@type":"ImageObject","inLanguage":"sv-SE","@id":"https:\/\/secure.gravatar.com\/avatar\/d183d0fd8830afddde9ab5386edf3b3480a63f1fb3291da52adec75b3b7b6f60?s=96&r=g","url":"https:\/\/secure.gravatar.com\/avatar\/d183d0fd8830afddde9ab5386edf3b3480a63f1fb3291da52adec75b3b7b6f60?s=96&r=g","contentUrl":"https:\/\/secure.gravatar.com\/avatar\/d183d0fd8830afddde9ab5386edf3b3480a63f1fb3291da52adec75b3b7b6f60?s=96&r=g","caption":"Stefan Gustafsson"},"url":"https:\/\/wp.kristdemokraterna.se\/savsjo\/author\/stgu\/"}]}},"_links":{"self":[{"href":"https:\/\/wp.kristdemokraterna.se\/savsjo\/wp-json\/wp\/v2\/posts\/3639","targetHints":{"allow":["GET"]}}],"collection":[{"href":"https:\/\/wp.kristdemokraterna.se\/savsjo\/wp-json\/wp\/v2\/posts"}],"about":[{"href":"https:\/\/wp.kristdemokraterna.se\/savsjo\/wp-json\/wp\/v2\/types\/post"}],"author":[{"embeddable":true,"href":"https:\/\/wp.kristdemokraterna.se\/savsjo\/wp-json\/wp\/v2\/users\/430"}],"replies":[{"embeddable":true,"href":"https:\/\/wp.kristdemokraterna.se\/savsjo\/wp-json\/wp\/v2\/comments?post=3639"}],"version-history":[{"count":1,"href":"https:\/\/wp.kristdemokraterna.se\/savsjo\/wp-json\/wp\/v2\/posts\/3639\/revisions"}],"predecessor-version":[{"id":3641,"href":"https:\/\/wp.kristdemokraterna.se\/savsjo\/wp-json\/wp\/v2\/posts\/3639\/revisions\/3641"}],"wp:featuredmedia":[{"embeddable":true,"href":"https:\/\/wp.kristdemokraterna.se\/savsjo\/wp-json\/wp\/v2\/media\/3640"}],"wp:attachment":[{"href":"https:\/\/wp.kristdemokraterna.se\/savsjo\/wp-json\/wp\/v2\/media?parent=3639"}],"wp:term":[{"taxonomy":"category","embeddable":true,"href":"https:\/\/wp.kristdemokraterna.se\/savsjo\/wp-json\/wp\/v2\/categories?post=3639"},{"taxonomy":"post_tag","embeddable":true,"href":"https:\/\/wp.kristdemokraterna.se\/savsjo\/wp-json\/wp\/v2\/tags?post=3639"}],"curies":[{"name":"wp","href":"https:\/\/api.w.org\/{rel}","templated":true}]}}