{"id":3642,"date":"2022-07-18T11:58:07","date_gmt":"2022-07-18T09:58:07","guid":{"rendered":"https:\/\/wp.kristdemokraterna.se\/savsjo\/?p=3642"},"modified":"2022-07-18T12:32:20","modified_gmt":"2022-07-18T10:32:20","slug":"teknikcollege-pa-aleholm-samarbete-med-naringslivet-forstarks","status":"publish","type":"post","link":"https:\/\/wp.kristdemokraterna.se\/savsjo\/teknikcollege-pa-aleholm-samarbete-med-naringslivet-forstarks\/","title":{"rendered":"Teknikcollege f\u00f6rst\u00e4rker samarbete med f\u00f6retagen"},"content":{"rendered":"<p>Riksf\u00f6reningen Teknikcollege Sverige \u00e4r ett samarbete mellan f\u00f6retag, kommuner och utbildningsanordnare och syftar till att \u00f6ka status och kvalitet p\u00e5 industrirelevanta utbildningar. Med ett teknikcollege p\u00e5 Aleholm f\u00f6rst\u00e4rks samverkan mellan skola och n\u00e4ringsliv ytterligare och genom certifiering av industriprogrammet, som redan idag h\u00e5ller en mycket h\u00f6g niv\u00e5, kan utbildningen fram\u00f6ver i \u00e4nnu h\u00f6gre grad motsvara f\u00f6retagens behov av kompetensf\u00f6rs\u00f6rjning. P\u00e5 sikt finns m\u00f6jlighet att \u00e4ven certifiera teknik- och naturprogrammet.<\/p>\n<p><!--more--><\/p>\n<p>Nyligen var representanter fr\u00e5n skola och n\u00e4ringsliv samlade till ett uppstartsm\u00f6te d\u00e4r Camilla Karlsson fr\u00e5n Teknikcollege p\u00e5 H\u00f6glandet gav information och hj\u00e4lp med handlingsplan och ans\u00f6kan f\u00f6r certifiering. Vid m\u00f6tet bildades \u00e4ven den lokala styrgrupp som kommer leda arbetet fram\u00e5t med f\u00f6ljande representanter:<\/p>\n<p>Anders Steen, VE\u00c5 AB Anna Wright, Orwak AB<br \/>\nBengt Staude, Orwak AB Ola Bjelkvik, A-lackering AB<br \/>\nBj\u00f6rn Thiele, IF.metall<br \/>\nHenrik Starkman, Aleholm<br \/>\nFredrik H\u00e5kansson, ordf\u00f6rande Barn- och utbildningsn\u00e4mnden<\/p>\n<p>Vid m\u00f6tet deltog \u00e4ven Helena Gill fr\u00e5n S\u00e4vsj\u00f6 N\u00e4ringsliv som genom sin<br \/>\nerfarenhet av samverkan skola &#8211; n\u00e4ringsliv ger ett v\u00e4rdefullt st\u00f6d i processen.<\/p>\n<p>\u201dGenom certifiering av Aleholm som Teknikcollege f\u00f6rst\u00e4rker vi det viktiga samarbetet med n\u00e4ringslivet och s\u00e4kerst\u00e4ller en fortsatt h\u00f6g kvalit\u00e9t p\u00e5 utbildningen. P\u00e5 s\u00e5 s\u00e4tt kommer eleverna i \u00e4n h\u00f6gre grad f\u00e5 en examen som motsvarar f\u00f6retagens behov av kompetensf\u00f6rs\u00f6rjning\u201d, s\u00e4ger barn- och utbildningsn\u00e4mndens ordf\u00f6rande Fredrik H\u00e5kansson.<\/p>\n<div id=\"attachment_3651\" style=\"width: 335px\" class=\"wp-caption aligncenter\"><a href=\"http:\/\/wp.kristdemokraterna.se\/savsjo\/files\/2022\/07\/2022-03-04-10.46.467sg08264_1-1.jpg\"><img loading=\"lazy\" decoding=\"async\" aria-describedby=\"caption-attachment-3651\" class=\"wp-image-3651\" src=\"http:\/\/wp.kristdemokraterna.se\/savsjo\/files\/2022\/07\/2022-03-04-10.46.467sg08264_1-1.jpg\" alt=\"\" width=\"325\" height=\"433\" srcset=\"https:\/\/wp.kristdemokraterna.se\/savsjo\/files\/2022\/07\/2022-03-04-10.46.467sg08264_1-1.jpg 744w, https:\/\/wp.kristdemokraterna.se\/savsjo\/files\/2022\/07\/2022-03-04-10.46.467sg08264_1-1-225x300.jpg 225w, https:\/\/wp.kristdemokraterna.se\/savsjo\/files\/2022\/07\/2022-03-04-10.46.467sg08264_1-1-405x540.jpg 405w\" sizes=\"auto, (max-width: 325px) 100vw, 325px\" \/><\/a><p id=\"caption-attachment-3651\" class=\"wp-caption-text\">Fredrik H\u00e5kansson utanf\u00f6r Vallsj\u00f6skolan i S\u00e4vsj\u00f6<\/p><\/div>\n<p>&nbsp;<\/p>\n","protected":false},"excerpt":{"rendered":"<p>Riksf\u00f6reningen Teknikcollege Sverige \u00e4r ett samarbete mellan f\u00f6retag, kommuner och utbildningsanordnare och syftar till att \u00f6ka status och kvalitet p\u00e5 industrirelevanta utbildningar. Med ett teknikcollege p\u00e5 Aleholm f\u00f6rst\u00e4rks samverkan mellan skola och n\u00e4ringsliv ytterligare och genom certifiering av industriprogrammet, som redan idag h\u00e5ller en mycket h\u00f6g niv\u00e5, kan utbildningen fram\u00f6ver i \u00e4nnu h\u00f6gre grad motsvara <a class=\"read-more-link\" href=\"https:\/\/wp.kristdemokraterna.se\/savsjo\/teknikcollege-pa-aleholm-samarbete-med-naringslivet-forstarks\/\">Read More<\/a><\/p>\n","protected":false},"author":430,"featured_media":3644,"comment_status":"closed","ping_status":"closed","sticky":false,"template":"","format":"standard","meta":{"_acf_changed":false,"footnotes":""},"categories":[1],"tags":[],"class_list":["post-3642","post","type-post","status-publish","format-standard","has-post-thumbnail","hentry","category-okategoriserade"],"acf":[],"yoast_head":"<!-- This site is optimized with the Yoast SEO plugin v27.4 - https:\/\/yoast.com\/product\/yoast-seo-wordpress\/ -->\n<title>Teknikcollege f\u00f6rst\u00e4rker samarbete med f\u00f6retagen - S\u00e4vsj\u00f6<\/title>\n<meta name=\"robots\" content=\"index, follow, max-snippet:-1, max-image-preview:large, max-video-preview:-1\" \/>\n<link rel=\"canonical\" href=\"https:\/\/wp.kristdemokraterna.se\/savsjo\/teknikcollege-pa-aleholm-samarbete-med-naringslivet-forstarks\/\" \/>\n<meta property=\"og:locale\" content=\"sv_SE\" \/>\n<meta property=\"og:type\" content=\"article\" \/>\n<meta property=\"og:title\" content=\"Teknikcollege f\u00f6rst\u00e4rker samarbete med f\u00f6retagen - S\u00e4vsj\u00f6\" \/>\n<meta property=\"og:description\" content=\"Riksf\u00f6reningen Teknikcollege Sverige \u00e4r ett samarbete mellan f\u00f6retag, kommuner och utbildningsanordnare och syftar till att \u00f6ka status och kvalitet p\u00e5 industrirelevanta utbildningar. Med ett teknikcollege p\u00e5 Aleholm f\u00f6rst\u00e4rks samverkan mellan skola och n\u00e4ringsliv ytterligare och genom certifiering av industriprogrammet, som redan idag h\u00e5ller en mycket h\u00f6g niv\u00e5, kan utbildningen fram\u00f6ver i \u00e4nnu h\u00f6gre grad motsvara Read More\" \/>\n<meta property=\"og:url\" content=\"https:\/\/wp.kristdemokraterna.se\/savsjo\/teknikcollege-pa-aleholm-samarbete-med-naringslivet-forstarks\/\" \/>\n<meta property=\"og:site_name\" content=\"S\u00e4vsj\u00f6\" \/>\n<meta property=\"article:published_time\" content=\"2022-07-18T09:58:07+00:00\" \/>\n<meta property=\"article:modified_time\" content=\"2022-07-18T10:32:20+00:00\" \/>\n<meta property=\"og:image\" content=\"http:\/\/wp.kristdemokraterna.se\/savsjo\/files\/2022\/07\/foto_tc_hemsida.jpg\" \/>\n\t<meta property=\"og:image:width\" content=\"500\" \/>\n\t<meta property=\"og:image:height\" content=\"300\" \/>\n\t<meta property=\"og:image:type\" content=\"image\/jpeg\" \/>\n<meta name=\"author\" content=\"Stefan Gustafsson\" \/>\n<meta name=\"twitter:card\" content=\"summary_large_image\" \/>\n<meta name=\"twitter:label1\" content=\"Skriven av\" \/>\n\t<meta name=\"twitter:data1\" content=\"Stefan Gustafsson\" \/>\n\t<meta name=\"twitter:label2\" content=\"Ber\u00e4knad l\u00e4stid\" \/>\n\t<meta name=\"twitter:data2\" content=\"2 minuter\" \/>\n<script type=\"application\/ld+json\" class=\"yoast-schema-graph\">{\"@context\":\"https:\\\/\\\/schema.org\",\"@graph\":[{\"@type\":\"Article\",\"@id\":\"https:\\\/\\\/wp.kristdemokraterna.se\\\/savsjo\\\/teknikcollege-pa-aleholm-samarbete-med-naringslivet-forstarks\\\/#article\",\"isPartOf\":{\"@id\":\"https:\\\/\\\/wp.kristdemokraterna.se\\\/savsjo\\\/teknikcollege-pa-aleholm-samarbete-med-naringslivet-forstarks\\\/\"},\"author\":{\"name\":\"Stefan Gustafsson\",\"@id\":\"https:\\\/\\\/wp.kristdemokraterna.se\\\/savsjo\\\/#\\\/schema\\\/person\\\/66a08fa678592f794fe60a50b249978a\"},\"headline\":\"Teknikcollege f\u00f6rst\u00e4rker samarbete med f\u00f6retagen\",\"datePublished\":\"2022-07-18T09:58:07+00:00\",\"dateModified\":\"2022-07-18T10:32:20+00:00\",\"mainEntityOfPage\":{\"@id\":\"https:\\\/\\\/wp.kristdemokraterna.se\\\/savsjo\\\/teknikcollege-pa-aleholm-samarbete-med-naringslivet-forstarks\\\/\"},\"wordCount\":289,\"image\":{\"@id\":\"https:\\\/\\\/wp.kristdemokraterna.se\\\/savsjo\\\/teknikcollege-pa-aleholm-samarbete-med-naringslivet-forstarks\\\/#primaryimage\"},\"thumbnailUrl\":\"https:\\\/\\\/wp.kristdemokraterna.se\\\/savsjo\\\/files\\\/2022\\\/07\\\/foto_tc_hemsida.jpg\",\"inLanguage\":\"sv-SE\"},{\"@type\":\"WebPage\",\"@id\":\"https:\\\/\\\/wp.kristdemokraterna.se\\\/savsjo\\\/teknikcollege-pa-aleholm-samarbete-med-naringslivet-forstarks\\\/\",\"url\":\"https:\\\/\\\/wp.kristdemokraterna.se\\\/savsjo\\\/teknikcollege-pa-aleholm-samarbete-med-naringslivet-forstarks\\\/\",\"name\":\"Teknikcollege f\u00f6rst\u00e4rker samarbete med f\u00f6retagen - S\u00e4vsj\u00f6\",\"isPartOf\":{\"@id\":\"https:\\\/\\\/wp.kristdemokraterna.se\\\/savsjo\\\/#website\"},\"primaryImageOfPage\":{\"@id\":\"https:\\\/\\\/wp.kristdemokraterna.se\\\/savsjo\\\/teknikcollege-pa-aleholm-samarbete-med-naringslivet-forstarks\\\/#primaryimage\"},\"image\":{\"@id\":\"https:\\\/\\\/wp.kristdemokraterna.se\\\/savsjo\\\/teknikcollege-pa-aleholm-samarbete-med-naringslivet-forstarks\\\/#primaryimage\"},\"thumbnailUrl\":\"https:\\\/\\\/wp.kristdemokraterna.se\\\/savsjo\\\/files\\\/2022\\\/07\\\/foto_tc_hemsida.jpg\",\"datePublished\":\"2022-07-18T09:58:07+00:00\",\"dateModified\":\"2022-07-18T10:32:20+00:00\",\"author\":{\"@id\":\"https:\\\/\\\/wp.kristdemokraterna.se\\\/savsjo\\\/#\\\/schema\\\/person\\\/66a08fa678592f794fe60a50b249978a\"},\"breadcrumb\":{\"@id\":\"https:\\\/\\\/wp.kristdemokraterna.se\\\/savsjo\\\/teknikcollege-pa-aleholm-samarbete-med-naringslivet-forstarks\\\/#breadcrumb\"},\"inLanguage\":\"sv-SE\",\"potentialAction\":[{\"@type\":\"ReadAction\",\"target\":[\"https:\\\/\\\/wp.kristdemokraterna.se\\\/savsjo\\\/teknikcollege-pa-aleholm-samarbete-med-naringslivet-forstarks\\\/\"]}]},{\"@type\":\"ImageObject\",\"inLanguage\":\"sv-SE\",\"@id\":\"https:\\\/\\\/wp.kristdemokraterna.se\\\/savsjo\\\/teknikcollege-pa-aleholm-samarbete-med-naringslivet-forstarks\\\/#primaryimage\",\"url\":\"https:\\\/\\\/wp.kristdemokraterna.se\\\/savsjo\\\/files\\\/2022\\\/07\\\/foto_tc_hemsida.jpg\",\"contentUrl\":\"https:\\\/\\\/wp.kristdemokraterna.se\\\/savsjo\\\/files\\\/2022\\\/07\\\/foto_tc_hemsida.jpg\",\"width\":500,\"height\":300},{\"@type\":\"BreadcrumbList\",\"@id\":\"https:\\\/\\\/wp.kristdemokraterna.se\\\/savsjo\\\/teknikcollege-pa-aleholm-samarbete-med-naringslivet-forstarks\\\/#breadcrumb\",\"itemListElement\":[{\"@type\":\"ListItem\",\"position\":1,\"name\":\"Hem\",\"item\":\"https:\\\/\\\/wp.kristdemokraterna.se\\\/savsjo\\\/\"},{\"@type\":\"ListItem\",\"position\":2,\"name\":\"Teknikcollege f\u00f6rst\u00e4rker samarbete med f\u00f6retagen\"}]},{\"@type\":\"WebSite\",\"@id\":\"https:\\\/\\\/wp.kristdemokraterna.se\\\/savsjo\\\/#website\",\"url\":\"https:\\\/\\\/wp.kristdemokraterna.se\\\/savsjo\\\/\",\"name\":\"S\u00e4vsj\u00f6\",\"description\":\"\",\"inLanguage\":\"sv-SE\"},{\"@type\":\"Person\",\"@id\":\"https:\\\/\\\/wp.kristdemokraterna.se\\\/savsjo\\\/#\\\/schema\\\/person\\\/66a08fa678592f794fe60a50b249978a\",\"name\":\"Stefan Gustafsson\",\"image\":{\"@type\":\"ImageObject\",\"inLanguage\":\"sv-SE\",\"@id\":\"https:\\\/\\\/secure.gravatar.com\\\/avatar\\\/d183d0fd8830afddde9ab5386edf3b3480a63f1fb3291da52adec75b3b7b6f60?s=96&r=g\",\"url\":\"https:\\\/\\\/secure.gravatar.com\\\/avatar\\\/d183d0fd8830afddde9ab5386edf3b3480a63f1fb3291da52adec75b3b7b6f60?s=96&r=g\",\"contentUrl\":\"https:\\\/\\\/secure.gravatar.com\\\/avatar\\\/d183d0fd8830afddde9ab5386edf3b3480a63f1fb3291da52adec75b3b7b6f60?s=96&r=g\",\"caption\":\"Stefan Gustafsson\"},\"url\":\"https:\\\/\\\/wp.kristdemokraterna.se\\\/savsjo\\\/author\\\/stgu\\\/\"}]}<\/script>\n<!-- \/ Yoast SEO plugin. -->","yoast_head_json":{"title":"Teknikcollege f\u00f6rst\u00e4rker samarbete med f\u00f6retagen - S\u00e4vsj\u00f6","robots":{"index":"index","follow":"follow","max-snippet":"max-snippet:-1","max-image-preview":"max-image-preview:large","max-video-preview":"max-video-preview:-1"},"canonical":"https:\/\/wp.kristdemokraterna.se\/savsjo\/teknikcollege-pa-aleholm-samarbete-med-naringslivet-forstarks\/","og_locale":"sv_SE","og_type":"article","og_title":"Teknikcollege f\u00f6rst\u00e4rker samarbete med f\u00f6retagen - S\u00e4vsj\u00f6","og_description":"Riksf\u00f6reningen Teknikcollege Sverige \u00e4r ett samarbete mellan f\u00f6retag, kommuner och utbildningsanordnare och syftar till att \u00f6ka status och kvalitet p\u00e5 industrirelevanta utbildningar. Med ett teknikcollege p\u00e5 Aleholm f\u00f6rst\u00e4rks samverkan mellan skola och n\u00e4ringsliv ytterligare och genom certifiering av industriprogrammet, som redan idag h\u00e5ller en mycket h\u00f6g niv\u00e5, kan utbildningen fram\u00f6ver i \u00e4nnu h\u00f6gre grad motsvara Read More","og_url":"https:\/\/wp.kristdemokraterna.se\/savsjo\/teknikcollege-pa-aleholm-samarbete-med-naringslivet-forstarks\/","og_site_name":"S\u00e4vsj\u00f6","article_published_time":"2022-07-18T09:58:07+00:00","article_modified_time":"2022-07-18T10:32:20+00:00","og_image":[{"width":500,"height":300,"url":"http:\/\/wp.kristdemokraterna.se\/savsjo\/files\/2022\/07\/foto_tc_hemsida.jpg","type":"image\/jpeg"}],"author":"Stefan Gustafsson","twitter_card":"summary_large_image","twitter_misc":{"Skriven av":"Stefan Gustafsson","Ber\u00e4knad l\u00e4stid":"2 minuter"},"schema":{"@context":"https:\/\/schema.org","@graph":[{"@type":"Article","@id":"https:\/\/wp.kristdemokraterna.se\/savsjo\/teknikcollege-pa-aleholm-samarbete-med-naringslivet-forstarks\/#article","isPartOf":{"@id":"https:\/\/wp.kristdemokraterna.se\/savsjo\/teknikcollege-pa-aleholm-samarbete-med-naringslivet-forstarks\/"},"author":{"name":"Stefan Gustafsson","@id":"https:\/\/wp.kristdemokraterna.se\/savsjo\/#\/schema\/person\/66a08fa678592f794fe60a50b249978a"},"headline":"Teknikcollege f\u00f6rst\u00e4rker samarbete med f\u00f6retagen","datePublished":"2022-07-18T09:58:07+00:00","dateModified":"2022-07-18T10:32:20+00:00","mainEntityOfPage":{"@id":"https:\/\/wp.kristdemokraterna.se\/savsjo\/teknikcollege-pa-aleholm-samarbete-med-naringslivet-forstarks\/"},"wordCount":289,"image":{"@id":"https:\/\/wp.kristdemokraterna.se\/savsjo\/teknikcollege-pa-aleholm-samarbete-med-naringslivet-forstarks\/#primaryimage"},"thumbnailUrl":"https:\/\/wp.kristdemokraterna.se\/savsjo\/files\/2022\/07\/foto_tc_hemsida.jpg","inLanguage":"sv-SE"},{"@type":"WebPage","@id":"https:\/\/wp.kristdemokraterna.se\/savsjo\/teknikcollege-pa-aleholm-samarbete-med-naringslivet-forstarks\/","url":"https:\/\/wp.kristdemokraterna.se\/savsjo\/teknikcollege-pa-aleholm-samarbete-med-naringslivet-forstarks\/","name":"Teknikcollege f\u00f6rst\u00e4rker samarbete med f\u00f6retagen - S\u00e4vsj\u00f6","isPartOf":{"@id":"https:\/\/wp.kristdemokraterna.se\/savsjo\/#website"},"primaryImageOfPage":{"@id":"https:\/\/wp.kristdemokraterna.se\/savsjo\/teknikcollege-pa-aleholm-samarbete-med-naringslivet-forstarks\/#primaryimage"},"image":{"@id":"https:\/\/wp.kristdemokraterna.se\/savsjo\/teknikcollege-pa-aleholm-samarbete-med-naringslivet-forstarks\/#primaryimage"},"thumbnailUrl":"https:\/\/wp.kristdemokraterna.se\/savsjo\/files\/2022\/07\/foto_tc_hemsida.jpg","datePublished":"2022-07-18T09:58:07+00:00","dateModified":"2022-07-18T10:32:20+00:00","author":{"@id":"https:\/\/wp.kristdemokraterna.se\/savsjo\/#\/schema\/person\/66a08fa678592f794fe60a50b249978a"},"breadcrumb":{"@id":"https:\/\/wp.kristdemokraterna.se\/savsjo\/teknikcollege-pa-aleholm-samarbete-med-naringslivet-forstarks\/#breadcrumb"},"inLanguage":"sv-SE","potentialAction":[{"@type":"ReadAction","target":["https:\/\/wp.kristdemokraterna.se\/savsjo\/teknikcollege-pa-aleholm-samarbete-med-naringslivet-forstarks\/"]}]},{"@type":"ImageObject","inLanguage":"sv-SE","@id":"https:\/\/wp.kristdemokraterna.se\/savsjo\/teknikcollege-pa-aleholm-samarbete-med-naringslivet-forstarks\/#primaryimage","url":"https:\/\/wp.kristdemokraterna.se\/savsjo\/files\/2022\/07\/foto_tc_hemsida.jpg","contentUrl":"https:\/\/wp.kristdemokraterna.se\/savsjo\/files\/2022\/07\/foto_tc_hemsida.jpg","width":500,"height":300},{"@type":"BreadcrumbList","@id":"https:\/\/wp.kristdemokraterna.se\/savsjo\/teknikcollege-pa-aleholm-samarbete-med-naringslivet-forstarks\/#breadcrumb","itemListElement":[{"@type":"ListItem","position":1,"name":"Hem","item":"https:\/\/wp.kristdemokraterna.se\/savsjo\/"},{"@type":"ListItem","position":2,"name":"Teknikcollege f\u00f6rst\u00e4rker samarbete med f\u00f6retagen"}]},{"@type":"WebSite","@id":"https:\/\/wp.kristdemokraterna.se\/savsjo\/#website","url":"https:\/\/wp.kristdemokraterna.se\/savsjo\/","name":"S\u00e4vsj\u00f6","description":"","inLanguage":"sv-SE"},{"@type":"Person","@id":"https:\/\/wp.kristdemokraterna.se\/savsjo\/#\/schema\/person\/66a08fa678592f794fe60a50b249978a","name":"Stefan Gustafsson","image":{"@type":"ImageObject","inLanguage":"sv-SE","@id":"https:\/\/secure.gravatar.com\/avatar\/d183d0fd8830afddde9ab5386edf3b3480a63f1fb3291da52adec75b3b7b6f60?s=96&r=g","url":"https:\/\/secure.gravatar.com\/avatar\/d183d0fd8830afddde9ab5386edf3b3480a63f1fb3291da52adec75b3b7b6f60?s=96&r=g","contentUrl":"https:\/\/secure.gravatar.com\/avatar\/d183d0fd8830afddde9ab5386edf3b3480a63f1fb3291da52adec75b3b7b6f60?s=96&r=g","caption":"Stefan Gustafsson"},"url":"https:\/\/wp.kristdemokraterna.se\/savsjo\/author\/stgu\/"}]}},"_links":{"self":[{"href":"https:\/\/wp.kristdemokraterna.se\/savsjo\/wp-json\/wp\/v2\/posts\/3642","targetHints":{"allow":["GET"]}}],"collection":[{"href":"https:\/\/wp.kristdemokraterna.se\/savsjo\/wp-json\/wp\/v2\/posts"}],"about":[{"href":"https:\/\/wp.kristdemokraterna.se\/savsjo\/wp-json\/wp\/v2\/types\/post"}],"author":[{"embeddable":true,"href":"https:\/\/wp.kristdemokraterna.se\/savsjo\/wp-json\/wp\/v2\/users\/430"}],"replies":[{"embeddable":true,"href":"https:\/\/wp.kristdemokraterna.se\/savsjo\/wp-json\/wp\/v2\/comments?post=3642"}],"version-history":[{"count":11,"href":"https:\/\/wp.kristdemokraterna.se\/savsjo\/wp-json\/wp\/v2\/posts\/3642\/revisions"}],"predecessor-version":[{"id":3656,"href":"https:\/\/wp.kristdemokraterna.se\/savsjo\/wp-json\/wp\/v2\/posts\/3642\/revisions\/3656"}],"wp:featuredmedia":[{"embeddable":true,"href":"https:\/\/wp.kristdemokraterna.se\/savsjo\/wp-json\/wp\/v2\/media\/3644"}],"wp:attachment":[{"href":"https:\/\/wp.kristdemokraterna.se\/savsjo\/wp-json\/wp\/v2\/media?parent=3642"}],"wp:term":[{"taxonomy":"category","embeddable":true,"href":"https:\/\/wp.kristdemokraterna.se\/savsjo\/wp-json\/wp\/v2\/categories?post=3642"},{"taxonomy":"post_tag","embeddable":true,"href":"https:\/\/wp.kristdemokraterna.se\/savsjo\/wp-json\/wp\/v2\/tags?post=3642"}],"curies":[{"name":"wp","href":"https:\/\/api.w.org\/{rel}","templated":true}]}}