{"id":3785,"date":"2022-11-12T22:17:56","date_gmt":"2022-11-12T21:17:56","guid":{"rendered":"https:\/\/wp.kristdemokraterna.se\/savsjo\/?p=3785"},"modified":"2022-11-12T22:17:56","modified_gmt":"2022-11-12T21:17:56","slug":"hur-nar-man-31-32-i-ett-kommunval","status":"publish","type":"post","link":"https:\/\/wp.kristdemokraterna.se\/savsjo\/hur-nar-man-31-32-i-ett-kommunval\/","title":{"rendered":"Hur n\u00e5r man 31,32% i ett kommunval?"},"content":{"rendered":"<p>Ett h\u00f6stkonvent f\u00f6r Kristdemokraterna i J\u00f6nk\u00f6pings l\u00e4n var under l\u00f6rdagen f\u00f6rlagt till Vetlanda. F\u00f6rsta programpunkt var &#8221;S\u00e4vsj\u00f6 partiavdelning &#8211; on stage Hur n\u00e5r man 31,32% i ett kommunval?&#8221; Stefan, Benjamin, Erika och Therese delade olika perspektiv p\u00e5 arbetet i partiavdelningen.  Genomg\u00e5ende var hur viktigt det \u00e4r med goda relationer och att skapa ett starkt teamwork. Nya personer beh\u00f6ver ges chansen att kliva fram och det ska finnas en kultur i partiavdelningen av att ge varandra uppmuntran. <\/p>\n","protected":false},"excerpt":{"rendered":"<p>Ett h\u00f6stkonvent f\u00f6r Kristdemokraterna i J\u00f6nk\u00f6pings l\u00e4n var under l\u00f6rdagen f\u00f6rlagt till Vetlanda. F\u00f6rsta programpunkt var &#8221;S\u00e4vsj\u00f6 partiavdelning &#8211; on stage Hur n\u00e5r man 31,32% i ett kommunval?&#8221; Stefan, Benjamin, Erika och Therese delade olika perspektiv p\u00e5 arbetet i partiavdelningen. Genomg\u00e5ende var hur viktigt det \u00e4r med goda relationer och att skapa ett starkt teamwork. <a class=\"read-more-link\" href=\"https:\/\/wp.kristdemokraterna.se\/savsjo\/hur-nar-man-31-32-i-ett-kommunval\/\">Read More<\/a><\/p>\n","protected":false},"author":430,"featured_media":3786,"comment_status":"closed","ping_status":"closed","sticky":false,"template":"","format":"standard","meta":{"_acf_changed":false,"footnotes":""},"categories":[1],"tags":[],"class_list":["post-3785","post","type-post","status-publish","format-standard","has-post-thumbnail","hentry","category-okategoriserade"],"acf":[],"yoast_head":"<!-- This site is optimized with the Yoast SEO plugin v27.5 - https:\/\/yoast.com\/product\/yoast-seo-wordpress\/ -->\n<title>Hur n\u00e5r man 31,32% i ett kommunval? - S\u00e4vsj\u00f6<\/title>\n<meta name=\"robots\" content=\"index, follow, max-snippet:-1, max-image-preview:large, max-video-preview:-1\" \/>\n<link rel=\"canonical\" href=\"https:\/\/wp.kristdemokraterna.se\/savsjo\/hur-nar-man-31-32-i-ett-kommunval\/\" \/>\n<meta property=\"og:locale\" content=\"sv_SE\" \/>\n<meta property=\"og:type\" content=\"article\" \/>\n<meta property=\"og:title\" content=\"Hur n\u00e5r man 31,32% i ett kommunval? - S\u00e4vsj\u00f6\" \/>\n<meta property=\"og:description\" content=\"Ett h\u00f6stkonvent f\u00f6r Kristdemokraterna i J\u00f6nk\u00f6pings l\u00e4n var under l\u00f6rdagen f\u00f6rlagt till Vetlanda. F\u00f6rsta programpunkt var &#8221;S\u00e4vsj\u00f6 partiavdelning &#8211; on stage Hur n\u00e5r man 31,32% i ett kommunval?&#8221; Stefan, Benjamin, Erika och Therese delade olika perspektiv p\u00e5 arbetet i partiavdelningen. Genomg\u00e5ende var hur viktigt det \u00e4r med goda relationer och att skapa ett starkt teamwork. Read More\" \/>\n<meta property=\"og:url\" content=\"https:\/\/wp.kristdemokraterna.se\/savsjo\/hur-nar-man-31-32-i-ett-kommunval\/\" \/>\n<meta property=\"og:site_name\" content=\"S\u00e4vsj\u00f6\" \/>\n<meta property=\"article:published_time\" content=\"2022-11-12T21:17:56+00:00\" \/>\n<meta property=\"og:image\" content=\"http:\/\/wp.kristdemokraterna.se\/savsjo\/files\/2022\/11\/2022-11-12-12.49.436sg08003-1.jpg\" \/>\n\t<meta property=\"og:image:width\" content=\"499\" \/>\n\t<meta property=\"og:image:height\" content=\"300\" \/>\n\t<meta property=\"og:image:type\" content=\"image\/jpeg\" \/>\n<meta name=\"author\" content=\"Stefan Gustafsson\" \/>\n<meta name=\"twitter:card\" content=\"summary_large_image\" \/>\n<meta name=\"twitter:label1\" content=\"Skriven av\" \/>\n\t<meta name=\"twitter:data1\" content=\"Stefan Gustafsson\" \/>\n<script type=\"application\/ld+json\" class=\"yoast-schema-graph\">{\"@context\":\"https:\\\/\\\/schema.org\",\"@graph\":[{\"@type\":\"Article\",\"@id\":\"https:\\\/\\\/wp.kristdemokraterna.se\\\/savsjo\\\/hur-nar-man-31-32-i-ett-kommunval\\\/#article\",\"isPartOf\":{\"@id\":\"https:\\\/\\\/wp.kristdemokraterna.se\\\/savsjo\\\/hur-nar-man-31-32-i-ett-kommunval\\\/\"},\"author\":{\"name\":\"Stefan Gustafsson\",\"@id\":\"https:\\\/\\\/wp.kristdemokraterna.se\\\/savsjo\\\/#\\\/schema\\\/person\\\/66a08fa678592f794fe60a50b249978a\"},\"headline\":\"Hur n\u00e5r man 31,32% i ett kommunval?\",\"datePublished\":\"2022-11-12T21:17:56+00:00\",\"mainEntityOfPage\":{\"@id\":\"https:\\\/\\\/wp.kristdemokraterna.se\\\/savsjo\\\/hur-nar-man-31-32-i-ett-kommunval\\\/\"},\"wordCount\":94,\"image\":{\"@id\":\"https:\\\/\\\/wp.kristdemokraterna.se\\\/savsjo\\\/hur-nar-man-31-32-i-ett-kommunval\\\/#primaryimage\"},\"thumbnailUrl\":\"https:\\\/\\\/wp.kristdemokraterna.se\\\/savsjo\\\/files\\\/2022\\\/11\\\/2022-11-12-12.49.436sg08003-1.jpg\",\"inLanguage\":\"sv-SE\"},{\"@type\":\"WebPage\",\"@id\":\"https:\\\/\\\/wp.kristdemokraterna.se\\\/savsjo\\\/hur-nar-man-31-32-i-ett-kommunval\\\/\",\"url\":\"https:\\\/\\\/wp.kristdemokraterna.se\\\/savsjo\\\/hur-nar-man-31-32-i-ett-kommunval\\\/\",\"name\":\"Hur n\u00e5r man 31,32% i ett kommunval? - S\u00e4vsj\u00f6\",\"isPartOf\":{\"@id\":\"https:\\\/\\\/wp.kristdemokraterna.se\\\/savsjo\\\/#website\"},\"primaryImageOfPage\":{\"@id\":\"https:\\\/\\\/wp.kristdemokraterna.se\\\/savsjo\\\/hur-nar-man-31-32-i-ett-kommunval\\\/#primaryimage\"},\"image\":{\"@id\":\"https:\\\/\\\/wp.kristdemokraterna.se\\\/savsjo\\\/hur-nar-man-31-32-i-ett-kommunval\\\/#primaryimage\"},\"thumbnailUrl\":\"https:\\\/\\\/wp.kristdemokraterna.se\\\/savsjo\\\/files\\\/2022\\\/11\\\/2022-11-12-12.49.436sg08003-1.jpg\",\"datePublished\":\"2022-11-12T21:17:56+00:00\",\"author\":{\"@id\":\"https:\\\/\\\/wp.kristdemokraterna.se\\\/savsjo\\\/#\\\/schema\\\/person\\\/66a08fa678592f794fe60a50b249978a\"},\"breadcrumb\":{\"@id\":\"https:\\\/\\\/wp.kristdemokraterna.se\\\/savsjo\\\/hur-nar-man-31-32-i-ett-kommunval\\\/#breadcrumb\"},\"inLanguage\":\"sv-SE\",\"potentialAction\":[{\"@type\":\"ReadAction\",\"target\":[\"https:\\\/\\\/wp.kristdemokraterna.se\\\/savsjo\\\/hur-nar-man-31-32-i-ett-kommunval\\\/\"]}]},{\"@type\":\"ImageObject\",\"inLanguage\":\"sv-SE\",\"@id\":\"https:\\\/\\\/wp.kristdemokraterna.se\\\/savsjo\\\/hur-nar-man-31-32-i-ett-kommunval\\\/#primaryimage\",\"url\":\"https:\\\/\\\/wp.kristdemokraterna.se\\\/savsjo\\\/files\\\/2022\\\/11\\\/2022-11-12-12.49.436sg08003-1.jpg\",\"contentUrl\":\"https:\\\/\\\/wp.kristdemokraterna.se\\\/savsjo\\\/files\\\/2022\\\/11\\\/2022-11-12-12.49.436sg08003-1.jpg\",\"width\":499,\"height\":300},{\"@type\":\"BreadcrumbList\",\"@id\":\"https:\\\/\\\/wp.kristdemokraterna.se\\\/savsjo\\\/hur-nar-man-31-32-i-ett-kommunval\\\/#breadcrumb\",\"itemListElement\":[{\"@type\":\"ListItem\",\"position\":1,\"name\":\"Hem\",\"item\":\"https:\\\/\\\/wp.kristdemokraterna.se\\\/savsjo\\\/\"},{\"@type\":\"ListItem\",\"position\":2,\"name\":\"Hur n\u00e5r man 31,32% i ett kommunval?\"}]},{\"@type\":\"WebSite\",\"@id\":\"https:\\\/\\\/wp.kristdemokraterna.se\\\/savsjo\\\/#website\",\"url\":\"https:\\\/\\\/wp.kristdemokraterna.se\\\/savsjo\\\/\",\"name\":\"S\u00e4vsj\u00f6\",\"description\":\"\",\"inLanguage\":\"sv-SE\"},{\"@type\":\"Person\",\"@id\":\"https:\\\/\\\/wp.kristdemokraterna.se\\\/savsjo\\\/#\\\/schema\\\/person\\\/66a08fa678592f794fe60a50b249978a\",\"name\":\"Stefan Gustafsson\",\"image\":{\"@type\":\"ImageObject\",\"inLanguage\":\"sv-SE\",\"@id\":\"https:\\\/\\\/secure.gravatar.com\\\/avatar\\\/d183d0fd8830afddde9ab5386edf3b3480a63f1fb3291da52adec75b3b7b6f60?s=96&r=g\",\"url\":\"https:\\\/\\\/secure.gravatar.com\\\/avatar\\\/d183d0fd8830afddde9ab5386edf3b3480a63f1fb3291da52adec75b3b7b6f60?s=96&r=g\",\"contentUrl\":\"https:\\\/\\\/secure.gravatar.com\\\/avatar\\\/d183d0fd8830afddde9ab5386edf3b3480a63f1fb3291da52adec75b3b7b6f60?s=96&r=g\",\"caption\":\"Stefan Gustafsson\"},\"url\":\"https:\\\/\\\/wp.kristdemokraterna.se\\\/savsjo\\\/author\\\/stgu\\\/\"}]}<\/script>\n<!-- \/ Yoast SEO plugin. -->","yoast_head_json":{"title":"Hur n\u00e5r man 31,32% i ett kommunval? - S\u00e4vsj\u00f6","robots":{"index":"index","follow":"follow","max-snippet":"max-snippet:-1","max-image-preview":"max-image-preview:large","max-video-preview":"max-video-preview:-1"},"canonical":"https:\/\/wp.kristdemokraterna.se\/savsjo\/hur-nar-man-31-32-i-ett-kommunval\/","og_locale":"sv_SE","og_type":"article","og_title":"Hur n\u00e5r man 31,32% i ett kommunval? - S\u00e4vsj\u00f6","og_description":"Ett h\u00f6stkonvent f\u00f6r Kristdemokraterna i J\u00f6nk\u00f6pings l\u00e4n var under l\u00f6rdagen f\u00f6rlagt till Vetlanda. F\u00f6rsta programpunkt var &#8221;S\u00e4vsj\u00f6 partiavdelning &#8211; on stage Hur n\u00e5r man 31,32% i ett kommunval?&#8221; Stefan, Benjamin, Erika och Therese delade olika perspektiv p\u00e5 arbetet i partiavdelningen. Genomg\u00e5ende var hur viktigt det \u00e4r med goda relationer och att skapa ett starkt teamwork. Read More","og_url":"https:\/\/wp.kristdemokraterna.se\/savsjo\/hur-nar-man-31-32-i-ett-kommunval\/","og_site_name":"S\u00e4vsj\u00f6","article_published_time":"2022-11-12T21:17:56+00:00","og_image":[{"width":499,"height":300,"url":"http:\/\/wp.kristdemokraterna.se\/savsjo\/files\/2022\/11\/2022-11-12-12.49.436sg08003-1.jpg","type":"image\/jpeg"}],"author":"Stefan Gustafsson","twitter_card":"summary_large_image","twitter_misc":{"Skriven av":"Stefan Gustafsson"},"schema":{"@context":"https:\/\/schema.org","@graph":[{"@type":"Article","@id":"https:\/\/wp.kristdemokraterna.se\/savsjo\/hur-nar-man-31-32-i-ett-kommunval\/#article","isPartOf":{"@id":"https:\/\/wp.kristdemokraterna.se\/savsjo\/hur-nar-man-31-32-i-ett-kommunval\/"},"author":{"name":"Stefan Gustafsson","@id":"https:\/\/wp.kristdemokraterna.se\/savsjo\/#\/schema\/person\/66a08fa678592f794fe60a50b249978a"},"headline":"Hur n\u00e5r man 31,32% i ett kommunval?","datePublished":"2022-11-12T21:17:56+00:00","mainEntityOfPage":{"@id":"https:\/\/wp.kristdemokraterna.se\/savsjo\/hur-nar-man-31-32-i-ett-kommunval\/"},"wordCount":94,"image":{"@id":"https:\/\/wp.kristdemokraterna.se\/savsjo\/hur-nar-man-31-32-i-ett-kommunval\/#primaryimage"},"thumbnailUrl":"https:\/\/wp.kristdemokraterna.se\/savsjo\/files\/2022\/11\/2022-11-12-12.49.436sg08003-1.jpg","inLanguage":"sv-SE"},{"@type":"WebPage","@id":"https:\/\/wp.kristdemokraterna.se\/savsjo\/hur-nar-man-31-32-i-ett-kommunval\/","url":"https:\/\/wp.kristdemokraterna.se\/savsjo\/hur-nar-man-31-32-i-ett-kommunval\/","name":"Hur n\u00e5r man 31,32% i ett kommunval? - S\u00e4vsj\u00f6","isPartOf":{"@id":"https:\/\/wp.kristdemokraterna.se\/savsjo\/#website"},"primaryImageOfPage":{"@id":"https:\/\/wp.kristdemokraterna.se\/savsjo\/hur-nar-man-31-32-i-ett-kommunval\/#primaryimage"},"image":{"@id":"https:\/\/wp.kristdemokraterna.se\/savsjo\/hur-nar-man-31-32-i-ett-kommunval\/#primaryimage"},"thumbnailUrl":"https:\/\/wp.kristdemokraterna.se\/savsjo\/files\/2022\/11\/2022-11-12-12.49.436sg08003-1.jpg","datePublished":"2022-11-12T21:17:56+00:00","author":{"@id":"https:\/\/wp.kristdemokraterna.se\/savsjo\/#\/schema\/person\/66a08fa678592f794fe60a50b249978a"},"breadcrumb":{"@id":"https:\/\/wp.kristdemokraterna.se\/savsjo\/hur-nar-man-31-32-i-ett-kommunval\/#breadcrumb"},"inLanguage":"sv-SE","potentialAction":[{"@type":"ReadAction","target":["https:\/\/wp.kristdemokraterna.se\/savsjo\/hur-nar-man-31-32-i-ett-kommunval\/"]}]},{"@type":"ImageObject","inLanguage":"sv-SE","@id":"https:\/\/wp.kristdemokraterna.se\/savsjo\/hur-nar-man-31-32-i-ett-kommunval\/#primaryimage","url":"https:\/\/wp.kristdemokraterna.se\/savsjo\/files\/2022\/11\/2022-11-12-12.49.436sg08003-1.jpg","contentUrl":"https:\/\/wp.kristdemokraterna.se\/savsjo\/files\/2022\/11\/2022-11-12-12.49.436sg08003-1.jpg","width":499,"height":300},{"@type":"BreadcrumbList","@id":"https:\/\/wp.kristdemokraterna.se\/savsjo\/hur-nar-man-31-32-i-ett-kommunval\/#breadcrumb","itemListElement":[{"@type":"ListItem","position":1,"name":"Hem","item":"https:\/\/wp.kristdemokraterna.se\/savsjo\/"},{"@type":"ListItem","position":2,"name":"Hur n\u00e5r man 31,32% i ett kommunval?"}]},{"@type":"WebSite","@id":"https:\/\/wp.kristdemokraterna.se\/savsjo\/#website","url":"https:\/\/wp.kristdemokraterna.se\/savsjo\/","name":"S\u00e4vsj\u00f6","description":"","inLanguage":"sv-SE"},{"@type":"Person","@id":"https:\/\/wp.kristdemokraterna.se\/savsjo\/#\/schema\/person\/66a08fa678592f794fe60a50b249978a","name":"Stefan Gustafsson","image":{"@type":"ImageObject","inLanguage":"sv-SE","@id":"https:\/\/secure.gravatar.com\/avatar\/d183d0fd8830afddde9ab5386edf3b3480a63f1fb3291da52adec75b3b7b6f60?s=96&r=g","url":"https:\/\/secure.gravatar.com\/avatar\/d183d0fd8830afddde9ab5386edf3b3480a63f1fb3291da52adec75b3b7b6f60?s=96&r=g","contentUrl":"https:\/\/secure.gravatar.com\/avatar\/d183d0fd8830afddde9ab5386edf3b3480a63f1fb3291da52adec75b3b7b6f60?s=96&r=g","caption":"Stefan Gustafsson"},"url":"https:\/\/wp.kristdemokraterna.se\/savsjo\/author\/stgu\/"}]}},"_links":{"self":[{"href":"https:\/\/wp.kristdemokraterna.se\/savsjo\/wp-json\/wp\/v2\/posts\/3785","targetHints":{"allow":["GET"]}}],"collection":[{"href":"https:\/\/wp.kristdemokraterna.se\/savsjo\/wp-json\/wp\/v2\/posts"}],"about":[{"href":"https:\/\/wp.kristdemokraterna.se\/savsjo\/wp-json\/wp\/v2\/types\/post"}],"author":[{"embeddable":true,"href":"https:\/\/wp.kristdemokraterna.se\/savsjo\/wp-json\/wp\/v2\/users\/430"}],"replies":[{"embeddable":true,"href":"https:\/\/wp.kristdemokraterna.se\/savsjo\/wp-json\/wp\/v2\/comments?post=3785"}],"version-history":[{"count":1,"href":"https:\/\/wp.kristdemokraterna.se\/savsjo\/wp-json\/wp\/v2\/posts\/3785\/revisions"}],"predecessor-version":[{"id":3787,"href":"https:\/\/wp.kristdemokraterna.se\/savsjo\/wp-json\/wp\/v2\/posts\/3785\/revisions\/3787"}],"wp:featuredmedia":[{"embeddable":true,"href":"https:\/\/wp.kristdemokraterna.se\/savsjo\/wp-json\/wp\/v2\/media\/3786"}],"wp:attachment":[{"href":"https:\/\/wp.kristdemokraterna.se\/savsjo\/wp-json\/wp\/v2\/media?parent=3785"}],"wp:term":[{"taxonomy":"category","embeddable":true,"href":"https:\/\/wp.kristdemokraterna.se\/savsjo\/wp-json\/wp\/v2\/categories?post=3785"},{"taxonomy":"post_tag","embeddable":true,"href":"https:\/\/wp.kristdemokraterna.se\/savsjo\/wp-json\/wp\/v2\/tags?post=3785"}],"curies":[{"name":"wp","href":"https:\/\/api.w.org\/{rel}","templated":true}]}}