{"id":3873,"date":"2023-01-28T21:57:53","date_gmt":"2023-01-28T20:57:53","guid":{"rendered":"https:\/\/wp.kristdemokraterna.se\/savsjo\/?p=3873"},"modified":"2023-01-28T21:59:05","modified_gmt":"2023-01-28T20:59:05","slug":"3873-2","status":"publish","type":"post","link":"https:\/\/wp.kristdemokraterna.se\/savsjo\/3873-2\/","title":{"rendered":"Inspirerande utbildningsdag"},"content":{"rendered":"<p>Det var ett stort g\u00e4ng fr\u00e5n S\u00e4vsj\u00f6 kommun som var med n\u00e4r n\u00e4stan 200 kristdemokrater fr\u00e5n J\u00f6nk\u00f6pings, Kalmar och \u00d6sterg\u00f6tlands l\u00e4n under l\u00f6rdagen 28 januari samlades till en utbildningsdag. H\u00e4lso- och sjukv\u00e5rdsminister Acko Ankarberg Johansson b\u00f6rjade dagen med att ber\u00e4tta om vad regeringen satt fokus p\u00e5 de f\u00f6rsta 100 dagarna inom sjukv\u00e5rdsomr\u00e5det. Det var sedan en rad personer som medverkade och bland dessa talade Stefan Gustafsson \u00f6ver rubriken &#8221;Spelreglerna i sammantr\u00e4desrummet&#8221;. En inspirerande dag som gav nya kunskaper och goda kontakter med politiska kollegor.<\/p>\n","protected":false},"excerpt":{"rendered":"<p>Det var ett stort g\u00e4ng fr\u00e5n S\u00e4vsj\u00f6 kommun som var med n\u00e4r n\u00e4stan 200 kristdemokrater fr\u00e5n J\u00f6nk\u00f6pings, Kalmar och \u00d6sterg\u00f6tlands l\u00e4n under l\u00f6rdagen 28 januari samlades till en utbildningsdag. H\u00e4lso- och sjukv\u00e5rdsminister Acko Ankarberg Johansson b\u00f6rjade dagen med att ber\u00e4tta om vad regeringen satt fokus p\u00e5 de f\u00f6rsta 100 dagarna inom sjukv\u00e5rdsomr\u00e5det. Det var sedan <a class=\"read-more-link\" href=\"https:\/\/wp.kristdemokraterna.se\/savsjo\/3873-2\/\">Read More<\/a><\/p>\n","protected":false},"author":430,"featured_media":3874,"comment_status":"closed","ping_status":"closed","sticky":false,"template":"","format":"standard","meta":{"_acf_changed":false,"footnotes":""},"categories":[1],"tags":[],"class_list":["post-3873","post","type-post","status-publish","format-standard","has-post-thumbnail","hentry","category-okategoriserade"],"acf":[],"yoast_head":"<!-- This site is optimized with the Yoast SEO plugin v27.5 - https:\/\/yoast.com\/product\/yoast-seo-wordpress\/ -->\n<title>Inspirerande utbildningsdag - S\u00e4vsj\u00f6<\/title>\n<meta name=\"robots\" content=\"index, follow, max-snippet:-1, max-image-preview:large, max-video-preview:-1\" \/>\n<link rel=\"canonical\" href=\"https:\/\/wp.kristdemokraterna.se\/savsjo\/3873-2\/\" \/>\n<meta property=\"og:locale\" content=\"sv_SE\" \/>\n<meta property=\"og:type\" content=\"article\" \/>\n<meta property=\"og:title\" content=\"Inspirerande utbildningsdag - S\u00e4vsj\u00f6\" \/>\n<meta property=\"og:description\" content=\"Det var ett stort g\u00e4ng fr\u00e5n S\u00e4vsj\u00f6 kommun som var med n\u00e4r n\u00e4stan 200 kristdemokrater fr\u00e5n J\u00f6nk\u00f6pings, Kalmar och \u00d6sterg\u00f6tlands l\u00e4n under l\u00f6rdagen 28 januari samlades till en utbildningsdag. H\u00e4lso- och sjukv\u00e5rdsminister Acko Ankarberg Johansson b\u00f6rjade dagen med att ber\u00e4tta om vad regeringen satt fokus p\u00e5 de f\u00f6rsta 100 dagarna inom sjukv\u00e5rdsomr\u00e5det. Det var sedan Read More\" \/>\n<meta property=\"og:url\" content=\"https:\/\/wp.kristdemokraterna.se\/savsjo\/3873-2\/\" \/>\n<meta property=\"og:site_name\" content=\"S\u00e4vsj\u00f6\" \/>\n<meta property=\"article:published_time\" content=\"2023-01-28T20:57:53+00:00\" \/>\n<meta property=\"article:modified_time\" content=\"2023-01-28T20:59:05+00:00\" \/>\n<meta property=\"og:image\" content=\"http:\/\/wp.kristdemokraterna.se\/savsjo\/files\/2023\/01\/gruppbild-hemsida.jpg\" \/>\n\t<meta property=\"og:image:width\" content=\"500\" \/>\n\t<meta property=\"og:image:height\" content=\"300\" \/>\n\t<meta property=\"og:image:type\" content=\"image\/jpeg\" \/>\n<meta name=\"author\" content=\"Stefan Gustafsson\" \/>\n<meta name=\"twitter:card\" content=\"summary_large_image\" \/>\n<meta name=\"twitter:label1\" content=\"Skriven av\" \/>\n\t<meta name=\"twitter:data1\" content=\"Stefan Gustafsson\" \/>\n\t<meta name=\"twitter:label2\" content=\"Ber\u00e4knad l\u00e4stid\" \/>\n\t<meta name=\"twitter:data2\" content=\"1 minut\" \/>\n<script type=\"application\/ld+json\" class=\"yoast-schema-graph\">{\"@context\":\"https:\\\/\\\/schema.org\",\"@graph\":[{\"@type\":\"Article\",\"@id\":\"https:\\\/\\\/wp.kristdemokraterna.se\\\/savsjo\\\/3873-2\\\/#article\",\"isPartOf\":{\"@id\":\"https:\\\/\\\/wp.kristdemokraterna.se\\\/savsjo\\\/3873-2\\\/\"},\"author\":{\"name\":\"Stefan Gustafsson\",\"@id\":\"https:\\\/\\\/wp.kristdemokraterna.se\\\/savsjo\\\/#\\\/schema\\\/person\\\/66a08fa678592f794fe60a50b249978a\"},\"headline\":\"Inspirerande utbildningsdag\",\"datePublished\":\"2023-01-28T20:57:53+00:00\",\"dateModified\":\"2023-01-28T20:59:05+00:00\",\"mainEntityOfPage\":{\"@id\":\"https:\\\/\\\/wp.kristdemokraterna.se\\\/savsjo\\\/3873-2\\\/\"},\"wordCount\":102,\"image\":{\"@id\":\"https:\\\/\\\/wp.kristdemokraterna.se\\\/savsjo\\\/3873-2\\\/#primaryimage\"},\"thumbnailUrl\":\"https:\\\/\\\/wp.kristdemokraterna.se\\\/savsjo\\\/files\\\/2023\\\/01\\\/gruppbild-hemsida.jpg\",\"inLanguage\":\"sv-SE\"},{\"@type\":\"WebPage\",\"@id\":\"https:\\\/\\\/wp.kristdemokraterna.se\\\/savsjo\\\/3873-2\\\/\",\"url\":\"https:\\\/\\\/wp.kristdemokraterna.se\\\/savsjo\\\/3873-2\\\/\",\"name\":\"Inspirerande utbildningsdag - S\u00e4vsj\u00f6\",\"isPartOf\":{\"@id\":\"https:\\\/\\\/wp.kristdemokraterna.se\\\/savsjo\\\/#website\"},\"primaryImageOfPage\":{\"@id\":\"https:\\\/\\\/wp.kristdemokraterna.se\\\/savsjo\\\/3873-2\\\/#primaryimage\"},\"image\":{\"@id\":\"https:\\\/\\\/wp.kristdemokraterna.se\\\/savsjo\\\/3873-2\\\/#primaryimage\"},\"thumbnailUrl\":\"https:\\\/\\\/wp.kristdemokraterna.se\\\/savsjo\\\/files\\\/2023\\\/01\\\/gruppbild-hemsida.jpg\",\"datePublished\":\"2023-01-28T20:57:53+00:00\",\"dateModified\":\"2023-01-28T20:59:05+00:00\",\"author\":{\"@id\":\"https:\\\/\\\/wp.kristdemokraterna.se\\\/savsjo\\\/#\\\/schema\\\/person\\\/66a08fa678592f794fe60a50b249978a\"},\"breadcrumb\":{\"@id\":\"https:\\\/\\\/wp.kristdemokraterna.se\\\/savsjo\\\/3873-2\\\/#breadcrumb\"},\"inLanguage\":\"sv-SE\",\"potentialAction\":[{\"@type\":\"ReadAction\",\"target\":[\"https:\\\/\\\/wp.kristdemokraterna.se\\\/savsjo\\\/3873-2\\\/\"]}]},{\"@type\":\"ImageObject\",\"inLanguage\":\"sv-SE\",\"@id\":\"https:\\\/\\\/wp.kristdemokraterna.se\\\/savsjo\\\/3873-2\\\/#primaryimage\",\"url\":\"https:\\\/\\\/wp.kristdemokraterna.se\\\/savsjo\\\/files\\\/2023\\\/01\\\/gruppbild-hemsida.jpg\",\"contentUrl\":\"https:\\\/\\\/wp.kristdemokraterna.se\\\/savsjo\\\/files\\\/2023\\\/01\\\/gruppbild-hemsida.jpg\",\"width\":500,\"height\":300},{\"@type\":\"BreadcrumbList\",\"@id\":\"https:\\\/\\\/wp.kristdemokraterna.se\\\/savsjo\\\/3873-2\\\/#breadcrumb\",\"itemListElement\":[{\"@type\":\"ListItem\",\"position\":1,\"name\":\"Hem\",\"item\":\"https:\\\/\\\/wp.kristdemokraterna.se\\\/savsjo\\\/\"},{\"@type\":\"ListItem\",\"position\":2,\"name\":\"Inspirerande utbildningsdag\"}]},{\"@type\":\"WebSite\",\"@id\":\"https:\\\/\\\/wp.kristdemokraterna.se\\\/savsjo\\\/#website\",\"url\":\"https:\\\/\\\/wp.kristdemokraterna.se\\\/savsjo\\\/\",\"name\":\"S\u00e4vsj\u00f6\",\"description\":\"\",\"inLanguage\":\"sv-SE\"},{\"@type\":\"Person\",\"@id\":\"https:\\\/\\\/wp.kristdemokraterna.se\\\/savsjo\\\/#\\\/schema\\\/person\\\/66a08fa678592f794fe60a50b249978a\",\"name\":\"Stefan Gustafsson\",\"image\":{\"@type\":\"ImageObject\",\"inLanguage\":\"sv-SE\",\"@id\":\"https:\\\/\\\/secure.gravatar.com\\\/avatar\\\/d183d0fd8830afddde9ab5386edf3b3480a63f1fb3291da52adec75b3b7b6f60?s=96&r=g\",\"url\":\"https:\\\/\\\/secure.gravatar.com\\\/avatar\\\/d183d0fd8830afddde9ab5386edf3b3480a63f1fb3291da52adec75b3b7b6f60?s=96&r=g\",\"contentUrl\":\"https:\\\/\\\/secure.gravatar.com\\\/avatar\\\/d183d0fd8830afddde9ab5386edf3b3480a63f1fb3291da52adec75b3b7b6f60?s=96&r=g\",\"caption\":\"Stefan Gustafsson\"},\"url\":\"https:\\\/\\\/wp.kristdemokraterna.se\\\/savsjo\\\/author\\\/stgu\\\/\"}]}<\/script>\n<!-- \/ Yoast SEO plugin. -->","yoast_head_json":{"title":"Inspirerande utbildningsdag - S\u00e4vsj\u00f6","robots":{"index":"index","follow":"follow","max-snippet":"max-snippet:-1","max-image-preview":"max-image-preview:large","max-video-preview":"max-video-preview:-1"},"canonical":"https:\/\/wp.kristdemokraterna.se\/savsjo\/3873-2\/","og_locale":"sv_SE","og_type":"article","og_title":"Inspirerande utbildningsdag - S\u00e4vsj\u00f6","og_description":"Det var ett stort g\u00e4ng fr\u00e5n S\u00e4vsj\u00f6 kommun som var med n\u00e4r n\u00e4stan 200 kristdemokrater fr\u00e5n J\u00f6nk\u00f6pings, Kalmar och \u00d6sterg\u00f6tlands l\u00e4n under l\u00f6rdagen 28 januari samlades till en utbildningsdag. H\u00e4lso- och sjukv\u00e5rdsminister Acko Ankarberg Johansson b\u00f6rjade dagen med att ber\u00e4tta om vad regeringen satt fokus p\u00e5 de f\u00f6rsta 100 dagarna inom sjukv\u00e5rdsomr\u00e5det. Det var sedan Read More","og_url":"https:\/\/wp.kristdemokraterna.se\/savsjo\/3873-2\/","og_site_name":"S\u00e4vsj\u00f6","article_published_time":"2023-01-28T20:57:53+00:00","article_modified_time":"2023-01-28T20:59:05+00:00","og_image":[{"width":500,"height":300,"url":"http:\/\/wp.kristdemokraterna.se\/savsjo\/files\/2023\/01\/gruppbild-hemsida.jpg","type":"image\/jpeg"}],"author":"Stefan Gustafsson","twitter_card":"summary_large_image","twitter_misc":{"Skriven av":"Stefan Gustafsson","Ber\u00e4knad l\u00e4stid":"1 minut"},"schema":{"@context":"https:\/\/schema.org","@graph":[{"@type":"Article","@id":"https:\/\/wp.kristdemokraterna.se\/savsjo\/3873-2\/#article","isPartOf":{"@id":"https:\/\/wp.kristdemokraterna.se\/savsjo\/3873-2\/"},"author":{"name":"Stefan Gustafsson","@id":"https:\/\/wp.kristdemokraterna.se\/savsjo\/#\/schema\/person\/66a08fa678592f794fe60a50b249978a"},"headline":"Inspirerande utbildningsdag","datePublished":"2023-01-28T20:57:53+00:00","dateModified":"2023-01-28T20:59:05+00:00","mainEntityOfPage":{"@id":"https:\/\/wp.kristdemokraterna.se\/savsjo\/3873-2\/"},"wordCount":102,"image":{"@id":"https:\/\/wp.kristdemokraterna.se\/savsjo\/3873-2\/#primaryimage"},"thumbnailUrl":"https:\/\/wp.kristdemokraterna.se\/savsjo\/files\/2023\/01\/gruppbild-hemsida.jpg","inLanguage":"sv-SE"},{"@type":"WebPage","@id":"https:\/\/wp.kristdemokraterna.se\/savsjo\/3873-2\/","url":"https:\/\/wp.kristdemokraterna.se\/savsjo\/3873-2\/","name":"Inspirerande utbildningsdag - S\u00e4vsj\u00f6","isPartOf":{"@id":"https:\/\/wp.kristdemokraterna.se\/savsjo\/#website"},"primaryImageOfPage":{"@id":"https:\/\/wp.kristdemokraterna.se\/savsjo\/3873-2\/#primaryimage"},"image":{"@id":"https:\/\/wp.kristdemokraterna.se\/savsjo\/3873-2\/#primaryimage"},"thumbnailUrl":"https:\/\/wp.kristdemokraterna.se\/savsjo\/files\/2023\/01\/gruppbild-hemsida.jpg","datePublished":"2023-01-28T20:57:53+00:00","dateModified":"2023-01-28T20:59:05+00:00","author":{"@id":"https:\/\/wp.kristdemokraterna.se\/savsjo\/#\/schema\/person\/66a08fa678592f794fe60a50b249978a"},"breadcrumb":{"@id":"https:\/\/wp.kristdemokraterna.se\/savsjo\/3873-2\/#breadcrumb"},"inLanguage":"sv-SE","potentialAction":[{"@type":"ReadAction","target":["https:\/\/wp.kristdemokraterna.se\/savsjo\/3873-2\/"]}]},{"@type":"ImageObject","inLanguage":"sv-SE","@id":"https:\/\/wp.kristdemokraterna.se\/savsjo\/3873-2\/#primaryimage","url":"https:\/\/wp.kristdemokraterna.se\/savsjo\/files\/2023\/01\/gruppbild-hemsida.jpg","contentUrl":"https:\/\/wp.kristdemokraterna.se\/savsjo\/files\/2023\/01\/gruppbild-hemsida.jpg","width":500,"height":300},{"@type":"BreadcrumbList","@id":"https:\/\/wp.kristdemokraterna.se\/savsjo\/3873-2\/#breadcrumb","itemListElement":[{"@type":"ListItem","position":1,"name":"Hem","item":"https:\/\/wp.kristdemokraterna.se\/savsjo\/"},{"@type":"ListItem","position":2,"name":"Inspirerande utbildningsdag"}]},{"@type":"WebSite","@id":"https:\/\/wp.kristdemokraterna.se\/savsjo\/#website","url":"https:\/\/wp.kristdemokraterna.se\/savsjo\/","name":"S\u00e4vsj\u00f6","description":"","inLanguage":"sv-SE"},{"@type":"Person","@id":"https:\/\/wp.kristdemokraterna.se\/savsjo\/#\/schema\/person\/66a08fa678592f794fe60a50b249978a","name":"Stefan Gustafsson","image":{"@type":"ImageObject","inLanguage":"sv-SE","@id":"https:\/\/secure.gravatar.com\/avatar\/d183d0fd8830afddde9ab5386edf3b3480a63f1fb3291da52adec75b3b7b6f60?s=96&r=g","url":"https:\/\/secure.gravatar.com\/avatar\/d183d0fd8830afddde9ab5386edf3b3480a63f1fb3291da52adec75b3b7b6f60?s=96&r=g","contentUrl":"https:\/\/secure.gravatar.com\/avatar\/d183d0fd8830afddde9ab5386edf3b3480a63f1fb3291da52adec75b3b7b6f60?s=96&r=g","caption":"Stefan Gustafsson"},"url":"https:\/\/wp.kristdemokraterna.se\/savsjo\/author\/stgu\/"}]}},"_links":{"self":[{"href":"https:\/\/wp.kristdemokraterna.se\/savsjo\/wp-json\/wp\/v2\/posts\/3873","targetHints":{"allow":["GET"]}}],"collection":[{"href":"https:\/\/wp.kristdemokraterna.se\/savsjo\/wp-json\/wp\/v2\/posts"}],"about":[{"href":"https:\/\/wp.kristdemokraterna.se\/savsjo\/wp-json\/wp\/v2\/types\/post"}],"author":[{"embeddable":true,"href":"https:\/\/wp.kristdemokraterna.se\/savsjo\/wp-json\/wp\/v2\/users\/430"}],"replies":[{"embeddable":true,"href":"https:\/\/wp.kristdemokraterna.se\/savsjo\/wp-json\/wp\/v2\/comments?post=3873"}],"version-history":[{"count":3,"href":"https:\/\/wp.kristdemokraterna.se\/savsjo\/wp-json\/wp\/v2\/posts\/3873\/revisions"}],"predecessor-version":[{"id":3877,"href":"https:\/\/wp.kristdemokraterna.se\/savsjo\/wp-json\/wp\/v2\/posts\/3873\/revisions\/3877"}],"wp:featuredmedia":[{"embeddable":true,"href":"https:\/\/wp.kristdemokraterna.se\/savsjo\/wp-json\/wp\/v2\/media\/3874"}],"wp:attachment":[{"href":"https:\/\/wp.kristdemokraterna.se\/savsjo\/wp-json\/wp\/v2\/media?parent=3873"}],"wp:term":[{"taxonomy":"category","embeddable":true,"href":"https:\/\/wp.kristdemokraterna.se\/savsjo\/wp-json\/wp\/v2\/categories?post=3873"},{"taxonomy":"post_tag","embeddable":true,"href":"https:\/\/wp.kristdemokraterna.se\/savsjo\/wp-json\/wp\/v2\/tags?post=3873"}],"curies":[{"name":"wp","href":"https:\/\/api.w.org\/{rel}","templated":true}]}}